{"id":70951,"date":"2016-01-24T17:55:27","date_gmt":"2016-01-24T16:55:27","guid":{"rendered":"https:\/\/www.clients.horus-informatique71.fr\/advocnar_backup\/?p=70951"},"modified":"2022-01-05T12:33:16","modified_gmt":"2022-01-05T11:33:16","slug":"ile-de-france-174-associations-sallient-denoncer-nuisances-aeriennes","status":"publish","type":"post","link":"https:\/\/www.clients.horus-informatique71.fr\/advocnar_backup\/2016\/01\/ile-de-france-174-associations-sallient-denoncer-nuisances-aeriennes\/","title":{"rendered":"174 associations d\u00e9noncent les nuisances a\u00e9riennes"},"content":{"rendered":"<h2>24.01.2016 &#8211; Le Parisien<\/h2>\n<p>Ils se veulent lanceurs d\u2019alerte sur la question des nuisances a\u00e9roportuaires. La Convergence associative, une r\u00e9union in\u00e9dite de 174 associations franciliennes, a produit un document \u2014 \u00ab le dossier noir du transport a\u00e9rien \u00bb, fascicule p\u00e9dagogique de 24 pages au nom volontairement tapageur \u2014 et le pr\u00e9sente pour la premi\u00e8re fois ce lundi \u00e0 la population*.<\/p>\n<p>Initialement \u00e9labor\u00e9 \u00e0 l\u2019occasion de la COP 21, le document a jusqu\u2019\u00e0 pr\u00e9sent surtout inond\u00e9 les all\u00e9es de la conf\u00e9rence environnementale et les boites aux lettres d\u2019\u00e9lus. \u00ab On voyait que dans les textes de pr\u00e9paration de la COP 21, le sujet a\u00e9rien \u00e9tait absent! \u00bb, s\u2019\u00e9trangle G\u00e9rard Bouthier, pr\u00e9sident de l\u2019Association vigilance environnement du Val de l\u2019Yerres (AVEVY), une association en pointe sur la question des nuisances a\u00e9roportuaires dans le bassin d\u2019Orly.<\/p>\n<p><strong>Effet sur le climat, pollution de l\u2019air<\/strong><\/p>\n<p>\u00ab On a beaucoup plus insist\u00e9 qu\u2019avant sur la question des gaz \u00e0 effets de serre \u00bb, explique Fran\u00e7oise Brochot, une des t\u00eates de la Convergence et pr\u00e9sidente de l\u2019Association de d\u00e9fense contre les nuisances a\u00e9riennes (Advocnar), qui rayonne autour de l\u2019a\u00e9roport de Roissy-Charles-de-Gaulle.<\/p>\n<p>En clair : les associations qui se concentraient surtout sur la nuisance la plus directement perceptible par les habitants, \u00e0 savoir le bruit, entendent changer de braquet en insistant sur des nuisances environnementales (l\u2019influence sur le changement climatique, la pollution de l\u2019air).<\/p>\n<p>On apprend ainsi qu\u2019en un peu plus de 20 ans, l\u2019\u00e9mission de CO\u00b2 et de polluants aurait fortement augment\u00e9 \u00e0 Roissy, mais tr\u00e8s l\u00e9g\u00e8rement baiss\u00e9 c\u00f4t\u00e9 Orly (les associations ne nient pas les progr\u00e8s technologiques r\u00e9duisant ces \u00e9missions). Mais l\u2019augmentation continue du trafic a\u00e9rien en Ile-de-France alarme les associations, qui assurent que la pollution caus\u00e9e par les avions \u2014 dangereuse pour la sant\u00e9 et propice au d\u00e9r\u00e8glement climatique \u2014 est sous-\u00e9valu\u00e9e.<\/p>\n<p><em>Quentin Laurent<\/em><\/p>\n<p><em>* R\u00e9union ce Lundi, \u00e0 19 heures, salle de l\u2019Orangerie de la Grange au Bois, 10, rue de Concis, \u00e0 Yerres (Essonne).<\/em><\/p>\n","protected":false},"excerpt":{"rendered":"<p>24.01.2016 &#8211; Le Parisien Ils se veulent lanceurs d\u2019alerte sur la question des nuisances a\u00e9roportuaires. La Convergence associative, une r\u00e9union in\u00e9dite de 174 associations franciliennes, a produit un document \u2014 \u00ab le dossier noir du transport a\u00e9rien \u00bb, fascicule p\u00e9dagogique de 24 pages au nom volontairement tapageur \u2014 et le pr\u00e9sente pour la premi\u00e8re fois [&hellip;]<\/p>\n","protected":false},"author":10,"featured_media":0,"comment_status":"closed","ping_status":"open","sticky":false,"template":"","format":"standard","meta":{"footnotes":""},"categories":[49],"tags":[],"yoast_head":"<!-- This site is optimized with the Yoast SEO plugin v22.0 - https:\/\/yoast.com\/wordpress\/plugins\/seo\/ -->\n<title>174 associations d\u00e9noncent les nuisances a\u00e9riennes - Advocnar<\/title>\n<meta name=\"robots\" content=\"index, follow, max-snippet:-1, max-image-preview:large, max-video-preview:-1\" \/>\n<link rel=\"canonical\" href=\"https:\/\/www.clients.horus-informatique71.fr\/advocnar_backup\/2016\/01\/ile-de-france-174-associations-sallient-denoncer-nuisances-aeriennes\/\" \/>\n<meta property=\"og:locale\" content=\"fr_FR\" \/>\n<meta property=\"og:type\" content=\"article\" \/>\n<meta property=\"og:title\" content=\"174 associations d\u00e9noncent les nuisances a\u00e9riennes - Advocnar\" \/>\n<meta property=\"og:description\" content=\"24.01.2016 &#8211; Le Parisien Ils se veulent lanceurs d\u2019alerte sur la question des nuisances a\u00e9roportuaires. La Convergence associative, une r\u00e9union in\u00e9dite de 174 associations franciliennes, a produit un document \u2014 \u00ab le dossier noir du transport a\u00e9rien \u00bb, fascicule p\u00e9dagogique de 24 pages au nom volontairement tapageur \u2014 et le pr\u00e9sente pour la premi\u00e8re fois [&hellip;]\" \/>\n<meta property=\"og:url\" content=\"https:\/\/www.clients.horus-informatique71.fr\/advocnar_backup\/2016\/01\/ile-de-france-174-associations-sallient-denoncer-nuisances-aeriennes\/\" \/>\n<meta property=\"og:site_name\" content=\"Advocnar\" \/>\n<meta property=\"article:published_time\" content=\"2016-01-24T16:55:27+00:00\" \/>\n<meta property=\"article:modified_time\" content=\"2022-01-05T11:33:16+00:00\" \/>\n<meta name=\"author\" content=\"FBrochot\" \/>\n<meta name=\"twitter:card\" content=\"summary_large_image\" \/>\n<meta name=\"twitter:label1\" content=\"\u00c9crit par\" \/>\n\t<meta name=\"twitter:data1\" content=\"FBrochot\" \/>\n\t<meta name=\"twitter:label2\" content=\"Dur\u00e9e de lecture estim\u00e9e\" \/>\n\t<meta name=\"twitter:data2\" content=\"2 minutes\" \/>\n<script type=\"application\/ld+json\" class=\"yoast-schema-graph\">{\"@context\":\"https:\/\/schema.org\",\"@graph\":[{\"@type\":\"WebPage\",\"@id\":\"https:\/\/www.clients.horus-informatique71.fr\/advocnar_backup\/2016\/01\/ile-de-france-174-associations-sallient-denoncer-nuisances-aeriennes\/\",\"url\":\"https:\/\/www.clients.horus-informatique71.fr\/advocnar_backup\/2016\/01\/ile-de-france-174-associations-sallient-denoncer-nuisances-aeriennes\/\",\"name\":\"174 associations d\u00e9noncent les nuisances a\u00e9riennes - Advocnar\",\"isPartOf\":{\"@id\":\"https:\/\/www.clients.horus-informatique71.fr\/advocnar_backup\/#website\"},\"datePublished\":\"2016-01-24T16:55:27+00:00\",\"dateModified\":\"2022-01-05T11:33:16+00:00\",\"author\":{\"@id\":\"https:\/\/www.clients.horus-informatique71.fr\/advocnar_backup\/#\/schema\/person\/28ec283f897fb44e1146415d8015d23e\"},\"breadcrumb\":{\"@id\":\"https:\/\/www.clients.horus-informatique71.fr\/advocnar_backup\/2016\/01\/ile-de-france-174-associations-sallient-denoncer-nuisances-aeriennes\/#breadcrumb\"},\"inLanguage\":\"fr-FR\",\"potentialAction\":[{\"@type\":\"ReadAction\",\"target\":[\"https:\/\/www.clients.horus-informatique71.fr\/advocnar_backup\/2016\/01\/ile-de-france-174-associations-sallient-denoncer-nuisances-aeriennes\/\"]}]},{\"@type\":\"BreadcrumbList\",\"@id\":\"https:\/\/www.clients.horus-informatique71.fr\/advocnar_backup\/2016\/01\/ile-de-france-174-associations-sallient-denoncer-nuisances-aeriennes\/#breadcrumb\",\"itemListElement\":[{\"@type\":\"ListItem\",\"position\":1,\"name\":\"Accueil\",\"item\":\"https:\/\/www.clients.horus-informatique71.fr\/advocnar_backup\/\"},{\"@type\":\"ListItem\",\"position\":2,\"name\":\"174 associations d\u00e9noncent les nuisances a\u00e9riennes\"}]},{\"@type\":\"WebSite\",\"@id\":\"https:\/\/www.clients.horus-informatique71.fr\/advocnar_backup\/#website\",\"url\":\"https:\/\/www.clients.horus-informatique71.fr\/advocnar_backup\/\",\"name\":\"Advocnar\",\"description\":\"Association de D\u00e9fense Contre les Nuisances A\u00e9riennes\",\"potentialAction\":[{\"@type\":\"SearchAction\",\"target\":{\"@type\":\"EntryPoint\",\"urlTemplate\":\"https:\/\/www.clients.horus-informatique71.fr\/advocnar_backup\/?s={search_term_string}\"},\"query-input\":\"required name=search_term_string\"}],\"inLanguage\":\"fr-FR\"},{\"@type\":\"Person\",\"@id\":\"https:\/\/www.clients.horus-informatique71.fr\/advocnar_backup\/#\/schema\/person\/28ec283f897fb44e1146415d8015d23e\",\"name\":\"FBrochot\",\"url\":\"https:\/\/www.clients.horus-informatique71.fr\/advocnar_backup\/author\/fbrochot\/\"}]}<\/script>\n<!-- \/ Yoast SEO plugin. -->","yoast_head_json":{"title":"174 associations d\u00e9noncent les nuisances a\u00e9riennes - Advocnar","robots":{"index":"index","follow":"follow","max-snippet":"max-snippet:-1","max-image-preview":"max-image-preview:large","max-video-preview":"max-video-preview:-1"},"canonical":"https:\/\/www.clients.horus-informatique71.fr\/advocnar_backup\/2016\/01\/ile-de-france-174-associations-sallient-denoncer-nuisances-aeriennes\/","og_locale":"fr_FR","og_type":"article","og_title":"174 associations d\u00e9noncent les nuisances a\u00e9riennes - Advocnar","og_description":"24.01.2016 &#8211; Le Parisien Ils se veulent lanceurs d\u2019alerte sur la question des nuisances a\u00e9roportuaires. La Convergence associative, une r\u00e9union in\u00e9dite de 174 associations franciliennes, a produit un document \u2014 \u00ab le dossier noir du transport a\u00e9rien \u00bb, fascicule p\u00e9dagogique de 24 pages au nom volontairement tapageur \u2014 et le pr\u00e9sente pour la premi\u00e8re fois [&hellip;]","og_url":"https:\/\/www.clients.horus-informatique71.fr\/advocnar_backup\/2016\/01\/ile-de-france-174-associations-sallient-denoncer-nuisances-aeriennes\/","og_site_name":"Advocnar","article_published_time":"2016-01-24T16:55:27+00:00","article_modified_time":"2022-01-05T11:33:16+00:00","author":"FBrochot","twitter_card":"summary_large_image","twitter_misc":{"\u00c9crit par":"FBrochot","Dur\u00e9e de lecture estim\u00e9e":"2 minutes"},"schema":{"@context":"https:\/\/schema.org","@graph":[{"@type":"WebPage","@id":"https:\/\/www.clients.horus-informatique71.fr\/advocnar_backup\/2016\/01\/ile-de-france-174-associations-sallient-denoncer-nuisances-aeriennes\/","url":"https:\/\/www.clients.horus-informatique71.fr\/advocnar_backup\/2016\/01\/ile-de-france-174-associations-sallient-denoncer-nuisances-aeriennes\/","name":"174 associations d\u00e9noncent les nuisances a\u00e9riennes - Advocnar","isPartOf":{"@id":"https:\/\/www.clients.horus-informatique71.fr\/advocnar_backup\/#website"},"datePublished":"2016-01-24T16:55:27+00:00","dateModified":"2022-01-05T11:33:16+00:00","author":{"@id":"https:\/\/www.clients.horus-informatique71.fr\/advocnar_backup\/#\/schema\/person\/28ec283f897fb44e1146415d8015d23e"},"breadcrumb":{"@id":"https:\/\/www.clients.horus-informatique71.fr\/advocnar_backup\/2016\/01\/ile-de-france-174-associations-sallient-denoncer-nuisances-aeriennes\/#breadcrumb"},"inLanguage":"fr-FR","potentialAction":[{"@type":"ReadAction","target":["https:\/\/www.clients.horus-informatique71.fr\/advocnar_backup\/2016\/01\/ile-de-france-174-associations-sallient-denoncer-nuisances-aeriennes\/"]}]},{"@type":"BreadcrumbList","@id":"https:\/\/www.clients.horus-informatique71.fr\/advocnar_backup\/2016\/01\/ile-de-france-174-associations-sallient-denoncer-nuisances-aeriennes\/#breadcrumb","itemListElement":[{"@type":"ListItem","position":1,"name":"Accueil","item":"https:\/\/www.clients.horus-informatique71.fr\/advocnar_backup\/"},{"@type":"ListItem","position":2,"name":"174 associations d\u00e9noncent les nuisances a\u00e9riennes"}]},{"@type":"WebSite","@id":"https:\/\/www.clients.horus-informatique71.fr\/advocnar_backup\/#website","url":"https:\/\/www.clients.horus-informatique71.fr\/advocnar_backup\/","name":"Advocnar","description":"Association de D\u00e9fense Contre les Nuisances A\u00e9riennes","potentialAction":[{"@type":"SearchAction","target":{"@type":"EntryPoint","urlTemplate":"https:\/\/www.clients.horus-informatique71.fr\/advocnar_backup\/?s={search_term_string}"},"query-input":"required name=search_term_string"}],"inLanguage":"fr-FR"},{"@type":"Person","@id":"https:\/\/www.clients.horus-informatique71.fr\/advocnar_backup\/#\/schema\/person\/28ec283f897fb44e1146415d8015d23e","name":"FBrochot","url":"https:\/\/www.clients.horus-informatique71.fr\/advocnar_backup\/author\/fbrochot\/"}]}},"_links":{"self":[{"href":"https:\/\/www.clients.horus-informatique71.fr\/advocnar_backup\/wp-json\/wp\/v2\/posts\/70951"}],"collection":[{"href":"https:\/\/www.clients.horus-informatique71.fr\/advocnar_backup\/wp-json\/wp\/v2\/posts"}],"about":[{"href":"https:\/\/www.clients.horus-informatique71.fr\/advocnar_backup\/wp-json\/wp\/v2\/types\/post"}],"author":[{"embeddable":true,"href":"https:\/\/www.clients.horus-informatique71.fr\/advocnar_backup\/wp-json\/wp\/v2\/users\/10"}],"replies":[{"embeddable":true,"href":"https:\/\/www.clients.horus-informatique71.fr\/advocnar_backup\/wp-json\/wp\/v2\/comments?post=70951"}],"version-history":[{"count":2,"href":"https:\/\/www.clients.horus-informatique71.fr\/advocnar_backup\/wp-json\/wp\/v2\/posts\/70951\/revisions"}],"predecessor-version":[{"id":76856,"href":"https:\/\/www.clients.horus-informatique71.fr\/advocnar_backup\/wp-json\/wp\/v2\/posts\/70951\/revisions\/76856"}],"wp:attachment":[{"href":"https:\/\/www.clients.horus-informatique71.fr\/advocnar_backup\/wp-json\/wp\/v2\/media?parent=70951"}],"wp:term":[{"taxonomy":"category","embeddable":true,"href":"https:\/\/www.clients.horus-informatique71.fr\/advocnar_backup\/wp-json\/wp\/v2\/categories?post=70951"},{"taxonomy":"post_tag","embeddable":true,"href":"https:\/\/www.clients.horus-informatique71.fr\/advocnar_backup\/wp-json\/wp\/v2\/tags?post=70951"}],"curies":[{"name":"wp","href":"https:\/\/api.w.org\/{rel}","templated":true}]}}