{"id":70953,"date":"2016-01-21T17:59:33","date_gmt":"2016-01-21T16:59:33","guid":{"rendered":"https:\/\/www.clients.horus-informatique71.fr\/advocnar_backup\/?p=70953"},"modified":"2022-01-05T12:33:02","modified_gmt":"2022-01-05T11:33:02","slug":"pollution-haro-de-jean-pierre-enjalbert-nuisances-aeriennes","status":"publish","type":"post","link":"https:\/\/www.clients.horus-informatique71.fr\/advocnar_backup\/2016\/01\/pollution-haro-de-jean-pierre-enjalbert-nuisances-aeriennes\/","title":{"rendered":"JP Enjalbert haro sur la pollution a\u00e9rienne"},"content":{"rendered":"<h2>22.01.2016 &#8211; Vonews<\/h2>\n<p><strong>Alors qu\u2019Airparif, association charg\u00e9e de surveiller la qualit\u00e9 de l\u2019air en Ile-de-France, a d\u00e9clench\u00e9 jeudi l\u2019alerte aux particules PM10 en Ile-de-France, Jean-Pierre Enjalbert monte au cr\u00e9neau. Le maire de Saint-Prix, d\u00e9l\u00e9gu\u00e9 national Debout la France \u00e0 la transition \u00e9cologique, pointe une nouvelle fois le r\u00f4le du trafic a\u00e9rien.<\/strong><\/p>\n<p>&nbsp;<\/p>\n<p>\u00ab&nbsp;<em>Les avions polluent toujours en toute impunit\u00e9<\/em>&nbsp;\u00bb. Jean-Pierre Enjalbert ne cache pas sa col\u00e8re, alors que le seuil d\u2019information des \u00e9mission aux particules fines a de nouveau \u00e9t\u00e9 d\u00e9pass\u00e9 ce jeudi selon Airparif. De quoi agacer le maire de Saint-Prix, qui d\u00e9nonce de longue date l\u2019impact du trafic a\u00e9rien dans la d\u00e9gradation de la qualit\u00e9 de l\u2019air. Surtout, l\u2019\u00e9lu fustige l\u2019absence de mesures visant \u00e0 limiter le nombre de vols. \u00ab&nbsp;<em>Aucune mesures de r\u00e9duction du trafic a\u00e9rien n\u2019est propos\u00e9e, recommand\u00e9e, ni encore moins impos\u00e9e<\/em>&nbsp;\u00bb, lance-t-il.<\/p>\n<p>Et d\u2019\u00e9voquer les risques pour la sant\u00e9 des franciliens. \u00ab&nbsp;<em>Rappelons que chaque avion contribue \u00e0 l\u2019\u00e9quivalent de pollution de 17 poids lourds r\u00e9alisant 100 km ! Or, Roissy, Orly, Le Bourget, c\u2019est plus de 800 000 mouvements annuels ! Comment peut-on penser que cela n\u2019a aucun impact sur la sant\u00e9 des Franciliens&nbsp;?<\/em>&nbsp;\u00bb<\/p>\n<p>Quelques semaines seulement apr\u00e8s la cl\u00f4ture de la COP 21, l\u2019\u00e9dile appelle le gouvernement \u00e0 r\u00e9agir. Parmi ses propositions, <em>\u00ab&nbsp;une \u00e9galit\u00e9 des taxations des diff\u00e9rents carburants pour en finir avec le passe-droit dont b\u00e9n\u00e9ficie le k\u00e9ros\u00e8ne&nbsp;\u00bb, \u00ab&nbsp;la r\u00e9duction du trafic a\u00e9rien lors des pics de pollution&nbsp;\u00bb, \u00ab&nbsp;l\u2019interdiction progressive des avions les plus polluants&nbsp;\u00bb et \u00ab&nbsp;des mesures d\u2019approche en descente continue pour les appareils venant se poser sur les plateformes a\u00e9roportuaires franciliennes&nbsp;\u00bb.<\/em><\/p>\n","protected":false},"excerpt":{"rendered":"<p>22.01.2016 &#8211; Vonews Alors qu\u2019Airparif, association charg\u00e9e de surveiller la qualit\u00e9 de l\u2019air en Ile-de-France, a d\u00e9clench\u00e9 jeudi l\u2019alerte aux particules PM10 en Ile-de-France, Jean-Pierre Enjalbert monte au cr\u00e9neau. Le maire de Saint-Prix, d\u00e9l\u00e9gu\u00e9 national Debout la France \u00e0 la transition \u00e9cologique, pointe une nouvelle fois le r\u00f4le du trafic a\u00e9rien. &nbsp; \u00ab&nbsp;Les avions polluent [&hellip;]<\/p>\n","protected":false},"author":10,"featured_media":0,"comment_status":"closed","ping_status":"open","sticky":false,"template":"","format":"standard","meta":{"footnotes":""},"categories":[49],"tags":[],"yoast_head":"<!-- This site is optimized with the Yoast SEO plugin v22.0 - https:\/\/yoast.com\/wordpress\/plugins\/seo\/ -->\n<title>JP Enjalbert haro sur la pollution a\u00e9rienne - Advocnar<\/title>\n<meta name=\"robots\" content=\"index, follow, max-snippet:-1, max-image-preview:large, max-video-preview:-1\" \/>\n<link rel=\"canonical\" href=\"https:\/\/www.clients.horus-informatique71.fr\/advocnar_backup\/2016\/01\/pollution-haro-de-jean-pierre-enjalbert-nuisances-aeriennes\/\" \/>\n<meta property=\"og:locale\" content=\"fr_FR\" \/>\n<meta property=\"og:type\" content=\"article\" \/>\n<meta property=\"og:title\" content=\"JP Enjalbert haro sur la pollution a\u00e9rienne - Advocnar\" \/>\n<meta property=\"og:description\" content=\"22.01.2016 &#8211; Vonews Alors qu\u2019Airparif, association charg\u00e9e de surveiller la qualit\u00e9 de l\u2019air en Ile-de-France, a d\u00e9clench\u00e9 jeudi l\u2019alerte aux particules PM10 en Ile-de-France, Jean-Pierre Enjalbert monte au cr\u00e9neau. Le maire de Saint-Prix, d\u00e9l\u00e9gu\u00e9 national Debout la France \u00e0 la transition \u00e9cologique, pointe une nouvelle fois le r\u00f4le du trafic a\u00e9rien. &nbsp; \u00ab&nbsp;Les avions polluent [&hellip;]\" \/>\n<meta property=\"og:url\" content=\"https:\/\/www.clients.horus-informatique71.fr\/advocnar_backup\/2016\/01\/pollution-haro-de-jean-pierre-enjalbert-nuisances-aeriennes\/\" \/>\n<meta property=\"og:site_name\" content=\"Advocnar\" \/>\n<meta property=\"article:published_time\" content=\"2016-01-21T16:59:33+00:00\" \/>\n<meta property=\"article:modified_time\" content=\"2022-01-05T11:33:02+00:00\" \/>\n<meta name=\"author\" content=\"FBrochot\" \/>\n<meta name=\"twitter:card\" content=\"summary_large_image\" \/>\n<meta name=\"twitter:label1\" content=\"\u00c9crit par\" \/>\n\t<meta name=\"twitter:data1\" content=\"FBrochot\" \/>\n\t<meta name=\"twitter:label2\" content=\"Dur\u00e9e de lecture estim\u00e9e\" \/>\n\t<meta name=\"twitter:data2\" content=\"2 minutes\" \/>\n<script type=\"application\/ld+json\" class=\"yoast-schema-graph\">{\"@context\":\"https:\/\/schema.org\",\"@graph\":[{\"@type\":\"WebPage\",\"@id\":\"https:\/\/www.clients.horus-informatique71.fr\/advocnar_backup\/2016\/01\/pollution-haro-de-jean-pierre-enjalbert-nuisances-aeriennes\/\",\"url\":\"https:\/\/www.clients.horus-informatique71.fr\/advocnar_backup\/2016\/01\/pollution-haro-de-jean-pierre-enjalbert-nuisances-aeriennes\/\",\"name\":\"JP Enjalbert haro sur la pollution a\u00e9rienne - Advocnar\",\"isPartOf\":{\"@id\":\"https:\/\/www.clients.horus-informatique71.fr\/advocnar_backup\/#website\"},\"datePublished\":\"2016-01-21T16:59:33+00:00\",\"dateModified\":\"2022-01-05T11:33:02+00:00\",\"author\":{\"@id\":\"https:\/\/www.clients.horus-informatique71.fr\/advocnar_backup\/#\/schema\/person\/28ec283f897fb44e1146415d8015d23e\"},\"breadcrumb\":{\"@id\":\"https:\/\/www.clients.horus-informatique71.fr\/advocnar_backup\/2016\/01\/pollution-haro-de-jean-pierre-enjalbert-nuisances-aeriennes\/#breadcrumb\"},\"inLanguage\":\"fr-FR\",\"potentialAction\":[{\"@type\":\"ReadAction\",\"target\":[\"https:\/\/www.clients.horus-informatique71.fr\/advocnar_backup\/2016\/01\/pollution-haro-de-jean-pierre-enjalbert-nuisances-aeriennes\/\"]}]},{\"@type\":\"BreadcrumbList\",\"@id\":\"https:\/\/www.clients.horus-informatique71.fr\/advocnar_backup\/2016\/01\/pollution-haro-de-jean-pierre-enjalbert-nuisances-aeriennes\/#breadcrumb\",\"itemListElement\":[{\"@type\":\"ListItem\",\"position\":1,\"name\":\"Accueil\",\"item\":\"https:\/\/www.clients.horus-informatique71.fr\/advocnar_backup\/\"},{\"@type\":\"ListItem\",\"position\":2,\"name\":\"JP Enjalbert haro sur la pollution a\u00e9rienne\"}]},{\"@type\":\"WebSite\",\"@id\":\"https:\/\/www.clients.horus-informatique71.fr\/advocnar_backup\/#website\",\"url\":\"https:\/\/www.clients.horus-informatique71.fr\/advocnar_backup\/\",\"name\":\"Advocnar\",\"description\":\"Association de D\u00e9fense Contre les Nuisances A\u00e9riennes\",\"potentialAction\":[{\"@type\":\"SearchAction\",\"target\":{\"@type\":\"EntryPoint\",\"urlTemplate\":\"https:\/\/www.clients.horus-informatique71.fr\/advocnar_backup\/?s={search_term_string}\"},\"query-input\":\"required name=search_term_string\"}],\"inLanguage\":\"fr-FR\"},{\"@type\":\"Person\",\"@id\":\"https:\/\/www.clients.horus-informatique71.fr\/advocnar_backup\/#\/schema\/person\/28ec283f897fb44e1146415d8015d23e\",\"name\":\"FBrochot\",\"url\":\"https:\/\/www.clients.horus-informatique71.fr\/advocnar_backup\/author\/fbrochot\/\"}]}<\/script>\n<!-- \/ Yoast SEO plugin. -->","yoast_head_json":{"title":"JP Enjalbert haro sur la pollution a\u00e9rienne - Advocnar","robots":{"index":"index","follow":"follow","max-snippet":"max-snippet:-1","max-image-preview":"max-image-preview:large","max-video-preview":"max-video-preview:-1"},"canonical":"https:\/\/www.clients.horus-informatique71.fr\/advocnar_backup\/2016\/01\/pollution-haro-de-jean-pierre-enjalbert-nuisances-aeriennes\/","og_locale":"fr_FR","og_type":"article","og_title":"JP Enjalbert haro sur la pollution a\u00e9rienne - Advocnar","og_description":"22.01.2016 &#8211; Vonews Alors qu\u2019Airparif, association charg\u00e9e de surveiller la qualit\u00e9 de l\u2019air en Ile-de-France, a d\u00e9clench\u00e9 jeudi l\u2019alerte aux particules PM10 en Ile-de-France, Jean-Pierre Enjalbert monte au cr\u00e9neau. Le maire de Saint-Prix, d\u00e9l\u00e9gu\u00e9 national Debout la France \u00e0 la transition \u00e9cologique, pointe une nouvelle fois le r\u00f4le du trafic a\u00e9rien. &nbsp; \u00ab&nbsp;Les avions polluent [&hellip;]","og_url":"https:\/\/www.clients.horus-informatique71.fr\/advocnar_backup\/2016\/01\/pollution-haro-de-jean-pierre-enjalbert-nuisances-aeriennes\/","og_site_name":"Advocnar","article_published_time":"2016-01-21T16:59:33+00:00","article_modified_time":"2022-01-05T11:33:02+00:00","author":"FBrochot","twitter_card":"summary_large_image","twitter_misc":{"\u00c9crit par":"FBrochot","Dur\u00e9e de lecture estim\u00e9e":"2 minutes"},"schema":{"@context":"https:\/\/schema.org","@graph":[{"@type":"WebPage","@id":"https:\/\/www.clients.horus-informatique71.fr\/advocnar_backup\/2016\/01\/pollution-haro-de-jean-pierre-enjalbert-nuisances-aeriennes\/","url":"https:\/\/www.clients.horus-informatique71.fr\/advocnar_backup\/2016\/01\/pollution-haro-de-jean-pierre-enjalbert-nuisances-aeriennes\/","name":"JP Enjalbert haro sur la pollution a\u00e9rienne - Advocnar","isPartOf":{"@id":"https:\/\/www.clients.horus-informatique71.fr\/advocnar_backup\/#website"},"datePublished":"2016-01-21T16:59:33+00:00","dateModified":"2022-01-05T11:33:02+00:00","author":{"@id":"https:\/\/www.clients.horus-informatique71.fr\/advocnar_backup\/#\/schema\/person\/28ec283f897fb44e1146415d8015d23e"},"breadcrumb":{"@id":"https:\/\/www.clients.horus-informatique71.fr\/advocnar_backup\/2016\/01\/pollution-haro-de-jean-pierre-enjalbert-nuisances-aeriennes\/#breadcrumb"},"inLanguage":"fr-FR","potentialAction":[{"@type":"ReadAction","target":["https:\/\/www.clients.horus-informatique71.fr\/advocnar_backup\/2016\/01\/pollution-haro-de-jean-pierre-enjalbert-nuisances-aeriennes\/"]}]},{"@type":"BreadcrumbList","@id":"https:\/\/www.clients.horus-informatique71.fr\/advocnar_backup\/2016\/01\/pollution-haro-de-jean-pierre-enjalbert-nuisances-aeriennes\/#breadcrumb","itemListElement":[{"@type":"ListItem","position":1,"name":"Accueil","item":"https:\/\/www.clients.horus-informatique71.fr\/advocnar_backup\/"},{"@type":"ListItem","position":2,"name":"JP Enjalbert haro sur la pollution a\u00e9rienne"}]},{"@type":"WebSite","@id":"https:\/\/www.clients.horus-informatique71.fr\/advocnar_backup\/#website","url":"https:\/\/www.clients.horus-informatique71.fr\/advocnar_backup\/","name":"Advocnar","description":"Association de D\u00e9fense Contre les Nuisances A\u00e9riennes","potentialAction":[{"@type":"SearchAction","target":{"@type":"EntryPoint","urlTemplate":"https:\/\/www.clients.horus-informatique71.fr\/advocnar_backup\/?s={search_term_string}"},"query-input":"required name=search_term_string"}],"inLanguage":"fr-FR"},{"@type":"Person","@id":"https:\/\/www.clients.horus-informatique71.fr\/advocnar_backup\/#\/schema\/person\/28ec283f897fb44e1146415d8015d23e","name":"FBrochot","url":"https:\/\/www.clients.horus-informatique71.fr\/advocnar_backup\/author\/fbrochot\/"}]}},"_links":{"self":[{"href":"https:\/\/www.clients.horus-informatique71.fr\/advocnar_backup\/wp-json\/wp\/v2\/posts\/70953"}],"collection":[{"href":"https:\/\/www.clients.horus-informatique71.fr\/advocnar_backup\/wp-json\/wp\/v2\/posts"}],"about":[{"href":"https:\/\/www.clients.horus-informatique71.fr\/advocnar_backup\/wp-json\/wp\/v2\/types\/post"}],"author":[{"embeddable":true,"href":"https:\/\/www.clients.horus-informatique71.fr\/advocnar_backup\/wp-json\/wp\/v2\/users\/10"}],"replies":[{"embeddable":true,"href":"https:\/\/www.clients.horus-informatique71.fr\/advocnar_backup\/wp-json\/wp\/v2\/comments?post=70953"}],"version-history":[{"count":2,"href":"https:\/\/www.clients.horus-informatique71.fr\/advocnar_backup\/wp-json\/wp\/v2\/posts\/70953\/revisions"}],"predecessor-version":[{"id":76857,"href":"https:\/\/www.clients.horus-informatique71.fr\/advocnar_backup\/wp-json\/wp\/v2\/posts\/70953\/revisions\/76857"}],"wp:attachment":[{"href":"https:\/\/www.clients.horus-informatique71.fr\/advocnar_backup\/wp-json\/wp\/v2\/media?parent=70953"}],"wp:term":[{"taxonomy":"category","embeddable":true,"href":"https:\/\/www.clients.horus-informatique71.fr\/advocnar_backup\/wp-json\/wp\/v2\/categories?post=70953"},{"taxonomy":"post_tag","embeddable":true,"href":"https:\/\/www.clients.horus-informatique71.fr\/advocnar_backup\/wp-json\/wp\/v2\/tags?post=70953"}],"curies":[{"name":"wp","href":"https:\/\/api.w.org\/{rel}","templated":true}]}}