{"id":70956,"date":"2016-01-20T18:05:49","date_gmt":"2016-01-20T17:05:49","guid":{"rendered":"https:\/\/www.clients.horus-informatique71.fr\/advocnar_backup\/?p=70956"},"modified":"2022-01-05T12:32:46","modified_gmt":"2022-01-05T11:32:46","slug":"nuisances-aeriennes-combat-dure-30-ans-ladvocnar-france-3","status":"publish","type":"post","link":"https:\/\/www.clients.horus-informatique71.fr\/advocnar_backup\/2016\/01\/nuisances-aeriennes-combat-dure-30-ans-ladvocnar-france-3\/","title":{"rendered":"ADVOCNAR sur France 3 : un combat de 30 ans."},"content":{"rendered":"<p>Une \u00e9quipe de France 3 s&rsquo;est rendue aupr\u00e8s des habitants victimes des nuisances a\u00e9riennes.<\/p>\n<p><a href=\"http:\/\/www.francetvinfo.fr\/sante\/psycho-bien-etre\/nuisances-aeriennes-un-combat-qui-dure-depuis-30-ans_1278403.html\">http:\/\/http:\/\/www.francetvinfo.fr\/sante\/psycho-bien-etre\/nuisances-aeriennes-un-combat-qui-dure-depuis-30-ans_1278403.html<\/a><\/p>\n<p>&nbsp;<\/p>\n<p align=\"justify\">Plus 3% de trafic en moyenne l&rsquo;an dernier aux a\u00e9roports d&rsquo;Orly et de Roissy. Si le chiffre est une bonne nouvelle pour le secteur, c&rsquo;est une moins bonne nouvelle pour les 460 000 Franciliens qui subissent les nuisances a\u00e9riennes. Jacqueline vit \u00e0 10 kilom\u00e8tres de l&rsquo;a\u00e9roport Roissy-Charles-de-Gaulle. 365 jours par an, elle voit des centaines d&rsquo;avions passer au-dessus d&rsquo;elle. Un vacarme continue qu&rsquo;elle a du mal \u00e0 supporter. Comment lutter contre l&rsquo;activit\u00e9 du huiti\u00e8me a\u00e9roport mondial ? D&rsquo;ann\u00e9e en ann\u00e9e, Jacqueline a vu s&rsquo;accro\u00eetre le trafic a\u00e9rien. C&rsquo;est ce qui l&rsquo;a pouss\u00e9 \u00e0 rejoindre une association de d\u00e9fense des riverains.<\/p>\n<p class=\"subheader\" align=\"justify\"><strong>Des solutions existent<\/strong><\/p>\n<p align=\"justify\"><em>\u00ab\u00a0Il y a des apr\u00e8s-midi, c&rsquo;est presque ininterrompu\u00a0\u00bb<\/em>, note Jacques, un autre riverain concern\u00e9. Pour ce dernier, le jardinage n&rsquo;a plus rien d&rsquo;une activit\u00e9 relaxante. Plus grave encore, des \u00e9tudes m\u00e9dicales pointent les cons\u00e9quences des nuisances a\u00e9riennes. Insomnies, risques cardio-vasculaires, agressivit\u00e9, des troubles de la sant\u00e9 qui pourraient \u00eatre r\u00e9duits selon Jacqueline, \u00e0 condition de s&rsquo;en donner les moyens. <em>\u00ab\u00a0La descente continue, l&rsquo;\u00e9limination des avions les plus bruyants, le respect des altitudes \u00e0 l&rsquo;atterrissage\u00a0\u00bb<\/em>, \u00e9num\u00e8re-t-elle. Cela fait 30 ans au moins que les riverains se battent pour leur tranquillit\u00e9. Aujourd&rsquo;hui, les avions volent un peu plus haut. Mais il reste d&rsquo;autres combats \u00e0 mener comme l&rsquo;aide \u00e0 l&rsquo;insonorisation des habitations, au point mort pour des milliers d&rsquo;habitants.<\/p>\n","protected":false},"excerpt":{"rendered":"<p>Une \u00e9quipe de France 3 s&rsquo;est rendue aupr\u00e8s des habitants victimes des nuisances a\u00e9riennes. http:\/\/http:\/\/www.francetvinfo.fr\/sante\/psycho-bien-etre\/nuisances-aeriennes-un-combat-qui-dure-depuis-30-ans_1278403.html &nbsp; Plus 3% de trafic en moyenne l&rsquo;an dernier aux a\u00e9roports d&rsquo;Orly et de Roissy. Si le chiffre est une bonne nouvelle pour le secteur, c&rsquo;est une moins bonne nouvelle pour les 460 000 Franciliens qui subissent les nuisances a\u00e9riennes. [&hellip;]<\/p>\n","protected":false},"author":10,"featured_media":0,"comment_status":"closed","ping_status":"open","sticky":false,"template":"","format":"video","meta":{"footnotes":""},"categories":[49],"tags":[],"yoast_head":"<!-- This site is optimized with the Yoast SEO plugin v22.0 - https:\/\/yoast.com\/wordpress\/plugins\/seo\/ -->\n<title>ADVOCNAR sur France 3 : un combat de 30 ans. - Advocnar<\/title>\n<meta name=\"robots\" content=\"index, follow, max-snippet:-1, max-image-preview:large, max-video-preview:-1\" \/>\n<link rel=\"canonical\" href=\"https:\/\/www.clients.horus-informatique71.fr\/advocnar_backup\/2016\/01\/nuisances-aeriennes-combat-dure-30-ans-ladvocnar-france-3\/\" \/>\n<meta property=\"og:locale\" content=\"fr_FR\" \/>\n<meta property=\"og:type\" content=\"article\" \/>\n<meta property=\"og:title\" content=\"ADVOCNAR sur France 3 : un combat de 30 ans. - Advocnar\" \/>\n<meta property=\"og:description\" content=\"Une \u00e9quipe de France 3 s&rsquo;est rendue aupr\u00e8s des habitants victimes des nuisances a\u00e9riennes. http:\/\/http:\/\/www.francetvinfo.fr\/sante\/psycho-bien-etre\/nuisances-aeriennes-un-combat-qui-dure-depuis-30-ans_1278403.html &nbsp; Plus 3% de trafic en moyenne l&rsquo;an dernier aux a\u00e9roports d&rsquo;Orly et de Roissy. Si le chiffre est une bonne nouvelle pour le secteur, c&rsquo;est une moins bonne nouvelle pour les 460 000 Franciliens qui subissent les nuisances a\u00e9riennes. [&hellip;]\" \/>\n<meta property=\"og:url\" content=\"https:\/\/www.clients.horus-informatique71.fr\/advocnar_backup\/2016\/01\/nuisances-aeriennes-combat-dure-30-ans-ladvocnar-france-3\/\" \/>\n<meta property=\"og:site_name\" content=\"Advocnar\" \/>\n<meta property=\"article:published_time\" content=\"2016-01-20T17:05:49+00:00\" \/>\n<meta property=\"article:modified_time\" content=\"2022-01-05T11:32:46+00:00\" \/>\n<meta name=\"author\" content=\"FBrochot\" \/>\n<meta name=\"twitter:card\" content=\"summary_large_image\" \/>\n<meta name=\"twitter:label1\" content=\"\u00c9crit par\" \/>\n\t<meta name=\"twitter:data1\" content=\"FBrochot\" \/>\n\t<meta name=\"twitter:label2\" content=\"Dur\u00e9e de lecture estim\u00e9e\" \/>\n\t<meta name=\"twitter:data2\" content=\"2 minutes\" \/>\n<script type=\"application\/ld+json\" class=\"yoast-schema-graph\">{\"@context\":\"https:\/\/schema.org\",\"@graph\":[{\"@type\":\"WebPage\",\"@id\":\"https:\/\/www.clients.horus-informatique71.fr\/advocnar_backup\/2016\/01\/nuisances-aeriennes-combat-dure-30-ans-ladvocnar-france-3\/\",\"url\":\"https:\/\/www.clients.horus-informatique71.fr\/advocnar_backup\/2016\/01\/nuisances-aeriennes-combat-dure-30-ans-ladvocnar-france-3\/\",\"name\":\"ADVOCNAR sur France 3 : un combat de 30 ans. - Advocnar\",\"isPartOf\":{\"@id\":\"https:\/\/www.clients.horus-informatique71.fr\/advocnar_backup\/#website\"},\"datePublished\":\"2016-01-20T17:05:49+00:00\",\"dateModified\":\"2022-01-05T11:32:46+00:00\",\"author\":{\"@id\":\"https:\/\/www.clients.horus-informatique71.fr\/advocnar_backup\/#\/schema\/person\/28ec283f897fb44e1146415d8015d23e\"},\"breadcrumb\":{\"@id\":\"https:\/\/www.clients.horus-informatique71.fr\/advocnar_backup\/2016\/01\/nuisances-aeriennes-combat-dure-30-ans-ladvocnar-france-3\/#breadcrumb\"},\"inLanguage\":\"fr-FR\",\"potentialAction\":[{\"@type\":\"ReadAction\",\"target\":[\"https:\/\/www.clients.horus-informatique71.fr\/advocnar_backup\/2016\/01\/nuisances-aeriennes-combat-dure-30-ans-ladvocnar-france-3\/\"]}]},{\"@type\":\"BreadcrumbList\",\"@id\":\"https:\/\/www.clients.horus-informatique71.fr\/advocnar_backup\/2016\/01\/nuisances-aeriennes-combat-dure-30-ans-ladvocnar-france-3\/#breadcrumb\",\"itemListElement\":[{\"@type\":\"ListItem\",\"position\":1,\"name\":\"Accueil\",\"item\":\"https:\/\/www.clients.horus-informatique71.fr\/advocnar_backup\/\"},{\"@type\":\"ListItem\",\"position\":2,\"name\":\"ADVOCNAR sur France 3 : un combat de 30 ans.\"}]},{\"@type\":\"WebSite\",\"@id\":\"https:\/\/www.clients.horus-informatique71.fr\/advocnar_backup\/#website\",\"url\":\"https:\/\/www.clients.horus-informatique71.fr\/advocnar_backup\/\",\"name\":\"Advocnar\",\"description\":\"Association de D\u00e9fense Contre les Nuisances A\u00e9riennes\",\"potentialAction\":[{\"@type\":\"SearchAction\",\"target\":{\"@type\":\"EntryPoint\",\"urlTemplate\":\"https:\/\/www.clients.horus-informatique71.fr\/advocnar_backup\/?s={search_term_string}\"},\"query-input\":\"required name=search_term_string\"}],\"inLanguage\":\"fr-FR\"},{\"@type\":\"Person\",\"@id\":\"https:\/\/www.clients.horus-informatique71.fr\/advocnar_backup\/#\/schema\/person\/28ec283f897fb44e1146415d8015d23e\",\"name\":\"FBrochot\",\"url\":\"https:\/\/www.clients.horus-informatique71.fr\/advocnar_backup\/author\/fbrochot\/\"}]}<\/script>\n<!-- \/ Yoast SEO plugin. -->","yoast_head_json":{"title":"ADVOCNAR sur France 3 : un combat de 30 ans. - Advocnar","robots":{"index":"index","follow":"follow","max-snippet":"max-snippet:-1","max-image-preview":"max-image-preview:large","max-video-preview":"max-video-preview:-1"},"canonical":"https:\/\/www.clients.horus-informatique71.fr\/advocnar_backup\/2016\/01\/nuisances-aeriennes-combat-dure-30-ans-ladvocnar-france-3\/","og_locale":"fr_FR","og_type":"article","og_title":"ADVOCNAR sur France 3 : un combat de 30 ans. - Advocnar","og_description":"Une \u00e9quipe de France 3 s&rsquo;est rendue aupr\u00e8s des habitants victimes des nuisances a\u00e9riennes. http:\/\/http:\/\/www.francetvinfo.fr\/sante\/psycho-bien-etre\/nuisances-aeriennes-un-combat-qui-dure-depuis-30-ans_1278403.html &nbsp; Plus 3% de trafic en moyenne l&rsquo;an dernier aux a\u00e9roports d&rsquo;Orly et de Roissy. Si le chiffre est une bonne nouvelle pour le secteur, c&rsquo;est une moins bonne nouvelle pour les 460 000 Franciliens qui subissent les nuisances a\u00e9riennes. [&hellip;]","og_url":"https:\/\/www.clients.horus-informatique71.fr\/advocnar_backup\/2016\/01\/nuisances-aeriennes-combat-dure-30-ans-ladvocnar-france-3\/","og_site_name":"Advocnar","article_published_time":"2016-01-20T17:05:49+00:00","article_modified_time":"2022-01-05T11:32:46+00:00","author":"FBrochot","twitter_card":"summary_large_image","twitter_misc":{"\u00c9crit par":"FBrochot","Dur\u00e9e de lecture estim\u00e9e":"2 minutes"},"schema":{"@context":"https:\/\/schema.org","@graph":[{"@type":"WebPage","@id":"https:\/\/www.clients.horus-informatique71.fr\/advocnar_backup\/2016\/01\/nuisances-aeriennes-combat-dure-30-ans-ladvocnar-france-3\/","url":"https:\/\/www.clients.horus-informatique71.fr\/advocnar_backup\/2016\/01\/nuisances-aeriennes-combat-dure-30-ans-ladvocnar-france-3\/","name":"ADVOCNAR sur France 3 : un combat de 30 ans. - Advocnar","isPartOf":{"@id":"https:\/\/www.clients.horus-informatique71.fr\/advocnar_backup\/#website"},"datePublished":"2016-01-20T17:05:49+00:00","dateModified":"2022-01-05T11:32:46+00:00","author":{"@id":"https:\/\/www.clients.horus-informatique71.fr\/advocnar_backup\/#\/schema\/person\/28ec283f897fb44e1146415d8015d23e"},"breadcrumb":{"@id":"https:\/\/www.clients.horus-informatique71.fr\/advocnar_backup\/2016\/01\/nuisances-aeriennes-combat-dure-30-ans-ladvocnar-france-3\/#breadcrumb"},"inLanguage":"fr-FR","potentialAction":[{"@type":"ReadAction","target":["https:\/\/www.clients.horus-informatique71.fr\/advocnar_backup\/2016\/01\/nuisances-aeriennes-combat-dure-30-ans-ladvocnar-france-3\/"]}]},{"@type":"BreadcrumbList","@id":"https:\/\/www.clients.horus-informatique71.fr\/advocnar_backup\/2016\/01\/nuisances-aeriennes-combat-dure-30-ans-ladvocnar-france-3\/#breadcrumb","itemListElement":[{"@type":"ListItem","position":1,"name":"Accueil","item":"https:\/\/www.clients.horus-informatique71.fr\/advocnar_backup\/"},{"@type":"ListItem","position":2,"name":"ADVOCNAR sur France 3 : un combat de 30 ans."}]},{"@type":"WebSite","@id":"https:\/\/www.clients.horus-informatique71.fr\/advocnar_backup\/#website","url":"https:\/\/www.clients.horus-informatique71.fr\/advocnar_backup\/","name":"Advocnar","description":"Association de D\u00e9fense Contre les Nuisances A\u00e9riennes","potentialAction":[{"@type":"SearchAction","target":{"@type":"EntryPoint","urlTemplate":"https:\/\/www.clients.horus-informatique71.fr\/advocnar_backup\/?s={search_term_string}"},"query-input":"required name=search_term_string"}],"inLanguage":"fr-FR"},{"@type":"Person","@id":"https:\/\/www.clients.horus-informatique71.fr\/advocnar_backup\/#\/schema\/person\/28ec283f897fb44e1146415d8015d23e","name":"FBrochot","url":"https:\/\/www.clients.horus-informatique71.fr\/advocnar_backup\/author\/fbrochot\/"}]}},"_links":{"self":[{"href":"https:\/\/www.clients.horus-informatique71.fr\/advocnar_backup\/wp-json\/wp\/v2\/posts\/70956"}],"collection":[{"href":"https:\/\/www.clients.horus-informatique71.fr\/advocnar_backup\/wp-json\/wp\/v2\/posts"}],"about":[{"href":"https:\/\/www.clients.horus-informatique71.fr\/advocnar_backup\/wp-json\/wp\/v2\/types\/post"}],"author":[{"embeddable":true,"href":"https:\/\/www.clients.horus-informatique71.fr\/advocnar_backup\/wp-json\/wp\/v2\/users\/10"}],"replies":[{"embeddable":true,"href":"https:\/\/www.clients.horus-informatique71.fr\/advocnar_backup\/wp-json\/wp\/v2\/comments?post=70956"}],"version-history":[{"count":2,"href":"https:\/\/www.clients.horus-informatique71.fr\/advocnar_backup\/wp-json\/wp\/v2\/posts\/70956\/revisions"}],"predecessor-version":[{"id":73602,"href":"https:\/\/www.clients.horus-informatique71.fr\/advocnar_backup\/wp-json\/wp\/v2\/posts\/70956\/revisions\/73602"}],"wp:attachment":[{"href":"https:\/\/www.clients.horus-informatique71.fr\/advocnar_backup\/wp-json\/wp\/v2\/media?parent=70956"}],"wp:term":[{"taxonomy":"category","embeddable":true,"href":"https:\/\/www.clients.horus-informatique71.fr\/advocnar_backup\/wp-json\/wp\/v2\/categories?post=70956"},{"taxonomy":"post_tag","embeddable":true,"href":"https:\/\/www.clients.horus-informatique71.fr\/advocnar_backup\/wp-json\/wp\/v2\/tags?post=70956"}],"curies":[{"name":"wp","href":"https:\/\/api.w.org\/{rel}","templated":true}]}}