{"id":70973,"date":"2015-11-03T19:02:47","date_gmt":"2015-11-03T18:02:47","guid":{"rendered":"https:\/\/www.clients.horus-informatique71.fr\/advocnar_backup\/?p=70973"},"modified":"2022-01-05T12:26:32","modified_gmt":"2022-01-05T11:26:32","slug":"maire-de-saint-prix-porte-plainte-contre-letat-concernant-vols-de-nuit","status":"publish","type":"post","link":"https:\/\/www.clients.horus-informatique71.fr\/advocnar_backup\/2015\/11\/maire-de-saint-prix-porte-plainte-contre-letat-concernant-vols-de-nuit\/","title":{"rendered":"Vols de nuit : Saint-Prix porte plainte"},"content":{"rendered":"<h2><span style=\"font-size: medium;\">03.11.2015 &#8211; Le Parisien<\/span><\/h2>\n<div align=\"center\"><strong><span style=\"font-size: medium;\">Nuisances a\u00e9riennes : le maire de Saint-Prix porte plainte contre l&rsquo;Etat<\/span><\/strong><\/div>\n<div align=\"justify\">\n<h2><span style=\"font-size: medium;\">03.11.2015 &#8211; Le Parisien<\/span><\/h2>\n<div align=\"center\"><strong><span style=\"font-size: medium;\">Nuisances a\u00e9riennes : le maire de Saint-Prix porte plainte contre l&rsquo;Etat<\/span><\/strong><\/div>\n<div align=\"justify\">&nbsp;\u00ab Il est temps de passer un nouveau cap dans la mobilisation contre les nuisances a\u00e9riennes.\u00bb &nbsp;Jean-Pierre Enjalbert, le maire (DLF) de Saint-Prix joint le geste \u00e0 la parole. En pleine &nbsp;campagne des r\u00e9gionales, la t\u00eate de liste val-d&rsquo;oisienne du parti de Nicolas Dupont-Aignan &nbsp;porte plainte contre Alain Vidalies, secr\u00e9taire d&rsquo;Etat charg\u00e9 des Transports aupr\u00e8s de la &nbsp;ministre de l&rsquo;Ecologie.<br \/>\nDans une lettre envoy\u00e9e en recommand\u00e9 au procureur de Paris, Jean-Pierre Enjalbert accuse &nbsp;le membre du gouvernement de \u00ab mettre en danger la vie d&rsquo;autrui \u00bb en pointant les vols de nuit de l&rsquo;a\u00e9roport de Roissy. \u00ab Nous essayons d&rsquo;attirer depuis tr\u00e8s longtemps l&rsquo;attention des pouvoirs publics sur ce probl\u00e8me. Actuellement 163 avions d\u00e9collent chaque nuit de Roissy \u00bb, explique le maire de Saint-Prix, \u00e9galement pr\u00e9sident du collectif Sant\u00e9 nuisances a\u00e9riennes.\u00ab Mais on nous r\u00e9pondait toujours que nous exag\u00e9rions. Cette fois-ci, l&rsquo;Autorit\u00e9 de contr\u00f4le des nuisances a\u00e9roportuaires (Acnusa) elle-m\u00eame confirme les cons\u00e9quences m\u00e9dicales graves. \u00bb C&rsquo;est en effet la sortie d&rsquo;un avis sign\u00e9 d&rsquo;un m\u00e9decin neurobiologiste sp\u00e9cialiste du sommeil qui a pouss\u00e9 Jean-Pierre Enjalbert \u00e0 porter plainte. Le document de l&rsquo;Acnusa se prononce sur le maintien des \u00ab doublets \u00bb. En clair, les trajectoires nord et sud d&rsquo;atterrissage des avions sont cens\u00e9es \u00eatre altern\u00e9es la nuit, pour au moins \u00e9pargner la moiti\u00e9 de la population qui pourra dormir plus calmement un jour sur deux.<\/div>\n<table width=\"560\" cellspacing=\"0\" cellpadding=\"3\" border=\"0\">\n<tbody>\n<tr>\n<td lang=\"undefined\">\n<div align=\"justify\"><strong><span style=\"font-family: arial, helvetica, sans-serif; font-size: small;\">L&rsquo;association Advocnar : \u00ab Cela fait 30 ans que les pouvoirs publics nous baladent \u00bb<\/span><\/strong><\/div>\n<p align=\"justify\"><span style=\"font-family: arial, helvetica, sans-serif; font-size: small;\">Il en a \u00e9cum\u00e9 des r\u00e9unions, commissions et autre concertations sur le sujet. Patric Kruissel, pr\u00e9sident de l&rsquo;Association de d\u00e9fense contre les nuisances a\u00e9riennes (Advocnar), soutient l&rsquo;initiative de Jean-Pierre Enjalbert, le maire DLF de Saint-Prix.<br class=\"mce_temp_span\"><\/span><\/p>\n<p align=\"justify\"><span style=\"font-family: arial, helvetica, sans-serif; font-size: small;\">Une action en justice ? \u00ab Nous aussi, on y pense, notamment pour limiter l&rsquo;utilisation des mod\u00e8les d&rsquo;avions bruyants. Quand on n&rsquo;a plus la possibilit\u00e9 de la concertation, la voie juridique s&rsquo;impose, insiste le militant. Les nuisances en Ile-de-France sont importantes. Cela fait trente ans qu&rsquo;on se bat contre les vols de nuit \u00e0 cause de leurs effets sur la sant\u00e9, et trente ans que les pouvoirs publics nous baladent. \u00bb L&rsquo;association attend toujours les r\u00e9sultats de la commission sur les vols de nuit qui s&rsquo;est achev\u00e9e en juin dernier.<\/span><\/p>\n<p align=\"justify\"><span style=\"font-family: arial, helvetica, sans-serif; font-size: small;\"><em>Pauline Conraddson<\/em><br \/>\n<\/span><\/p>\n<\/td>\n<\/tr>\n<\/tbody>\n<\/table>\n<p align=\"justify\">Le m\u00e9decin pr\u00e9conise une alternance des doublets chaque nuit pour minimiser \u00ab la dette chronique de sommeil \u00bb. Mais cette solution n&rsquo;\u00e9tant pas envisageable d&rsquo;un point de vue logistique, on lui pr\u00e9f\u00e8re un calendrier hebdomadaire. \u00ab Il est \u00e9crit clairement qu&rsquo;il y a des atteintes \u00e0 la sant\u00e9 \u00bb, souligne Jean-Pierre Enjalbert, lui-m\u00eame m\u00e9decin angiologue. \u00ab Il est aussi dit que les mesures envisag\u00e9es ne sont pas efficaces. C&rsquo;est la preuve qu&rsquo;on ne prend pas en compte la vie d&rsquo;autrui : on conna\u00eet les risques, pourtant on continue les vols de nuit. \u00bb<\/p>\n<p align=\"justify\">En 2006, l&rsquo;\u00e9lu avait d\u00e9j\u00e0 tent\u00e9 &#8211; via une habitante de Saint-Prix &#8211; de saisir la Cour europ\u00e9enne des droits de l&rsquo;Homme \u00e0 ce sujet, mais sans r\u00e9sultat. D&rsquo;apr\u00e8s le maire, Roissy serait l&rsquo;a\u00e9roport europ\u00e9en enregistrant le plus de vols nocturnes. \u00ab Nous tra\u00eenons encore cette esp\u00e8ce d&rsquo;anachronisme dans une r\u00e9gion qui se veut vertueuse et accueille la COP 21. \u00bb Contact\u00e9, le secr\u00e9tariat d&rsquo;\u00c9tat charg\u00e9 des transports n&rsquo;a pas encore r\u00e9agi \u00e0 la plainte d\u00e9pos\u00e9e contre lui.<\/p>\n<p align=\"justify\">Le candidat DLF, lui, fait aujourd&rsquo;hui des nuisances a\u00e9riennes et de la pollution l&rsquo;un de ses combats prioritaires. Un choix qui peut surprendre, puisque la liste de Nicolas Dupont-Aignan d\u00e9fend aussi le droit des Franciliens \u00e0 utiliser leur voiture. \u00ab Ce n&rsquo;est pas contradictoire, assure Jean-Pierre Enjalbert. Bien s\u00fbr qu&rsquo;il faut d\u00e9velopper les transports en commun. Mais il y a un certain nombre de Franciliens qui sont captifs de la voiture, parce qu&rsquo;ils habitent le Vexin par exemple. Pour eux, il faut fluidifier le trafic, notamment en \u00e9cartant les routiers des rocades parisiennes. La solution serait de rendre gratuites les autoroutes p\u00e9riph\u00e9riques. \u00bb<br \/>\nNuisances a\u00e9riennes : le maire de Saint-Prix porte plainte contre l&rsquo;Etat<\/p>\n<p><em>Marie Persidat<\/em><\/p>\n<\/div>\n","protected":false},"excerpt":{"rendered":"<p>03.11.2015 &#8211; Le Parisien Nuisances a\u00e9riennes : le maire de Saint-Prix porte plainte contre l&rsquo;Etat 03.11.2015 &#8211; Le Parisien Nuisances a\u00e9riennes : le maire de Saint-Prix porte plainte contre l&rsquo;Etat &nbsp;\u00ab Il est temps de passer un nouveau cap dans la mobilisation contre les nuisances a\u00e9riennes.\u00bb &nbsp;Jean-Pierre Enjalbert, le maire (DLF) de Saint-Prix joint le [&hellip;]<\/p>\n","protected":false},"author":10,"featured_media":0,"comment_status":"closed","ping_status":"open","sticky":false,"template":"","format":"standard","meta":{"footnotes":""},"categories":[49],"tags":[],"yoast_head":"<!-- This site is optimized with the Yoast SEO plugin v22.0 - https:\/\/yoast.com\/wordpress\/plugins\/seo\/ -->\n<title>Vols de nuit : Saint-Prix porte plainte - Advocnar<\/title>\n<meta name=\"robots\" content=\"index, follow, max-snippet:-1, max-image-preview:large, max-video-preview:-1\" \/>\n<link rel=\"canonical\" href=\"https:\/\/www.clients.horus-informatique71.fr\/advocnar_backup\/2015\/11\/maire-de-saint-prix-porte-plainte-contre-letat-concernant-vols-de-nuit\/\" \/>\n<meta property=\"og:locale\" content=\"fr_FR\" \/>\n<meta property=\"og:type\" content=\"article\" \/>\n<meta property=\"og:title\" content=\"Vols de nuit : Saint-Prix porte plainte - Advocnar\" \/>\n<meta property=\"og:description\" content=\"03.11.2015 &#8211; Le Parisien Nuisances a\u00e9riennes : le maire de Saint-Prix porte plainte contre l&rsquo;Etat 03.11.2015 &#8211; Le Parisien Nuisances a\u00e9riennes : le maire de Saint-Prix porte plainte contre l&rsquo;Etat &nbsp;\u00ab Il est temps de passer un nouveau cap dans la mobilisation contre les nuisances a\u00e9riennes.\u00bb &nbsp;Jean-Pierre Enjalbert, le maire (DLF) de Saint-Prix joint le [&hellip;]\" \/>\n<meta property=\"og:url\" content=\"https:\/\/www.clients.horus-informatique71.fr\/advocnar_backup\/2015\/11\/maire-de-saint-prix-porte-plainte-contre-letat-concernant-vols-de-nuit\/\" \/>\n<meta property=\"og:site_name\" content=\"Advocnar\" \/>\n<meta property=\"article:published_time\" content=\"2015-11-03T18:02:47+00:00\" \/>\n<meta property=\"article:modified_time\" content=\"2022-01-05T11:26:32+00:00\" \/>\n<meta name=\"author\" content=\"FBrochot\" \/>\n<meta name=\"twitter:card\" content=\"summary_large_image\" \/>\n<meta name=\"twitter:label1\" content=\"\u00c9crit par\" \/>\n\t<meta name=\"twitter:data1\" content=\"FBrochot\" \/>\n\t<meta name=\"twitter:label2\" content=\"Dur\u00e9e de lecture estim\u00e9e\" \/>\n\t<meta name=\"twitter:data2\" content=\"3 minutes\" \/>\n<script type=\"application\/ld+json\" class=\"yoast-schema-graph\">{\"@context\":\"https:\/\/schema.org\",\"@graph\":[{\"@type\":\"WebPage\",\"@id\":\"https:\/\/www.clients.horus-informatique71.fr\/advocnar_backup\/2015\/11\/maire-de-saint-prix-porte-plainte-contre-letat-concernant-vols-de-nuit\/\",\"url\":\"https:\/\/www.clients.horus-informatique71.fr\/advocnar_backup\/2015\/11\/maire-de-saint-prix-porte-plainte-contre-letat-concernant-vols-de-nuit\/\",\"name\":\"Vols de nuit : Saint-Prix porte plainte - Advocnar\",\"isPartOf\":{\"@id\":\"https:\/\/www.clients.horus-informatique71.fr\/advocnar_backup\/#website\"},\"datePublished\":\"2015-11-03T18:02:47+00:00\",\"dateModified\":\"2022-01-05T11:26:32+00:00\",\"author\":{\"@id\":\"https:\/\/www.clients.horus-informatique71.fr\/advocnar_backup\/#\/schema\/person\/28ec283f897fb44e1146415d8015d23e\"},\"breadcrumb\":{\"@id\":\"https:\/\/www.clients.horus-informatique71.fr\/advocnar_backup\/2015\/11\/maire-de-saint-prix-porte-plainte-contre-letat-concernant-vols-de-nuit\/#breadcrumb\"},\"inLanguage\":\"fr-FR\",\"potentialAction\":[{\"@type\":\"ReadAction\",\"target\":[\"https:\/\/www.clients.horus-informatique71.fr\/advocnar_backup\/2015\/11\/maire-de-saint-prix-porte-plainte-contre-letat-concernant-vols-de-nuit\/\"]}]},{\"@type\":\"BreadcrumbList\",\"@id\":\"https:\/\/www.clients.horus-informatique71.fr\/advocnar_backup\/2015\/11\/maire-de-saint-prix-porte-plainte-contre-letat-concernant-vols-de-nuit\/#breadcrumb\",\"itemListElement\":[{\"@type\":\"ListItem\",\"position\":1,\"name\":\"Accueil\",\"item\":\"https:\/\/www.clients.horus-informatique71.fr\/advocnar_backup\/\"},{\"@type\":\"ListItem\",\"position\":2,\"name\":\"Vols de nuit : Saint-Prix porte plainte\"}]},{\"@type\":\"WebSite\",\"@id\":\"https:\/\/www.clients.horus-informatique71.fr\/advocnar_backup\/#website\",\"url\":\"https:\/\/www.clients.horus-informatique71.fr\/advocnar_backup\/\",\"name\":\"Advocnar\",\"description\":\"Association de D\u00e9fense Contre les Nuisances A\u00e9riennes\",\"potentialAction\":[{\"@type\":\"SearchAction\",\"target\":{\"@type\":\"EntryPoint\",\"urlTemplate\":\"https:\/\/www.clients.horus-informatique71.fr\/advocnar_backup\/?s={search_term_string}\"},\"query-input\":\"required name=search_term_string\"}],\"inLanguage\":\"fr-FR\"},{\"@type\":\"Person\",\"@id\":\"https:\/\/www.clients.horus-informatique71.fr\/advocnar_backup\/#\/schema\/person\/28ec283f897fb44e1146415d8015d23e\",\"name\":\"FBrochot\",\"url\":\"https:\/\/www.clients.horus-informatique71.fr\/advocnar_backup\/author\/fbrochot\/\"}]}<\/script>\n<!-- \/ Yoast SEO plugin. -->","yoast_head_json":{"title":"Vols de nuit : Saint-Prix porte plainte - Advocnar","robots":{"index":"index","follow":"follow","max-snippet":"max-snippet:-1","max-image-preview":"max-image-preview:large","max-video-preview":"max-video-preview:-1"},"canonical":"https:\/\/www.clients.horus-informatique71.fr\/advocnar_backup\/2015\/11\/maire-de-saint-prix-porte-plainte-contre-letat-concernant-vols-de-nuit\/","og_locale":"fr_FR","og_type":"article","og_title":"Vols de nuit : Saint-Prix porte plainte - Advocnar","og_description":"03.11.2015 &#8211; Le Parisien Nuisances a\u00e9riennes : le maire de Saint-Prix porte plainte contre l&rsquo;Etat 03.11.2015 &#8211; Le Parisien Nuisances a\u00e9riennes : le maire de Saint-Prix porte plainte contre l&rsquo;Etat &nbsp;\u00ab Il est temps de passer un nouveau cap dans la mobilisation contre les nuisances a\u00e9riennes.\u00bb &nbsp;Jean-Pierre Enjalbert, le maire (DLF) de Saint-Prix joint le [&hellip;]","og_url":"https:\/\/www.clients.horus-informatique71.fr\/advocnar_backup\/2015\/11\/maire-de-saint-prix-porte-plainte-contre-letat-concernant-vols-de-nuit\/","og_site_name":"Advocnar","article_published_time":"2015-11-03T18:02:47+00:00","article_modified_time":"2022-01-05T11:26:32+00:00","author":"FBrochot","twitter_card":"summary_large_image","twitter_misc":{"\u00c9crit par":"FBrochot","Dur\u00e9e de lecture estim\u00e9e":"3 minutes"},"schema":{"@context":"https:\/\/schema.org","@graph":[{"@type":"WebPage","@id":"https:\/\/www.clients.horus-informatique71.fr\/advocnar_backup\/2015\/11\/maire-de-saint-prix-porte-plainte-contre-letat-concernant-vols-de-nuit\/","url":"https:\/\/www.clients.horus-informatique71.fr\/advocnar_backup\/2015\/11\/maire-de-saint-prix-porte-plainte-contre-letat-concernant-vols-de-nuit\/","name":"Vols de nuit : Saint-Prix porte plainte - Advocnar","isPartOf":{"@id":"https:\/\/www.clients.horus-informatique71.fr\/advocnar_backup\/#website"},"datePublished":"2015-11-03T18:02:47+00:00","dateModified":"2022-01-05T11:26:32+00:00","author":{"@id":"https:\/\/www.clients.horus-informatique71.fr\/advocnar_backup\/#\/schema\/person\/28ec283f897fb44e1146415d8015d23e"},"breadcrumb":{"@id":"https:\/\/www.clients.horus-informatique71.fr\/advocnar_backup\/2015\/11\/maire-de-saint-prix-porte-plainte-contre-letat-concernant-vols-de-nuit\/#breadcrumb"},"inLanguage":"fr-FR","potentialAction":[{"@type":"ReadAction","target":["https:\/\/www.clients.horus-informatique71.fr\/advocnar_backup\/2015\/11\/maire-de-saint-prix-porte-plainte-contre-letat-concernant-vols-de-nuit\/"]}]},{"@type":"BreadcrumbList","@id":"https:\/\/www.clients.horus-informatique71.fr\/advocnar_backup\/2015\/11\/maire-de-saint-prix-porte-plainte-contre-letat-concernant-vols-de-nuit\/#breadcrumb","itemListElement":[{"@type":"ListItem","position":1,"name":"Accueil","item":"https:\/\/www.clients.horus-informatique71.fr\/advocnar_backup\/"},{"@type":"ListItem","position":2,"name":"Vols de nuit : Saint-Prix porte plainte"}]},{"@type":"WebSite","@id":"https:\/\/www.clients.horus-informatique71.fr\/advocnar_backup\/#website","url":"https:\/\/www.clients.horus-informatique71.fr\/advocnar_backup\/","name":"Advocnar","description":"Association de D\u00e9fense Contre les Nuisances A\u00e9riennes","potentialAction":[{"@type":"SearchAction","target":{"@type":"EntryPoint","urlTemplate":"https:\/\/www.clients.horus-informatique71.fr\/advocnar_backup\/?s={search_term_string}"},"query-input":"required name=search_term_string"}],"inLanguage":"fr-FR"},{"@type":"Person","@id":"https:\/\/www.clients.horus-informatique71.fr\/advocnar_backup\/#\/schema\/person\/28ec283f897fb44e1146415d8015d23e","name":"FBrochot","url":"https:\/\/www.clients.horus-informatique71.fr\/advocnar_backup\/author\/fbrochot\/"}]}},"_links":{"self":[{"href":"https:\/\/www.clients.horus-informatique71.fr\/advocnar_backup\/wp-json\/wp\/v2\/posts\/70973"}],"collection":[{"href":"https:\/\/www.clients.horus-informatique71.fr\/advocnar_backup\/wp-json\/wp\/v2\/posts"}],"about":[{"href":"https:\/\/www.clients.horus-informatique71.fr\/advocnar_backup\/wp-json\/wp\/v2\/types\/post"}],"author":[{"embeddable":true,"href":"https:\/\/www.clients.horus-informatique71.fr\/advocnar_backup\/wp-json\/wp\/v2\/users\/10"}],"replies":[{"embeddable":true,"href":"https:\/\/www.clients.horus-informatique71.fr\/advocnar_backup\/wp-json\/wp\/v2\/comments?post=70973"}],"version-history":[{"count":3,"href":"https:\/\/www.clients.horus-informatique71.fr\/advocnar_backup\/wp-json\/wp\/v2\/posts\/70973\/revisions"}],"predecessor-version":[{"id":77663,"href":"https:\/\/www.clients.horus-informatique71.fr\/advocnar_backup\/wp-json\/wp\/v2\/posts\/70973\/revisions\/77663"}],"wp:attachment":[{"href":"https:\/\/www.clients.horus-informatique71.fr\/advocnar_backup\/wp-json\/wp\/v2\/media?parent=70973"}],"wp:term":[{"taxonomy":"category","embeddable":true,"href":"https:\/\/www.clients.horus-informatique71.fr\/advocnar_backup\/wp-json\/wp\/v2\/categories?post=70973"},{"taxonomy":"post_tag","embeddable":true,"href":"https:\/\/www.clients.horus-informatique71.fr\/advocnar_backup\/wp-json\/wp\/v2\/tags?post=70973"}],"curies":[{"name":"wp","href":"https:\/\/api.w.org\/{rel}","templated":true}]}}