{"id":70976,"date":"2015-09-06T19:10:51","date_gmt":"2015-09-06T18:10:51","guid":{"rendered":"https:\/\/www.clients.horus-informatique71.fr\/advocnar_backup\/?p=70976"},"modified":"2022-01-05T12:25:28","modified_gmt":"2022-01-05T11:25:28","slug":"transport-aerien-fin-niche-fiscale-compagnies-aeriennes-exemptees-de-toute-taxe-kerosene-defenseurs-de-lenvironnement-entendent-bien-y-mettre-fin","status":"publish","type":"post","link":"https:\/\/www.clients.horus-informatique71.fr\/advocnar_backup\/2015\/09\/transport-aerien-fin-niche-fiscale-compagnies-aeriennes-exemptees-de-toute-taxe-kerosene-defenseurs-de-lenvironnement-entendent-bien-y-mettre-fin\/","title":{"rendered":"Transport a\u00e9rien: fin la niche fiscale ?"},"content":{"rendered":"<h2 style=\"text-align: left;\">Les compagnies a\u00e9riennes sont exempt\u00e9es de toute taxe sur le k\u00e9ros\u00e8ne. Les d\u00e9fenseurs de l&rsquo;environnement entendent bien y mettre fin<\/h2>\n<h2><span style=\"font-size: medium;\">04.09.2015 LE POINT<\/span><\/h2>\n<p><em><span style=\"font-size: small;\">Par Michel REVOL<\/span><\/em><\/p>\n<div>\n<div align=\"justify\">\n<p>La Commission europ\u00e9enne s&rsquo;est prononc\u00e9e pour une taxation du k\u00e9ros\u00e8ne pour les avions qui chargent du k\u00e9ros\u00e8ne dans un a\u00e9roport communautaire.AFP\u00a9JACK<\/p>\n<\/div>\n<div align=\"justify\">\u00c9videmment, en 1944, les n\u00e9gociateurs de la Convention de Chicago sur l&rsquo;aviation civile ne se pr\u00e9occupaient gu\u00e8re d&rsquo;environnement.<\/div>\n<div align=\"justify\">Leur priorit\u00e9 n&rsquo;est pas l\u00e0.<\/div>\n<div align=\"justify\"><\/div>\n<div align=\"justify\">Ils ont adopt\u00e9 pourtant une disposition qui, soixante-dix ans apr\u00e8s, pr\u00e9vaut toujours et fait hurler les d\u00e9fenseurs de la cause \u00e9cologique : les compagnies a\u00e9riennes sont exon\u00e9r\u00e9es de toute taxe sur le k\u00e9ros\u00e8ne.<\/div>\n<div align=\"justify\">En France, l&rsquo;avion est donc le seul moyen de transport fonctionnant \u00e0 l&rsquo;\u00e9nergie fossile exempt\u00e9 de taxe int\u00e9rieure sur la consommation des produits \u00e9nerg\u00e9tiques, la fameuse TICPE. Une niche fiscale qui repr\u00e9sente, pour les vols int\u00e9rieurs, un cadeau compris entre 315 et 400 millions d&rsquo;euros par an selon les calculs.<\/div>\n<div align=\"justify\">Mais ce qui f\u00e2che surtout les d\u00e9fenseurs de l&rsquo;environnement, c&rsquo;est l&rsquo;effet induit de cette niche : en m\u00e9tropole, l&rsquo;\u00c9tat subventionne par ce biais le transport a\u00e9rien au d\u00e9triment du chemin de fer, bien moins polluant. Le r\u00e9seau \u00ab Inventons Demain \u00bb, compos\u00e9 de jeunes \u00e9lus socialistes, a ainsi calcul\u00e9 que ce coup de pouce r\u00e9duit le prix de chaque billet d&rsquo;avion de 12 % sur les vols int\u00e9rieurs, premiers concurrents du fer. La SNCF, elle, doit supporter la contribution au service public de l&rsquo;\u00e9lectricit\u00e9, destin\u00e9e \u00e0 financer&#8230; les \u00e9nergies renouvelables.<\/div>\n<div align=\"justify\">Les compagnies a\u00e9riennes veillent au grain. \u00c0 l&rsquo;or\u00e9e des ann\u00e9es 2010, elles sont parvenues \u00e0 exclure cette exon\u00e9ration de la liste des niches fiscales annex\u00e9es chaque ann\u00e9e au projet de loi de finances. Pas besoin d&rsquo;en faire trop la publicit\u00e9. Elles disposent m\u00eame d&rsquo;un argumentaire antitaxation, que Le Point s&rsquo;est procur\u00e9. Le document parle d&rsquo;un \u00ab rendement faible \u00bb d&rsquo;une \u00e9ventuelle taxation du k\u00e9ros\u00e8ne (315 millions d&rsquo;euros tout de m\u00eame, soit le montant du d\u00e9ficit des lignes ferroviaires comme le Corail, Teoz, etc.), des nombreuses initiatives prises par les compagnies pour r\u00e9duire leur production de gaz \u00e0 effet de serre (- 38 % pour Air France par rapport \u00e0 2011), de l&rsquo;apport des compagnies \u00e0 l&rsquo;essor des \u00e9conomies locales, etc.<br \/>\nLa volont\u00e9 de l&rsquo;\u00c9tat<br \/>\nLe document pr\u00e9vient aussi qu&rsquo;en cas d&rsquo;application de la TICPE, les compagnies a\u00e9riennes fran\u00e7aises seraient handicap\u00e9es par rapport \u00e0 leurs concurrentes, qui continueraient, elles, \u00e0 en \u00eatre dispens\u00e9es. La solution pourrait \u00eatre de taxer toutes les compagnies desservant ou d\u00e9collant de France, ce qui selon \u00ab Inventons Demain \u00bb rapporterait chaque ann\u00e9e 3,5 milliards d&rsquo;euros ! Mais la Commission europ\u00e9enne elle-m\u00eame ne va pas si loin : si elle s&rsquo;est prononc\u00e9e il y a peu pour une taxation du k\u00e9ros\u00e8ne, elle entend la limiter aux seuls avions qui chargent du k\u00e9ros\u00e8ne dans un a\u00e9roport communautaire.<\/div>\n<div>\n<div align=\"justify\">\u00c0 l&rsquo;approche de la COP21, le grand sommet sur le climat organis\u00e9 en France \u00e0 la fin de l&rsquo;ann\u00e9e, les organisations \u00e9cologistes aiguisent leurs argumentaires. Pas question, disent-elles en substance, de laisser passer ce sommet sans s&rsquo;attaquer \u00e0 l&rsquo;exon\u00e9ration de taxes sur le k\u00e9ros\u00e8ne. Pour l&rsquo;heure, elles doutent de la volont\u00e9 de l&rsquo;\u00c9tat de s&rsquo;y coller. L&rsquo;aviation civile est le \u00ab passager clandestin \u00bb de la COP21, s&rsquo;alarme le R\u00e9seau Action Climat, tr\u00e8s en verve. Chaque ann\u00e9e, le transport a\u00e9rien repr\u00e9sente 2 % des \u00e9missions de CO2 dans le monde.<\/div>\n<\/div>\n<\/div>\n","protected":false},"excerpt":{"rendered":"<p>Les compagnies a\u00e9riennes sont exempt\u00e9es de toute taxe sur le k\u00e9ros\u00e8ne. Les d\u00e9fenseurs de l&rsquo;environnement entendent bien y mettre fin 04.09.2015 LE POINT Par Michel REVOL La Commission europ\u00e9enne s&rsquo;est prononc\u00e9e pour une taxation du k\u00e9ros\u00e8ne pour les avions qui chargent du k\u00e9ros\u00e8ne dans un a\u00e9roport communautaire.AFP\u00a9JACK \u00c9videmment, en 1944, les n\u00e9gociateurs de la Convention [&hellip;]<\/p>\n","protected":false},"author":10,"featured_media":0,"comment_status":"closed","ping_status":"open","sticky":false,"template":"","format":"standard","meta":{"footnotes":""},"categories":[49],"tags":[],"yoast_head":"<!-- This site is optimized with the Yoast SEO plugin v22.0 - https:\/\/yoast.com\/wordpress\/plugins\/seo\/ -->\n<title>Transport a\u00e9rien: fin la niche fiscale ? - Advocnar<\/title>\n<meta name=\"robots\" content=\"index, follow, max-snippet:-1, max-image-preview:large, max-video-preview:-1\" \/>\n<link rel=\"canonical\" href=\"https:\/\/www.clients.horus-informatique71.fr\/advocnar_backup\/2015\/09\/transport-aerien-fin-niche-fiscale-compagnies-aeriennes-exemptees-de-toute-taxe-kerosene-defenseurs-de-lenvironnement-entendent-bien-y-mettre-fin\/\" \/>\n<meta property=\"og:locale\" content=\"fr_FR\" \/>\n<meta property=\"og:type\" content=\"article\" \/>\n<meta property=\"og:title\" content=\"Transport a\u00e9rien: fin la niche fiscale ? - Advocnar\" \/>\n<meta property=\"og:description\" content=\"Les compagnies a\u00e9riennes sont exempt\u00e9es de toute taxe sur le k\u00e9ros\u00e8ne. Les d\u00e9fenseurs de l&rsquo;environnement entendent bien y mettre fin 04.09.2015 LE POINT Par Michel REVOL La Commission europ\u00e9enne s&rsquo;est prononc\u00e9e pour une taxation du k\u00e9ros\u00e8ne pour les avions qui chargent du k\u00e9ros\u00e8ne dans un a\u00e9roport communautaire.AFP\u00a9JACK \u00c9videmment, en 1944, les n\u00e9gociateurs de la Convention [&hellip;]\" \/>\n<meta property=\"og:url\" content=\"https:\/\/www.clients.horus-informatique71.fr\/advocnar_backup\/2015\/09\/transport-aerien-fin-niche-fiscale-compagnies-aeriennes-exemptees-de-toute-taxe-kerosene-defenseurs-de-lenvironnement-entendent-bien-y-mettre-fin\/\" \/>\n<meta property=\"og:site_name\" content=\"Advocnar\" \/>\n<meta property=\"article:published_time\" content=\"2015-09-06T18:10:51+00:00\" \/>\n<meta property=\"article:modified_time\" content=\"2022-01-05T11:25:28+00:00\" \/>\n<meta name=\"author\" content=\"FBrochot\" \/>\n<meta name=\"twitter:card\" content=\"summary_large_image\" \/>\n<meta name=\"twitter:label1\" content=\"\u00c9crit par\" \/>\n\t<meta name=\"twitter:data1\" content=\"FBrochot\" \/>\n\t<meta name=\"twitter:label2\" content=\"Dur\u00e9e de lecture estim\u00e9e\" \/>\n\t<meta name=\"twitter:data2\" content=\"3 minutes\" \/>\n<script type=\"application\/ld+json\" class=\"yoast-schema-graph\">{\"@context\":\"https:\/\/schema.org\",\"@graph\":[{\"@type\":\"WebPage\",\"@id\":\"https:\/\/www.clients.horus-informatique71.fr\/advocnar_backup\/2015\/09\/transport-aerien-fin-niche-fiscale-compagnies-aeriennes-exemptees-de-toute-taxe-kerosene-defenseurs-de-lenvironnement-entendent-bien-y-mettre-fin\/\",\"url\":\"https:\/\/www.clients.horus-informatique71.fr\/advocnar_backup\/2015\/09\/transport-aerien-fin-niche-fiscale-compagnies-aeriennes-exemptees-de-toute-taxe-kerosene-defenseurs-de-lenvironnement-entendent-bien-y-mettre-fin\/\",\"name\":\"Transport a\u00e9rien: fin la niche fiscale ? - Advocnar\",\"isPartOf\":{\"@id\":\"https:\/\/www.clients.horus-informatique71.fr\/advocnar_backup\/#website\"},\"datePublished\":\"2015-09-06T18:10:51+00:00\",\"dateModified\":\"2022-01-05T11:25:28+00:00\",\"author\":{\"@id\":\"https:\/\/www.clients.horus-informatique71.fr\/advocnar_backup\/#\/schema\/person\/28ec283f897fb44e1146415d8015d23e\"},\"breadcrumb\":{\"@id\":\"https:\/\/www.clients.horus-informatique71.fr\/advocnar_backup\/2015\/09\/transport-aerien-fin-niche-fiscale-compagnies-aeriennes-exemptees-de-toute-taxe-kerosene-defenseurs-de-lenvironnement-entendent-bien-y-mettre-fin\/#breadcrumb\"},\"inLanguage\":\"fr-FR\",\"potentialAction\":[{\"@type\":\"ReadAction\",\"target\":[\"https:\/\/www.clients.horus-informatique71.fr\/advocnar_backup\/2015\/09\/transport-aerien-fin-niche-fiscale-compagnies-aeriennes-exemptees-de-toute-taxe-kerosene-defenseurs-de-lenvironnement-entendent-bien-y-mettre-fin\/\"]}]},{\"@type\":\"BreadcrumbList\",\"@id\":\"https:\/\/www.clients.horus-informatique71.fr\/advocnar_backup\/2015\/09\/transport-aerien-fin-niche-fiscale-compagnies-aeriennes-exemptees-de-toute-taxe-kerosene-defenseurs-de-lenvironnement-entendent-bien-y-mettre-fin\/#breadcrumb\",\"itemListElement\":[{\"@type\":\"ListItem\",\"position\":1,\"name\":\"Accueil\",\"item\":\"https:\/\/www.clients.horus-informatique71.fr\/advocnar_backup\/\"},{\"@type\":\"ListItem\",\"position\":2,\"name\":\"Transport a\u00e9rien: fin la niche fiscale ?\"}]},{\"@type\":\"WebSite\",\"@id\":\"https:\/\/www.clients.horus-informatique71.fr\/advocnar_backup\/#website\",\"url\":\"https:\/\/www.clients.horus-informatique71.fr\/advocnar_backup\/\",\"name\":\"Advocnar\",\"description\":\"Association de D\u00e9fense Contre les Nuisances A\u00e9riennes\",\"potentialAction\":[{\"@type\":\"SearchAction\",\"target\":{\"@type\":\"EntryPoint\",\"urlTemplate\":\"https:\/\/www.clients.horus-informatique71.fr\/advocnar_backup\/?s={search_term_string}\"},\"query-input\":\"required name=search_term_string\"}],\"inLanguage\":\"fr-FR\"},{\"@type\":\"Person\",\"@id\":\"https:\/\/www.clients.horus-informatique71.fr\/advocnar_backup\/#\/schema\/person\/28ec283f897fb44e1146415d8015d23e\",\"name\":\"FBrochot\",\"url\":\"https:\/\/www.clients.horus-informatique71.fr\/advocnar_backup\/author\/fbrochot\/\"}]}<\/script>\n<!-- \/ Yoast SEO plugin. -->","yoast_head_json":{"title":"Transport a\u00e9rien: fin la niche fiscale ? - Advocnar","robots":{"index":"index","follow":"follow","max-snippet":"max-snippet:-1","max-image-preview":"max-image-preview:large","max-video-preview":"max-video-preview:-1"},"canonical":"https:\/\/www.clients.horus-informatique71.fr\/advocnar_backup\/2015\/09\/transport-aerien-fin-niche-fiscale-compagnies-aeriennes-exemptees-de-toute-taxe-kerosene-defenseurs-de-lenvironnement-entendent-bien-y-mettre-fin\/","og_locale":"fr_FR","og_type":"article","og_title":"Transport a\u00e9rien: fin la niche fiscale ? - Advocnar","og_description":"Les compagnies a\u00e9riennes sont exempt\u00e9es de toute taxe sur le k\u00e9ros\u00e8ne. Les d\u00e9fenseurs de l&rsquo;environnement entendent bien y mettre fin 04.09.2015 LE POINT Par Michel REVOL La Commission europ\u00e9enne s&rsquo;est prononc\u00e9e pour une taxation du k\u00e9ros\u00e8ne pour les avions qui chargent du k\u00e9ros\u00e8ne dans un a\u00e9roport communautaire.AFP\u00a9JACK \u00c9videmment, en 1944, les n\u00e9gociateurs de la Convention [&hellip;]","og_url":"https:\/\/www.clients.horus-informatique71.fr\/advocnar_backup\/2015\/09\/transport-aerien-fin-niche-fiscale-compagnies-aeriennes-exemptees-de-toute-taxe-kerosene-defenseurs-de-lenvironnement-entendent-bien-y-mettre-fin\/","og_site_name":"Advocnar","article_published_time":"2015-09-06T18:10:51+00:00","article_modified_time":"2022-01-05T11:25:28+00:00","author":"FBrochot","twitter_card":"summary_large_image","twitter_misc":{"\u00c9crit par":"FBrochot","Dur\u00e9e de lecture estim\u00e9e":"3 minutes"},"schema":{"@context":"https:\/\/schema.org","@graph":[{"@type":"WebPage","@id":"https:\/\/www.clients.horus-informatique71.fr\/advocnar_backup\/2015\/09\/transport-aerien-fin-niche-fiscale-compagnies-aeriennes-exemptees-de-toute-taxe-kerosene-defenseurs-de-lenvironnement-entendent-bien-y-mettre-fin\/","url":"https:\/\/www.clients.horus-informatique71.fr\/advocnar_backup\/2015\/09\/transport-aerien-fin-niche-fiscale-compagnies-aeriennes-exemptees-de-toute-taxe-kerosene-defenseurs-de-lenvironnement-entendent-bien-y-mettre-fin\/","name":"Transport a\u00e9rien: fin la niche fiscale ? - Advocnar","isPartOf":{"@id":"https:\/\/www.clients.horus-informatique71.fr\/advocnar_backup\/#website"},"datePublished":"2015-09-06T18:10:51+00:00","dateModified":"2022-01-05T11:25:28+00:00","author":{"@id":"https:\/\/www.clients.horus-informatique71.fr\/advocnar_backup\/#\/schema\/person\/28ec283f897fb44e1146415d8015d23e"},"breadcrumb":{"@id":"https:\/\/www.clients.horus-informatique71.fr\/advocnar_backup\/2015\/09\/transport-aerien-fin-niche-fiscale-compagnies-aeriennes-exemptees-de-toute-taxe-kerosene-defenseurs-de-lenvironnement-entendent-bien-y-mettre-fin\/#breadcrumb"},"inLanguage":"fr-FR","potentialAction":[{"@type":"ReadAction","target":["https:\/\/www.clients.horus-informatique71.fr\/advocnar_backup\/2015\/09\/transport-aerien-fin-niche-fiscale-compagnies-aeriennes-exemptees-de-toute-taxe-kerosene-defenseurs-de-lenvironnement-entendent-bien-y-mettre-fin\/"]}]},{"@type":"BreadcrumbList","@id":"https:\/\/www.clients.horus-informatique71.fr\/advocnar_backup\/2015\/09\/transport-aerien-fin-niche-fiscale-compagnies-aeriennes-exemptees-de-toute-taxe-kerosene-defenseurs-de-lenvironnement-entendent-bien-y-mettre-fin\/#breadcrumb","itemListElement":[{"@type":"ListItem","position":1,"name":"Accueil","item":"https:\/\/www.clients.horus-informatique71.fr\/advocnar_backup\/"},{"@type":"ListItem","position":2,"name":"Transport a\u00e9rien: fin la niche fiscale ?"}]},{"@type":"WebSite","@id":"https:\/\/www.clients.horus-informatique71.fr\/advocnar_backup\/#website","url":"https:\/\/www.clients.horus-informatique71.fr\/advocnar_backup\/","name":"Advocnar","description":"Association de D\u00e9fense Contre les Nuisances A\u00e9riennes","potentialAction":[{"@type":"SearchAction","target":{"@type":"EntryPoint","urlTemplate":"https:\/\/www.clients.horus-informatique71.fr\/advocnar_backup\/?s={search_term_string}"},"query-input":"required name=search_term_string"}],"inLanguage":"fr-FR"},{"@type":"Person","@id":"https:\/\/www.clients.horus-informatique71.fr\/advocnar_backup\/#\/schema\/person\/28ec283f897fb44e1146415d8015d23e","name":"FBrochot","url":"https:\/\/www.clients.horus-informatique71.fr\/advocnar_backup\/author\/fbrochot\/"}]}},"_links":{"self":[{"href":"https:\/\/www.clients.horus-informatique71.fr\/advocnar_backup\/wp-json\/wp\/v2\/posts\/70976"}],"collection":[{"href":"https:\/\/www.clients.horus-informatique71.fr\/advocnar_backup\/wp-json\/wp\/v2\/posts"}],"about":[{"href":"https:\/\/www.clients.horus-informatique71.fr\/advocnar_backup\/wp-json\/wp\/v2\/types\/post"}],"author":[{"embeddable":true,"href":"https:\/\/www.clients.horus-informatique71.fr\/advocnar_backup\/wp-json\/wp\/v2\/users\/10"}],"replies":[{"embeddable":true,"href":"https:\/\/www.clients.horus-informatique71.fr\/advocnar_backup\/wp-json\/wp\/v2\/comments?post=70976"}],"version-history":[{"count":1,"href":"https:\/\/www.clients.horus-informatique71.fr\/advocnar_backup\/wp-json\/wp\/v2\/posts\/70976\/revisions"}],"predecessor-version":[{"id":76862,"href":"https:\/\/www.clients.horus-informatique71.fr\/advocnar_backup\/wp-json\/wp\/v2\/posts\/70976\/revisions\/76862"}],"wp:attachment":[{"href":"https:\/\/www.clients.horus-informatique71.fr\/advocnar_backup\/wp-json\/wp\/v2\/media?parent=70976"}],"wp:term":[{"taxonomy":"category","embeddable":true,"href":"https:\/\/www.clients.horus-informatique71.fr\/advocnar_backup\/wp-json\/wp\/v2\/categories?post=70976"},{"taxonomy":"post_tag","embeddable":true,"href":"https:\/\/www.clients.horus-informatique71.fr\/advocnar_backup\/wp-json\/wp\/v2\/tags?post=70976"}],"curies":[{"name":"wp","href":"https:\/\/api.w.org\/{rel}","templated":true}]}}