{"id":71000,"date":"2015-04-02T13:10:39","date_gmt":"2015-04-02T12:10:39","guid":{"rendered":"https:\/\/www.clients.horus-informatique71.fr\/advocnar_backup\/?p=71000"},"modified":"2021-12-31T09:39:39","modified_gmt":"2021-12-31T08:39:39","slug":"pollution-trafic-aerien","status":"publish","type":"post","link":"https:\/\/www.clients.horus-informatique71.fr\/advocnar_backup\/2015\/04\/pollution-trafic-aerien\/","title":{"rendered":"Pollution: et le trafic a\u00e9rien ?"},"content":{"rendered":"<p>On alterne aussi ?<\/p>\n<p>02.04.2015 &#8211; Actu 95<br \/>\nMercredi 18 mars, Paris \u00e9tait la ville la plus pollu\u00e9e au monde, devant Shanghai ! Les mesures ne se sont une nouvelle fois limit\u00e9e qu&rsquo;aux automobilistes, une h\u00e9r\u00e9sie selon l&rsquo;Advocnar. Insuffisant pour l&rsquo;association luttant contre les nuisances a\u00e9riennes, qui r\u00e9clame une nouvelle fois la r\u00e9duction du trafic a\u00e9rien.<br \/>\nL&rsquo;OMS estime que plus de 2 millions de personnes dans le monde meurent chaque ann\u00e9e du fait de l&rsquo;inhalation de particules fines pr\u00e9sentes dans l&rsquo;air int\u00e9rieur et ext\u00e9rieur &#8211; parmi les 7 millions de d\u00e9c\u00e8s dus \u00e0 la pollution globale de l&rsquo;air.<\/p>\n<p>Des poumons grisonnants<\/p>\n<p>L&rsquo;Advocnar assure que le trafic a\u00e9rien participe \u00e0 la mauvaise qualit\u00e9 de l&rsquo;air : \u00ab Les polluants issus de la combustion du k\u00e9ros\u00e8ne sont toxiques : oxydes d&rsquo;azote (NOx), particules fines (PM) et compos\u00e9s organiques volatils (COV) continuent de tuer puisque la similitude du k\u00e9ros\u00e8ne avec le gazole fait que la pollution des avions est identique \u00e0 celle des moteurs diesel \u00bb.<\/p>\n<p>Une France hors-la-loi<\/p>\n<p>La r\u00e9duction du trafic a\u00e9rien en cas de pic de pollution, qui est pr\u00e9vue par l&rsquo;article 181 de la loi Grenelle II du 12 juillet 2010, et dans l&rsquo;arr\u00eat\u00e9 du 26 mars 2014 relatif au d\u00e9clenchement des proc\u00e9dures pr\u00e9fectorales en cas d&rsquo;\u00e9pisodes de pollution de l&rsquo;air ambiant, n&rsquo;a jamais \u00e9t\u00e9 appliqu\u00e9e. L&rsquo;association va meme plus loin en expliquant que \u00ab les concentrations de PM10 sont encadr\u00e9es par la loi depuis 2008. La directive europ\u00e9enne sur la qualit\u00e9 de l&rsquo;air impose de ne pas d\u00e9passer 50 microgrammes par m\u00e8tre cube d&rsquo;air (\u03bcg\/m3) pendant plus de trente-cinq jours pendant une ann\u00e9e. \u00bb Et malgr\u00e9 cela, la France ne respecte pas ces normes. Elle fait, aujourd&rsquo;hui l&rsquo;objet d&rsquo;un recours devant la Cour de justice de l&rsquo;Union europ\u00e9enne.<\/p>\n<p>Jean-Christophe Le Bl\u00e9vec<\/p>\n","protected":false},"excerpt":{"rendered":"<p>On alterne aussi ? 02.04.2015 &#8211; Actu 95 Mercredi 18 mars, Paris \u00e9tait la ville la plus pollu\u00e9e au monde, devant Shanghai ! Les mesures ne se sont une nouvelle fois limit\u00e9e qu&rsquo;aux automobilistes, une h\u00e9r\u00e9sie selon l&rsquo;Advocnar. Insuffisant pour l&rsquo;association luttant contre les nuisances a\u00e9riennes, qui r\u00e9clame une nouvelle fois la r\u00e9duction du trafic [&hellip;]<\/p>\n","protected":false},"author":10,"featured_media":0,"comment_status":"closed","ping_status":"open","sticky":false,"template":"","format":"standard","meta":{"footnotes":""},"categories":[49],"tags":[],"yoast_head":"<!-- This site is optimized with the Yoast SEO plugin v22.0 - https:\/\/yoast.com\/wordpress\/plugins\/seo\/ -->\n<title>Pollution: et le trafic a\u00e9rien ? - Advocnar<\/title>\n<meta name=\"robots\" content=\"index, follow, max-snippet:-1, max-image-preview:large, max-video-preview:-1\" \/>\n<link rel=\"canonical\" href=\"https:\/\/www.clients.horus-informatique71.fr\/advocnar_backup\/2015\/04\/pollution-trafic-aerien\/\" \/>\n<meta property=\"og:locale\" content=\"fr_FR\" \/>\n<meta property=\"og:type\" content=\"article\" \/>\n<meta property=\"og:title\" content=\"Pollution: et le trafic a\u00e9rien ? - Advocnar\" \/>\n<meta property=\"og:description\" content=\"On alterne aussi ? 02.04.2015 &#8211; Actu 95 Mercredi 18 mars, Paris \u00e9tait la ville la plus pollu\u00e9e au monde, devant Shanghai ! Les mesures ne se sont une nouvelle fois limit\u00e9e qu&rsquo;aux automobilistes, une h\u00e9r\u00e9sie selon l&rsquo;Advocnar. Insuffisant pour l&rsquo;association luttant contre les nuisances a\u00e9riennes, qui r\u00e9clame une nouvelle fois la r\u00e9duction du trafic [&hellip;]\" \/>\n<meta property=\"og:url\" content=\"https:\/\/www.clients.horus-informatique71.fr\/advocnar_backup\/2015\/04\/pollution-trafic-aerien\/\" \/>\n<meta property=\"og:site_name\" content=\"Advocnar\" \/>\n<meta property=\"article:published_time\" content=\"2015-04-02T12:10:39+00:00\" \/>\n<meta property=\"article:modified_time\" content=\"2021-12-31T08:39:39+00:00\" \/>\n<meta name=\"author\" content=\"FBrochot\" \/>\n<meta name=\"twitter:card\" content=\"summary_large_image\" \/>\n<meta name=\"twitter:label1\" content=\"\u00c9crit par\" \/>\n\t<meta name=\"twitter:data1\" content=\"FBrochot\" \/>\n\t<meta name=\"twitter:label2\" content=\"Dur\u00e9e de lecture estim\u00e9e\" \/>\n\t<meta name=\"twitter:data2\" content=\"2 minutes\" \/>\n<script type=\"application\/ld+json\" class=\"yoast-schema-graph\">{\"@context\":\"https:\/\/schema.org\",\"@graph\":[{\"@type\":\"WebPage\",\"@id\":\"https:\/\/www.clients.horus-informatique71.fr\/advocnar_backup\/2015\/04\/pollution-trafic-aerien\/\",\"url\":\"https:\/\/www.clients.horus-informatique71.fr\/advocnar_backup\/2015\/04\/pollution-trafic-aerien\/\",\"name\":\"Pollution: et le trafic a\u00e9rien ? - Advocnar\",\"isPartOf\":{\"@id\":\"https:\/\/www.clients.horus-informatique71.fr\/advocnar_backup\/#website\"},\"datePublished\":\"2015-04-02T12:10:39+00:00\",\"dateModified\":\"2021-12-31T08:39:39+00:00\",\"author\":{\"@id\":\"https:\/\/www.clients.horus-informatique71.fr\/advocnar_backup\/#\/schema\/person\/28ec283f897fb44e1146415d8015d23e\"},\"breadcrumb\":{\"@id\":\"https:\/\/www.clients.horus-informatique71.fr\/advocnar_backup\/2015\/04\/pollution-trafic-aerien\/#breadcrumb\"},\"inLanguage\":\"fr-FR\",\"potentialAction\":[{\"@type\":\"ReadAction\",\"target\":[\"https:\/\/www.clients.horus-informatique71.fr\/advocnar_backup\/2015\/04\/pollution-trafic-aerien\/\"]}]},{\"@type\":\"BreadcrumbList\",\"@id\":\"https:\/\/www.clients.horus-informatique71.fr\/advocnar_backup\/2015\/04\/pollution-trafic-aerien\/#breadcrumb\",\"itemListElement\":[{\"@type\":\"ListItem\",\"position\":1,\"name\":\"Accueil\",\"item\":\"https:\/\/www.clients.horus-informatique71.fr\/advocnar_backup\/\"},{\"@type\":\"ListItem\",\"position\":2,\"name\":\"Pollution: et le trafic a\u00e9rien ?\"}]},{\"@type\":\"WebSite\",\"@id\":\"https:\/\/www.clients.horus-informatique71.fr\/advocnar_backup\/#website\",\"url\":\"https:\/\/www.clients.horus-informatique71.fr\/advocnar_backup\/\",\"name\":\"Advocnar\",\"description\":\"Association de D\u00e9fense Contre les Nuisances A\u00e9riennes\",\"potentialAction\":[{\"@type\":\"SearchAction\",\"target\":{\"@type\":\"EntryPoint\",\"urlTemplate\":\"https:\/\/www.clients.horus-informatique71.fr\/advocnar_backup\/?s={search_term_string}\"},\"query-input\":\"required name=search_term_string\"}],\"inLanguage\":\"fr-FR\"},{\"@type\":\"Person\",\"@id\":\"https:\/\/www.clients.horus-informatique71.fr\/advocnar_backup\/#\/schema\/person\/28ec283f897fb44e1146415d8015d23e\",\"name\":\"FBrochot\",\"url\":\"https:\/\/www.clients.horus-informatique71.fr\/advocnar_backup\/author\/fbrochot\/\"}]}<\/script>\n<!-- \/ Yoast SEO plugin. -->","yoast_head_json":{"title":"Pollution: et le trafic a\u00e9rien ? - Advocnar","robots":{"index":"index","follow":"follow","max-snippet":"max-snippet:-1","max-image-preview":"max-image-preview:large","max-video-preview":"max-video-preview:-1"},"canonical":"https:\/\/www.clients.horus-informatique71.fr\/advocnar_backup\/2015\/04\/pollution-trafic-aerien\/","og_locale":"fr_FR","og_type":"article","og_title":"Pollution: et le trafic a\u00e9rien ? - Advocnar","og_description":"On alterne aussi ? 02.04.2015 &#8211; Actu 95 Mercredi 18 mars, Paris \u00e9tait la ville la plus pollu\u00e9e au monde, devant Shanghai ! Les mesures ne se sont une nouvelle fois limit\u00e9e qu&rsquo;aux automobilistes, une h\u00e9r\u00e9sie selon l&rsquo;Advocnar. Insuffisant pour l&rsquo;association luttant contre les nuisances a\u00e9riennes, qui r\u00e9clame une nouvelle fois la r\u00e9duction du trafic [&hellip;]","og_url":"https:\/\/www.clients.horus-informatique71.fr\/advocnar_backup\/2015\/04\/pollution-trafic-aerien\/","og_site_name":"Advocnar","article_published_time":"2015-04-02T12:10:39+00:00","article_modified_time":"2021-12-31T08:39:39+00:00","author":"FBrochot","twitter_card":"summary_large_image","twitter_misc":{"\u00c9crit par":"FBrochot","Dur\u00e9e de lecture estim\u00e9e":"2 minutes"},"schema":{"@context":"https:\/\/schema.org","@graph":[{"@type":"WebPage","@id":"https:\/\/www.clients.horus-informatique71.fr\/advocnar_backup\/2015\/04\/pollution-trafic-aerien\/","url":"https:\/\/www.clients.horus-informatique71.fr\/advocnar_backup\/2015\/04\/pollution-trafic-aerien\/","name":"Pollution: et le trafic a\u00e9rien ? - Advocnar","isPartOf":{"@id":"https:\/\/www.clients.horus-informatique71.fr\/advocnar_backup\/#website"},"datePublished":"2015-04-02T12:10:39+00:00","dateModified":"2021-12-31T08:39:39+00:00","author":{"@id":"https:\/\/www.clients.horus-informatique71.fr\/advocnar_backup\/#\/schema\/person\/28ec283f897fb44e1146415d8015d23e"},"breadcrumb":{"@id":"https:\/\/www.clients.horus-informatique71.fr\/advocnar_backup\/2015\/04\/pollution-trafic-aerien\/#breadcrumb"},"inLanguage":"fr-FR","potentialAction":[{"@type":"ReadAction","target":["https:\/\/www.clients.horus-informatique71.fr\/advocnar_backup\/2015\/04\/pollution-trafic-aerien\/"]}]},{"@type":"BreadcrumbList","@id":"https:\/\/www.clients.horus-informatique71.fr\/advocnar_backup\/2015\/04\/pollution-trafic-aerien\/#breadcrumb","itemListElement":[{"@type":"ListItem","position":1,"name":"Accueil","item":"https:\/\/www.clients.horus-informatique71.fr\/advocnar_backup\/"},{"@type":"ListItem","position":2,"name":"Pollution: et le trafic a\u00e9rien ?"}]},{"@type":"WebSite","@id":"https:\/\/www.clients.horus-informatique71.fr\/advocnar_backup\/#website","url":"https:\/\/www.clients.horus-informatique71.fr\/advocnar_backup\/","name":"Advocnar","description":"Association de D\u00e9fense Contre les Nuisances A\u00e9riennes","potentialAction":[{"@type":"SearchAction","target":{"@type":"EntryPoint","urlTemplate":"https:\/\/www.clients.horus-informatique71.fr\/advocnar_backup\/?s={search_term_string}"},"query-input":"required name=search_term_string"}],"inLanguage":"fr-FR"},{"@type":"Person","@id":"https:\/\/www.clients.horus-informatique71.fr\/advocnar_backup\/#\/schema\/person\/28ec283f897fb44e1146415d8015d23e","name":"FBrochot","url":"https:\/\/www.clients.horus-informatique71.fr\/advocnar_backup\/author\/fbrochot\/"}]}},"_links":{"self":[{"href":"https:\/\/www.clients.horus-informatique71.fr\/advocnar_backup\/wp-json\/wp\/v2\/posts\/71000"}],"collection":[{"href":"https:\/\/www.clients.horus-informatique71.fr\/advocnar_backup\/wp-json\/wp\/v2\/posts"}],"about":[{"href":"https:\/\/www.clients.horus-informatique71.fr\/advocnar_backup\/wp-json\/wp\/v2\/types\/post"}],"author":[{"embeddable":true,"href":"https:\/\/www.clients.horus-informatique71.fr\/advocnar_backup\/wp-json\/wp\/v2\/users\/10"}],"replies":[{"embeddable":true,"href":"https:\/\/www.clients.horus-informatique71.fr\/advocnar_backup\/wp-json\/wp\/v2\/comments?post=71000"}],"version-history":[{"count":1,"href":"https:\/\/www.clients.horus-informatique71.fr\/advocnar_backup\/wp-json\/wp\/v2\/posts\/71000\/revisions"}],"predecessor-version":[{"id":76869,"href":"https:\/\/www.clients.horus-informatique71.fr\/advocnar_backup\/wp-json\/wp\/v2\/posts\/71000\/revisions\/76869"}],"wp:attachment":[{"href":"https:\/\/www.clients.horus-informatique71.fr\/advocnar_backup\/wp-json\/wp\/v2\/media?parent=71000"}],"wp:term":[{"taxonomy":"category","embeddable":true,"href":"https:\/\/www.clients.horus-informatique71.fr\/advocnar_backup\/wp-json\/wp\/v2\/categories?post=71000"},{"taxonomy":"post_tag","embeddable":true,"href":"https:\/\/www.clients.horus-informatique71.fr\/advocnar_backup\/wp-json\/wp\/v2\/tags?post=71000"}],"curies":[{"name":"wp","href":"https:\/\/api.w.org\/{rel}","templated":true}]}}