{"id":71003,"date":"2015-03-23T13:14:36","date_gmt":"2015-03-23T12:14:36","guid":{"rendered":"https:\/\/www.clients.horus-informatique71.fr\/advocnar_backup\/?p=71003"},"modified":"2021-12-31T09:39:26","modified_gmt":"2021-12-31T08:39:26","slug":"pollution-a-circulation-alternee-avions","status":"publish","type":"post","link":"https:\/\/www.clients.horus-informatique71.fr\/advocnar_backup\/2015\/03\/pollution-a-circulation-alternee-avions\/","title":{"rendered":"Pollution : circulation altern\u00e9e pour les avions ?"},"content":{"rendered":"<p>23.03.2015 &#8211; L&rsquo;Express avec AFP<\/p>\n<h4>Pollution: \u00e0 quand la circulation altern\u00e9e pour les avions?<\/h4>\n<p>Selon Airparif, les \u00e9missions d&rsquo;oxyde d&rsquo;azote des a\u00e9roports parisiens sont trois fois plus \u00e9lev\u00e9es que celles du p\u00e9riph\u00e9rique. Faut-il appliquer aux avions la circulation altern\u00e9e impos\u00e9e aux voitures?<\/p>\n<p>L&rsquo;association des riverains de l&rsquo;a\u00e9roport Roissy Charles-de-Gaulle, premier a\u00e9roport d&rsquo;Europe continentale, a r\u00e9clam\u00e9 lundi de ne pas s&rsquo;en tenir \u00e0 la circulation altern\u00e9e pour les voitures mais de r\u00e9duire aussi le trafic a\u00e9rien, face au pic de pollution atmosph\u00e9rique.<\/p>\n<p>L&rsquo;Advocnar, l&rsquo;association qui regroupe ces riverains, demande dans un communiqu\u00e9 \u00ab\u00a0la r\u00e9duction du trafic a\u00e9rien en cas de pic de pollution\u00a0\u00bb, une mesure qui n&rsquo;a jamais \u00e9t\u00e9 mise en oeuvre. \u00ab\u00a0Les polluants issus de la combustion du k\u00e9ros\u00e8ne sont toxiques\u00a0\u00bb, rappelle l&rsquo;association, citant les oxydes d&rsquo;azote, les particules fines et les compos\u00e9s organiques volatils \u00e9mis par les moteurs d&rsquo;avion.<\/p>\n<p>Trois fois plus d&rsquo;oxyde d&rsquo;azote que le p\u00e9riph\u00e9rique<\/p>\n<p>Selon Airparif, qui dispose d&rsquo;un observatoire d\u00e9di\u00e9 \u00e0 la pollution autour des a\u00e9roports parisiens, \u00ab\u00a0les \u00e9missions d&rsquo;oxyde d&rsquo;azote\u00a0\u00bb de l&rsquo;ensemble des a\u00e9roports parisiens \u00ab\u00a0sont plus de trois fois sup\u00e9rieures \u00e0 celles du p\u00e9riph\u00e9rique\u00a0\u00bb. \u00ab\u00a0Le trafic a\u00e9rien contribue pour 8% aux \u00e9missions franciliennes d&rsquo;oxydes d&rsquo;azote, pour 2% aux \u00e9missions des particules PM10 et pour 3% aux \u00e9missions des particules fines PM2,5\u00a0\u00bb.<\/p>\n<p>Le code de l&rsquo;environnement pr\u00e9voit sp\u00e9cifiquement la possibilit\u00e9 de r\u00e9duire la circulation des voitures en cas de pic de pollution, mais est plus \u00e9vasif sur les mesures qui peuvent \u00eatre prises quant aux avions.<\/p>\n<p>\u00ab\u00a0En cas d&rsquo;\u00e9pisode de pic de pollution prolong\u00e9, le ministre charg\u00e9 de l&rsquo;aviation civile prend les mesures n\u00e9cessaires pour tenir compte de la pollution due aux mouvements d&rsquo;a\u00e9ronefs\u00a0\u00bb, \u00e9nonce la loi.<\/p>\n<p>afp.com\/Martin Bureau<\/p>\n<hr>\n<p>23.03.2015 &#8211; Vonews<\/p>\n<h4>Pollution de l\u2019air : l\u2019Advocnar r\u00e9clame la r\u00e9duction du trafic a\u00e9rien<\/h4>\n<p>Alors qu\u2019un nouvel \u00e9pisode de pollution de l\u2019air aux particules fines touche depuis plusieurs jours l\u2019Ile-de-France, les pouvoirs publics ont d\u00e9cid\u00e9 d\u2019activer la circulation altern\u00e9e dans plusieurs communes. Insuffisant pour l\u2019Advocnar, qui r\u00e9clame une nouvelle fois la r\u00e9duction du trafic a\u00e9rien.<\/p>\n<p>Depuis la semaine derni\u00e8re, la r\u00e9gion Ile-de-France est confront\u00e9e \u00e0 un fort \u00e9pisode de pollution de l\u2019air. Ce lundi, seuls les v\u00e9hicules ayant une immatriculation impaire \u00e9taient m\u00eame autoris\u00e9s \u00e0 rouler dans Paris ainsi que plusieurs villes afin de limiter la circulation. Pourtant, les mesures ne se sont une nouvelle fois limit\u00e9e qu\u2019aux automobilistes, au grand dam de l\u2019Advocnar, association luttant contre les nuisances a\u00e9riennes. Celle-ci assure ainsi que le trafic a\u00e9rien participe \u00e0 la mauvaise qualit\u00e9 de l\u2019air : \u00ab Les polluants issus de la combustion du k\u00e9ros\u00e8ne sont toxiques : oxydes d\u2019azote (NOx), particules fines (PM) et compos\u00e9s organiques volatils (COV) continuent de tuer puisque la similitude du k\u00e9ros\u00e8ne avec le gazole fait que la pollution des avions est identique \u00e0 celle des moteurs diesel \u00bb.<\/p>\n<p>Ainsi, l\u2019advocnar appelle une nouvelle fois \u00e0 r\u00e9duire le trafic a\u00e9rien. Une volont\u00e9 en conformit\u00e9 avec la loi assure l\u2019organisation. \u00ab La r\u00e9duction du trafic a\u00e9rien en cas de pic de pollution, qui est pr\u00e9vue par l\u2019article 181 de la loi Grenelle II du 12 juillet 2010, et dans l\u2019arr\u00eat\u00e9 du 26 mars 2014 relatif au d\u00e9clenchement des proc\u00e9dures pr\u00e9fectorales en cas d\u2019\u00e9pisodes de pollution de l\u2019air ambiant, n\u2019a jamais \u00e9t\u00e9 appliqu\u00e9e \u00bb, pr\u00e9cise-t-elle.<\/p>\n<hr>\n<p>23.03.2015 &#8211; France 3 Paris IDF AFP<\/p>\n<h4 style=\"text-align: left;\">Pollution : les riverains de Roissy&nbsp;demandent de r\u00e9duire aussi le trafic a\u00e9rien<\/h4>\n<p><img loading=\"lazy\" decoding=\"async\" width=\"216\" height=\"122\" class=\"alignleft size-full wp-image-71005\" src=\"https:\/\/www.clients.horus-informatique71.fr\/advocnar_backup\/wp-content\/uploads\/2016\/03\/content-216_122_2015-03-23-france-3-paris-idf-photo.jpg\" alt=\"agent au sol\">La circulation altern\u00e9e a \u00e9t\u00e9 mise en place ce lundi \u00e0 Paris pour r\u00e9duire la pollution de l&rsquo;air en particules fines. Les habitants des communes proches de Roissy demandent que le trafic a\u00e9rien soit lui aussi r\u00e9duit, pour participer \u00e0 cet effort d&rsquo;assainissement de l&rsquo;air que l&rsquo;on respire.<\/p>\n<p>L&rsquo;association des riverains de l&rsquo;a\u00e9roport Roissy Charles-de-Gaulle, premier a\u00e9roport d&rsquo;Europe continentale, a r\u00e9clam\u00e9 lundi de ne pas s&rsquo;en tenir \u00e0 la circulation altern\u00e9e pour les voitures mais de r\u00e9duire aussi le trafic a\u00e9rien, face au pic de pollution atmosph\u00e9rique.<\/p>\n<p>L&rsquo;Advocnar, l&rsquo;association qui regroupe ces riverains, demande dans un communiqu\u00e9 \u00ab\u00a0la r\u00e9duction du trafic a\u00e9rien en cas de pic de pollution\u00a0\u00bb, une mesure qui n&rsquo;a jamais \u00e9t\u00e9 mise en oeuvre.<\/p>\n<p>\u00ab\u00a0Les polluants issus de la combustion du k\u00e9ros\u00e8ne sont toxiques\u00a0\u00bb, rappelle l&rsquo;association, citant les oxydes d&rsquo;azote, les particules fines et les compos\u00e9s organiques volatils \u00e9mis par les moteurs d&rsquo;avion.<\/p>\n<p>Les a\u00e9roports parisiens polluent trois fois plus que le p\u00e9riph\u00e9rique<\/p>\n<p>Selon Airparif, qui dispose d&rsquo;un observatoire d\u00e9di\u00e9 \u00e0 la pollution autour des a\u00e9roports parisiens, \u00ab\u00a0les \u00e9missions d&rsquo;oxyde d&rsquo;azote\u00a0\u00bb de l&rsquo;ensemble des a\u00e9roports parisiens \u00ab\u00a0sont plus de trois fois sup\u00e9rieures \u00e0 celles du p\u00e9riph\u00e9rique\u00a0\u00bb.<\/p>\n<p>\u00ab\u00a0Le trafic a\u00e9rien contribue pour 8% aux \u00e9missions franciliennes d&rsquo;oxydes d&rsquo;azote pour 2% aux \u00e9missions des particules PM10 et pour 3% aux \u00e9missions des particules fines PM2,5\u00a0\u00bb.<\/p>\n<p>Le code de l&rsquo;environnement pr\u00e9voit sp\u00e9cifiquement la possibilit\u00e9 de r\u00e9duire la circulation des voitures en cas de pic de pollution, mais est plus \u00e9vasif sur les mesures qui peuvent \u00eatre prises quant aux avions. \u00ab\u00a0En cas d&rsquo;\u00e9pisode de pic de pollution prolong\u00e9, le ministre charg\u00e9 de l&rsquo;aviation civile prend les mesures n\u00e9cessaires pour tenir compte de la pollution due aux mouvements d&rsquo;a\u00e9ronefs\u00a0\u00bb, \u00e9nonce la loi.<\/p>\n","protected":false},"excerpt":{"rendered":"<p>23.03.2015 &#8211; L&rsquo;Express avec AFP Pollution: \u00e0 quand la circulation altern\u00e9e pour les avions? Selon Airparif, les \u00e9missions d&rsquo;oxyde d&rsquo;azote des a\u00e9roports parisiens sont trois fois plus \u00e9lev\u00e9es que celles du p\u00e9riph\u00e9rique. Faut-il appliquer aux avions la circulation altern\u00e9e impos\u00e9e aux voitures? L&rsquo;association des riverains de l&rsquo;a\u00e9roport Roissy Charles-de-Gaulle, premier a\u00e9roport d&rsquo;Europe continentale, a r\u00e9clam\u00e9 [&hellip;]<\/p>\n","protected":false},"author":10,"featured_media":0,"comment_status":"closed","ping_status":"open","sticky":false,"template":"","format":"standard","meta":{"footnotes":""},"categories":[49],"tags":[],"yoast_head":"<!-- This site is optimized with the Yoast SEO plugin v22.0 - https:\/\/yoast.com\/wordpress\/plugins\/seo\/ -->\n<title>Pollution : circulation altern\u00e9e pour les avions ? - Advocnar<\/title>\n<meta name=\"robots\" content=\"index, follow, max-snippet:-1, max-image-preview:large, max-video-preview:-1\" \/>\n<link rel=\"canonical\" href=\"https:\/\/www.clients.horus-informatique71.fr\/advocnar_backup\/2015\/03\/pollution-a-circulation-alternee-avions\/\" \/>\n<meta property=\"og:locale\" content=\"fr_FR\" \/>\n<meta property=\"og:type\" content=\"article\" \/>\n<meta property=\"og:title\" content=\"Pollution : circulation altern\u00e9e pour les avions ? - Advocnar\" \/>\n<meta property=\"og:description\" content=\"23.03.2015 &#8211; L&rsquo;Express avec AFP Pollution: \u00e0 quand la circulation altern\u00e9e pour les avions? Selon Airparif, les \u00e9missions d&rsquo;oxyde d&rsquo;azote des a\u00e9roports parisiens sont trois fois plus \u00e9lev\u00e9es que celles du p\u00e9riph\u00e9rique. Faut-il appliquer aux avions la circulation altern\u00e9e impos\u00e9e aux voitures? L&rsquo;association des riverains de l&rsquo;a\u00e9roport Roissy Charles-de-Gaulle, premier a\u00e9roport d&rsquo;Europe continentale, a r\u00e9clam\u00e9 [&hellip;]\" \/>\n<meta property=\"og:url\" content=\"https:\/\/www.clients.horus-informatique71.fr\/advocnar_backup\/2015\/03\/pollution-a-circulation-alternee-avions\/\" \/>\n<meta property=\"og:site_name\" content=\"Advocnar\" \/>\n<meta property=\"article:published_time\" content=\"2015-03-23T12:14:36+00:00\" \/>\n<meta property=\"article:modified_time\" content=\"2021-12-31T08:39:26+00:00\" \/>\n<meta property=\"og:image\" content=\"https:\/\/www.advocnar.frwp-content\/uploads\/2016\/03\/content-216_122_2015-03-23-france-3-paris-idf-photo.jpg\" \/>\n<meta name=\"author\" content=\"FBrochot\" \/>\n<meta name=\"twitter:card\" content=\"summary_large_image\" \/>\n<meta name=\"twitter:label1\" content=\"\u00c9crit par\" \/>\n\t<meta name=\"twitter:data1\" content=\"FBrochot\" \/>\n\t<meta name=\"twitter:label2\" content=\"Dur\u00e9e de lecture estim\u00e9e\" \/>\n\t<meta name=\"twitter:data2\" content=\"4 minutes\" \/>\n<script type=\"application\/ld+json\" class=\"yoast-schema-graph\">{\"@context\":\"https:\/\/schema.org\",\"@graph\":[{\"@type\":\"WebPage\",\"@id\":\"https:\/\/www.clients.horus-informatique71.fr\/advocnar_backup\/2015\/03\/pollution-a-circulation-alternee-avions\/\",\"url\":\"https:\/\/www.clients.horus-informatique71.fr\/advocnar_backup\/2015\/03\/pollution-a-circulation-alternee-avions\/\",\"name\":\"Pollution : circulation altern\u00e9e pour les avions ? - Advocnar\",\"isPartOf\":{\"@id\":\"https:\/\/www.clients.horus-informatique71.fr\/advocnar_backup\/#website\"},\"datePublished\":\"2015-03-23T12:14:36+00:00\",\"dateModified\":\"2021-12-31T08:39:26+00:00\",\"author\":{\"@id\":\"https:\/\/www.clients.horus-informatique71.fr\/advocnar_backup\/#\/schema\/person\/28ec283f897fb44e1146415d8015d23e\"},\"breadcrumb\":{\"@id\":\"https:\/\/www.clients.horus-informatique71.fr\/advocnar_backup\/2015\/03\/pollution-a-circulation-alternee-avions\/#breadcrumb\"},\"inLanguage\":\"fr-FR\",\"potentialAction\":[{\"@type\":\"ReadAction\",\"target\":[\"https:\/\/www.clients.horus-informatique71.fr\/advocnar_backup\/2015\/03\/pollution-a-circulation-alternee-avions\/\"]}]},{\"@type\":\"BreadcrumbList\",\"@id\":\"https:\/\/www.clients.horus-informatique71.fr\/advocnar_backup\/2015\/03\/pollution-a-circulation-alternee-avions\/#breadcrumb\",\"itemListElement\":[{\"@type\":\"ListItem\",\"position\":1,\"name\":\"Accueil\",\"item\":\"https:\/\/www.clients.horus-informatique71.fr\/advocnar_backup\/\"},{\"@type\":\"ListItem\",\"position\":2,\"name\":\"Pollution : circulation altern\u00e9e pour les avions ?\"}]},{\"@type\":\"WebSite\",\"@id\":\"https:\/\/www.clients.horus-informatique71.fr\/advocnar_backup\/#website\",\"url\":\"https:\/\/www.clients.horus-informatique71.fr\/advocnar_backup\/\",\"name\":\"Advocnar\",\"description\":\"Association de D\u00e9fense Contre les Nuisances A\u00e9riennes\",\"potentialAction\":[{\"@type\":\"SearchAction\",\"target\":{\"@type\":\"EntryPoint\",\"urlTemplate\":\"https:\/\/www.clients.horus-informatique71.fr\/advocnar_backup\/?s={search_term_string}\"},\"query-input\":\"required name=search_term_string\"}],\"inLanguage\":\"fr-FR\"},{\"@type\":\"Person\",\"@id\":\"https:\/\/www.clients.horus-informatique71.fr\/advocnar_backup\/#\/schema\/person\/28ec283f897fb44e1146415d8015d23e\",\"name\":\"FBrochot\",\"url\":\"https:\/\/www.clients.horus-informatique71.fr\/advocnar_backup\/author\/fbrochot\/\"}]}<\/script>\n<!-- \/ Yoast SEO plugin. -->","yoast_head_json":{"title":"Pollution : circulation altern\u00e9e pour les avions ? - Advocnar","robots":{"index":"index","follow":"follow","max-snippet":"max-snippet:-1","max-image-preview":"max-image-preview:large","max-video-preview":"max-video-preview:-1"},"canonical":"https:\/\/www.clients.horus-informatique71.fr\/advocnar_backup\/2015\/03\/pollution-a-circulation-alternee-avions\/","og_locale":"fr_FR","og_type":"article","og_title":"Pollution : circulation altern\u00e9e pour les avions ? - Advocnar","og_description":"23.03.2015 &#8211; L&rsquo;Express avec AFP Pollution: \u00e0 quand la circulation altern\u00e9e pour les avions? Selon Airparif, les \u00e9missions d&rsquo;oxyde d&rsquo;azote des a\u00e9roports parisiens sont trois fois plus \u00e9lev\u00e9es que celles du p\u00e9riph\u00e9rique. Faut-il appliquer aux avions la circulation altern\u00e9e impos\u00e9e aux voitures? L&rsquo;association des riverains de l&rsquo;a\u00e9roport Roissy Charles-de-Gaulle, premier a\u00e9roport d&rsquo;Europe continentale, a r\u00e9clam\u00e9 [&hellip;]","og_url":"https:\/\/www.clients.horus-informatique71.fr\/advocnar_backup\/2015\/03\/pollution-a-circulation-alternee-avions\/","og_site_name":"Advocnar","article_published_time":"2015-03-23T12:14:36+00:00","article_modified_time":"2021-12-31T08:39:26+00:00","og_image":[{"url":"https:\/\/www.advocnar.frwp-content\/uploads\/2016\/03\/content-216_122_2015-03-23-france-3-paris-idf-photo.jpg"}],"author":"FBrochot","twitter_card":"summary_large_image","twitter_misc":{"\u00c9crit par":"FBrochot","Dur\u00e9e de lecture estim\u00e9e":"4 minutes"},"schema":{"@context":"https:\/\/schema.org","@graph":[{"@type":"WebPage","@id":"https:\/\/www.clients.horus-informatique71.fr\/advocnar_backup\/2015\/03\/pollution-a-circulation-alternee-avions\/","url":"https:\/\/www.clients.horus-informatique71.fr\/advocnar_backup\/2015\/03\/pollution-a-circulation-alternee-avions\/","name":"Pollution : circulation altern\u00e9e pour les avions ? - Advocnar","isPartOf":{"@id":"https:\/\/www.clients.horus-informatique71.fr\/advocnar_backup\/#website"},"datePublished":"2015-03-23T12:14:36+00:00","dateModified":"2021-12-31T08:39:26+00:00","author":{"@id":"https:\/\/www.clients.horus-informatique71.fr\/advocnar_backup\/#\/schema\/person\/28ec283f897fb44e1146415d8015d23e"},"breadcrumb":{"@id":"https:\/\/www.clients.horus-informatique71.fr\/advocnar_backup\/2015\/03\/pollution-a-circulation-alternee-avions\/#breadcrumb"},"inLanguage":"fr-FR","potentialAction":[{"@type":"ReadAction","target":["https:\/\/www.clients.horus-informatique71.fr\/advocnar_backup\/2015\/03\/pollution-a-circulation-alternee-avions\/"]}]},{"@type":"BreadcrumbList","@id":"https:\/\/www.clients.horus-informatique71.fr\/advocnar_backup\/2015\/03\/pollution-a-circulation-alternee-avions\/#breadcrumb","itemListElement":[{"@type":"ListItem","position":1,"name":"Accueil","item":"https:\/\/www.clients.horus-informatique71.fr\/advocnar_backup\/"},{"@type":"ListItem","position":2,"name":"Pollution : circulation altern\u00e9e pour les avions ?"}]},{"@type":"WebSite","@id":"https:\/\/www.clients.horus-informatique71.fr\/advocnar_backup\/#website","url":"https:\/\/www.clients.horus-informatique71.fr\/advocnar_backup\/","name":"Advocnar","description":"Association de D\u00e9fense Contre les Nuisances A\u00e9riennes","potentialAction":[{"@type":"SearchAction","target":{"@type":"EntryPoint","urlTemplate":"https:\/\/www.clients.horus-informatique71.fr\/advocnar_backup\/?s={search_term_string}"},"query-input":"required name=search_term_string"}],"inLanguage":"fr-FR"},{"@type":"Person","@id":"https:\/\/www.clients.horus-informatique71.fr\/advocnar_backup\/#\/schema\/person\/28ec283f897fb44e1146415d8015d23e","name":"FBrochot","url":"https:\/\/www.clients.horus-informatique71.fr\/advocnar_backup\/author\/fbrochot\/"}]}},"_links":{"self":[{"href":"https:\/\/www.clients.horus-informatique71.fr\/advocnar_backup\/wp-json\/wp\/v2\/posts\/71003"}],"collection":[{"href":"https:\/\/www.clients.horus-informatique71.fr\/advocnar_backup\/wp-json\/wp\/v2\/posts"}],"about":[{"href":"https:\/\/www.clients.horus-informatique71.fr\/advocnar_backup\/wp-json\/wp\/v2\/types\/post"}],"author":[{"embeddable":true,"href":"https:\/\/www.clients.horus-informatique71.fr\/advocnar_backup\/wp-json\/wp\/v2\/users\/10"}],"replies":[{"embeddable":true,"href":"https:\/\/www.clients.horus-informatique71.fr\/advocnar_backup\/wp-json\/wp\/v2\/comments?post=71003"}],"version-history":[{"count":3,"href":"https:\/\/www.clients.horus-informatique71.fr\/advocnar_backup\/wp-json\/wp\/v2\/posts\/71003\/revisions"}],"predecessor-version":[{"id":77648,"href":"https:\/\/www.clients.horus-informatique71.fr\/advocnar_backup\/wp-json\/wp\/v2\/posts\/71003\/revisions\/77648"}],"wp:attachment":[{"href":"https:\/\/www.clients.horus-informatique71.fr\/advocnar_backup\/wp-json\/wp\/v2\/media?parent=71003"}],"wp:term":[{"taxonomy":"category","embeddable":true,"href":"https:\/\/www.clients.horus-informatique71.fr\/advocnar_backup\/wp-json\/wp\/v2\/categories?post=71003"},{"taxonomy":"post_tag","embeddable":true,"href":"https:\/\/www.clients.horus-informatique71.fr\/advocnar_backup\/wp-json\/wp\/v2\/tags?post=71003"}],"curies":[{"name":"wp","href":"https:\/\/api.w.org\/{rel}","templated":true}]}}