{"id":71223,"date":"2012-06-27T08:42:00","date_gmt":"2012-06-27T07:42:00","guid":{"rendered":"https:\/\/www.clients.horus-informatique71.fr\/advocnar_backup\/?p=71223"},"modified":"2021-12-22T19:08:56","modified_gmt":"2021-12-22T18:08:56","slug":"aeroport-de-beauvais-tille","status":"publish","type":"post","link":"https:\/\/www.clients.horus-informatique71.fr\/advocnar_backup\/2012\/06\/aeroport-de-beauvais-tille\/","title":{"rendered":"A\u00e9roport de Beauvais-Till\u00e9 :"},"content":{"rendered":"<h3>le d\u00e9put\u00e9 Olivier Dassault part en guerre contre les avions<\/h3>\n<h3>27.06.2012 &#8211; Le Parisien<\/h3>\n<p>Dassault part en guerre contre les avions<br \/>\nMarc Amoudry, le directeur de l&rsquo;a\u00e9roport de Beauvais, n&rsquo;en revient pas. Olivier Dassault, d\u00e9put\u00e9 r\u00e9\u00e9lu, veut limiter le d\u00e9veloppement de la plate-forme pour tenir ses promesses \u00e9lectorales.<\/p>\n<p>\u00abSur le coup, j&rsquo;ai cru \u00e0 un canular digne d&rsquo;un 1er avril. \u00bb Marc Amoudry, le pr\u00e9sident de la Sageb, soci\u00e9t\u00e9 qui g\u00e8re l&rsquo;a\u00e9roport de Beauvais, a failli s&rsquo;\u00e9trangler la semaine pass\u00e9e quand il a d\u00e9couvert les d\u00e9clarations du d\u00e9put\u00e9 Olivier Dassault \u00e0 propos de l&rsquo;avenir de la plate-forme beauvaisienne.<\/p>\n<p>Le petit-fils de l&rsquo;avionneur souhaiterait rogner quelque peu les ailes de l&rsquo;a\u00e9roport en limitant le nombre d&rsquo;avions. Brillamment r\u00e9\u00e9lu d\u00e9put\u00e9 (UMP) de la 1re circonscription, Olivier Dassault n&rsquo;est pas devenu soudainement un militant anti-a\u00e9roport, mais la qualit\u00e9 de vie des riverains fait partie de son programme \u00e9lectoral.<\/p>\n<p>Le 7 juin, quatre jours avant le 1er tour des \u00e9lections l\u00e9gislatives, il a en effet adress\u00e9 un \u00e9tonnant courrier \u00e0 Jean-Baptiste Cervera, ex-pr\u00e9sident de l&rsquo;Adera (Association de d\u00e9fense de l&rsquo;environnement des riverains de l&rsquo;a\u00e9roport), figure embl\u00e9matique des anti-a\u00e9roport et \u00e9galement candidat aux l\u00e9gislatives dans la circonscription. Olivier Dassault s&rsquo;y positionne lui aussi comme un d\u00e9fenseur de l&rsquo;environnement et explique : \u00ab J&rsquo;ai toujours soutenu le d\u00e9veloppement de l&rsquo;activit\u00e9 a\u00e9roportuaire de Beauvais, tout en recommandant un \u00e9quilibre entre la performance \u00e9conomique et le bien-\u00eatre des riverains. Vous pouvez \u00eatre certain de mon engagement. Bien que je ne promette pas ce dont je ne suis pas s\u00fbr \u00e0 100%, j&rsquo;attends avec impatience une officialisation, voire la signature d&rsquo;un arr\u00eat\u00e9 minist\u00e9riel limitant \u00e0 30000 mouvements annuels. \u00bb<\/p>\n<p>Cela reviendrait \u00e0 contrecarrer la strat\u00e9gie de d\u00e9veloppement de cette structure reconnue comme un levier \u00e9conomique du d\u00e9partement. D&rsquo;autant que ce plafonnement se profile \u00e0 l&rsquo;horizon. On compte d\u00e9j\u00e0 26000 mouvements par an, plus de 50 destinations et un trafic passagers (3,7 millions de voyageurs) en continuelle progression. Va-t-on assister \u00e0 un nouveau bras de fer entre Olivier Dassault, d\u00e9put\u00e9 UMP, et le socialiste Yves Rome, pr\u00e9sident du conseil g\u00e9n\u00e9ral et aujourd&rsquo;hui propri\u00e9taire de l&rsquo;a\u00e9roport? Myst\u00e8re.<\/p>\n<p>Pour chasser tout malentendu, Marc Amoudry a donc adress\u00e9 vendredi un courrier au d\u00e9put\u00e9 : \u00ab Je vous serais reconnaissant de m&rsquo;\u00e9clairer ainsi que les 1000 salari\u00e9s travaillant sur notre plate-forme, directement menac\u00e9s par un \u00e9ventuel plafonnement des mouvements, sur votre position officielle sur ce point. \u00bb Et le temps presse puisque c&rsquo;est le 10 juillet que la commission consultative de l&rsquo;environnement doit se r\u00e9unir. Lors de cette r\u00e9union, les maires des communes concern\u00e9es par le d\u00e9veloppement de l&rsquo;a\u00e9roport devront se prononcer sur le nouveau plan d&rsquo;exposition au bruit (PEB) et sur le plafonnement du nombre annuel de mouvements.<\/p>\n<p>Fr\u00e9d\u00e9ric HENNEBERT<\/p>\n<hr>\n<h4>Le commentaire de l&rsquo;ADVOCNAR:<\/h4>\n<blockquote><p>Puisse cet engagement inspirer nos \u00e9lus pour un plafonnement de Roissy CDG !!!<\/p><\/blockquote>\n","protected":false},"excerpt":{"rendered":"<p>le d\u00e9put\u00e9 Olivier Dassault part en guerre contre les avions 27.06.2012 &#8211; Le Parisien Dassault part en guerre contre les avions Marc Amoudry, le directeur de l&rsquo;a\u00e9roport de Beauvais, n&rsquo;en revient pas. Olivier Dassault, d\u00e9put\u00e9 r\u00e9\u00e9lu, veut limiter le d\u00e9veloppement de la plate-forme pour tenir ses promesses \u00e9lectorales. \u00abSur le coup, j&rsquo;ai cru \u00e0 un [&hellip;]<\/p>\n","protected":false},"author":10,"featured_media":0,"comment_status":"closed","ping_status":"open","sticky":false,"template":"","format":"standard","meta":{"footnotes":""},"categories":[49],"tags":[],"yoast_head":"<!-- This site is optimized with the Yoast SEO plugin v22.0 - https:\/\/yoast.com\/wordpress\/plugins\/seo\/ -->\n<title>A\u00e9roport de Beauvais-Till\u00e9 : - Advocnar<\/title>\n<meta name=\"robots\" content=\"index, follow, max-snippet:-1, max-image-preview:large, max-video-preview:-1\" \/>\n<link rel=\"canonical\" href=\"https:\/\/www.clients.horus-informatique71.fr\/advocnar_backup\/2012\/06\/aeroport-de-beauvais-tille\/\" \/>\n<meta property=\"og:locale\" content=\"fr_FR\" \/>\n<meta property=\"og:type\" content=\"article\" \/>\n<meta property=\"og:title\" content=\"A\u00e9roport de Beauvais-Till\u00e9 : - Advocnar\" \/>\n<meta property=\"og:description\" content=\"le d\u00e9put\u00e9 Olivier Dassault part en guerre contre les avions 27.06.2012 &#8211; Le Parisien Dassault part en guerre contre les avions Marc Amoudry, le directeur de l&rsquo;a\u00e9roport de Beauvais, n&rsquo;en revient pas. Olivier Dassault, d\u00e9put\u00e9 r\u00e9\u00e9lu, veut limiter le d\u00e9veloppement de la plate-forme pour tenir ses promesses \u00e9lectorales. \u00abSur le coup, j&rsquo;ai cru \u00e0 un [&hellip;]\" \/>\n<meta property=\"og:url\" content=\"https:\/\/www.clients.horus-informatique71.fr\/advocnar_backup\/2012\/06\/aeroport-de-beauvais-tille\/\" \/>\n<meta property=\"og:site_name\" content=\"Advocnar\" \/>\n<meta property=\"article:published_time\" content=\"2012-06-27T07:42:00+00:00\" \/>\n<meta property=\"article:modified_time\" content=\"2021-12-22T18:08:56+00:00\" \/>\n<meta name=\"author\" content=\"FBrochot\" \/>\n<meta name=\"twitter:card\" content=\"summary_large_image\" \/>\n<meta name=\"twitter:label1\" content=\"\u00c9crit par\" \/>\n\t<meta name=\"twitter:data1\" content=\"FBrochot\" \/>\n\t<meta name=\"twitter:label2\" content=\"Dur\u00e9e de lecture estim\u00e9e\" \/>\n\t<meta name=\"twitter:data2\" content=\"2 minutes\" \/>\n<script type=\"application\/ld+json\" class=\"yoast-schema-graph\">{\"@context\":\"https:\/\/schema.org\",\"@graph\":[{\"@type\":\"WebPage\",\"@id\":\"https:\/\/www.clients.horus-informatique71.fr\/advocnar_backup\/2012\/06\/aeroport-de-beauvais-tille\/\",\"url\":\"https:\/\/www.clients.horus-informatique71.fr\/advocnar_backup\/2012\/06\/aeroport-de-beauvais-tille\/\",\"name\":\"A\u00e9roport de Beauvais-Till\u00e9 : - Advocnar\",\"isPartOf\":{\"@id\":\"https:\/\/www.clients.horus-informatique71.fr\/advocnar_backup\/#website\"},\"datePublished\":\"2012-06-27T07:42:00+00:00\",\"dateModified\":\"2021-12-22T18:08:56+00:00\",\"author\":{\"@id\":\"https:\/\/www.clients.horus-informatique71.fr\/advocnar_backup\/#\/schema\/person\/28ec283f897fb44e1146415d8015d23e\"},\"breadcrumb\":{\"@id\":\"https:\/\/www.clients.horus-informatique71.fr\/advocnar_backup\/2012\/06\/aeroport-de-beauvais-tille\/#breadcrumb\"},\"inLanguage\":\"fr-FR\",\"potentialAction\":[{\"@type\":\"ReadAction\",\"target\":[\"https:\/\/www.clients.horus-informatique71.fr\/advocnar_backup\/2012\/06\/aeroport-de-beauvais-tille\/\"]}]},{\"@type\":\"BreadcrumbList\",\"@id\":\"https:\/\/www.clients.horus-informatique71.fr\/advocnar_backup\/2012\/06\/aeroport-de-beauvais-tille\/#breadcrumb\",\"itemListElement\":[{\"@type\":\"ListItem\",\"position\":1,\"name\":\"Accueil\",\"item\":\"https:\/\/www.clients.horus-informatique71.fr\/advocnar_backup\/\"},{\"@type\":\"ListItem\",\"position\":2,\"name\":\"A\u00e9roport de Beauvais-Till\u00e9 :\"}]},{\"@type\":\"WebSite\",\"@id\":\"https:\/\/www.clients.horus-informatique71.fr\/advocnar_backup\/#website\",\"url\":\"https:\/\/www.clients.horus-informatique71.fr\/advocnar_backup\/\",\"name\":\"Advocnar\",\"description\":\"Association de D\u00e9fense Contre les Nuisances A\u00e9riennes\",\"potentialAction\":[{\"@type\":\"SearchAction\",\"target\":{\"@type\":\"EntryPoint\",\"urlTemplate\":\"https:\/\/www.clients.horus-informatique71.fr\/advocnar_backup\/?s={search_term_string}\"},\"query-input\":\"required name=search_term_string\"}],\"inLanguage\":\"fr-FR\"},{\"@type\":\"Person\",\"@id\":\"https:\/\/www.clients.horus-informatique71.fr\/advocnar_backup\/#\/schema\/person\/28ec283f897fb44e1146415d8015d23e\",\"name\":\"FBrochot\",\"url\":\"https:\/\/www.clients.horus-informatique71.fr\/advocnar_backup\/author\/fbrochot\/\"}]}<\/script>\n<!-- \/ Yoast SEO plugin. -->","yoast_head_json":{"title":"A\u00e9roport de Beauvais-Till\u00e9 : - Advocnar","robots":{"index":"index","follow":"follow","max-snippet":"max-snippet:-1","max-image-preview":"max-image-preview:large","max-video-preview":"max-video-preview:-1"},"canonical":"https:\/\/www.clients.horus-informatique71.fr\/advocnar_backup\/2012\/06\/aeroport-de-beauvais-tille\/","og_locale":"fr_FR","og_type":"article","og_title":"A\u00e9roport de Beauvais-Till\u00e9 : - Advocnar","og_description":"le d\u00e9put\u00e9 Olivier Dassault part en guerre contre les avions 27.06.2012 &#8211; Le Parisien Dassault part en guerre contre les avions Marc Amoudry, le directeur de l&rsquo;a\u00e9roport de Beauvais, n&rsquo;en revient pas. Olivier Dassault, d\u00e9put\u00e9 r\u00e9\u00e9lu, veut limiter le d\u00e9veloppement de la plate-forme pour tenir ses promesses \u00e9lectorales. \u00abSur le coup, j&rsquo;ai cru \u00e0 un [&hellip;]","og_url":"https:\/\/www.clients.horus-informatique71.fr\/advocnar_backup\/2012\/06\/aeroport-de-beauvais-tille\/","og_site_name":"Advocnar","article_published_time":"2012-06-27T07:42:00+00:00","article_modified_time":"2021-12-22T18:08:56+00:00","author":"FBrochot","twitter_card":"summary_large_image","twitter_misc":{"\u00c9crit par":"FBrochot","Dur\u00e9e de lecture estim\u00e9e":"2 minutes"},"schema":{"@context":"https:\/\/schema.org","@graph":[{"@type":"WebPage","@id":"https:\/\/www.clients.horus-informatique71.fr\/advocnar_backup\/2012\/06\/aeroport-de-beauvais-tille\/","url":"https:\/\/www.clients.horus-informatique71.fr\/advocnar_backup\/2012\/06\/aeroport-de-beauvais-tille\/","name":"A\u00e9roport de Beauvais-Till\u00e9 : - Advocnar","isPartOf":{"@id":"https:\/\/www.clients.horus-informatique71.fr\/advocnar_backup\/#website"},"datePublished":"2012-06-27T07:42:00+00:00","dateModified":"2021-12-22T18:08:56+00:00","author":{"@id":"https:\/\/www.clients.horus-informatique71.fr\/advocnar_backup\/#\/schema\/person\/28ec283f897fb44e1146415d8015d23e"},"breadcrumb":{"@id":"https:\/\/www.clients.horus-informatique71.fr\/advocnar_backup\/2012\/06\/aeroport-de-beauvais-tille\/#breadcrumb"},"inLanguage":"fr-FR","potentialAction":[{"@type":"ReadAction","target":["https:\/\/www.clients.horus-informatique71.fr\/advocnar_backup\/2012\/06\/aeroport-de-beauvais-tille\/"]}]},{"@type":"BreadcrumbList","@id":"https:\/\/www.clients.horus-informatique71.fr\/advocnar_backup\/2012\/06\/aeroport-de-beauvais-tille\/#breadcrumb","itemListElement":[{"@type":"ListItem","position":1,"name":"Accueil","item":"https:\/\/www.clients.horus-informatique71.fr\/advocnar_backup\/"},{"@type":"ListItem","position":2,"name":"A\u00e9roport de Beauvais-Till\u00e9 :"}]},{"@type":"WebSite","@id":"https:\/\/www.clients.horus-informatique71.fr\/advocnar_backup\/#website","url":"https:\/\/www.clients.horus-informatique71.fr\/advocnar_backup\/","name":"Advocnar","description":"Association de D\u00e9fense Contre les Nuisances A\u00e9riennes","potentialAction":[{"@type":"SearchAction","target":{"@type":"EntryPoint","urlTemplate":"https:\/\/www.clients.horus-informatique71.fr\/advocnar_backup\/?s={search_term_string}"},"query-input":"required name=search_term_string"}],"inLanguage":"fr-FR"},{"@type":"Person","@id":"https:\/\/www.clients.horus-informatique71.fr\/advocnar_backup\/#\/schema\/person\/28ec283f897fb44e1146415d8015d23e","name":"FBrochot","url":"https:\/\/www.clients.horus-informatique71.fr\/advocnar_backup\/author\/fbrochot\/"}]}},"_links":{"self":[{"href":"https:\/\/www.clients.horus-informatique71.fr\/advocnar_backup\/wp-json\/wp\/v2\/posts\/71223"}],"collection":[{"href":"https:\/\/www.clients.horus-informatique71.fr\/advocnar_backup\/wp-json\/wp\/v2\/posts"}],"about":[{"href":"https:\/\/www.clients.horus-informatique71.fr\/advocnar_backup\/wp-json\/wp\/v2\/types\/post"}],"author":[{"embeddable":true,"href":"https:\/\/www.clients.horus-informatique71.fr\/advocnar_backup\/wp-json\/wp\/v2\/users\/10"}],"replies":[{"embeddable":true,"href":"https:\/\/www.clients.horus-informatique71.fr\/advocnar_backup\/wp-json\/wp\/v2\/comments?post=71223"}],"version-history":[{"count":2,"href":"https:\/\/www.clients.horus-informatique71.fr\/advocnar_backup\/wp-json\/wp\/v2\/posts\/71223\/revisions"}],"predecessor-version":[{"id":77559,"href":"https:\/\/www.clients.horus-informatique71.fr\/advocnar_backup\/wp-json\/wp\/v2\/posts\/71223\/revisions\/77559"}],"wp:attachment":[{"href":"https:\/\/www.clients.horus-informatique71.fr\/advocnar_backup\/wp-json\/wp\/v2\/media?parent=71223"}],"wp:term":[{"taxonomy":"category","embeddable":true,"href":"https:\/\/www.clients.horus-informatique71.fr\/advocnar_backup\/wp-json\/wp\/v2\/categories?post=71223"},{"taxonomy":"post_tag","embeddable":true,"href":"https:\/\/www.clients.horus-informatique71.fr\/advocnar_backup\/wp-json\/wp\/v2\/tags?post=71223"}],"curies":[{"name":"wp","href":"https:\/\/api.w.org\/{rel}","templated":true}]}}