{"id":72130,"date":"2012-06-19T10:02:05","date_gmt":"2012-06-19T09:02:05","guid":{"rendered":"https:\/\/www.clients.horus-informatique71.fr\/advocnar_backup\/?p=72130"},"modified":"2021-12-22T19:08:37","modified_gmt":"2021-12-22T18:08:37","slug":"actions-elus","status":"publish","type":"post","link":"https:\/\/www.clients.horus-informatique71.fr\/advocnar_backup\/2012\/06\/actions-elus\/","title":{"rendered":"Actions \u00e9lus"},"content":{"rendered":"<p>&nbsp;<\/p>\n<p><strong>Des \u00e9lus s&rsquo;engagent contre les nuisances a\u00e9riennes par des discours, des \u00e9crits, des actions, des projets de lois. Ce sont autant de soutiens \u00e0 la cause des survol\u00e9s.<\/strong><br \/>\n<strong> Cette nouvelle rubrique a pour objectif de vous tenir au courant de ces actes qui m\u00e9ritent d&rsquo;\u00eatre salu\u00e9s et encourag\u00e9s.<\/strong><\/p>\n<p>&nbsp;<\/p>\n<hr>\n<h4>14.10.2014<\/h4>\n<p>Le d\u00e9put\u00e9 G\u00e9rard SEBAOUN a d\u00e9pos\u00e9 <a href=\"http:\/\/www.assemblee-nationale.fr\/14\/amendements\/2188\/CSENER\/535.asp\">un amendement<\/a> au projet de loi sur la transition \u00e9nerg\u00e9tique, qui concerne les grands a\u00e9roports fran\u00e7ais. Cet amendement engage les gestionnaires des a\u00e9roports soumis \u00e0 la TNSA \u00e0 d\u00e9finir un plan d&rsquo;action pour r\u00e9duire leurs \u00e9missions de gaz \u00e0 effet de serre, li\u00e9es aux activit\u00e9s au sol des plateformes. Il a \u00e9t\u00e9 adopt\u00e9 en commission \u00e0 l&rsquo;Assembl\u00e9e Nationale le 26 septembre.<\/p>\n<p>La loi sur la transition \u00e9nerg\u00e9tique a \u00e9t\u00e9 adopt\u00e9e le 14 octobre 2014.<br \/>\n<a href=\"http:\/\/gerardsebaoun.fr\/2014\/10\/la-transition-energetique-adoptee-a-lassemblee-nationale\/\">L&rsquo;article 12 bis<\/a> introduit par G\u00e9rard SEBAOUN pr\u00e9voit de r\u00e9duire la pollution issue des activit\u00e9s a\u00e9roportuaires. Il engage les gestionnaires d&rsquo;a\u00e9roports \u00e0 \u00e9tablir un plan d&rsquo;action de r\u00e9duction des gaz \u00e0 effet de serre et polluants atmosph\u00e9riques avec un objectif de diminution de 10% d\u00e8s 2020 et de 20% en 2025.<\/p>\n<p>M\u00eame si c&rsquo;est un petit pas, il a le m\u00e9rite de quantifier les r\u00e9sultats attendus.<\/p>\n<p>&nbsp;<\/p>\n<hr>\n<h3>03.06.2014<\/h3>\n<p>Le d\u00e9put\u00e9 G\u00e9rard SEBAOUN (4\u00e8 circonscription du Val d&rsquo;Oise) a d\u00e9pos\u00e9 deux questions \u00e9crites au Gouvernement concernant les nuisances a\u00e9riennes de l&rsquo;a\u00e9roport Paris-Charles-de-Gaulle. Elles concernent les th\u00e9matiques des vols de nuit, du bruit et de la pollution atmosph\u00e9rique.<\/p>\n<p>La premi\u00e8re attire l&rsquo;attention du Ministre des Finances, Michel SAPIN, sur la n\u00e9cessit\u00e9 d&rsquo;am\u00e9liorer le recouvrement des amendes inflig\u00e9es par l&rsquo;ACNUSA<\/p>\n<p>\u2022Lire <a href=\"https:\/\/www.clients.horus-informatique71.fr\/advocnar_backup\/wp-content\/uploads\/2016\/06\/2014-06-03-Sebaoun-a-M.-Sapin-Recouvrement-amendes-ACNUSA.pdf\">la question \u00e9crite<\/a><br \/>\nLa seconde question \u00e9crite alerte Mme S\u00e9gol\u00e8ne ROYAL, Ministre de l&rsquo;Ecologie, sur les moteurs auxiliaires des avions (APU), utilis\u00e9s pour leur d\u00e9placement sur les plateformes et leur climatisation. . Ces pratiques sont consommateurs de k\u00e9ros\u00e8ne, donc \u00e0 la fois polluantes et bruyantes. Il existe des solutions alternatives (v\u00e9hicules \u00e9lectriques\u2026) qui pourraient \u00eatre mises en place rapidement. Par ailleurs, il souligne que les mesures du bruit et de la pollution atmosph\u00e9rique doivent \u00eatre publiques et r\u00e9alis\u00e9es par des organismes ind\u00e9pendants.<\/p>\n<p>\u2022Lire <a href=\"https:\/\/www.clients.horus-informatique71.fr\/advocnar_backup\/wp-content\/uploads\/2016\/05\/2014-06-03-Sebaoun-a-S.-Royal-Utilisation-APU.pdf\" rel=\"\">la question \u00e9crite<\/a><\/p>\n<hr>\n<h4>20.05.2014<\/h4>\n<p>Le d\u00e9put\u00e9 G\u00e9rard SEBAOUN a attir\u00e9 l\u2019attention du Ministre des Finances, Michel Sapin, ainsi que de la Ministre de l&rsquo;Ecologie, S\u00e9gol\u00e8ne Royal, par courrier, sur la n\u00e9cessit\u00e9 de maintenir les ressources issues de la TNSA &#8211; taxe sur les nuisances sonores a\u00e9roportuaires &#8211; qui finance l\u2019aide \u00e0 l\u2019insonorisation des riverains.<br \/>\n\u2022<a href=\"https:\/\/www.clients.horus-informatique71.fr\/advocnar_backup\/wp-content\/uploads\/2016\/05\/2014-05-20-courrier-G.-Sebaoun-a-M.-Sapin-TNSA.pdf\" rel=\"\">Lire le courrier de G\u00e9rard Sebaoun \u00e0 Michel Sapin &#8211; TNSA<\/a><\/p>\n<p>\u2022<a href=\"https:\/\/www.clients.horus-informatique71.fr\/advocnar_backup\/wp-content\/uploads\/2016\/05\/2014-05-20-courrier-G.-Sebaoun-a-S.-Royal-TNSA.pdf\" rel=\"\">Lire le courrier de G\u00e9rard Sebaoun \u00e0 S\u00e9gol\u00e8ne Royal &#8211; TNSA<\/a><\/p>\n<hr>\n<h4>10.04.2014<\/h4>\n<p>En r\u00e9ponse \u00e0 l&rsquo;appel de l&rsquo;ADVOCNAR, J\u00e9r\u00f4me Chartier, d\u00e9put\u00e9 de la 7\u00e8 circonscription, appuiera une demande de lev\u00e9e du plafonnement national du Fonds d&rsquo;Aide \u00e0 l&rsquo;Insonorisation, ainsi qu&rsquo;une hausse de la TNSA \u00e0 Roissy et Orly qui soit \u00e0 la hauteur des besoins r\u00e9els des riverains en mati\u00e8re d&rsquo;aide \u00e0 l&rsquo;insonorisation.<\/p>\n<p>\u2022<a href=\"https:\/\/www.clients.horus-informatique71.fr\/advocnar_backup\/wp-content\/uploads\/2016\/05\/2014-04-10-Reponse-J.-Chartier-TNSA.pdf\" rel=\"\">Lire le courrier de J\u00e9r\u00f4me Chartier adress\u00e9 \u00e0 l&rsquo;ADVOCNAR<\/a><\/p>\n<hr>\n<h4>07.03.2014<\/h4>\n<p>Communiqu\u00e9 de Jean-Pierre Enjalbert, Maire de Saint-Prix et Conseiller g\u00e9n\u00e9ral du Val d&rsquo;Oise:<br \/>\n\u00ab\u00a040 ans de Roissy Charles de Gaulle, 40 ans d&rsquo;insomnie et de pollution pour les riverains\u00a0\u00bb<br \/>\n\u2022<a href=\"https:\/\/www.clients.horus-informatique71.fr\/advocnar_backup\/wp-content\/uploads\/2016\/05\/CP-40-ans-de-Roissy-JP-Enjalbert.pdf\" rel=\"\">Lire le communiqu\u00e9<\/a><\/p>\n<p>&nbsp;<\/p>\n<hr>\n<h4>03.07.2013<\/h4>\n<p>G\u00e9rard Sebaoun, d\u00e9put\u00e9 de la 4e circonscription du Val d&rsquo;Oise, interpelle les eurod\u00e9put\u00e9s fran\u00e7ais sur les cons\u00e9quences sanitaires et environnementales des nuisances a\u00e9riennes. Il appelle au renforcement du droit europ\u00e9en en la mati\u00e8re.<\/p>\n<p>\u2022<a href=\"https:\/\/www.clients.horus-informatique71.fr\/advocnar_backup\/wp-content\/uploads\/2016\/05\/Communique-de-presse-G.-Sebaoun-3-juillet-2013.pdf\" rel=\"\">\u2022Lire le communiqu\u00e9 de presse <\/a><br \/>\n\u2022<a href=\"https:\/\/www.clients.horus-informatique71.fr\/advocnar_backup\/wp-content\/uploads\/2016\/05\/courrier-sebaoun-eurodeputes.pdf\" rel=\"\">Lire le courrier de G\u00e9rard Sebaoun aux eurod\u00e9put\u00e9s<\/a><\/p>\n<hr>\n<h4>Juillet 2013<\/h4>\n<p>Le maire de Cormeilles contribue \u00e0 faire conna\u00eetre l&rsquo;action de l&rsquo;ADVOCNAR par le biais de Cormeilles Magazine.<br \/>\n\u2022Lire <a href=\"https:\/\/www.clients.horus-informatique71.fr\/advocnar_backup\/wp-content\/uploads\/2016\/05\/ADVOCNAR-dans-Cormeilles-Magazine-ete-2013.docx\" rel=\"\">l&rsquo;article <\/a> paru dans Cormeilles Magazine de l&rsquo;\u00e9t\u00e9 2013<\/p>\n<hr>\n<h4>13.06.2013<\/h4>\n<p>Le d\u00e9put\u00e9 G\u00e9rard Sebaoun a pos\u00e9 ce jour une question orale au Ministre des Transports, M. Fr\u00e9d\u00e9ric Cuvillier.<br \/>\nIl aborde le probl\u00e8me majeur des nuisances a\u00e9riennes de l&rsquo;a\u00e9roport Roissy Charles de Gaulle, et propose de r\u00e9duire de moiti\u00e9 le nombre de vols de nuit.<\/p>\n<p>\u2022<a href=\"http:\/\/www.dailymotion.com\/video\/x10up9k_vols-de-nuit-question-orale-de-gerard-sebaoun-le-13-juin-2013_news#.UbnFOXcSDq4\">Voir la vid\u00e9o<\/a> (question orale et r\u00e9ponse du Ministre)<br \/>\n\u2022<a href=\"https:\/\/www.clients.horus-informatique71.fr\/advocnar_backup\/wp-content\/uploads\/2016\/05\/Communique-Gerard-SEBAOUN.pdf\" rel=\"\">Lire le communiqu\u00e9 de presse et le texte de l&rsquo;intervention de G\u00e9rard Sebaoun<\/a><\/p>\n<hr>\n<h4>12.04.2013<\/h4>\n<p>Le Conseil Municipal d&rsquo;ERMONT a adopt\u00e9 une \u00ab\u00a0motion relative \u00e0 la demande de restriction r\u00e9duisant le nombre de vols de nuit \u00e0 l&rsquo;a\u00e9roport Roissy-Charles-de-Gaulle\u00a0\u00bb.<br \/>\n\u2022<a href=\"https:\/\/www.clients.horus-informatique71.fr\/advocnar_backup\/wp-content\/uploads\/2016\/05\/Deliberation-Ermont-1.pdf\" rel=\"\">Lire la d\u00e9lib\u00e9ration du conseil municipal d&rsquo;Ermont<\/a><\/p>\n<hr>\n<h4>26.03.2013<\/h4>\n<p>Question \u00e9crite de Jean-No\u00ebl Carpentier, d\u00e9put\u00e9 de la 3\u00e8me circonscription du Val d&rsquo;Oise, au Ministre des Transports, portant sur les nuisances sonores a\u00e9riennes nocturnes \u00e0 proximit\u00e9 des grands a\u00e9roports, notamment en r\u00e9gion Ile-de-France, et r\u00e9ponse du Ministre des Transports.<br \/>\n\u2022<a href=\"http:\/\/questions.assemblee-nationale.fr\/q14\/14-11742QE.htm\">Lire la question \u00e9crite et la r\u00e9ponse<\/a><\/p>\n<hr>\n<h4>19.06.2012<\/h4>\n<p>Le Conseil Municipal de la ville de SAINT-PRIX vote une motion pour demander la mise en oeuvre des mesures de r\u00e9duction des nuisances sonores dues \u00e0 la circulation a\u00e9rienne.<\/p>\n<p><a href=\"https:\/\/www.clients.horus-informatique71.fr\/advocnar_backup\/wp-content\/uploads\/2016\/05\/2012-06-19-Motion-et-article-Saint-Prix.pdf\" rel=\"\">\u2022Lire la motion<\/a><\/p>\n","protected":false},"excerpt":{"rendered":"<p>&nbsp; Des \u00e9lus s&rsquo;engagent contre les nuisances a\u00e9riennes par des discours, des \u00e9crits, des actions, des projets de lois. Ce sont autant de soutiens \u00e0 la cause des survol\u00e9s. Cette nouvelle rubrique a pour objectif de vous tenir au courant de ces actes qui m\u00e9ritent d&rsquo;\u00eatre salu\u00e9s et encourag\u00e9s. &nbsp; 14.10.2014 Le d\u00e9put\u00e9 G\u00e9rard SEBAOUN [&hellip;]<\/p>\n","protected":false},"author":10,"featured_media":0,"comment_status":"closed","ping_status":"open","sticky":false,"template":"","format":"standard","meta":{"footnotes":""},"categories":[47],"tags":[],"yoast_head":"<!-- This site is optimized with the Yoast SEO plugin v22.0 - https:\/\/yoast.com\/wordpress\/plugins\/seo\/ -->\n<title>Actions \u00e9lus - Advocnar<\/title>\n<meta name=\"robots\" content=\"index, follow, max-snippet:-1, max-image-preview:large, max-video-preview:-1\" \/>\n<link rel=\"canonical\" href=\"https:\/\/www.clients.horus-informatique71.fr\/advocnar_backup\/2012\/06\/actions-elus\/\" \/>\n<meta property=\"og:locale\" content=\"fr_FR\" \/>\n<meta property=\"og:type\" content=\"article\" \/>\n<meta property=\"og:title\" content=\"Actions \u00e9lus - Advocnar\" \/>\n<meta property=\"og:description\" content=\"&nbsp; Des \u00e9lus s&rsquo;engagent contre les nuisances a\u00e9riennes par des discours, des \u00e9crits, des actions, des projets de lois. Ce sont autant de soutiens \u00e0 la cause des survol\u00e9s. Cette nouvelle rubrique a pour objectif de vous tenir au courant de ces actes qui m\u00e9ritent d&rsquo;\u00eatre salu\u00e9s et encourag\u00e9s. &nbsp; 14.10.2014 Le d\u00e9put\u00e9 G\u00e9rard SEBAOUN [&hellip;]\" \/>\n<meta property=\"og:url\" content=\"https:\/\/www.clients.horus-informatique71.fr\/advocnar_backup\/2012\/06\/actions-elus\/\" \/>\n<meta property=\"og:site_name\" content=\"Advocnar\" \/>\n<meta property=\"article:published_time\" content=\"2012-06-19T09:02:05+00:00\" \/>\n<meta property=\"article:modified_time\" content=\"2021-12-22T18:08:37+00:00\" \/>\n<meta name=\"author\" content=\"FBrochot\" \/>\n<meta name=\"twitter:card\" content=\"summary_large_image\" \/>\n<meta name=\"twitter:label1\" content=\"\u00c9crit par\" \/>\n\t<meta name=\"twitter:data1\" content=\"FBrochot\" \/>\n\t<meta name=\"twitter:label2\" content=\"Dur\u00e9e de lecture estim\u00e9e\" \/>\n\t<meta name=\"twitter:data2\" content=\"4 minutes\" \/>\n<script type=\"application\/ld+json\" class=\"yoast-schema-graph\">{\"@context\":\"https:\/\/schema.org\",\"@graph\":[{\"@type\":\"WebPage\",\"@id\":\"https:\/\/www.clients.horus-informatique71.fr\/advocnar_backup\/2012\/06\/actions-elus\/\",\"url\":\"https:\/\/www.clients.horus-informatique71.fr\/advocnar_backup\/2012\/06\/actions-elus\/\",\"name\":\"Actions \u00e9lus - Advocnar\",\"isPartOf\":{\"@id\":\"https:\/\/www.clients.horus-informatique71.fr\/advocnar_backup\/#website\"},\"datePublished\":\"2012-06-19T09:02:05+00:00\",\"dateModified\":\"2021-12-22T18:08:37+00:00\",\"author\":{\"@id\":\"https:\/\/www.clients.horus-informatique71.fr\/advocnar_backup\/#\/schema\/person\/28ec283f897fb44e1146415d8015d23e\"},\"breadcrumb\":{\"@id\":\"https:\/\/www.clients.horus-informatique71.fr\/advocnar_backup\/2012\/06\/actions-elus\/#breadcrumb\"},\"inLanguage\":\"fr-FR\",\"potentialAction\":[{\"@type\":\"ReadAction\",\"target\":[\"https:\/\/www.clients.horus-informatique71.fr\/advocnar_backup\/2012\/06\/actions-elus\/\"]}]},{\"@type\":\"BreadcrumbList\",\"@id\":\"https:\/\/www.clients.horus-informatique71.fr\/advocnar_backup\/2012\/06\/actions-elus\/#breadcrumb\",\"itemListElement\":[{\"@type\":\"ListItem\",\"position\":1,\"name\":\"Accueil\",\"item\":\"https:\/\/www.clients.horus-informatique71.fr\/advocnar_backup\/\"},{\"@type\":\"ListItem\",\"position\":2,\"name\":\"Actions \u00e9lus\"}]},{\"@type\":\"WebSite\",\"@id\":\"https:\/\/www.clients.horus-informatique71.fr\/advocnar_backup\/#website\",\"url\":\"https:\/\/www.clients.horus-informatique71.fr\/advocnar_backup\/\",\"name\":\"Advocnar\",\"description\":\"Association de D\u00e9fense Contre les Nuisances A\u00e9riennes\",\"potentialAction\":[{\"@type\":\"SearchAction\",\"target\":{\"@type\":\"EntryPoint\",\"urlTemplate\":\"https:\/\/www.clients.horus-informatique71.fr\/advocnar_backup\/?s={search_term_string}\"},\"query-input\":\"required name=search_term_string\"}],\"inLanguage\":\"fr-FR\"},{\"@type\":\"Person\",\"@id\":\"https:\/\/www.clients.horus-informatique71.fr\/advocnar_backup\/#\/schema\/person\/28ec283f897fb44e1146415d8015d23e\",\"name\":\"FBrochot\",\"url\":\"https:\/\/www.clients.horus-informatique71.fr\/advocnar_backup\/author\/fbrochot\/\"}]}<\/script>\n<!-- \/ Yoast SEO plugin. -->","yoast_head_json":{"title":"Actions \u00e9lus - Advocnar","robots":{"index":"index","follow":"follow","max-snippet":"max-snippet:-1","max-image-preview":"max-image-preview:large","max-video-preview":"max-video-preview:-1"},"canonical":"https:\/\/www.clients.horus-informatique71.fr\/advocnar_backup\/2012\/06\/actions-elus\/","og_locale":"fr_FR","og_type":"article","og_title":"Actions \u00e9lus - Advocnar","og_description":"&nbsp; Des \u00e9lus s&rsquo;engagent contre les nuisances a\u00e9riennes par des discours, des \u00e9crits, des actions, des projets de lois. Ce sont autant de soutiens \u00e0 la cause des survol\u00e9s. Cette nouvelle rubrique a pour objectif de vous tenir au courant de ces actes qui m\u00e9ritent d&rsquo;\u00eatre salu\u00e9s et encourag\u00e9s. &nbsp; 14.10.2014 Le d\u00e9put\u00e9 G\u00e9rard SEBAOUN [&hellip;]","og_url":"https:\/\/www.clients.horus-informatique71.fr\/advocnar_backup\/2012\/06\/actions-elus\/","og_site_name":"Advocnar","article_published_time":"2012-06-19T09:02:05+00:00","article_modified_time":"2021-12-22T18:08:37+00:00","author":"FBrochot","twitter_card":"summary_large_image","twitter_misc":{"\u00c9crit par":"FBrochot","Dur\u00e9e de lecture estim\u00e9e":"4 minutes"},"schema":{"@context":"https:\/\/schema.org","@graph":[{"@type":"WebPage","@id":"https:\/\/www.clients.horus-informatique71.fr\/advocnar_backup\/2012\/06\/actions-elus\/","url":"https:\/\/www.clients.horus-informatique71.fr\/advocnar_backup\/2012\/06\/actions-elus\/","name":"Actions \u00e9lus - Advocnar","isPartOf":{"@id":"https:\/\/www.clients.horus-informatique71.fr\/advocnar_backup\/#website"},"datePublished":"2012-06-19T09:02:05+00:00","dateModified":"2021-12-22T18:08:37+00:00","author":{"@id":"https:\/\/www.clients.horus-informatique71.fr\/advocnar_backup\/#\/schema\/person\/28ec283f897fb44e1146415d8015d23e"},"breadcrumb":{"@id":"https:\/\/www.clients.horus-informatique71.fr\/advocnar_backup\/2012\/06\/actions-elus\/#breadcrumb"},"inLanguage":"fr-FR","potentialAction":[{"@type":"ReadAction","target":["https:\/\/www.clients.horus-informatique71.fr\/advocnar_backup\/2012\/06\/actions-elus\/"]}]},{"@type":"BreadcrumbList","@id":"https:\/\/www.clients.horus-informatique71.fr\/advocnar_backup\/2012\/06\/actions-elus\/#breadcrumb","itemListElement":[{"@type":"ListItem","position":1,"name":"Accueil","item":"https:\/\/www.clients.horus-informatique71.fr\/advocnar_backup\/"},{"@type":"ListItem","position":2,"name":"Actions \u00e9lus"}]},{"@type":"WebSite","@id":"https:\/\/www.clients.horus-informatique71.fr\/advocnar_backup\/#website","url":"https:\/\/www.clients.horus-informatique71.fr\/advocnar_backup\/","name":"Advocnar","description":"Association de D\u00e9fense Contre les Nuisances A\u00e9riennes","potentialAction":[{"@type":"SearchAction","target":{"@type":"EntryPoint","urlTemplate":"https:\/\/www.clients.horus-informatique71.fr\/advocnar_backup\/?s={search_term_string}"},"query-input":"required name=search_term_string"}],"inLanguage":"fr-FR"},{"@type":"Person","@id":"https:\/\/www.clients.horus-informatique71.fr\/advocnar_backup\/#\/schema\/person\/28ec283f897fb44e1146415d8015d23e","name":"FBrochot","url":"https:\/\/www.clients.horus-informatique71.fr\/advocnar_backup\/author\/fbrochot\/"}]}},"_links":{"self":[{"href":"https:\/\/www.clients.horus-informatique71.fr\/advocnar_backup\/wp-json\/wp\/v2\/posts\/72130"}],"collection":[{"href":"https:\/\/www.clients.horus-informatique71.fr\/advocnar_backup\/wp-json\/wp\/v2\/posts"}],"about":[{"href":"https:\/\/www.clients.horus-informatique71.fr\/advocnar_backup\/wp-json\/wp\/v2\/types\/post"}],"author":[{"embeddable":true,"href":"https:\/\/www.clients.horus-informatique71.fr\/advocnar_backup\/wp-json\/wp\/v2\/users\/10"}],"replies":[{"embeddable":true,"href":"https:\/\/www.clients.horus-informatique71.fr\/advocnar_backup\/wp-json\/wp\/v2\/comments?post=72130"}],"version-history":[{"count":2,"href":"https:\/\/www.clients.horus-informatique71.fr\/advocnar_backup\/wp-json\/wp\/v2\/posts\/72130\/revisions"}],"predecessor-version":[{"id":77558,"href":"https:\/\/www.clients.horus-informatique71.fr\/advocnar_backup\/wp-json\/wp\/v2\/posts\/72130\/revisions\/77558"}],"wp:attachment":[{"href":"https:\/\/www.clients.horus-informatique71.fr\/advocnar_backup\/wp-json\/wp\/v2\/media?parent=72130"}],"wp:term":[{"taxonomy":"category","embeddable":true,"href":"https:\/\/www.clients.horus-informatique71.fr\/advocnar_backup\/wp-json\/wp\/v2\/categories?post=72130"},{"taxonomy":"post_tag","embeddable":true,"href":"https:\/\/www.clients.horus-informatique71.fr\/advocnar_backup\/wp-json\/wp\/v2\/tags?post=72130"}],"curies":[{"name":"wp","href":"https:\/\/api.w.org\/{rel}","templated":true}]}}