{"id":72146,"date":"2016-05-20T10:31:10","date_gmt":"2016-05-20T09:31:10","guid":{"rendered":"https:\/\/www.clients.horus-informatique71.fr\/advocnar_backup\/?p=72146"},"modified":"2022-04-04T12:47:58","modified_gmt":"2022-04-04T10:47:58","slug":"ladvocnar-a-fete-de-nature-a-deuil","status":"publish","type":"post","link":"https:\/\/www.clients.horus-informatique71.fr\/advocnar_backup\/2016\/05\/ladvocnar-a-fete-de-nature-a-deuil\/","title":{"rendered":"L&rsquo;ADVOCNAR \u00e0 la \u00ab\u00a0F\u00eate de la Nature\u00a0\u00bb \u00e0 Deuil"},"content":{"rendered":"<h4>dimanche 22 mai 2016<\/h4>\n<p>L&rsquo;ADVOCNAR sera pr\u00e9sente lors de la<\/p>\n<p><img loading=\"lazy\" decoding=\"async\" class=\"wp-image-72147 size-full alignleft\" src=\"https:\/\/www.clients.horus-informatique71.fr\/advocnar_backup\/wp-content\/uploads\/2016\/05\/content-400_563_fete-nature-deuil-2016.jpg\" alt=\"_content-400_563_fete-nature-deuil-2016\" width=\"400\" height=\"563\" srcset=\"https:\/\/www.clients.horus-informatique71.fr\/advocnar_backup\/wp-content\/uploads\/2016\/05\/content-400_563_fete-nature-deuil-2016.jpg 400w, https:\/\/www.clients.horus-informatique71.fr\/advocnar_backup\/wp-content\/uploads\/2016\/05\/content-400_563_fete-nature-deuil-2016-213x300.jpg 213w\" sizes=\"(max-width: 400px) 100vw, 400px\" \/><\/p>\n<p>&nbsp;<\/p>\n<p><strong>\u00ab\u00a0F\u00eate de la Nature\u00a0\u00bb<\/strong><\/p>\n<p><strong>place des victimes du V2, rue de l&rsquo;Eglise<\/strong><br \/>\n<strong>\u00e0 Deuil-la-Barre<\/strong><br \/>\n<strong>dimanche 22 mai 2016 de 10h \u00e0 18h<\/strong><\/p>\n<p>&nbsp;<\/p>\n<p><strong>Des responsables de l&rsquo;association seront \u00e0 votre disposition pour toute question ou information concernant les nuisances a\u00e9riennes que vous subissez.<\/strong><\/p>\n<p><strong> Nous avons obtenu des r\u00e9sultats, de nouvelles actions sont en cours, n&rsquo;h\u00e9sitez pas \u00e0 passer sur le stand !<\/strong><\/p>\n<p>&nbsp;<\/p>\n","protected":false},"excerpt":{"rendered":"<p>dimanche 22 mai 2016 L&rsquo;ADVOCNAR sera pr\u00e9sente lors de la &nbsp; \u00ab\u00a0F\u00eate de la Nature\u00a0\u00bb place des victimes du V2, rue de l&rsquo;Eglise \u00e0 Deuil-la-Barre dimanche 22 mai 2016 de 10h \u00e0 18h &nbsp; Des responsables de l&rsquo;association seront \u00e0 votre disposition pour toute question ou information concernant les nuisances a\u00e9riennes que vous subissez. Nous [&hellip;]<\/p>\n","protected":false},"author":10,"featured_media":73426,"comment_status":"closed","ping_status":"open","sticky":false,"template":"","format":"standard","meta":{"footnotes":""},"categories":[46],"tags":[],"yoast_head":"<!-- This site is optimized with the Yoast SEO plugin v22.0 - https:\/\/yoast.com\/wordpress\/plugins\/seo\/ -->\n<title>L&#039;ADVOCNAR \u00e0 la &quot;F\u00eate de la Nature&quot; \u00e0 Deuil - Advocnar<\/title>\n<meta name=\"robots\" content=\"index, follow, max-snippet:-1, max-image-preview:large, max-video-preview:-1\" \/>\n<link rel=\"canonical\" href=\"https:\/\/www.clients.horus-informatique71.fr\/advocnar_backup\/2016\/05\/ladvocnar-a-fete-de-nature-a-deuil\/\" \/>\n<meta property=\"og:locale\" content=\"fr_FR\" \/>\n<meta property=\"og:type\" content=\"article\" \/>\n<meta property=\"og:title\" content=\"L&#039;ADVOCNAR \u00e0 la &quot;F\u00eate de la Nature&quot; \u00e0 Deuil - Advocnar\" \/>\n<meta property=\"og:description\" content=\"dimanche 22 mai 2016 L&rsquo;ADVOCNAR sera pr\u00e9sente lors de la &nbsp; \u00ab\u00a0F\u00eate de la Nature\u00a0\u00bb place des victimes du V2, rue de l&rsquo;Eglise \u00e0 Deuil-la-Barre dimanche 22 mai 2016 de 10h \u00e0 18h &nbsp; Des responsables de l&rsquo;association seront \u00e0 votre disposition pour toute question ou information concernant les nuisances a\u00e9riennes que vous subissez. Nous [&hellip;]\" \/>\n<meta property=\"og:url\" content=\"https:\/\/www.clients.horus-informatique71.fr\/advocnar_backup\/2016\/05\/ladvocnar-a-fete-de-nature-a-deuil\/\" \/>\n<meta property=\"og:site_name\" content=\"Advocnar\" \/>\n<meta property=\"article:published_time\" content=\"2016-05-20T09:31:10+00:00\" \/>\n<meta property=\"article:modified_time\" content=\"2022-04-04T10:47:58+00:00\" \/>\n<meta property=\"og:image\" content=\"https:\/\/www.clients.horus-informatique71.fr\/advocnar_backup\/wp-content\/uploads\/2016\/11\/fete_nature-Deuil-2016-2.jpg\" \/>\n\t<meta property=\"og:image:width\" content=\"670\" \/>\n\t<meta property=\"og:image:height\" content=\"503\" \/>\n\t<meta property=\"og:image:type\" content=\"image\/jpeg\" \/>\n<meta name=\"author\" content=\"FBrochot\" \/>\n<meta name=\"twitter:card\" content=\"summary_large_image\" \/>\n<meta name=\"twitter:label1\" content=\"\u00c9crit par\" \/>\n\t<meta name=\"twitter:data1\" content=\"FBrochot\" \/>\n\t<meta name=\"twitter:label2\" content=\"Dur\u00e9e de lecture estim\u00e9e\" \/>\n\t<meta name=\"twitter:data2\" content=\"1 minute\" \/>\n<script type=\"application\/ld+json\" class=\"yoast-schema-graph\">{\"@context\":\"https:\/\/schema.org\",\"@graph\":[{\"@type\":\"WebPage\",\"@id\":\"https:\/\/www.clients.horus-informatique71.fr\/advocnar_backup\/2016\/05\/ladvocnar-a-fete-de-nature-a-deuil\/\",\"url\":\"https:\/\/www.clients.horus-informatique71.fr\/advocnar_backup\/2016\/05\/ladvocnar-a-fete-de-nature-a-deuil\/\",\"name\":\"L'ADVOCNAR \u00e0 la \\\"F\u00eate de la Nature\\\" \u00e0 Deuil - Advocnar\",\"isPartOf\":{\"@id\":\"https:\/\/www.clients.horus-informatique71.fr\/advocnar_backup\/#website\"},\"datePublished\":\"2016-05-20T09:31:10+00:00\",\"dateModified\":\"2022-04-04T10:47:58+00:00\",\"author\":{\"@id\":\"https:\/\/www.clients.horus-informatique71.fr\/advocnar_backup\/#\/schema\/person\/28ec283f897fb44e1146415d8015d23e\"},\"breadcrumb\":{\"@id\":\"https:\/\/www.clients.horus-informatique71.fr\/advocnar_backup\/2016\/05\/ladvocnar-a-fete-de-nature-a-deuil\/#breadcrumb\"},\"inLanguage\":\"fr-FR\",\"potentialAction\":[{\"@type\":\"ReadAction\",\"target\":[\"https:\/\/www.clients.horus-informatique71.fr\/advocnar_backup\/2016\/05\/ladvocnar-a-fete-de-nature-a-deuil\/\"]}]},{\"@type\":\"BreadcrumbList\",\"@id\":\"https:\/\/www.clients.horus-informatique71.fr\/advocnar_backup\/2016\/05\/ladvocnar-a-fete-de-nature-a-deuil\/#breadcrumb\",\"itemListElement\":[{\"@type\":\"ListItem\",\"position\":1,\"name\":\"Accueil\",\"item\":\"https:\/\/www.clients.horus-informatique71.fr\/advocnar_backup\/\"},{\"@type\":\"ListItem\",\"position\":2,\"name\":\"L&#8217;ADVOCNAR \u00e0 la &#8220;F\u00eate de la Nature&#8221; \u00e0 Deuil\"}]},{\"@type\":\"WebSite\",\"@id\":\"https:\/\/www.clients.horus-informatique71.fr\/advocnar_backup\/#website\",\"url\":\"https:\/\/www.clients.horus-informatique71.fr\/advocnar_backup\/\",\"name\":\"Advocnar\",\"description\":\"Association de D\u00e9fense Contre les Nuisances A\u00e9riennes\",\"potentialAction\":[{\"@type\":\"SearchAction\",\"target\":{\"@type\":\"EntryPoint\",\"urlTemplate\":\"https:\/\/www.clients.horus-informatique71.fr\/advocnar_backup\/?s={search_term_string}\"},\"query-input\":\"required name=search_term_string\"}],\"inLanguage\":\"fr-FR\"},{\"@type\":\"Person\",\"@id\":\"https:\/\/www.clients.horus-informatique71.fr\/advocnar_backup\/#\/schema\/person\/28ec283f897fb44e1146415d8015d23e\",\"name\":\"FBrochot\",\"url\":\"https:\/\/www.clients.horus-informatique71.fr\/advocnar_backup\/author\/fbrochot\/\"}]}<\/script>\n<!-- \/ Yoast SEO plugin. -->","yoast_head_json":{"title":"L'ADVOCNAR \u00e0 la \"F\u00eate de la Nature\" \u00e0 Deuil - Advocnar","robots":{"index":"index","follow":"follow","max-snippet":"max-snippet:-1","max-image-preview":"max-image-preview:large","max-video-preview":"max-video-preview:-1"},"canonical":"https:\/\/www.clients.horus-informatique71.fr\/advocnar_backup\/2016\/05\/ladvocnar-a-fete-de-nature-a-deuil\/","og_locale":"fr_FR","og_type":"article","og_title":"L'ADVOCNAR \u00e0 la \"F\u00eate de la Nature\" \u00e0 Deuil - Advocnar","og_description":"dimanche 22 mai 2016 L&rsquo;ADVOCNAR sera pr\u00e9sente lors de la &nbsp; \u00ab\u00a0F\u00eate de la Nature\u00a0\u00bb place des victimes du V2, rue de l&rsquo;Eglise \u00e0 Deuil-la-Barre dimanche 22 mai 2016 de 10h \u00e0 18h &nbsp; Des responsables de l&rsquo;association seront \u00e0 votre disposition pour toute question ou information concernant les nuisances a\u00e9riennes que vous subissez. Nous [&hellip;]","og_url":"https:\/\/www.clients.horus-informatique71.fr\/advocnar_backup\/2016\/05\/ladvocnar-a-fete-de-nature-a-deuil\/","og_site_name":"Advocnar","article_published_time":"2016-05-20T09:31:10+00:00","article_modified_time":"2022-04-04T10:47:58+00:00","og_image":[{"width":670,"height":503,"url":"https:\/\/www.clients.horus-informatique71.fr\/advocnar_backup\/wp-content\/uploads\/2016\/11\/fete_nature-Deuil-2016-2.jpg","type":"image\/jpeg"}],"author":"FBrochot","twitter_card":"summary_large_image","twitter_misc":{"\u00c9crit par":"FBrochot","Dur\u00e9e de lecture estim\u00e9e":"1 minute"},"schema":{"@context":"https:\/\/schema.org","@graph":[{"@type":"WebPage","@id":"https:\/\/www.clients.horus-informatique71.fr\/advocnar_backup\/2016\/05\/ladvocnar-a-fete-de-nature-a-deuil\/","url":"https:\/\/www.clients.horus-informatique71.fr\/advocnar_backup\/2016\/05\/ladvocnar-a-fete-de-nature-a-deuil\/","name":"L'ADVOCNAR \u00e0 la \"F\u00eate de la Nature\" \u00e0 Deuil - Advocnar","isPartOf":{"@id":"https:\/\/www.clients.horus-informatique71.fr\/advocnar_backup\/#website"},"datePublished":"2016-05-20T09:31:10+00:00","dateModified":"2022-04-04T10:47:58+00:00","author":{"@id":"https:\/\/www.clients.horus-informatique71.fr\/advocnar_backup\/#\/schema\/person\/28ec283f897fb44e1146415d8015d23e"},"breadcrumb":{"@id":"https:\/\/www.clients.horus-informatique71.fr\/advocnar_backup\/2016\/05\/ladvocnar-a-fete-de-nature-a-deuil\/#breadcrumb"},"inLanguage":"fr-FR","potentialAction":[{"@type":"ReadAction","target":["https:\/\/www.clients.horus-informatique71.fr\/advocnar_backup\/2016\/05\/ladvocnar-a-fete-de-nature-a-deuil\/"]}]},{"@type":"BreadcrumbList","@id":"https:\/\/www.clients.horus-informatique71.fr\/advocnar_backup\/2016\/05\/ladvocnar-a-fete-de-nature-a-deuil\/#breadcrumb","itemListElement":[{"@type":"ListItem","position":1,"name":"Accueil","item":"https:\/\/www.clients.horus-informatique71.fr\/advocnar_backup\/"},{"@type":"ListItem","position":2,"name":"L&#8217;ADVOCNAR \u00e0 la &#8220;F\u00eate de la Nature&#8221; \u00e0 Deuil"}]},{"@type":"WebSite","@id":"https:\/\/www.clients.horus-informatique71.fr\/advocnar_backup\/#website","url":"https:\/\/www.clients.horus-informatique71.fr\/advocnar_backup\/","name":"Advocnar","description":"Association de D\u00e9fense Contre les Nuisances A\u00e9riennes","potentialAction":[{"@type":"SearchAction","target":{"@type":"EntryPoint","urlTemplate":"https:\/\/www.clients.horus-informatique71.fr\/advocnar_backup\/?s={search_term_string}"},"query-input":"required name=search_term_string"}],"inLanguage":"fr-FR"},{"@type":"Person","@id":"https:\/\/www.clients.horus-informatique71.fr\/advocnar_backup\/#\/schema\/person\/28ec283f897fb44e1146415d8015d23e","name":"FBrochot","url":"https:\/\/www.clients.horus-informatique71.fr\/advocnar_backup\/author\/fbrochot\/"}]}},"_links":{"self":[{"href":"https:\/\/www.clients.horus-informatique71.fr\/advocnar_backup\/wp-json\/wp\/v2\/posts\/72146"}],"collection":[{"href":"https:\/\/www.clients.horus-informatique71.fr\/advocnar_backup\/wp-json\/wp\/v2\/posts"}],"about":[{"href":"https:\/\/www.clients.horus-informatique71.fr\/advocnar_backup\/wp-json\/wp\/v2\/types\/post"}],"author":[{"embeddable":true,"href":"https:\/\/www.clients.horus-informatique71.fr\/advocnar_backup\/wp-json\/wp\/v2\/users\/10"}],"replies":[{"embeddable":true,"href":"https:\/\/www.clients.horus-informatique71.fr\/advocnar_backup\/wp-json\/wp\/v2\/comments?post=72146"}],"version-history":[{"count":5,"href":"https:\/\/www.clients.horus-informatique71.fr\/advocnar_backup\/wp-json\/wp\/v2\/posts\/72146\/revisions"}],"predecessor-version":[{"id":77958,"href":"https:\/\/www.clients.horus-informatique71.fr\/advocnar_backup\/wp-json\/wp\/v2\/posts\/72146\/revisions\/77958"}],"wp:featuredmedia":[{"embeddable":true,"href":"https:\/\/www.clients.horus-informatique71.fr\/advocnar_backup\/wp-json\/wp\/v2\/media\/73426"}],"wp:attachment":[{"href":"https:\/\/www.clients.horus-informatique71.fr\/advocnar_backup\/wp-json\/wp\/v2\/media?parent=72146"}],"wp:term":[{"taxonomy":"category","embeddable":true,"href":"https:\/\/www.clients.horus-informatique71.fr\/advocnar_backup\/wp-json\/wp\/v2\/categories?post=72146"},{"taxonomy":"post_tag","embeddable":true,"href":"https:\/\/www.clients.horus-informatique71.fr\/advocnar_backup\/wp-json\/wp\/v2\/tags?post=72146"}],"curies":[{"name":"wp","href":"https:\/\/api.w.org\/{rel}","templated":true}]}}