{"id":72149,"date":"2016-04-04T10:41:24","date_gmt":"2016-04-04T09:41:24","guid":{"rendered":"https:\/\/www.clients.horus-informatique71.fr\/advocnar_backup\/?p=72149"},"modified":"2021-12-19T23:24:30","modified_gmt":"2021-12-19T22:24:30","slug":"dossier-noir-transport-aerien-reunion-publique-4-avril-a-eaubonne","status":"publish","type":"post","link":"https:\/\/www.clients.horus-informatique71.fr\/advocnar_backup\/2016\/04\/dossier-noir-transport-aerien-reunion-publique-4-avril-a-eaubonne\/","title":{"rendered":"Eaubonne : Dossier Noir du Transport A\u00e9rien"},"content":{"rendered":"<p><strong>Venez vous informer, d\u00e9battre et poser vos questions<\/strong><br \/>\n<strong> lors de la r\u00e9union publique sp\u00e9ciale Dossier Noir du Transport A\u00e9rien<\/strong><\/p>\n<h3 style=\"text-align: center;\"><strong>Lundi 4 avril 2016 \u00e0 20h30<\/strong><\/h3>\n<h3 style=\"text-align: center;\"><strong>Salle des f\u00eates d\u2019Eaubonne<\/strong><\/h3>\n<h3 style=\"text-align: center;\"><strong>sous l\u2019h\u00f4tel de ville &#8211; 1 rue d\u2019Enghien<\/strong><\/h3>\n<p>Dans le cadre de la Convergence Associative, et en collaboration avec plusieurs associations, l\u2019ADVOCNAR a coordonn\u00e9 la r\u00e9daction du Dossier Noir du Transport A\u00e9rien qui d\u00e9nonce un certain nombre de contre-v\u00e9rit\u00e9s v\u00e9hicul\u00e9es par les acteurs du transport a\u00e9rien concernant les \u00e9missions de gaz \u00e0 effet de serre et de polluants chimiques de ce secteur, mais aussi les mensonges en termes de cr\u00e9ations d\u2019emplois.<\/p>\n<p><span style=\"text-decoration: underline;\">Lire le Dossier Noir du Transport A\u00e9rien<\/span><\/p>\n","protected":false},"excerpt":{"rendered":"<p>Venez vous informer, d\u00e9battre et poser vos questions lors de la r\u00e9union publique sp\u00e9ciale Dossier Noir du Transport A\u00e9rien Lundi 4 avril 2016 \u00e0 20h30 Salle des f\u00eates d\u2019Eaubonne sous l\u2019h\u00f4tel de ville &#8211; 1 rue d\u2019Enghien Dans le cadre de la Convergence Associative, et en collaboration avec plusieurs associations, l\u2019ADVOCNAR a coordonn\u00e9 la r\u00e9daction [&hellip;]<\/p>\n","protected":false},"author":10,"featured_media":73427,"comment_status":"closed","ping_status":"open","sticky":false,"template":"","format":"standard","meta":{"footnotes":""},"categories":[46],"tags":[],"yoast_head":"<!-- This site is optimized with the Yoast SEO plugin v22.0 - https:\/\/yoast.com\/wordpress\/plugins\/seo\/ -->\n<title>Eaubonne : Dossier Noir du Transport A\u00e9rien - Advocnar<\/title>\n<meta name=\"robots\" content=\"index, follow, max-snippet:-1, max-image-preview:large, max-video-preview:-1\" \/>\n<link rel=\"canonical\" href=\"https:\/\/www.clients.horus-informatique71.fr\/advocnar_backup\/2016\/04\/dossier-noir-transport-aerien-reunion-publique-4-avril-a-eaubonne\/\" \/>\n<meta property=\"og:locale\" content=\"fr_FR\" \/>\n<meta property=\"og:type\" content=\"article\" \/>\n<meta property=\"og:title\" content=\"Eaubonne : Dossier Noir du Transport A\u00e9rien - Advocnar\" \/>\n<meta property=\"og:description\" content=\"Venez vous informer, d\u00e9battre et poser vos questions lors de la r\u00e9union publique sp\u00e9ciale Dossier Noir du Transport A\u00e9rien Lundi 4 avril 2016 \u00e0 20h30 Salle des f\u00eates d\u2019Eaubonne sous l\u2019h\u00f4tel de ville &#8211; 1 rue d\u2019Enghien Dans le cadre de la Convergence Associative, et en collaboration avec plusieurs associations, l\u2019ADVOCNAR a coordonn\u00e9 la r\u00e9daction [&hellip;]\" \/>\n<meta property=\"og:url\" content=\"https:\/\/www.clients.horus-informatique71.fr\/advocnar_backup\/2016\/04\/dossier-noir-transport-aerien-reunion-publique-4-avril-a-eaubonne\/\" \/>\n<meta property=\"og:site_name\" content=\"Advocnar\" \/>\n<meta property=\"article:published_time\" content=\"2016-04-04T09:41:24+00:00\" \/>\n<meta property=\"article:modified_time\" content=\"2021-12-19T22:24:30+00:00\" \/>\n<meta property=\"og:image\" content=\"https:\/\/www.clients.horus-informatique71.fr\/advocnar_backup\/wp-content\/uploads\/2016\/11\/Affiche-reunion-publique-EAUBONNE-2.jpg\" \/>\n\t<meta property=\"og:image:width\" content=\"1238\" \/>\n\t<meta property=\"og:image:height\" content=\"928\" \/>\n\t<meta property=\"og:image:type\" content=\"image\/jpeg\" \/>\n<meta name=\"author\" content=\"FBrochot\" \/>\n<meta name=\"twitter:card\" content=\"summary_large_image\" \/>\n<meta name=\"twitter:label1\" content=\"\u00c9crit par\" \/>\n\t<meta name=\"twitter:data1\" content=\"FBrochot\" \/>\n\t<meta name=\"twitter:label2\" content=\"Dur\u00e9e de lecture estim\u00e9e\" \/>\n\t<meta name=\"twitter:data2\" content=\"1 minute\" \/>\n<script type=\"application\/ld+json\" class=\"yoast-schema-graph\">{\"@context\":\"https:\/\/schema.org\",\"@graph\":[{\"@type\":\"WebPage\",\"@id\":\"https:\/\/www.clients.horus-informatique71.fr\/advocnar_backup\/2016\/04\/dossier-noir-transport-aerien-reunion-publique-4-avril-a-eaubonne\/\",\"url\":\"https:\/\/www.clients.horus-informatique71.fr\/advocnar_backup\/2016\/04\/dossier-noir-transport-aerien-reunion-publique-4-avril-a-eaubonne\/\",\"name\":\"Eaubonne : Dossier Noir du Transport A\u00e9rien - Advocnar\",\"isPartOf\":{\"@id\":\"https:\/\/www.clients.horus-informatique71.fr\/advocnar_backup\/#website\"},\"datePublished\":\"2016-04-04T09:41:24+00:00\",\"dateModified\":\"2021-12-19T22:24:30+00:00\",\"author\":{\"@id\":\"https:\/\/www.clients.horus-informatique71.fr\/advocnar_backup\/#\/schema\/person\/28ec283f897fb44e1146415d8015d23e\"},\"breadcrumb\":{\"@id\":\"https:\/\/www.clients.horus-informatique71.fr\/advocnar_backup\/2016\/04\/dossier-noir-transport-aerien-reunion-publique-4-avril-a-eaubonne\/#breadcrumb\"},\"inLanguage\":\"fr-FR\",\"potentialAction\":[{\"@type\":\"ReadAction\",\"target\":[\"https:\/\/www.clients.horus-informatique71.fr\/advocnar_backup\/2016\/04\/dossier-noir-transport-aerien-reunion-publique-4-avril-a-eaubonne\/\"]}]},{\"@type\":\"BreadcrumbList\",\"@id\":\"https:\/\/www.clients.horus-informatique71.fr\/advocnar_backup\/2016\/04\/dossier-noir-transport-aerien-reunion-publique-4-avril-a-eaubonne\/#breadcrumb\",\"itemListElement\":[{\"@type\":\"ListItem\",\"position\":1,\"name\":\"Accueil\",\"item\":\"https:\/\/www.clients.horus-informatique71.fr\/advocnar_backup\/\"},{\"@type\":\"ListItem\",\"position\":2,\"name\":\"Eaubonne : Dossier Noir du Transport A\u00e9rien\"}]},{\"@type\":\"WebSite\",\"@id\":\"https:\/\/www.clients.horus-informatique71.fr\/advocnar_backup\/#website\",\"url\":\"https:\/\/www.clients.horus-informatique71.fr\/advocnar_backup\/\",\"name\":\"Advocnar\",\"description\":\"Association de D\u00e9fense Contre les Nuisances A\u00e9riennes\",\"potentialAction\":[{\"@type\":\"SearchAction\",\"target\":{\"@type\":\"EntryPoint\",\"urlTemplate\":\"https:\/\/www.clients.horus-informatique71.fr\/advocnar_backup\/?s={search_term_string}\"},\"query-input\":\"required name=search_term_string\"}],\"inLanguage\":\"fr-FR\"},{\"@type\":\"Person\",\"@id\":\"https:\/\/www.clients.horus-informatique71.fr\/advocnar_backup\/#\/schema\/person\/28ec283f897fb44e1146415d8015d23e\",\"name\":\"FBrochot\",\"url\":\"https:\/\/www.clients.horus-informatique71.fr\/advocnar_backup\/author\/fbrochot\/\"}]}<\/script>\n<!-- \/ Yoast SEO plugin. -->","yoast_head_json":{"title":"Eaubonne : Dossier Noir du Transport A\u00e9rien - Advocnar","robots":{"index":"index","follow":"follow","max-snippet":"max-snippet:-1","max-image-preview":"max-image-preview:large","max-video-preview":"max-video-preview:-1"},"canonical":"https:\/\/www.clients.horus-informatique71.fr\/advocnar_backup\/2016\/04\/dossier-noir-transport-aerien-reunion-publique-4-avril-a-eaubonne\/","og_locale":"fr_FR","og_type":"article","og_title":"Eaubonne : Dossier Noir du Transport A\u00e9rien - Advocnar","og_description":"Venez vous informer, d\u00e9battre et poser vos questions lors de la r\u00e9union publique sp\u00e9ciale Dossier Noir du Transport A\u00e9rien Lundi 4 avril 2016 \u00e0 20h30 Salle des f\u00eates d\u2019Eaubonne sous l\u2019h\u00f4tel de ville &#8211; 1 rue d\u2019Enghien Dans le cadre de la Convergence Associative, et en collaboration avec plusieurs associations, l\u2019ADVOCNAR a coordonn\u00e9 la r\u00e9daction [&hellip;]","og_url":"https:\/\/www.clients.horus-informatique71.fr\/advocnar_backup\/2016\/04\/dossier-noir-transport-aerien-reunion-publique-4-avril-a-eaubonne\/","og_site_name":"Advocnar","article_published_time":"2016-04-04T09:41:24+00:00","article_modified_time":"2021-12-19T22:24:30+00:00","og_image":[{"width":1238,"height":928,"url":"https:\/\/www.clients.horus-informatique71.fr\/advocnar_backup\/wp-content\/uploads\/2016\/11\/Affiche-reunion-publique-EAUBONNE-2.jpg","type":"image\/jpeg"}],"author":"FBrochot","twitter_card":"summary_large_image","twitter_misc":{"\u00c9crit par":"FBrochot","Dur\u00e9e de lecture estim\u00e9e":"1 minute"},"schema":{"@context":"https:\/\/schema.org","@graph":[{"@type":"WebPage","@id":"https:\/\/www.clients.horus-informatique71.fr\/advocnar_backup\/2016\/04\/dossier-noir-transport-aerien-reunion-publique-4-avril-a-eaubonne\/","url":"https:\/\/www.clients.horus-informatique71.fr\/advocnar_backup\/2016\/04\/dossier-noir-transport-aerien-reunion-publique-4-avril-a-eaubonne\/","name":"Eaubonne : Dossier Noir du Transport A\u00e9rien - Advocnar","isPartOf":{"@id":"https:\/\/www.clients.horus-informatique71.fr\/advocnar_backup\/#website"},"datePublished":"2016-04-04T09:41:24+00:00","dateModified":"2021-12-19T22:24:30+00:00","author":{"@id":"https:\/\/www.clients.horus-informatique71.fr\/advocnar_backup\/#\/schema\/person\/28ec283f897fb44e1146415d8015d23e"},"breadcrumb":{"@id":"https:\/\/www.clients.horus-informatique71.fr\/advocnar_backup\/2016\/04\/dossier-noir-transport-aerien-reunion-publique-4-avril-a-eaubonne\/#breadcrumb"},"inLanguage":"fr-FR","potentialAction":[{"@type":"ReadAction","target":["https:\/\/www.clients.horus-informatique71.fr\/advocnar_backup\/2016\/04\/dossier-noir-transport-aerien-reunion-publique-4-avril-a-eaubonne\/"]}]},{"@type":"BreadcrumbList","@id":"https:\/\/www.clients.horus-informatique71.fr\/advocnar_backup\/2016\/04\/dossier-noir-transport-aerien-reunion-publique-4-avril-a-eaubonne\/#breadcrumb","itemListElement":[{"@type":"ListItem","position":1,"name":"Accueil","item":"https:\/\/www.clients.horus-informatique71.fr\/advocnar_backup\/"},{"@type":"ListItem","position":2,"name":"Eaubonne : Dossier Noir du Transport A\u00e9rien"}]},{"@type":"WebSite","@id":"https:\/\/www.clients.horus-informatique71.fr\/advocnar_backup\/#website","url":"https:\/\/www.clients.horus-informatique71.fr\/advocnar_backup\/","name":"Advocnar","description":"Association de D\u00e9fense Contre les Nuisances A\u00e9riennes","potentialAction":[{"@type":"SearchAction","target":{"@type":"EntryPoint","urlTemplate":"https:\/\/www.clients.horus-informatique71.fr\/advocnar_backup\/?s={search_term_string}"},"query-input":"required name=search_term_string"}],"inLanguage":"fr-FR"},{"@type":"Person","@id":"https:\/\/www.clients.horus-informatique71.fr\/advocnar_backup\/#\/schema\/person\/28ec283f897fb44e1146415d8015d23e","name":"FBrochot","url":"https:\/\/www.clients.horus-informatique71.fr\/advocnar_backup\/author\/fbrochot\/"}]}},"_links":{"self":[{"href":"https:\/\/www.clients.horus-informatique71.fr\/advocnar_backup\/wp-json\/wp\/v2\/posts\/72149"}],"collection":[{"href":"https:\/\/www.clients.horus-informatique71.fr\/advocnar_backup\/wp-json\/wp\/v2\/posts"}],"about":[{"href":"https:\/\/www.clients.horus-informatique71.fr\/advocnar_backup\/wp-json\/wp\/v2\/types\/post"}],"author":[{"embeddable":true,"href":"https:\/\/www.clients.horus-informatique71.fr\/advocnar_backup\/wp-json\/wp\/v2\/users\/10"}],"replies":[{"embeddable":true,"href":"https:\/\/www.clients.horus-informatique71.fr\/advocnar_backup\/wp-json\/wp\/v2\/comments?post=72149"}],"version-history":[{"count":2,"href":"https:\/\/www.clients.horus-informatique71.fr\/advocnar_backup\/wp-json\/wp\/v2\/posts\/72149\/revisions"}],"predecessor-version":[{"id":73562,"href":"https:\/\/www.clients.horus-informatique71.fr\/advocnar_backup\/wp-json\/wp\/v2\/posts\/72149\/revisions\/73562"}],"wp:featuredmedia":[{"embeddable":true,"href":"https:\/\/www.clients.horus-informatique71.fr\/advocnar_backup\/wp-json\/wp\/v2\/media\/73427"}],"wp:attachment":[{"href":"https:\/\/www.clients.horus-informatique71.fr\/advocnar_backup\/wp-json\/wp\/v2\/media?parent=72149"}],"wp:term":[{"taxonomy":"category","embeddable":true,"href":"https:\/\/www.clients.horus-informatique71.fr\/advocnar_backup\/wp-json\/wp\/v2\/categories?post=72149"},{"taxonomy":"post_tag","embeddable":true,"href":"https:\/\/www.clients.horus-informatique71.fr\/advocnar_backup\/wp-json\/wp\/v2\/tags?post=72149"}],"curies":[{"name":"wp","href":"https:\/\/api.w.org\/{rel}","templated":true}]}}