{"id":72157,"date":"2016-01-28T10:55:20","date_gmt":"2016-01-28T09:55:20","guid":{"rendered":"https:\/\/www.clients.horus-informatique71.fr\/advocnar_backup\/?p=72157"},"modified":"2022-01-05T12:33:33","modified_gmt":"2022-01-05T11:33:33","slug":"assemblee-generale-2016","status":"publish","type":"post","link":"https:\/\/www.clients.horus-informatique71.fr\/advocnar_backup\/2016\/01\/assemblee-generale-2016\/","title":{"rendered":"Assembl\u00e9e G\u00e9n\u00e9rale 2016"},"content":{"rendered":"<h4>Lundi 1er f\u00e9vrier \u00e0 Enghien &#8211; 20h30<\/h4>\n<h3>L\u2019Assembl\u00e9e G\u00e9n\u00e9rale de l&rsquo;ADVOCNAR se tiendra le :<\/h3>\n<h4 style=\"text-align: center;\">Lundi 1er f\u00e9vrier 2016 \u00e0 20h30<br \/>\nSalle des f\u00eates<br \/>\n18 avenue de Ceinture \u2013 Enghien-les-Bains<\/h4>\n<p>&nbsp;<\/p>\n<p>L\u2019ordre du jour est le suivant :<br \/>\n\u2022rapport moral et rapport d\u2019activit\u00e9<br \/>\n\u2022rapport financier<br \/>\n\u2022\u00e9lection du Conseil d\u2019Administration<br \/>\n\u2022actions et projets<br \/>\n\u2022vote d\u2019une motion de valorisation du b\u00e9n\u00e9volat<br \/>\n\u2022vote d\u2019une motion concernant le projet d\u2019a\u00e9roport \u00e0 Notre-Dame-des-Landes<br \/>\n\u2022\u00e9changes d\u2019id\u00e9es<\/p>\n<p>Il sera possible, pour celles et ceux qui n\u2019auraient pas cotis\u00e9 en 2015, de r\u00e9gler leur cotisation \u00e0 l\u2019entr\u00e9e pour assister et voter \u00e0 l\u2019Assembl\u00e9e G\u00e9n\u00e9rale.<\/p>\n<p>Venez nombreux exprimer vos id\u00e9es. Nous vous proposons de terminer les \u00e9changes de fa\u00e7on conviviale autour d\u2019un verre. Nous comptons sur vous.<\/p>\n<hr>\n<p>Prendre connaissance du <a href=\"https:\/\/www.clients.horus-informatique71.fr\/advocnar_backup\/wp-content\/uploads\/2016\/05\/2015-02-04-cr-ag.pdf\" rel=\"\">compte-rendu de l&rsquo;Assembl\u00e9e G\u00e9n\u00e9rale du 4 f\u00e9vrier 2015<\/a><\/p>\n","protected":false},"excerpt":{"rendered":"<p>Lundi 1er f\u00e9vrier \u00e0 Enghien &#8211; 20h30 L\u2019Assembl\u00e9e G\u00e9n\u00e9rale de l&rsquo;ADVOCNAR se tiendra le : Lundi 1er f\u00e9vrier 2016 \u00e0 20h30 Salle des f\u00eates 18 avenue de Ceinture \u2013 Enghien-les-Bains &nbsp; L\u2019ordre du jour est le suivant : \u2022rapport moral et rapport d\u2019activit\u00e9 \u2022rapport financier \u2022\u00e9lection du Conseil d\u2019Administration \u2022actions et projets \u2022vote d\u2019une motion [&hellip;]<\/p>\n","protected":false},"author":10,"featured_media":73430,"comment_status":"closed","ping_status":"open","sticky":false,"template":"","format":"standard","meta":{"footnotes":""},"categories":[46],"tags":[],"yoast_head":"<!-- This site is optimized with the Yoast SEO plugin v22.0 - https:\/\/yoast.com\/wordpress\/plugins\/seo\/ -->\n<title>Assembl\u00e9e G\u00e9n\u00e9rale 2016 - Advocnar<\/title>\n<meta name=\"robots\" content=\"index, follow, max-snippet:-1, max-image-preview:large, max-video-preview:-1\" \/>\n<link rel=\"canonical\" href=\"https:\/\/www.clients.horus-informatique71.fr\/advocnar_backup\/2016\/01\/assemblee-generale-2016\/\" \/>\n<meta property=\"og:locale\" content=\"fr_FR\" \/>\n<meta property=\"og:type\" content=\"article\" \/>\n<meta property=\"og:title\" content=\"Assembl\u00e9e G\u00e9n\u00e9rale 2016 - Advocnar\" \/>\n<meta property=\"og:description\" content=\"Lundi 1er f\u00e9vrier \u00e0 Enghien &#8211; 20h30 L\u2019Assembl\u00e9e G\u00e9n\u00e9rale de l&rsquo;ADVOCNAR se tiendra le : Lundi 1er f\u00e9vrier 2016 \u00e0 20h30 Salle des f\u00eates 18 avenue de Ceinture \u2013 Enghien-les-Bains &nbsp; L\u2019ordre du jour est le suivant : \u2022rapport moral et rapport d\u2019activit\u00e9 \u2022rapport financier \u2022\u00e9lection du Conseil d\u2019Administration \u2022actions et projets \u2022vote d\u2019une motion [&hellip;]\" \/>\n<meta property=\"og:url\" content=\"https:\/\/www.clients.horus-informatique71.fr\/advocnar_backup\/2016\/01\/assemblee-generale-2016\/\" \/>\n<meta property=\"og:site_name\" content=\"Advocnar\" \/>\n<meta property=\"article:published_time\" content=\"2016-01-28T09:55:20+00:00\" \/>\n<meta property=\"article:modified_time\" content=\"2022-01-05T11:33:33+00:00\" \/>\n<meta property=\"og:image\" content=\"https:\/\/www.clients.horus-informatique71.fr\/advocnar_backup\/wp-content\/uploads\/2016\/11\/Assemblee-generale-2016.png\" \/>\n\t<meta property=\"og:image:width\" content=\"717\" \/>\n\t<meta property=\"og:image:height\" content=\"538\" \/>\n\t<meta property=\"og:image:type\" content=\"image\/png\" \/>\n<meta name=\"author\" content=\"FBrochot\" \/>\n<meta name=\"twitter:card\" content=\"summary_large_image\" \/>\n<meta name=\"twitter:label1\" content=\"\u00c9crit par\" \/>\n\t<meta name=\"twitter:data1\" content=\"FBrochot\" \/>\n\t<meta name=\"twitter:label2\" content=\"Dur\u00e9e de lecture estim\u00e9e\" \/>\n\t<meta name=\"twitter:data2\" content=\"1 minute\" \/>\n<script type=\"application\/ld+json\" class=\"yoast-schema-graph\">{\"@context\":\"https:\/\/schema.org\",\"@graph\":[{\"@type\":\"WebPage\",\"@id\":\"https:\/\/www.clients.horus-informatique71.fr\/advocnar_backup\/2016\/01\/assemblee-generale-2016\/\",\"url\":\"https:\/\/www.clients.horus-informatique71.fr\/advocnar_backup\/2016\/01\/assemblee-generale-2016\/\",\"name\":\"Assembl\u00e9e G\u00e9n\u00e9rale 2016 - Advocnar\",\"isPartOf\":{\"@id\":\"https:\/\/www.clients.horus-informatique71.fr\/advocnar_backup\/#website\"},\"datePublished\":\"2016-01-28T09:55:20+00:00\",\"dateModified\":\"2022-01-05T11:33:33+00:00\",\"author\":{\"@id\":\"https:\/\/www.clients.horus-informatique71.fr\/advocnar_backup\/#\/schema\/person\/28ec283f897fb44e1146415d8015d23e\"},\"breadcrumb\":{\"@id\":\"https:\/\/www.clients.horus-informatique71.fr\/advocnar_backup\/2016\/01\/assemblee-generale-2016\/#breadcrumb\"},\"inLanguage\":\"fr-FR\",\"potentialAction\":[{\"@type\":\"ReadAction\",\"target\":[\"https:\/\/www.clients.horus-informatique71.fr\/advocnar_backup\/2016\/01\/assemblee-generale-2016\/\"]}]},{\"@type\":\"BreadcrumbList\",\"@id\":\"https:\/\/www.clients.horus-informatique71.fr\/advocnar_backup\/2016\/01\/assemblee-generale-2016\/#breadcrumb\",\"itemListElement\":[{\"@type\":\"ListItem\",\"position\":1,\"name\":\"Accueil\",\"item\":\"https:\/\/www.clients.horus-informatique71.fr\/advocnar_backup\/\"},{\"@type\":\"ListItem\",\"position\":2,\"name\":\"Assembl\u00e9e G\u00e9n\u00e9rale 2016\"}]},{\"@type\":\"WebSite\",\"@id\":\"https:\/\/www.clients.horus-informatique71.fr\/advocnar_backup\/#website\",\"url\":\"https:\/\/www.clients.horus-informatique71.fr\/advocnar_backup\/\",\"name\":\"Advocnar\",\"description\":\"Association de D\u00e9fense Contre les Nuisances A\u00e9riennes\",\"potentialAction\":[{\"@type\":\"SearchAction\",\"target\":{\"@type\":\"EntryPoint\",\"urlTemplate\":\"https:\/\/www.clients.horus-informatique71.fr\/advocnar_backup\/?s={search_term_string}\"},\"query-input\":\"required name=search_term_string\"}],\"inLanguage\":\"fr-FR\"},{\"@type\":\"Person\",\"@id\":\"https:\/\/www.clients.horus-informatique71.fr\/advocnar_backup\/#\/schema\/person\/28ec283f897fb44e1146415d8015d23e\",\"name\":\"FBrochot\",\"url\":\"https:\/\/www.clients.horus-informatique71.fr\/advocnar_backup\/author\/fbrochot\/\"}]}<\/script>\n<!-- \/ Yoast SEO plugin. -->","yoast_head_json":{"title":"Assembl\u00e9e G\u00e9n\u00e9rale 2016 - Advocnar","robots":{"index":"index","follow":"follow","max-snippet":"max-snippet:-1","max-image-preview":"max-image-preview:large","max-video-preview":"max-video-preview:-1"},"canonical":"https:\/\/www.clients.horus-informatique71.fr\/advocnar_backup\/2016\/01\/assemblee-generale-2016\/","og_locale":"fr_FR","og_type":"article","og_title":"Assembl\u00e9e G\u00e9n\u00e9rale 2016 - Advocnar","og_description":"Lundi 1er f\u00e9vrier \u00e0 Enghien &#8211; 20h30 L\u2019Assembl\u00e9e G\u00e9n\u00e9rale de l&rsquo;ADVOCNAR se tiendra le : Lundi 1er f\u00e9vrier 2016 \u00e0 20h30 Salle des f\u00eates 18 avenue de Ceinture \u2013 Enghien-les-Bains &nbsp; L\u2019ordre du jour est le suivant : \u2022rapport moral et rapport d\u2019activit\u00e9 \u2022rapport financier \u2022\u00e9lection du Conseil d\u2019Administration \u2022actions et projets \u2022vote d\u2019une motion [&hellip;]","og_url":"https:\/\/www.clients.horus-informatique71.fr\/advocnar_backup\/2016\/01\/assemblee-generale-2016\/","og_site_name":"Advocnar","article_published_time":"2016-01-28T09:55:20+00:00","article_modified_time":"2022-01-05T11:33:33+00:00","og_image":[{"width":717,"height":538,"url":"https:\/\/www.clients.horus-informatique71.fr\/advocnar_backup\/wp-content\/uploads\/2016\/11\/Assemblee-generale-2016.png","type":"image\/png"}],"author":"FBrochot","twitter_card":"summary_large_image","twitter_misc":{"\u00c9crit par":"FBrochot","Dur\u00e9e de lecture estim\u00e9e":"1 minute"},"schema":{"@context":"https:\/\/schema.org","@graph":[{"@type":"WebPage","@id":"https:\/\/www.clients.horus-informatique71.fr\/advocnar_backup\/2016\/01\/assemblee-generale-2016\/","url":"https:\/\/www.clients.horus-informatique71.fr\/advocnar_backup\/2016\/01\/assemblee-generale-2016\/","name":"Assembl\u00e9e G\u00e9n\u00e9rale 2016 - Advocnar","isPartOf":{"@id":"https:\/\/www.clients.horus-informatique71.fr\/advocnar_backup\/#website"},"datePublished":"2016-01-28T09:55:20+00:00","dateModified":"2022-01-05T11:33:33+00:00","author":{"@id":"https:\/\/www.clients.horus-informatique71.fr\/advocnar_backup\/#\/schema\/person\/28ec283f897fb44e1146415d8015d23e"},"breadcrumb":{"@id":"https:\/\/www.clients.horus-informatique71.fr\/advocnar_backup\/2016\/01\/assemblee-generale-2016\/#breadcrumb"},"inLanguage":"fr-FR","potentialAction":[{"@type":"ReadAction","target":["https:\/\/www.clients.horus-informatique71.fr\/advocnar_backup\/2016\/01\/assemblee-generale-2016\/"]}]},{"@type":"BreadcrumbList","@id":"https:\/\/www.clients.horus-informatique71.fr\/advocnar_backup\/2016\/01\/assemblee-generale-2016\/#breadcrumb","itemListElement":[{"@type":"ListItem","position":1,"name":"Accueil","item":"https:\/\/www.clients.horus-informatique71.fr\/advocnar_backup\/"},{"@type":"ListItem","position":2,"name":"Assembl\u00e9e G\u00e9n\u00e9rale 2016"}]},{"@type":"WebSite","@id":"https:\/\/www.clients.horus-informatique71.fr\/advocnar_backup\/#website","url":"https:\/\/www.clients.horus-informatique71.fr\/advocnar_backup\/","name":"Advocnar","description":"Association de D\u00e9fense Contre les Nuisances A\u00e9riennes","potentialAction":[{"@type":"SearchAction","target":{"@type":"EntryPoint","urlTemplate":"https:\/\/www.clients.horus-informatique71.fr\/advocnar_backup\/?s={search_term_string}"},"query-input":"required name=search_term_string"}],"inLanguage":"fr-FR"},{"@type":"Person","@id":"https:\/\/www.clients.horus-informatique71.fr\/advocnar_backup\/#\/schema\/person\/28ec283f897fb44e1146415d8015d23e","name":"FBrochot","url":"https:\/\/www.clients.horus-informatique71.fr\/advocnar_backup\/author\/fbrochot\/"}]}},"_links":{"self":[{"href":"https:\/\/www.clients.horus-informatique71.fr\/advocnar_backup\/wp-json\/wp\/v2\/posts\/72157"}],"collection":[{"href":"https:\/\/www.clients.horus-informatique71.fr\/advocnar_backup\/wp-json\/wp\/v2\/posts"}],"about":[{"href":"https:\/\/www.clients.horus-informatique71.fr\/advocnar_backup\/wp-json\/wp\/v2\/types\/post"}],"author":[{"embeddable":true,"href":"https:\/\/www.clients.horus-informatique71.fr\/advocnar_backup\/wp-json\/wp\/v2\/users\/10"}],"replies":[{"embeddable":true,"href":"https:\/\/www.clients.horus-informatique71.fr\/advocnar_backup\/wp-json\/wp\/v2\/comments?post=72157"}],"version-history":[{"count":2,"href":"https:\/\/www.clients.horus-informatique71.fr\/advocnar_backup\/wp-json\/wp\/v2\/posts\/72157\/revisions"}],"predecessor-version":[{"id":77672,"href":"https:\/\/www.clients.horus-informatique71.fr\/advocnar_backup\/wp-json\/wp\/v2\/posts\/72157\/revisions\/77672"}],"wp:featuredmedia":[{"embeddable":true,"href":"https:\/\/www.clients.horus-informatique71.fr\/advocnar_backup\/wp-json\/wp\/v2\/media\/73430"}],"wp:attachment":[{"href":"https:\/\/www.clients.horus-informatique71.fr\/advocnar_backup\/wp-json\/wp\/v2\/media?parent=72157"}],"wp:term":[{"taxonomy":"category","embeddable":true,"href":"https:\/\/www.clients.horus-informatique71.fr\/advocnar_backup\/wp-json\/wp\/v2\/categories?post=72157"},{"taxonomy":"post_tag","embeddable":true,"href":"https:\/\/www.clients.horus-informatique71.fr\/advocnar_backup\/wp-json\/wp\/v2\/tags?post=72157"}],"curies":[{"name":"wp","href":"https:\/\/api.w.org\/{rel}","templated":true}]}}