{"id":72174,"date":"2015-10-27T11:19:07","date_gmt":"2015-10-27T10:19:07","guid":{"rendered":"https:\/\/www.clients.horus-informatique71.fr\/advocnar_backup\/?p=72174"},"modified":"2022-04-04T12:45:10","modified_gmt":"2022-04-04T10:45:10","slug":"rassemblement-elus-riverains","status":"publish","type":"post","link":"https:\/\/www.clients.horus-informatique71.fr\/advocnar_backup\/2015\/10\/rassemblement-elus-riverains\/","title":{"rendered":"Rassemblement Elus-Riverains"},"content":{"rendered":"<h4>Mardi 10 novembre 2015 \u00e0 18h devant le Minist\u00e8re de l&rsquo;Ecologie \u00e0 Paris<\/h4>\n<p>Plus que jamais, <strong>la menace d&rsquo;augmentation du trafic a\u00e9rien en \u00cele-de-France est pr\u00e9sente<\/strong>, cons\u00e9quence pr\u00e9visible du doublement annonc\u00e9 du trafic mondial pour 2030, et corrobor\u00e9e par les pr\u00e9visions d&rsquo;investissements d&rsquo;ADP, ainsi que par les carnets de commande des constructeurs d&rsquo;avions.<\/p>\n<p>Face \u00e0 cette situation, la politique a\u00e9roportuaire du pays se r\u00e9sume en une gestion \u00e0 saturation des a\u00e9roports existants, alors que les couloirs a\u00e9riens survolent des zones tr\u00e8s dens\u00e9ment peupl\u00e9es. Aucune mesure tangible n&rsquo;a \u00e9t\u00e9 prise ces derni\u00e8res ann\u00e9es par les pouvoirs publics, alors qu&rsquo;il existe des solutions r\u00e9alistes et applicables pour r\u00e9duire les nuisances a\u00e9riennes et prot\u00e9ger les habitants survol\u00e9s de la r\u00e9gion la plus peupl\u00e9e de France.<\/p>\n<hr>\n<p style=\"text-align: center;\">C&rsquo;est pourquoi nous vous invitons \u00e0 rejoindre le<\/p>\n<p>RASSEMBLEMENT FRANCILIEN ELUS-RIVERAINS<br \/>\norganis\u00e9 par l&rsquo;ADVOCNAR et la CONVERGENCE ASSOCIATIVE :<\/p>\n<p style=\"text-align: center;\">MARDI 10 NOVEMBRE 2015, A 18 HEURES<br \/>\nMINISTERE DE L&rsquo;ECOLOGIE<br \/>\n246, BOULEVARD SAINT-GERMAIN &#8211; 75007 PARIS<br \/>\nM\u00e9tro Solf\u00e9rino ou Rue du Bac (ligne 12)<\/p>\n<p style=\"text-align: center;\">ENSEMBLE, DEMANDONS AVEC FORCE<\/p>\n<p style=\"text-align: center;\"><span style=\"color: #ff0000;\">L&rsquo;ARR\u00caT DE L&rsquo;AUGMENTATION DU NOMBRE DE VOLS<\/span><br \/>\n<span style=\"color: #ff0000;\"> ET LA R\u00c9DUCTION SUBSTANTIELLE DES NUISANCES A\u00c9RIENNES EN \u00ceLE-DE-FRANCE<\/span><\/p>\n<hr>\n<p>Notre objectif : marquer la mobilisation citoyenne et faire entendre notre position lors d&rsquo;un rendez-vous aupr\u00e8s du cabinet de la Ministre de l&rsquo;Ecologie. Un point presse se tiendra au sortir de cette audition.<\/p>\n<p>Pour notre organisation, il est essentiel de nous confirmer votre participation.<br \/>\nNous vous remercions de bien vouloir contacter le secr\u00e9tariat de l&rsquo;ADVOCNAR : contact@advocnar.fr \/ <a href=\"mailto:contact@convergence-associative.fr\">contact@convergence-associative.fr<\/a> \/ 01 39 899 199.<\/p>\n","protected":false},"excerpt":{"rendered":"<p>Mardi 10 novembre 2015 \u00e0 18h devant le Minist\u00e8re de l&rsquo;Ecologie \u00e0 Paris Plus que jamais, la menace d&rsquo;augmentation du trafic a\u00e9rien en \u00cele-de-France est pr\u00e9sente, cons\u00e9quence pr\u00e9visible du doublement annonc\u00e9 du trafic mondial pour 2030, et corrobor\u00e9e par les pr\u00e9visions d&rsquo;investissements d&rsquo;ADP, ainsi que par les carnets de commande des constructeurs d&rsquo;avions. Face \u00e0 [&hellip;]<\/p>\n","protected":false},"author":10,"featured_media":72175,"comment_status":"closed","ping_status":"open","sticky":false,"template":"","format":"standard","meta":{"footnotes":""},"categories":[46],"tags":[],"yoast_head":"<!-- This site is optimized with the Yoast SEO plugin v22.0 - https:\/\/yoast.com\/wordpress\/plugins\/seo\/ -->\n<title>Rassemblement Elus-Riverains - Advocnar<\/title>\n<meta name=\"robots\" content=\"index, follow, max-snippet:-1, max-image-preview:large, max-video-preview:-1\" \/>\n<link rel=\"canonical\" href=\"https:\/\/www.clients.horus-informatique71.fr\/advocnar_backup\/2015\/10\/rassemblement-elus-riverains\/\" \/>\n<meta property=\"og:locale\" content=\"fr_FR\" \/>\n<meta property=\"og:type\" content=\"article\" \/>\n<meta property=\"og:title\" content=\"Rassemblement Elus-Riverains - Advocnar\" \/>\n<meta property=\"og:description\" content=\"Mardi 10 novembre 2015 \u00e0 18h devant le Minist\u00e8re de l&rsquo;Ecologie \u00e0 Paris Plus que jamais, la menace d&rsquo;augmentation du trafic a\u00e9rien en \u00cele-de-France est pr\u00e9sente, cons\u00e9quence pr\u00e9visible du doublement annonc\u00e9 du trafic mondial pour 2030, et corrobor\u00e9e par les pr\u00e9visions d&rsquo;investissements d&rsquo;ADP, ainsi que par les carnets de commande des constructeurs d&rsquo;avions. Face \u00e0 [&hellip;]\" \/>\n<meta property=\"og:url\" content=\"https:\/\/www.clients.horus-informatique71.fr\/advocnar_backup\/2015\/10\/rassemblement-elus-riverains\/\" \/>\n<meta property=\"og:site_name\" content=\"Advocnar\" \/>\n<meta property=\"article:published_time\" content=\"2015-10-27T10:19:07+00:00\" \/>\n<meta property=\"article:modified_time\" content=\"2022-04-04T10:45:10+00:00\" \/>\n<meta property=\"og:image\" content=\"https:\/\/www.clients.horus-informatique71.fr\/advocnar_backup\/wp-content\/uploads\/2016\/05\/content-560_795_2015-11-10-affiche-rassemblement.png\" \/>\n\t<meta property=\"og:image:width\" content=\"560\" \/>\n\t<meta property=\"og:image:height\" content=\"795\" \/>\n\t<meta property=\"og:image:type\" content=\"image\/png\" \/>\n<meta name=\"author\" content=\"FBrochot\" \/>\n<meta name=\"twitter:card\" content=\"summary_large_image\" \/>\n<meta name=\"twitter:label1\" content=\"\u00c9crit par\" \/>\n\t<meta name=\"twitter:data1\" content=\"FBrochot\" \/>\n\t<meta name=\"twitter:label2\" content=\"Dur\u00e9e de lecture estim\u00e9e\" \/>\n\t<meta name=\"twitter:data2\" content=\"2 minutes\" \/>\n<script type=\"application\/ld+json\" class=\"yoast-schema-graph\">{\"@context\":\"https:\/\/schema.org\",\"@graph\":[{\"@type\":\"WebPage\",\"@id\":\"https:\/\/www.clients.horus-informatique71.fr\/advocnar_backup\/2015\/10\/rassemblement-elus-riverains\/\",\"url\":\"https:\/\/www.clients.horus-informatique71.fr\/advocnar_backup\/2015\/10\/rassemblement-elus-riverains\/\",\"name\":\"Rassemblement Elus-Riverains - Advocnar\",\"isPartOf\":{\"@id\":\"https:\/\/www.clients.horus-informatique71.fr\/advocnar_backup\/#website\"},\"datePublished\":\"2015-10-27T10:19:07+00:00\",\"dateModified\":\"2022-04-04T10:45:10+00:00\",\"author\":{\"@id\":\"https:\/\/www.clients.horus-informatique71.fr\/advocnar_backup\/#\/schema\/person\/28ec283f897fb44e1146415d8015d23e\"},\"breadcrumb\":{\"@id\":\"https:\/\/www.clients.horus-informatique71.fr\/advocnar_backup\/2015\/10\/rassemblement-elus-riverains\/#breadcrumb\"},\"inLanguage\":\"fr-FR\",\"potentialAction\":[{\"@type\":\"ReadAction\",\"target\":[\"https:\/\/www.clients.horus-informatique71.fr\/advocnar_backup\/2015\/10\/rassemblement-elus-riverains\/\"]}]},{\"@type\":\"BreadcrumbList\",\"@id\":\"https:\/\/www.clients.horus-informatique71.fr\/advocnar_backup\/2015\/10\/rassemblement-elus-riverains\/#breadcrumb\",\"itemListElement\":[{\"@type\":\"ListItem\",\"position\":1,\"name\":\"Accueil\",\"item\":\"https:\/\/www.clients.horus-informatique71.fr\/advocnar_backup\/\"},{\"@type\":\"ListItem\",\"position\":2,\"name\":\"Rassemblement Elus-Riverains\"}]},{\"@type\":\"WebSite\",\"@id\":\"https:\/\/www.clients.horus-informatique71.fr\/advocnar_backup\/#website\",\"url\":\"https:\/\/www.clients.horus-informatique71.fr\/advocnar_backup\/\",\"name\":\"Advocnar\",\"description\":\"Association de D\u00e9fense Contre les Nuisances A\u00e9riennes\",\"potentialAction\":[{\"@type\":\"SearchAction\",\"target\":{\"@type\":\"EntryPoint\",\"urlTemplate\":\"https:\/\/www.clients.horus-informatique71.fr\/advocnar_backup\/?s={search_term_string}\"},\"query-input\":\"required name=search_term_string\"}],\"inLanguage\":\"fr-FR\"},{\"@type\":\"Person\",\"@id\":\"https:\/\/www.clients.horus-informatique71.fr\/advocnar_backup\/#\/schema\/person\/28ec283f897fb44e1146415d8015d23e\",\"name\":\"FBrochot\",\"url\":\"https:\/\/www.clients.horus-informatique71.fr\/advocnar_backup\/author\/fbrochot\/\"}]}<\/script>\n<!-- \/ Yoast SEO plugin. -->","yoast_head_json":{"title":"Rassemblement Elus-Riverains - Advocnar","robots":{"index":"index","follow":"follow","max-snippet":"max-snippet:-1","max-image-preview":"max-image-preview:large","max-video-preview":"max-video-preview:-1"},"canonical":"https:\/\/www.clients.horus-informatique71.fr\/advocnar_backup\/2015\/10\/rassemblement-elus-riverains\/","og_locale":"fr_FR","og_type":"article","og_title":"Rassemblement Elus-Riverains - Advocnar","og_description":"Mardi 10 novembre 2015 \u00e0 18h devant le Minist\u00e8re de l&rsquo;Ecologie \u00e0 Paris Plus que jamais, la menace d&rsquo;augmentation du trafic a\u00e9rien en \u00cele-de-France est pr\u00e9sente, cons\u00e9quence pr\u00e9visible du doublement annonc\u00e9 du trafic mondial pour 2030, et corrobor\u00e9e par les pr\u00e9visions d&rsquo;investissements d&rsquo;ADP, ainsi que par les carnets de commande des constructeurs d&rsquo;avions. Face \u00e0 [&hellip;]","og_url":"https:\/\/www.clients.horus-informatique71.fr\/advocnar_backup\/2015\/10\/rassemblement-elus-riverains\/","og_site_name":"Advocnar","article_published_time":"2015-10-27T10:19:07+00:00","article_modified_time":"2022-04-04T10:45:10+00:00","og_image":[{"width":560,"height":795,"url":"https:\/\/www.clients.horus-informatique71.fr\/advocnar_backup\/wp-content\/uploads\/2016\/05\/content-560_795_2015-11-10-affiche-rassemblement.png","type":"image\/png"}],"author":"FBrochot","twitter_card":"summary_large_image","twitter_misc":{"\u00c9crit par":"FBrochot","Dur\u00e9e de lecture estim\u00e9e":"2 minutes"},"schema":{"@context":"https:\/\/schema.org","@graph":[{"@type":"WebPage","@id":"https:\/\/www.clients.horus-informatique71.fr\/advocnar_backup\/2015\/10\/rassemblement-elus-riverains\/","url":"https:\/\/www.clients.horus-informatique71.fr\/advocnar_backup\/2015\/10\/rassemblement-elus-riverains\/","name":"Rassemblement Elus-Riverains - Advocnar","isPartOf":{"@id":"https:\/\/www.clients.horus-informatique71.fr\/advocnar_backup\/#website"},"datePublished":"2015-10-27T10:19:07+00:00","dateModified":"2022-04-04T10:45:10+00:00","author":{"@id":"https:\/\/www.clients.horus-informatique71.fr\/advocnar_backup\/#\/schema\/person\/28ec283f897fb44e1146415d8015d23e"},"breadcrumb":{"@id":"https:\/\/www.clients.horus-informatique71.fr\/advocnar_backup\/2015\/10\/rassemblement-elus-riverains\/#breadcrumb"},"inLanguage":"fr-FR","potentialAction":[{"@type":"ReadAction","target":["https:\/\/www.clients.horus-informatique71.fr\/advocnar_backup\/2015\/10\/rassemblement-elus-riverains\/"]}]},{"@type":"BreadcrumbList","@id":"https:\/\/www.clients.horus-informatique71.fr\/advocnar_backup\/2015\/10\/rassemblement-elus-riverains\/#breadcrumb","itemListElement":[{"@type":"ListItem","position":1,"name":"Accueil","item":"https:\/\/www.clients.horus-informatique71.fr\/advocnar_backup\/"},{"@type":"ListItem","position":2,"name":"Rassemblement Elus-Riverains"}]},{"@type":"WebSite","@id":"https:\/\/www.clients.horus-informatique71.fr\/advocnar_backup\/#website","url":"https:\/\/www.clients.horus-informatique71.fr\/advocnar_backup\/","name":"Advocnar","description":"Association de D\u00e9fense Contre les Nuisances A\u00e9riennes","potentialAction":[{"@type":"SearchAction","target":{"@type":"EntryPoint","urlTemplate":"https:\/\/www.clients.horus-informatique71.fr\/advocnar_backup\/?s={search_term_string}"},"query-input":"required name=search_term_string"}],"inLanguage":"fr-FR"},{"@type":"Person","@id":"https:\/\/www.clients.horus-informatique71.fr\/advocnar_backup\/#\/schema\/person\/28ec283f897fb44e1146415d8015d23e","name":"FBrochot","url":"https:\/\/www.clients.horus-informatique71.fr\/advocnar_backup\/author\/fbrochot\/"}]}},"_links":{"self":[{"href":"https:\/\/www.clients.horus-informatique71.fr\/advocnar_backup\/wp-json\/wp\/v2\/posts\/72174"}],"collection":[{"href":"https:\/\/www.clients.horus-informatique71.fr\/advocnar_backup\/wp-json\/wp\/v2\/posts"}],"about":[{"href":"https:\/\/www.clients.horus-informatique71.fr\/advocnar_backup\/wp-json\/wp\/v2\/types\/post"}],"author":[{"embeddable":true,"href":"https:\/\/www.clients.horus-informatique71.fr\/advocnar_backup\/wp-json\/wp\/v2\/users\/10"}],"replies":[{"embeddable":true,"href":"https:\/\/www.clients.horus-informatique71.fr\/advocnar_backup\/wp-json\/wp\/v2\/comments?post=72174"}],"version-history":[{"count":3,"href":"https:\/\/www.clients.horus-informatique71.fr\/advocnar_backup\/wp-json\/wp\/v2\/posts\/72174\/revisions"}],"predecessor-version":[{"id":77954,"href":"https:\/\/www.clients.horus-informatique71.fr\/advocnar_backup\/wp-json\/wp\/v2\/posts\/72174\/revisions\/77954"}],"wp:featuredmedia":[{"embeddable":true,"href":"https:\/\/www.clients.horus-informatique71.fr\/advocnar_backup\/wp-json\/wp\/v2\/media\/72175"}],"wp:attachment":[{"href":"https:\/\/www.clients.horus-informatique71.fr\/advocnar_backup\/wp-json\/wp\/v2\/media?parent=72174"}],"wp:term":[{"taxonomy":"category","embeddable":true,"href":"https:\/\/www.clients.horus-informatique71.fr\/advocnar_backup\/wp-json\/wp\/v2\/categories?post=72174"},{"taxonomy":"post_tag","embeddable":true,"href":"https:\/\/www.clients.horus-informatique71.fr\/advocnar_backup\/wp-json\/wp\/v2\/tags?post=72174"}],"curies":[{"name":"wp","href":"https:\/\/api.w.org\/{rel}","templated":true}]}}