{"id":72255,"date":"2015-03-23T10:50:54","date_gmt":"2015-03-23T09:50:54","guid":{"rendered":"https:\/\/www.clients.horus-informatique71.fr\/advocnar_backup\/?p=72255"},"modified":"2021-12-31T09:39:06","modified_gmt":"2021-12-31T08:39:06","slug":"nouveau-pic-de-pollution-ile-de-france","status":"publish","type":"post","link":"https:\/\/www.clients.horus-informatique71.fr\/advocnar_backup\/2015\/03\/nouveau-pic-de-pollution-ile-de-france\/","title":{"rendered":"Nouveau pic de pollution en Ile-de-France"},"content":{"rendered":"<h3 style=\"text-align: center;\">trafic altern\u00e9 d\u00e9cid\u00e9 pour les v\u00e9hicules routiers,<\/h3>\n<h3 style=\"text-align: center;\">trafic a\u00e9rien toujours en roue libre, en totale contravention avec la loi.<\/h3>\n<h4 style=\"text-align: left;\">23.03.2015<\/h4>\n<p>COMMUNIQU\u00c9 DE PRESSE<\/p>\n<p>&nbsp;<\/p>\n<p>Nouveau pic de pollution&nbsp;en Ile-de-France&nbsp;: trafic altern\u00e9 d\u00e9cid\u00e9 pour les v\u00e9hicules routiers, trafic a\u00e9rien toujours en roue libre, en totale contravention avec la loi.<\/p>\n<p>Comme en 2013 et 2014, les habitants d\u2019Ile-de-France subissent un nouveau pic de pollution de l\u2019air aux particules, mais il atteint cette fois un niveau historique. Une fois de plus, les valeurs r\u00e9glementaires sont largement d\u00e9pass\u00e9es et notre sant\u00e9 est en danger. Mercredi 18 mars, Paris \u00e9tait la ville la plus pollu\u00e9e au monde, devant Shanghai&nbsp;!<\/p>\n<p>Les particules sont class\u00e9es depuis 2012 par l&rsquo;Organisation mondiale de la sant\u00e9 (OMS) comme canc\u00e9rog\u00e8nes et favorisant certaines maladies cardiovasculaires ainsi que l&rsquo;asthme. Elles ont aussi des incidences sur les naissances et exposent les femmes enceintes \u00e0 un risque accru de mettre au monde des enfants de faible poids. L&rsquo;OMS estime que plus de 2 &nbsp;millions de personnes dans le monde meurent chaque ann\u00e9e du fait de l&rsquo;inhalation de particules fines pr\u00e9sentes dans l&rsquo;air int\u00e9rieur et ext\u00e9rieur \u2013 parmi les 7 millions de d\u00e9c\u00e8s dus \u00e0 la pollution globale de l&rsquo;air.<\/p>\n<p>Or les polluants issus de la combustion du k\u00e9ros\u00e8ne sont toxiques : oxydes d&rsquo;azote (NOx), particules fines (PM) et compos\u00e9s organiques volatils (COV) continuent de tuer puisque la similitude du k\u00e9ros\u00e8ne avec le gazole fait que la pollution des avions est identique \u00e0 celle des moteurs diesel.<\/p>\n<p>Les concentrations de PM10 sont pourtant encadr\u00e9es par la loi depuis 2008 car la directive europ\u00e9enne sur la qualit\u00e9 de l&rsquo;air impose de ne pas d\u00e9passer 50 microgrammes par m\u00e8tre cube d&rsquo;air (\u00b5g\/m3) pendant plus de trente-cinq jours pendant une ann\u00e9e. La France, qui ne respecte pas ces normes, fait l&rsquo;objet d&rsquo;un recours devant la Cour de justice de l&rsquo;Union europ\u00e9enne.<\/p>\n<p>Comme en 2013 et 2014, l\u2019ADVOCNAR demande avec force que l\u2019Etat prot\u00e8ge ses citoyens et respecte le r\u00e9cent rappel de la Cour de justice de l&rsquo;Union europ\u00e9enne (CJUE)&nbsp;: dans un arr\u00eat rendu le 19 novembre 2014 concernant le Royaume-Uni, elle indique \u00e0 nouveau que les valeurs limites des polluants sur la qualit\u00e9 de l&rsquo;air constituent une obligation de r\u00e9sultat.<\/p>\n<p><strong>La r\u00e9duction du trafic a\u00e9rien en cas de pic de pollution<\/strong>, qui est pr\u00e9vue par <a href=\"https:\/\/www.clients.horus-informatique71.fr\/advocnar_backup\/wp-content\/uploads\/2016\/05\/loi-grenelle-ii-article-181-code-de-l-environnement-art-r223-1-1.pdf\"><span style=\"text-decoration: underline;\">l\u2019article 181 de la loi Grenelle II<\/span> <\/a>du 12 juillet 2010, et dans<span style=\"text-decoration: underline;\"> <a href=\"https:\/\/www.clients.horus-informatique71.fr\/advocnar_backup\/wp-content\/uploads\/2016\/05\/arrete-du-26-mars-2014-version-initiale-episodes-de-pollution-1.pdf\">l\u2019arr\u00eat\u00e9 du 26 mars 2014<\/a> <\/span>relatif au d\u00e9clenchement des proc\u00e9dures pr\u00e9fectorales en cas d\u2019\u00e9pisodes de pollution de l\u2019air ambiant, n\u2019a jamais \u00e9t\u00e9 appliqu\u00e9e. Faire des lois pour rassurer la population, c\u2019est bien. Appliquer ces lois pour prot\u00e9ger leur sant\u00e9, c\u2019est mieux.<\/p>\n<p><strong>La mise en place de mesures de fond s\u2019impose avant que les seuils critiques ne soient atteints.<\/strong><br \/>\n<strong>Concernant le transport a\u00e9rien, des dispositions pr\u00e9conis\u00e9es depuis longtemps doivent \u00eatre mises en \u0153uvre&nbsp;:<\/strong><\/p>\n<ul>\n<li>Plafonnement du trafic a\u00e9rien en Ile-de-France<\/li>\n<li>Trajectoires \u00e9pargnant les zones dens\u00e9ment peupl\u00e9es<\/li>\n<li>Incitations efficaces conduisant au renouvellement acc\u00e9l\u00e9r\u00e9 des flottes<\/li>\n<\/ul>\n<p>En cette p\u00e9riode d\u2019enjeux d\u00e9mocratiques que constituent les \u00e9lections d\u00e9partementales et \u00e0 l\u2019heure o\u00f9 l\u2019abstention constitue une pr\u00e9occupation majeure, l\u2019Etat se doit de tenir ses engagements.<\/p>\n<hr>\n<p>&nbsp;<\/p>\n<p><a href=\"https:\/\/www.clients.horus-informatique71.fr\/advocnar_backup\/wp-content\/uploads\/2015\/03\/2015-03-23-communique-advocnar-pics-de-pollution-en-idf-2-.pdf\">Le communiqu\u00e9 de presse en pdf<\/a><\/p>\n<p>&nbsp;<\/p>\n","protected":false},"excerpt":{"rendered":"<p>trafic altern\u00e9 d\u00e9cid\u00e9 pour les v\u00e9hicules routiers, trafic a\u00e9rien toujours en roue libre, en totale contravention avec la loi. 23.03.2015 COMMUNIQU\u00c9 DE PRESSE &nbsp; Nouveau pic de pollution&nbsp;en Ile-de-France&nbsp;: trafic altern\u00e9 d\u00e9cid\u00e9 pour les v\u00e9hicules routiers, trafic a\u00e9rien toujours en roue libre, en totale contravention avec la loi. Comme en 2013 et 2014, les habitants [&hellip;]<\/p>\n","protected":false},"author":10,"featured_media":0,"comment_status":"closed","ping_status":"open","sticky":false,"template":"","format":"standard","meta":{"footnotes":""},"categories":[46],"tags":[],"yoast_head":"<!-- This site is optimized with the Yoast SEO plugin v22.0 - https:\/\/yoast.com\/wordpress\/plugins\/seo\/ -->\n<title>Nouveau pic de pollution en Ile-de-France - Advocnar<\/title>\n<meta name=\"robots\" content=\"index, follow, max-snippet:-1, max-image-preview:large, max-video-preview:-1\" \/>\n<link rel=\"canonical\" href=\"https:\/\/www.clients.horus-informatique71.fr\/advocnar_backup\/2015\/03\/nouveau-pic-de-pollution-ile-de-france\/\" \/>\n<meta property=\"og:locale\" content=\"fr_FR\" \/>\n<meta property=\"og:type\" content=\"article\" \/>\n<meta property=\"og:title\" content=\"Nouveau pic de pollution en Ile-de-France - Advocnar\" \/>\n<meta property=\"og:description\" content=\"trafic altern\u00e9 d\u00e9cid\u00e9 pour les v\u00e9hicules routiers, trafic a\u00e9rien toujours en roue libre, en totale contravention avec la loi. 23.03.2015 COMMUNIQU\u00c9 DE PRESSE &nbsp; Nouveau pic de pollution&nbsp;en Ile-de-France&nbsp;: trafic altern\u00e9 d\u00e9cid\u00e9 pour les v\u00e9hicules routiers, trafic a\u00e9rien toujours en roue libre, en totale contravention avec la loi. Comme en 2013 et 2014, les habitants [&hellip;]\" \/>\n<meta property=\"og:url\" content=\"https:\/\/www.clients.horus-informatique71.fr\/advocnar_backup\/2015\/03\/nouveau-pic-de-pollution-ile-de-france\/\" \/>\n<meta property=\"og:site_name\" content=\"Advocnar\" \/>\n<meta property=\"article:published_time\" content=\"2015-03-23T09:50:54+00:00\" \/>\n<meta property=\"article:modified_time\" content=\"2021-12-31T08:39:06+00:00\" \/>\n<meta name=\"author\" content=\"FBrochot\" \/>\n<meta name=\"twitter:card\" content=\"summary_large_image\" \/>\n<meta name=\"twitter:label1\" content=\"\u00c9crit par\" \/>\n\t<meta name=\"twitter:data1\" content=\"FBrochot\" \/>\n\t<meta name=\"twitter:label2\" content=\"Dur\u00e9e de lecture estim\u00e9e\" \/>\n\t<meta name=\"twitter:data2\" content=\"3 minutes\" \/>\n<script type=\"application\/ld+json\" class=\"yoast-schema-graph\">{\"@context\":\"https:\/\/schema.org\",\"@graph\":[{\"@type\":\"WebPage\",\"@id\":\"https:\/\/www.clients.horus-informatique71.fr\/advocnar_backup\/2015\/03\/nouveau-pic-de-pollution-ile-de-france\/\",\"url\":\"https:\/\/www.clients.horus-informatique71.fr\/advocnar_backup\/2015\/03\/nouveau-pic-de-pollution-ile-de-france\/\",\"name\":\"Nouveau pic de pollution en Ile-de-France - Advocnar\",\"isPartOf\":{\"@id\":\"https:\/\/www.clients.horus-informatique71.fr\/advocnar_backup\/#website\"},\"datePublished\":\"2015-03-23T09:50:54+00:00\",\"dateModified\":\"2021-12-31T08:39:06+00:00\",\"author\":{\"@id\":\"https:\/\/www.clients.horus-informatique71.fr\/advocnar_backup\/#\/schema\/person\/28ec283f897fb44e1146415d8015d23e\"},\"breadcrumb\":{\"@id\":\"https:\/\/www.clients.horus-informatique71.fr\/advocnar_backup\/2015\/03\/nouveau-pic-de-pollution-ile-de-france\/#breadcrumb\"},\"inLanguage\":\"fr-FR\",\"potentialAction\":[{\"@type\":\"ReadAction\",\"target\":[\"https:\/\/www.clients.horus-informatique71.fr\/advocnar_backup\/2015\/03\/nouveau-pic-de-pollution-ile-de-france\/\"]}]},{\"@type\":\"BreadcrumbList\",\"@id\":\"https:\/\/www.clients.horus-informatique71.fr\/advocnar_backup\/2015\/03\/nouveau-pic-de-pollution-ile-de-france\/#breadcrumb\",\"itemListElement\":[{\"@type\":\"ListItem\",\"position\":1,\"name\":\"Accueil\",\"item\":\"https:\/\/www.clients.horus-informatique71.fr\/advocnar_backup\/\"},{\"@type\":\"ListItem\",\"position\":2,\"name\":\"Nouveau pic de pollution en Ile-de-France\"}]},{\"@type\":\"WebSite\",\"@id\":\"https:\/\/www.clients.horus-informatique71.fr\/advocnar_backup\/#website\",\"url\":\"https:\/\/www.clients.horus-informatique71.fr\/advocnar_backup\/\",\"name\":\"Advocnar\",\"description\":\"Association de D\u00e9fense Contre les Nuisances A\u00e9riennes\",\"potentialAction\":[{\"@type\":\"SearchAction\",\"target\":{\"@type\":\"EntryPoint\",\"urlTemplate\":\"https:\/\/www.clients.horus-informatique71.fr\/advocnar_backup\/?s={search_term_string}\"},\"query-input\":\"required name=search_term_string\"}],\"inLanguage\":\"fr-FR\"},{\"@type\":\"Person\",\"@id\":\"https:\/\/www.clients.horus-informatique71.fr\/advocnar_backup\/#\/schema\/person\/28ec283f897fb44e1146415d8015d23e\",\"name\":\"FBrochot\",\"url\":\"https:\/\/www.clients.horus-informatique71.fr\/advocnar_backup\/author\/fbrochot\/\"}]}<\/script>\n<!-- \/ Yoast SEO plugin. -->","yoast_head_json":{"title":"Nouveau pic de pollution en Ile-de-France - Advocnar","robots":{"index":"index","follow":"follow","max-snippet":"max-snippet:-1","max-image-preview":"max-image-preview:large","max-video-preview":"max-video-preview:-1"},"canonical":"https:\/\/www.clients.horus-informatique71.fr\/advocnar_backup\/2015\/03\/nouveau-pic-de-pollution-ile-de-france\/","og_locale":"fr_FR","og_type":"article","og_title":"Nouveau pic de pollution en Ile-de-France - Advocnar","og_description":"trafic altern\u00e9 d\u00e9cid\u00e9 pour les v\u00e9hicules routiers, trafic a\u00e9rien toujours en roue libre, en totale contravention avec la loi. 23.03.2015 COMMUNIQU\u00c9 DE PRESSE &nbsp; Nouveau pic de pollution&nbsp;en Ile-de-France&nbsp;: trafic altern\u00e9 d\u00e9cid\u00e9 pour les v\u00e9hicules routiers, trafic a\u00e9rien toujours en roue libre, en totale contravention avec la loi. Comme en 2013 et 2014, les habitants [&hellip;]","og_url":"https:\/\/www.clients.horus-informatique71.fr\/advocnar_backup\/2015\/03\/nouveau-pic-de-pollution-ile-de-france\/","og_site_name":"Advocnar","article_published_time":"2015-03-23T09:50:54+00:00","article_modified_time":"2021-12-31T08:39:06+00:00","author":"FBrochot","twitter_card":"summary_large_image","twitter_misc":{"\u00c9crit par":"FBrochot","Dur\u00e9e de lecture estim\u00e9e":"3 minutes"},"schema":{"@context":"https:\/\/schema.org","@graph":[{"@type":"WebPage","@id":"https:\/\/www.clients.horus-informatique71.fr\/advocnar_backup\/2015\/03\/nouveau-pic-de-pollution-ile-de-france\/","url":"https:\/\/www.clients.horus-informatique71.fr\/advocnar_backup\/2015\/03\/nouveau-pic-de-pollution-ile-de-france\/","name":"Nouveau pic de pollution en Ile-de-France - Advocnar","isPartOf":{"@id":"https:\/\/www.clients.horus-informatique71.fr\/advocnar_backup\/#website"},"datePublished":"2015-03-23T09:50:54+00:00","dateModified":"2021-12-31T08:39:06+00:00","author":{"@id":"https:\/\/www.clients.horus-informatique71.fr\/advocnar_backup\/#\/schema\/person\/28ec283f897fb44e1146415d8015d23e"},"breadcrumb":{"@id":"https:\/\/www.clients.horus-informatique71.fr\/advocnar_backup\/2015\/03\/nouveau-pic-de-pollution-ile-de-france\/#breadcrumb"},"inLanguage":"fr-FR","potentialAction":[{"@type":"ReadAction","target":["https:\/\/www.clients.horus-informatique71.fr\/advocnar_backup\/2015\/03\/nouveau-pic-de-pollution-ile-de-france\/"]}]},{"@type":"BreadcrumbList","@id":"https:\/\/www.clients.horus-informatique71.fr\/advocnar_backup\/2015\/03\/nouveau-pic-de-pollution-ile-de-france\/#breadcrumb","itemListElement":[{"@type":"ListItem","position":1,"name":"Accueil","item":"https:\/\/www.clients.horus-informatique71.fr\/advocnar_backup\/"},{"@type":"ListItem","position":2,"name":"Nouveau pic de pollution en Ile-de-France"}]},{"@type":"WebSite","@id":"https:\/\/www.clients.horus-informatique71.fr\/advocnar_backup\/#website","url":"https:\/\/www.clients.horus-informatique71.fr\/advocnar_backup\/","name":"Advocnar","description":"Association de D\u00e9fense Contre les Nuisances A\u00e9riennes","potentialAction":[{"@type":"SearchAction","target":{"@type":"EntryPoint","urlTemplate":"https:\/\/www.clients.horus-informatique71.fr\/advocnar_backup\/?s={search_term_string}"},"query-input":"required name=search_term_string"}],"inLanguage":"fr-FR"},{"@type":"Person","@id":"https:\/\/www.clients.horus-informatique71.fr\/advocnar_backup\/#\/schema\/person\/28ec283f897fb44e1146415d8015d23e","name":"FBrochot","url":"https:\/\/www.clients.horus-informatique71.fr\/advocnar_backup\/author\/fbrochot\/"}]}},"_links":{"self":[{"href":"https:\/\/www.clients.horus-informatique71.fr\/advocnar_backup\/wp-json\/wp\/v2\/posts\/72255"}],"collection":[{"href":"https:\/\/www.clients.horus-informatique71.fr\/advocnar_backup\/wp-json\/wp\/v2\/posts"}],"about":[{"href":"https:\/\/www.clients.horus-informatique71.fr\/advocnar_backup\/wp-json\/wp\/v2\/types\/post"}],"author":[{"embeddable":true,"href":"https:\/\/www.clients.horus-informatique71.fr\/advocnar_backup\/wp-json\/wp\/v2\/users\/10"}],"replies":[{"embeddable":true,"href":"https:\/\/www.clients.horus-informatique71.fr\/advocnar_backup\/wp-json\/wp\/v2\/comments?post=72255"}],"version-history":[{"count":2,"href":"https:\/\/www.clients.horus-informatique71.fr\/advocnar_backup\/wp-json\/wp\/v2\/posts\/72255\/revisions"}],"predecessor-version":[{"id":77647,"href":"https:\/\/www.clients.horus-informatique71.fr\/advocnar_backup\/wp-json\/wp\/v2\/posts\/72255\/revisions\/77647"}],"wp:attachment":[{"href":"https:\/\/www.clients.horus-informatique71.fr\/advocnar_backup\/wp-json\/wp\/v2\/media?parent=72255"}],"wp:term":[{"taxonomy":"category","embeddable":true,"href":"https:\/\/www.clients.horus-informatique71.fr\/advocnar_backup\/wp-json\/wp\/v2\/categories?post=72255"},{"taxonomy":"post_tag","embeddable":true,"href":"https:\/\/www.clients.horus-informatique71.fr\/advocnar_backup\/wp-json\/wp\/v2\/tags?post=72255"}],"curies":[{"name":"wp","href":"https:\/\/api.w.org\/{rel}","templated":true}]}}