{"id":72288,"date":"2014-09-16T15:04:27","date_gmt":"2014-09-16T14:04:27","guid":{"rendered":"https:\/\/www.clients.horus-informatique71.fr\/advocnar_backup\/?p=72288"},"modified":"2021-12-31T09:31:02","modified_gmt":"2021-12-31T08:31:02","slug":"nouvelle-solution-incantatoire-lutter-contre-pollution-aerienne","status":"publish","type":"post","link":"https:\/\/www.clients.horus-informatique71.fr\/advocnar_backup\/2014\/09\/nouvelle-solution-incantatoire-lutter-contre-pollution-aerienne\/","title":{"rendered":"IDFE d\u00e9nonce la pollution a\u00e9rienne"},"content":{"rendered":"<p><strong>La danse de la pluie?<\/strong><br \/>\nNouveau pic de pollution en Ile-de-France : le bilan carbone d\u00fb au trafic a\u00e9rien enfin reconnu comme deux fois plus important que celui du terrestre !<br \/>\nLe travail des associations et des citoyens consiste maintenant \u00e0 faire respecter la loi Grenelle II pour que les autorit\u00e9s appliquent les dispositions pr\u00e9vues par le l\u00e9gislateur, soit la r\u00e9duction du trafic a\u00e9rien en cas de pic de pollution, qui est pr\u00e9vue par l&rsquo;article 181 de la loi Grenelle II du 12 juillet 2010.<br \/>\n<em>* L&rsquo;ADVOCNAR est membre d&rsquo;IDFE<\/em><\/p>\n<hr>\n<p>Mardi 16 septembre 2014<br \/>\n<span style=\"color: #00ccff;\">&nbsp; &nbsp; &nbsp; &nbsp; &nbsp; &nbsp; &nbsp; &nbsp; &nbsp; &nbsp; &nbsp; &nbsp; &nbsp; &nbsp; &nbsp; &nbsp; &nbsp; &nbsp; &nbsp; &nbsp; &nbsp; &nbsp; &nbsp; &nbsp; &nbsp;<\/span><\/p>\n<p><img loading=\"lazy\" decoding=\"async\" class=\"alignleft wp-image-72289 \" src=\"https:\/\/www.clients.horus-informatique71.fr\/advocnar_backup\/wp-content\/uploads\/2016\/05\/content-100_75_Logo-IDFE.gif\" alt=\"content-100_75_Logo-IDFE\" width=\"148\" height=\"111\"><\/p>\n<p>&nbsp;<\/p>\n<p style=\"text-align: center;\"><span style=\"color: #00ccff;\">Communiqu\u00e9 de presse<\/span><\/p>\n<p style=\"text-align: center;\"><span style=\"color: #00ccff;\">La danse de la pluie, nouvelle solution incantatoire<\/span><br \/>\n<span style=\"color: #00ccff;\">pour lutter contre la pollution a\u00e9rienne ?<\/span><\/p>\n<p>Airparif constate aujourd&rsquo;hui un niveau de pollution a\u00e9rienne \u00e9lev\u00e9 d\u00e9passant 80 microgrammes de poussi\u00e8res en suspension par m\u00e8tre cube en moyenne sur la journ\u00e9e.<\/p>\n<p>La pr\u00e9sence des particules fines est favoris\u00e9e ces derniers jours par la faiblesse du vent, l&rsquo;ensoleillement et une plus forte amplitude des temp\u00e9ratures entre la nuit et le jour, qui tendent \u00e0 bloquer les polluants au sol. L&rsquo;arriv\u00e9e de la pluie, annonc\u00e9e dans la nuit de mercredi, pourrait am\u00e9liorer la situation toujours selon Airparif. La pollution atmosph\u00e9rique est d\u00e9j\u00e0 connue pour augmenter les risques-sant\u00e9 comme les maladies respiratoires et cardiaques. L&rsquo;automne dernier, le Centre International de Recherche sur le Cancer (CIRC), agence sp\u00e9cialis\u00e9e de l&rsquo;Organisation Mondiale de la Sant\u00e9 (OMS) a class\u00e9 l&rsquo;air ext\u00e9rieur pollu\u00e9 comme \u00ab canc\u00e9rog\u00e8ne certain pour l&rsquo;homme \u00bb1.<\/p>\n<p>Ile de France Environnement (IDFE) s&rsquo;interroge : les Franciliens doivent-ils entreprendre des danses de la pluie pour se garantir un air respirable ?<\/p>\n<p>Dominique Duval, pr\u00e9sidente d&rsquo;IDFE met en garde : \u00ab Ces alertes graves pour notre sant\u00e9 se multiplient. Il est urgent de mettre en place des mesures efficaces et remettre en question profond\u00e9ment notre mod\u00e8le actuel de mobilit\u00e9s. La facture est cons\u00e9quente, les co\u00fbts sanitaires annuels2 li\u00e9s \u00e0 la pollution de l&rsquo;air sont compris entre 20 \u00e0 30 milliards d&rsquo;euros par an en France m\u00e9tropolitaine : d\u00e9c\u00e8s pr\u00e9matur\u00e9s, hospitalisations, consultations m\u00e9dicales, m\u00e9dicaments, r\u00e9duction d&rsquo;activit\u00e9s et arr\u00eats de travail. Le Plan d&rsquo;urgence pour am\u00e9liorer la qualit\u00e9 de l&rsquo;air adopt\u00e9 par le gouvernement ne s&rsquo;attaque pas suffisamment aux causes principales de la pollution de l&rsquo;air. Il est imp\u00e9ratif d&rsquo;adopter rapidement des l\u00e9gislations sectorielles pour r\u00e9duire les \u00e9missions de polluants atmosph\u00e9riques en agissant efficacement sur les activit\u00e9s humaines : transports (routiers, a\u00e9rien et maritime), chauffage r\u00e9sidentiel et commercial, installations class\u00e9es de combustion, carri\u00e8res, agriculture (poussi\u00e8res, oxydes d&rsquo;azote et traitements). <strong>Le transport a\u00e9rien a un bilan carbone double du terrestre et n&rsquo;est pourtant pas pris en compte dans les relev\u00e9s et nombreuses \u00e9tudes sur la qualit\u00e9 de l&rsquo;air. \u00bb<\/strong><\/p>\n<p><em>[1] <a href=\"https:\/\/www.clients.horus-informatique71.fr\/advocnar_backup\/wp-content\/uploads\/2014\/09\/pr221_F.pdf\" rel=\"\">http:\/\/www.iarc.fr\/fr\/media-centre\/pr\/2013\/pdfs\/pr221_F.pdf<\/a><\/em><\/p>\n<p><em>[2] Rapport de la Commission des comptes de l&rsquo;\u00e9conomie et de l&rsquo;environnement de 2012<\/em><\/p>\n<p>Contact presse : Agn\u00e8s Popelin &#8211; 06 79 68 41 90 &#8211; IDFE.com@gmail.com<\/p>\n<hr>\n<p><a href=\"https:\/\/www.clients.horus-informatique71.fr\/advocnar_backup\/wp-content\/uploads\/2016\/05\/2014-09-16-cp-idfe-la-danse-de-la-pluie-pour-lutter-contre-la-pollution-aerienne-.pdf\" rel=\"\">Le communiqu\u00e9 de presse IDFE <\/a><\/p>\n","protected":false},"excerpt":{"rendered":"<p>La danse de la pluie? Nouveau pic de pollution en Ile-de-France : le bilan carbone d\u00fb au trafic a\u00e9rien enfin reconnu comme deux fois plus important que celui du terrestre ! Le travail des associations et des citoyens consiste maintenant \u00e0 faire respecter la loi Grenelle II pour que les autorit\u00e9s appliquent les dispositions pr\u00e9vues [&hellip;]<\/p>\n","protected":false},"author":10,"featured_media":0,"comment_status":"closed","ping_status":"open","sticky":false,"template":"","format":"standard","meta":{"footnotes":""},"categories":[46],"tags":[],"yoast_head":"<!-- This site is optimized with the Yoast SEO plugin v22.0 - https:\/\/yoast.com\/wordpress\/plugins\/seo\/ -->\n<title>IDFE d\u00e9nonce la pollution a\u00e9rienne - Advocnar<\/title>\n<meta name=\"robots\" content=\"index, follow, max-snippet:-1, max-image-preview:large, max-video-preview:-1\" \/>\n<link rel=\"canonical\" href=\"https:\/\/www.clients.horus-informatique71.fr\/advocnar_backup\/2014\/09\/nouvelle-solution-incantatoire-lutter-contre-pollution-aerienne\/\" \/>\n<meta property=\"og:locale\" content=\"fr_FR\" \/>\n<meta property=\"og:type\" content=\"article\" \/>\n<meta property=\"og:title\" content=\"IDFE d\u00e9nonce la pollution a\u00e9rienne - Advocnar\" \/>\n<meta property=\"og:description\" content=\"La danse de la pluie? Nouveau pic de pollution en Ile-de-France : le bilan carbone d\u00fb au trafic a\u00e9rien enfin reconnu comme deux fois plus important que celui du terrestre ! Le travail des associations et des citoyens consiste maintenant \u00e0 faire respecter la loi Grenelle II pour que les autorit\u00e9s appliquent les dispositions pr\u00e9vues [&hellip;]\" \/>\n<meta property=\"og:url\" content=\"https:\/\/www.clients.horus-informatique71.fr\/advocnar_backup\/2014\/09\/nouvelle-solution-incantatoire-lutter-contre-pollution-aerienne\/\" \/>\n<meta property=\"og:site_name\" content=\"Advocnar\" \/>\n<meta property=\"article:published_time\" content=\"2014-09-16T14:04:27+00:00\" \/>\n<meta property=\"article:modified_time\" content=\"2021-12-31T08:31:02+00:00\" \/>\n<meta property=\"og:image\" content=\"https:\/\/www.advocnar.frwp-content\/uploads\/2016\/05\/content-100_75_Logo-IDFE.gif\" \/>\n<meta name=\"author\" content=\"FBrochot\" \/>\n<meta name=\"twitter:card\" content=\"summary_large_image\" \/>\n<meta name=\"twitter:label1\" content=\"\u00c9crit par\" \/>\n\t<meta name=\"twitter:data1\" content=\"FBrochot\" \/>\n\t<meta name=\"twitter:label2\" content=\"Dur\u00e9e de lecture estim\u00e9e\" \/>\n\t<meta name=\"twitter:data2\" content=\"3 minutes\" \/>\n<script type=\"application\/ld+json\" class=\"yoast-schema-graph\">{\"@context\":\"https:\/\/schema.org\",\"@graph\":[{\"@type\":\"WebPage\",\"@id\":\"https:\/\/www.clients.horus-informatique71.fr\/advocnar_backup\/2014\/09\/nouvelle-solution-incantatoire-lutter-contre-pollution-aerienne\/\",\"url\":\"https:\/\/www.clients.horus-informatique71.fr\/advocnar_backup\/2014\/09\/nouvelle-solution-incantatoire-lutter-contre-pollution-aerienne\/\",\"name\":\"IDFE d\u00e9nonce la pollution a\u00e9rienne - Advocnar\",\"isPartOf\":{\"@id\":\"https:\/\/www.clients.horus-informatique71.fr\/advocnar_backup\/#website\"},\"datePublished\":\"2014-09-16T14:04:27+00:00\",\"dateModified\":\"2021-12-31T08:31:02+00:00\",\"author\":{\"@id\":\"https:\/\/www.clients.horus-informatique71.fr\/advocnar_backup\/#\/schema\/person\/28ec283f897fb44e1146415d8015d23e\"},\"breadcrumb\":{\"@id\":\"https:\/\/www.clients.horus-informatique71.fr\/advocnar_backup\/2014\/09\/nouvelle-solution-incantatoire-lutter-contre-pollution-aerienne\/#breadcrumb\"},\"inLanguage\":\"fr-FR\",\"potentialAction\":[{\"@type\":\"ReadAction\",\"target\":[\"https:\/\/www.clients.horus-informatique71.fr\/advocnar_backup\/2014\/09\/nouvelle-solution-incantatoire-lutter-contre-pollution-aerienne\/\"]}]},{\"@type\":\"BreadcrumbList\",\"@id\":\"https:\/\/www.clients.horus-informatique71.fr\/advocnar_backup\/2014\/09\/nouvelle-solution-incantatoire-lutter-contre-pollution-aerienne\/#breadcrumb\",\"itemListElement\":[{\"@type\":\"ListItem\",\"position\":1,\"name\":\"Accueil\",\"item\":\"https:\/\/www.clients.horus-informatique71.fr\/advocnar_backup\/\"},{\"@type\":\"ListItem\",\"position\":2,\"name\":\"IDFE d\u00e9nonce la pollution a\u00e9rienne\"}]},{\"@type\":\"WebSite\",\"@id\":\"https:\/\/www.clients.horus-informatique71.fr\/advocnar_backup\/#website\",\"url\":\"https:\/\/www.clients.horus-informatique71.fr\/advocnar_backup\/\",\"name\":\"Advocnar\",\"description\":\"Association de D\u00e9fense Contre les Nuisances A\u00e9riennes\",\"potentialAction\":[{\"@type\":\"SearchAction\",\"target\":{\"@type\":\"EntryPoint\",\"urlTemplate\":\"https:\/\/www.clients.horus-informatique71.fr\/advocnar_backup\/?s={search_term_string}\"},\"query-input\":\"required name=search_term_string\"}],\"inLanguage\":\"fr-FR\"},{\"@type\":\"Person\",\"@id\":\"https:\/\/www.clients.horus-informatique71.fr\/advocnar_backup\/#\/schema\/person\/28ec283f897fb44e1146415d8015d23e\",\"name\":\"FBrochot\",\"url\":\"https:\/\/www.clients.horus-informatique71.fr\/advocnar_backup\/author\/fbrochot\/\"}]}<\/script>\n<!-- \/ Yoast SEO plugin. -->","yoast_head_json":{"title":"IDFE d\u00e9nonce la pollution a\u00e9rienne - Advocnar","robots":{"index":"index","follow":"follow","max-snippet":"max-snippet:-1","max-image-preview":"max-image-preview:large","max-video-preview":"max-video-preview:-1"},"canonical":"https:\/\/www.clients.horus-informatique71.fr\/advocnar_backup\/2014\/09\/nouvelle-solution-incantatoire-lutter-contre-pollution-aerienne\/","og_locale":"fr_FR","og_type":"article","og_title":"IDFE d\u00e9nonce la pollution a\u00e9rienne - Advocnar","og_description":"La danse de la pluie? Nouveau pic de pollution en Ile-de-France : le bilan carbone d\u00fb au trafic a\u00e9rien enfin reconnu comme deux fois plus important que celui du terrestre ! Le travail des associations et des citoyens consiste maintenant \u00e0 faire respecter la loi Grenelle II pour que les autorit\u00e9s appliquent les dispositions pr\u00e9vues [&hellip;]","og_url":"https:\/\/www.clients.horus-informatique71.fr\/advocnar_backup\/2014\/09\/nouvelle-solution-incantatoire-lutter-contre-pollution-aerienne\/","og_site_name":"Advocnar","article_published_time":"2014-09-16T14:04:27+00:00","article_modified_time":"2021-12-31T08:31:02+00:00","og_image":[{"url":"https:\/\/www.advocnar.frwp-content\/uploads\/2016\/05\/content-100_75_Logo-IDFE.gif"}],"author":"FBrochot","twitter_card":"summary_large_image","twitter_misc":{"\u00c9crit par":"FBrochot","Dur\u00e9e de lecture estim\u00e9e":"3 minutes"},"schema":{"@context":"https:\/\/schema.org","@graph":[{"@type":"WebPage","@id":"https:\/\/www.clients.horus-informatique71.fr\/advocnar_backup\/2014\/09\/nouvelle-solution-incantatoire-lutter-contre-pollution-aerienne\/","url":"https:\/\/www.clients.horus-informatique71.fr\/advocnar_backup\/2014\/09\/nouvelle-solution-incantatoire-lutter-contre-pollution-aerienne\/","name":"IDFE d\u00e9nonce la pollution a\u00e9rienne - Advocnar","isPartOf":{"@id":"https:\/\/www.clients.horus-informatique71.fr\/advocnar_backup\/#website"},"datePublished":"2014-09-16T14:04:27+00:00","dateModified":"2021-12-31T08:31:02+00:00","author":{"@id":"https:\/\/www.clients.horus-informatique71.fr\/advocnar_backup\/#\/schema\/person\/28ec283f897fb44e1146415d8015d23e"},"breadcrumb":{"@id":"https:\/\/www.clients.horus-informatique71.fr\/advocnar_backup\/2014\/09\/nouvelle-solution-incantatoire-lutter-contre-pollution-aerienne\/#breadcrumb"},"inLanguage":"fr-FR","potentialAction":[{"@type":"ReadAction","target":["https:\/\/www.clients.horus-informatique71.fr\/advocnar_backup\/2014\/09\/nouvelle-solution-incantatoire-lutter-contre-pollution-aerienne\/"]}]},{"@type":"BreadcrumbList","@id":"https:\/\/www.clients.horus-informatique71.fr\/advocnar_backup\/2014\/09\/nouvelle-solution-incantatoire-lutter-contre-pollution-aerienne\/#breadcrumb","itemListElement":[{"@type":"ListItem","position":1,"name":"Accueil","item":"https:\/\/www.clients.horus-informatique71.fr\/advocnar_backup\/"},{"@type":"ListItem","position":2,"name":"IDFE d\u00e9nonce la pollution a\u00e9rienne"}]},{"@type":"WebSite","@id":"https:\/\/www.clients.horus-informatique71.fr\/advocnar_backup\/#website","url":"https:\/\/www.clients.horus-informatique71.fr\/advocnar_backup\/","name":"Advocnar","description":"Association de D\u00e9fense Contre les Nuisances A\u00e9riennes","potentialAction":[{"@type":"SearchAction","target":{"@type":"EntryPoint","urlTemplate":"https:\/\/www.clients.horus-informatique71.fr\/advocnar_backup\/?s={search_term_string}"},"query-input":"required name=search_term_string"}],"inLanguage":"fr-FR"},{"@type":"Person","@id":"https:\/\/www.clients.horus-informatique71.fr\/advocnar_backup\/#\/schema\/person\/28ec283f897fb44e1146415d8015d23e","name":"FBrochot","url":"https:\/\/www.clients.horus-informatique71.fr\/advocnar_backup\/author\/fbrochot\/"}]}},"_links":{"self":[{"href":"https:\/\/www.clients.horus-informatique71.fr\/advocnar_backup\/wp-json\/wp\/v2\/posts\/72288"}],"collection":[{"href":"https:\/\/www.clients.horus-informatique71.fr\/advocnar_backup\/wp-json\/wp\/v2\/posts"}],"about":[{"href":"https:\/\/www.clients.horus-informatique71.fr\/advocnar_backup\/wp-json\/wp\/v2\/types\/post"}],"author":[{"embeddable":true,"href":"https:\/\/www.clients.horus-informatique71.fr\/advocnar_backup\/wp-json\/wp\/v2\/users\/10"}],"replies":[{"embeddable":true,"href":"https:\/\/www.clients.horus-informatique71.fr\/advocnar_backup\/wp-json\/wp\/v2\/comments?post=72288"}],"version-history":[{"count":2,"href":"https:\/\/www.clients.horus-informatique71.fr\/advocnar_backup\/wp-json\/wp\/v2\/posts\/72288\/revisions"}],"predecessor-version":[{"id":77637,"href":"https:\/\/www.clients.horus-informatique71.fr\/advocnar_backup\/wp-json\/wp\/v2\/posts\/72288\/revisions\/77637"}],"wp:attachment":[{"href":"https:\/\/www.clients.horus-informatique71.fr\/advocnar_backup\/wp-json\/wp\/v2\/media?parent=72288"}],"wp:term":[{"taxonomy":"category","embeddable":true,"href":"https:\/\/www.clients.horus-informatique71.fr\/advocnar_backup\/wp-json\/wp\/v2\/categories?post=72288"},{"taxonomy":"post_tag","embeddable":true,"href":"https:\/\/www.clients.horus-informatique71.fr\/advocnar_backup\/wp-json\/wp\/v2\/tags?post=72288"}],"curies":[{"name":"wp","href":"https:\/\/api.w.org\/{rel}","templated":true}]}}