{"id":72323,"date":"2014-05-10T15:53:51","date_gmt":"2014-05-10T14:53:51","guid":{"rendered":"https:\/\/www.clients.horus-informatique71.fr\/advocnar_backup\/?p=72323"},"modified":"2021-12-31T09:27:46","modified_gmt":"2021-12-31T08:27:46","slug":"elections-europeennes-2014","status":"publish","type":"post","link":"https:\/\/www.clients.horus-informatique71.fr\/advocnar_backup\/2014\/05\/elections-europeennes-2014\/","title":{"rendered":"Elections Europ\u00e9ennes 2014"},"content":{"rendered":"<h3>L&rsquo;ADVOCNAR interpelle les candidates et les candidats pour l&rsquo;\u00eele-de-France<\/h3>\n<p><span style=\"font-size: medium;\"><strong><br \/>\nLire les r\u00e9ponses des candidates et candidats:<\/strong><\/span><span style=\"font-size: medium;\"><strong>voir en bas de pages&nbsp;<\/strong><\/span><\/p>\n<hr>\n<p><span style=\"font-size: medium;\"><strong>&nbsp;<\/strong><\/span><\/p>\n<div id=\"content\">\n<div align=\"center\"><span style=\"font-size: medium;\"><strong>Elections europ\u00e9ennes de 2014<br \/>\nM\u00e9morandum \u00e0 l&rsquo;attention des candidates et candidats<br \/>\n<\/strong><\/span><\/div>\n<p align=\"justify\"><em>L&rsquo;ADVOCNAR est une association apolitique r\u00e9gie par la loi de 1901 ayant pour but de prot\u00e9ger la sant\u00e9 et la qualit\u00e9 de vie des habitants de la r\u00e9gion Ile-de-France expos\u00e9s aux nuisances a\u00e9riennes.<\/em><\/p>\n<p align=\"justify\">Le quasi doublement annonc\u00e9 du trafic d&rsquo;ici 2030 risque de provoquer une catastrophe sanitaire r\u00e9sultant de l&rsquo;augmentation du bruit et de la pollution de l&rsquo;air (oxydes d&rsquo;azote, particules fines et compos\u00e9s organiques volatils) qui p\u00e9nalisera non seulement les riverains des a\u00e9roports de Paris-Charles de Gaulle et de Paris-Orly, mais aussi l&rsquo;ensemble de la population de l&rsquo;Ile-de-France. De nombreuses \u00e9tudes \u00e9pid\u00e9miologiques ont montr\u00e9 l&rsquo;impact sur la sant\u00e9 du bruit (troubles du sommeil, hypertension art\u00e9rielle, accidents cardio-vasculaires) et de la pollution (particules fines canc\u00e9rig\u00e8nes). Le k\u00e9ros\u00e8ne est aussi toxique que le gazole du fait des particules fines et des oxydes d&rsquo;azote g\u00e9n\u00e9r\u00e9s par les avions et il n&rsquo;existe aucun filtre \u00e0 particules ou pot catalytique \u00e0 la sortie des r\u00e9acteurs.<\/p>\n<p align=\"justify\">Voici les propositions, class\u00e9es par ordre d&rsquo;efficacit\u00e9 croissante que l&rsquo;ADVOCNAR souhaite faire partager par les candidates et candidats :<\/p>\n<div align=\"justify\">\n<ul>\n<li><strong><strong>Elimination des avions les plus bruyants<\/strong><\/strong><\/li>\n<li>Mise en place de trajectoires de moindre nuisance :<br \/>\n&#8211;&nbsp; A Paris-Charles de Gaulle, utiliser pr\u00e9f\u00e9rentiellement la configuration ouest et \u00e9quilibrer les mouvements entre les doublets nord et sud, en \u00e9vitant au maximum les croisements de trajectoires,<br \/>\n&#8211;&nbsp; Utiliser des trajectoires visant \u00e0 limiter les zones \u00e0 forte densit\u00e9 de population,<br \/>\n&#8211;&nbsp; <strong>G\u00e9n\u00e9raliser la descente continue dans le ciel europ\u00e9en<\/strong>, dite aussi descente douce.<\/li>\n<\/ul>\n<ul>\n<li>Suppression du sifflement des avions de la famille des A320 circulant dans l&rsquo;UE<\/li>\n<li><strong>R\u00e9duction du trafic nocturne sur une p\u00e9riode de 8 heures cons\u00e9cutives<\/strong>, afin de le ramener au niveau des a\u00e9roports concurrents de Paris-CDG (Londres Heathrow, Amsterdam-Schiphol et Francfort). L&rsquo;\u00e9tude du cabinet CE Delft, de r\u00e9putation internationale, a contredit les arguments \u00e9conomiques favorables aux vols de nuit mis en avant par le lobby a\u00e9rien et montr\u00e9 que les compagnies a\u00e9riennes ont la capacit\u00e9 de s&rsquo;adapter \u00e0 ces restrictions<\/li>\n<li>Enfin, objectif ultime, <strong>plafonnement du nombre des mouvements<\/strong>.<br \/>\nAfin d&rsquo;\u00e9viter une in\u00e9galit\u00e9 de traitement entre la population de la r\u00e9gion nantaise dont l&rsquo;a\u00e9roport sera d\u00e9localis\u00e9 \u00e0 Notre-Dame-des-Landes et la population de l&rsquo;Ile-de-France, les plus hautes instances de l&rsquo;Etat doivent reconsid\u00e9rer la structure du syst\u00e8me a\u00e9roportuaire francilien afin d&rsquo;\u00e9viter que 60% du trafic a\u00e9rien national soit concentr\u00e9 sur la r\u00e9gion fran\u00e7aise la plus peupl\u00e9e.<\/li>\n<\/ul>\n<\/div>\n<p align=\"justify\">L&rsquo;ADVOCNAR compte sur vous pour faire \u00e9voluer et appliquer la r\u00e8glementation communautaire de fa\u00e7on \u00e0 satisfaire ses revendications, notamment :<\/p>\n<div align=\"justify\">\n<ul>\n<li>en infl\u00e9chissant, dans le sens de la d\u00e9fense des riverains, des projets de r\u00e8glements du<em>paquet a\u00e9roport<\/em>, et notamment celui visant \u00e0 introduire des restrictions d&rsquo;exploitation li\u00e9es au bruit dans les a\u00e9roports de l&rsquo;Union et abrogeant la directive 2002\/30\/CE. En effet, si la principale avanc\u00e9e concerne la suppression progressive des avions les plus bruyants, rien n&rsquo;est pr\u00e9vu pour r\u00e9duire les vols de nuit et le plafonnement des mouvements<\/li>\n<li>en infl\u00e9chissant dans le m\u00eame sens la directive 2002\/49\/CE relative \u00e0 l&rsquo;\u00e9valuation et \u00e0 la gestion du bruit actuellement en cours de r\u00e9vision (plans de pr\u00e9vention du bruit dans l&rsquo;environnement&#8230;)<\/li>\n<li>en veillant \u00e0 l&rsquo;application stricte de la directive 2008\/50\/CE concernant la qualit\u00e9 de l&rsquo;air ambiant, au titre de laquelle la France est condamn\u00e9e pour non respect des normes europ\u00e9ennes.<\/li>\n<\/ul>\n<\/div>\n<p align=\"justify\"><em>L&rsquo;ADVOCNAR souhaite que les candidates et candidats s&rsquo;engagent par \u00e9crit avant le 15 mai \u00e0 soutenir les propositions ci-dessus, ou de nouvelles propositions allant dans le m\u00eame sens, afin de porter ces informations \u00e0 la connaissance des adh\u00e9rents et des sympathisants de l&rsquo;association en en publiant une synth\u00e8se sur son site Internet. Elle les en remercie \u00e0 l&rsquo;avance.<br \/>\n<\/em><\/p>\n<p><a href=\"https:\/\/www.clients.horus-informatique71.fr\/advocnar_backup\/wp-content\/uploads\/2016\/05\/2014-05-05-ADVOCNAR-Memorandum-europeennes-2014.pdf\">Le Memorandum en pdf<\/a><strong><span style=\"font-size: medium;\"><a title=\"r\u00e9ponses europ\u00e9ennes 2014\" name=\"r\u00e9ponses europ\u00e9ennes 2014\"><\/a><\/span><\/strong><\/p>\n<p>&nbsp;<\/p>\n<hr>\n<p align=\"center\"><strong><span style=\"font-size: medium;\">R\u00e9ponses des candidates et candidats<br \/>\naux \u00e9lections Europ\u00e9ennes 2014 pour l&rsquo;\u00cele-de-France<\/span><\/strong><\/p>\n<table style=\"height: 391px;\" width=\"746\" cellspacing=\"0\" cellpadding=\"3\" border=\"1\">\n<tbody>\n<tr>\n<td><span style=\"font-size: small;\">Laure PATAS D&rsquo;ILLIERS<br \/>\n<\/span><\/td>\n<td><span style=\"font-size: small;\">Esp\u00e9ranto langue commune \u00e9quitable<\/span><\/td>\n<td><a href=\"https:\/\/www.clients.horus-informatique71.fr\/advocnar_backup\/wp-content\/uploads\/2014\/05\/2014-05-16-Europeennes-Les-Citoyens-du-Vote-Blanc.pdf\">R\u00e9ponse<\/a><\/td>\n<\/tr>\n<tr>\n<td><span style=\"font-size: small;\">Louis DE GOUYON MATIGNON<br \/>\n<\/span><\/td>\n<td><span style=\"font-size: small;\">Parti Europ\u00e9en<\/span><\/p>\n<p>&nbsp;<\/td>\n<td><a href=\"https:\/\/www.clients.horus-informatique71.fr\/advocnar_backup\/wp-content\/uploads\/2016\/05\/2014-05-09-Europeennes-Louis-de-Gouyon-Matignon.pdf\">R\u00e9ponse<\/a><\/td>\n<\/tr>\n<tr>\n<td><span style=\"font-size: small;\">Marielle DE SARNEZ<\/span><\/td>\n<td><span style=\"font-size: small;\">UDI MODEM Les Europ\u00e9ens<br \/>\n<\/span><\/td>\n<td><a href=\"https:\/\/www.clients.horus-informatique71.fr\/advocnar_backup\/wp-content\/uploads\/2016\/05\/2014-05-07-Europeennes-Marielle-de-Sarnez.pdf\">R\u00e9ponse<\/a><\/td>\n<\/tr>\n<tr>\n<td><span style=\"font-size: small;\">Jean-Marc GOVERNATORI<\/span><\/td>\n<td><span style=\"font-size: small;\">Alliance Ecologiste Ind\u00e9pendante<br \/>\n<\/span><\/td>\n<td><a href=\"https:\/\/www.clients.horus-informatique71.fr\/advocnar_backup\/wp-content\/uploads\/2016\/05\/2014-05-12-Europeennes-Jean-Marc-Governatori.pdf\">R\u00e9ponse<\/a><\/td>\n<\/tr>\n<tr>\n<td><span style=\"font-size: small;\">Pascal DURAND<\/span><\/td>\n<td><span style=\"font-size: small;\">Europe Ecologie<br \/>\n<\/span><\/td>\n<td><a href=\"https:\/\/www.clients.horus-informatique71.fr\/advocnar_backup\/wp-content\/uploads\/2016\/05\/Reponse-dEurope-Ecologie-a-ADVOCNAR.pdf\">R\u00e9ponse<\/a><\/td>\n<\/tr>\n<tr>\n<td><span style=\"font-size: small;\">St\u00e9phane GUYOT<\/span><\/td>\n<td><span style=\"font-size: small;\">Les Citoyens du Vote Blanc<br \/>\n<\/span><\/td>\n<td><a href=\"https:\/\/www.clients.horus-informatique71.fr\/advocnar_backup\/wp-content\/uploads\/2014\/05\/2014-05-16-Europeennes-Les-Citoyens-du-Vote-Blanc.pdf\">R\u00e9ponse<\/a><\/td>\n<\/tr>\n<tr>\n<td><span style=\"font-size: small;\">Genevi\u00e8ve CARRIOU-SCHREIBER<\/span><br \/>\n<span style=\"font-size: small;\">Liste de Corinne LEPAGE<\/span><\/td>\n<td><span style=\"font-size: small;\">Europe Citoyenne<br \/>\n<\/span><\/td>\n<td>&nbsp;<a href=\"https:\/\/www.clients.horus-informatique71.fr\/advocnar_backup\/wp-content\/uploads\/2016\/05\/2014-05-22-Europeennes-Soutien-ADVOCNAR-Europe-Citoyenne.pdf\"> R\u00e9ponse<\/a><\/td>\n<\/tr>\n<\/tbody>\n<\/table>\n<p><strong><span style=\"font-size: medium;\"><br \/>\n<\/span><\/strong><\/p>\n<\/div>\n<div id=\"mentions\"><\/div>\n<p>&nbsp;<\/p>\n","protected":false},"excerpt":{"rendered":"<p>L&rsquo;ADVOCNAR interpelle les candidates et les candidats pour l&rsquo;\u00eele-de-France Lire les r\u00e9ponses des candidates et candidats:voir en bas de pages&nbsp; &nbsp; Elections europ\u00e9ennes de 2014 M\u00e9morandum \u00e0 l&rsquo;attention des candidates et candidats L&rsquo;ADVOCNAR est une association apolitique r\u00e9gie par la loi de 1901 ayant pour but de prot\u00e9ger la sant\u00e9 et la qualit\u00e9 de vie [&hellip;]<\/p>\n","protected":false},"author":10,"featured_media":0,"comment_status":"closed","ping_status":"open","sticky":false,"template":"","format":"standard","meta":{"footnotes":""},"categories":[46],"tags":[],"yoast_head":"<!-- This site is optimized with the Yoast SEO plugin v22.0 - https:\/\/yoast.com\/wordpress\/plugins\/seo\/ -->\n<title>Elections Europ\u00e9ennes 2014 - Advocnar<\/title>\n<meta name=\"robots\" content=\"index, follow, max-snippet:-1, max-image-preview:large, max-video-preview:-1\" \/>\n<link rel=\"canonical\" href=\"https:\/\/www.clients.horus-informatique71.fr\/advocnar_backup\/2014\/05\/elections-europeennes-2014\/\" \/>\n<meta property=\"og:locale\" content=\"fr_FR\" \/>\n<meta property=\"og:type\" content=\"article\" \/>\n<meta property=\"og:title\" content=\"Elections Europ\u00e9ennes 2014 - Advocnar\" \/>\n<meta property=\"og:description\" content=\"L&rsquo;ADVOCNAR interpelle les candidates et les candidats pour l&rsquo;\u00eele-de-France Lire les r\u00e9ponses des candidates et candidats:voir en bas de pages&nbsp; &nbsp; Elections europ\u00e9ennes de 2014 M\u00e9morandum \u00e0 l&rsquo;attention des candidates et candidats L&rsquo;ADVOCNAR est une association apolitique r\u00e9gie par la loi de 1901 ayant pour but de prot\u00e9ger la sant\u00e9 et la qualit\u00e9 de vie [&hellip;]\" \/>\n<meta property=\"og:url\" content=\"https:\/\/www.clients.horus-informatique71.fr\/advocnar_backup\/2014\/05\/elections-europeennes-2014\/\" \/>\n<meta property=\"og:site_name\" content=\"Advocnar\" \/>\n<meta property=\"article:published_time\" content=\"2014-05-10T14:53:51+00:00\" \/>\n<meta property=\"article:modified_time\" content=\"2021-12-31T08:27:46+00:00\" \/>\n<meta name=\"author\" content=\"FBrochot\" \/>\n<meta name=\"twitter:card\" content=\"summary_large_image\" \/>\n<meta name=\"twitter:label1\" content=\"\u00c9crit par\" \/>\n\t<meta name=\"twitter:data1\" content=\"FBrochot\" \/>\n\t<meta name=\"twitter:label2\" content=\"Dur\u00e9e de lecture estim\u00e9e\" \/>\n\t<meta name=\"twitter:data2\" content=\"4 minutes\" \/>\n<script type=\"application\/ld+json\" class=\"yoast-schema-graph\">{\"@context\":\"https:\/\/schema.org\",\"@graph\":[{\"@type\":\"WebPage\",\"@id\":\"https:\/\/www.clients.horus-informatique71.fr\/advocnar_backup\/2014\/05\/elections-europeennes-2014\/\",\"url\":\"https:\/\/www.clients.horus-informatique71.fr\/advocnar_backup\/2014\/05\/elections-europeennes-2014\/\",\"name\":\"Elections Europ\u00e9ennes 2014 - Advocnar\",\"isPartOf\":{\"@id\":\"https:\/\/www.clients.horus-informatique71.fr\/advocnar_backup\/#website\"},\"datePublished\":\"2014-05-10T14:53:51+00:00\",\"dateModified\":\"2021-12-31T08:27:46+00:00\",\"author\":{\"@id\":\"https:\/\/www.clients.horus-informatique71.fr\/advocnar_backup\/#\/schema\/person\/28ec283f897fb44e1146415d8015d23e\"},\"breadcrumb\":{\"@id\":\"https:\/\/www.clients.horus-informatique71.fr\/advocnar_backup\/2014\/05\/elections-europeennes-2014\/#breadcrumb\"},\"inLanguage\":\"fr-FR\",\"potentialAction\":[{\"@type\":\"ReadAction\",\"target\":[\"https:\/\/www.clients.horus-informatique71.fr\/advocnar_backup\/2014\/05\/elections-europeennes-2014\/\"]}]},{\"@type\":\"BreadcrumbList\",\"@id\":\"https:\/\/www.clients.horus-informatique71.fr\/advocnar_backup\/2014\/05\/elections-europeennes-2014\/#breadcrumb\",\"itemListElement\":[{\"@type\":\"ListItem\",\"position\":1,\"name\":\"Accueil\",\"item\":\"https:\/\/www.clients.horus-informatique71.fr\/advocnar_backup\/\"},{\"@type\":\"ListItem\",\"position\":2,\"name\":\"Elections Europ\u00e9ennes 2014\"}]},{\"@type\":\"WebSite\",\"@id\":\"https:\/\/www.clients.horus-informatique71.fr\/advocnar_backup\/#website\",\"url\":\"https:\/\/www.clients.horus-informatique71.fr\/advocnar_backup\/\",\"name\":\"Advocnar\",\"description\":\"Association de D\u00e9fense Contre les Nuisances A\u00e9riennes\",\"potentialAction\":[{\"@type\":\"SearchAction\",\"target\":{\"@type\":\"EntryPoint\",\"urlTemplate\":\"https:\/\/www.clients.horus-informatique71.fr\/advocnar_backup\/?s={search_term_string}\"},\"query-input\":\"required name=search_term_string\"}],\"inLanguage\":\"fr-FR\"},{\"@type\":\"Person\",\"@id\":\"https:\/\/www.clients.horus-informatique71.fr\/advocnar_backup\/#\/schema\/person\/28ec283f897fb44e1146415d8015d23e\",\"name\":\"FBrochot\",\"url\":\"https:\/\/www.clients.horus-informatique71.fr\/advocnar_backup\/author\/fbrochot\/\"}]}<\/script>\n<!-- \/ Yoast SEO plugin. -->","yoast_head_json":{"title":"Elections Europ\u00e9ennes 2014 - Advocnar","robots":{"index":"index","follow":"follow","max-snippet":"max-snippet:-1","max-image-preview":"max-image-preview:large","max-video-preview":"max-video-preview:-1"},"canonical":"https:\/\/www.clients.horus-informatique71.fr\/advocnar_backup\/2014\/05\/elections-europeennes-2014\/","og_locale":"fr_FR","og_type":"article","og_title":"Elections Europ\u00e9ennes 2014 - Advocnar","og_description":"L&rsquo;ADVOCNAR interpelle les candidates et les candidats pour l&rsquo;\u00eele-de-France Lire les r\u00e9ponses des candidates et candidats:voir en bas de pages&nbsp; &nbsp; Elections europ\u00e9ennes de 2014 M\u00e9morandum \u00e0 l&rsquo;attention des candidates et candidats L&rsquo;ADVOCNAR est une association apolitique r\u00e9gie par la loi de 1901 ayant pour but de prot\u00e9ger la sant\u00e9 et la qualit\u00e9 de vie [&hellip;]","og_url":"https:\/\/www.clients.horus-informatique71.fr\/advocnar_backup\/2014\/05\/elections-europeennes-2014\/","og_site_name":"Advocnar","article_published_time":"2014-05-10T14:53:51+00:00","article_modified_time":"2021-12-31T08:27:46+00:00","author":"FBrochot","twitter_card":"summary_large_image","twitter_misc":{"\u00c9crit par":"FBrochot","Dur\u00e9e de lecture estim\u00e9e":"4 minutes"},"schema":{"@context":"https:\/\/schema.org","@graph":[{"@type":"WebPage","@id":"https:\/\/www.clients.horus-informatique71.fr\/advocnar_backup\/2014\/05\/elections-europeennes-2014\/","url":"https:\/\/www.clients.horus-informatique71.fr\/advocnar_backup\/2014\/05\/elections-europeennes-2014\/","name":"Elections Europ\u00e9ennes 2014 - Advocnar","isPartOf":{"@id":"https:\/\/www.clients.horus-informatique71.fr\/advocnar_backup\/#website"},"datePublished":"2014-05-10T14:53:51+00:00","dateModified":"2021-12-31T08:27:46+00:00","author":{"@id":"https:\/\/www.clients.horus-informatique71.fr\/advocnar_backup\/#\/schema\/person\/28ec283f897fb44e1146415d8015d23e"},"breadcrumb":{"@id":"https:\/\/www.clients.horus-informatique71.fr\/advocnar_backup\/2014\/05\/elections-europeennes-2014\/#breadcrumb"},"inLanguage":"fr-FR","potentialAction":[{"@type":"ReadAction","target":["https:\/\/www.clients.horus-informatique71.fr\/advocnar_backup\/2014\/05\/elections-europeennes-2014\/"]}]},{"@type":"BreadcrumbList","@id":"https:\/\/www.clients.horus-informatique71.fr\/advocnar_backup\/2014\/05\/elections-europeennes-2014\/#breadcrumb","itemListElement":[{"@type":"ListItem","position":1,"name":"Accueil","item":"https:\/\/www.clients.horus-informatique71.fr\/advocnar_backup\/"},{"@type":"ListItem","position":2,"name":"Elections Europ\u00e9ennes 2014"}]},{"@type":"WebSite","@id":"https:\/\/www.clients.horus-informatique71.fr\/advocnar_backup\/#website","url":"https:\/\/www.clients.horus-informatique71.fr\/advocnar_backup\/","name":"Advocnar","description":"Association de D\u00e9fense Contre les Nuisances A\u00e9riennes","potentialAction":[{"@type":"SearchAction","target":{"@type":"EntryPoint","urlTemplate":"https:\/\/www.clients.horus-informatique71.fr\/advocnar_backup\/?s={search_term_string}"},"query-input":"required name=search_term_string"}],"inLanguage":"fr-FR"},{"@type":"Person","@id":"https:\/\/www.clients.horus-informatique71.fr\/advocnar_backup\/#\/schema\/person\/28ec283f897fb44e1146415d8015d23e","name":"FBrochot","url":"https:\/\/www.clients.horus-informatique71.fr\/advocnar_backup\/author\/fbrochot\/"}]}},"_links":{"self":[{"href":"https:\/\/www.clients.horus-informatique71.fr\/advocnar_backup\/wp-json\/wp\/v2\/posts\/72323"}],"collection":[{"href":"https:\/\/www.clients.horus-informatique71.fr\/advocnar_backup\/wp-json\/wp\/v2\/posts"}],"about":[{"href":"https:\/\/www.clients.horus-informatique71.fr\/advocnar_backup\/wp-json\/wp\/v2\/types\/post"}],"author":[{"embeddable":true,"href":"https:\/\/www.clients.horus-informatique71.fr\/advocnar_backup\/wp-json\/wp\/v2\/users\/10"}],"replies":[{"embeddable":true,"href":"https:\/\/www.clients.horus-informatique71.fr\/advocnar_backup\/wp-json\/wp\/v2\/comments?post=72323"}],"version-history":[{"count":3,"href":"https:\/\/www.clients.horus-informatique71.fr\/advocnar_backup\/wp-json\/wp\/v2\/posts\/72323\/revisions"}],"predecessor-version":[{"id":77630,"href":"https:\/\/www.clients.horus-informatique71.fr\/advocnar_backup\/wp-json\/wp\/v2\/posts\/72323\/revisions\/77630"}],"wp:attachment":[{"href":"https:\/\/www.clients.horus-informatique71.fr\/advocnar_backup\/wp-json\/wp\/v2\/media?parent=72323"}],"wp:term":[{"taxonomy":"category","embeddable":true,"href":"https:\/\/www.clients.horus-informatique71.fr\/advocnar_backup\/wp-json\/wp\/v2\/categories?post=72323"},{"taxonomy":"post_tag","embeddable":true,"href":"https:\/\/www.clients.horus-informatique71.fr\/advocnar_backup\/wp-json\/wp\/v2\/tags?post=72323"}],"curies":[{"name":"wp","href":"https:\/\/api.w.org\/{rel}","templated":true}]}}