{"id":72334,"date":"2014-04-30T16:13:20","date_gmt":"2014-04-30T15:13:20","guid":{"rendered":"https:\/\/www.clients.horus-informatique71.fr\/advocnar_backup\/?p=72334"},"modified":"2021-12-31T09:27:10","modified_gmt":"2021-12-31T08:27:10","slug":"ladvocnar-participera-a-fete-de-nature","status":"publish","type":"post","link":"https:\/\/www.clients.horus-informatique71.fr\/advocnar_backup\/2014\/04\/ladvocnar-participera-a-fete-de-nature\/","title":{"rendered":"L&rsquo;ADVOCNAR participera \u00e0  la \u00ab\u00a0F\u00eate de la Nature\u00a0\u00bb"},"content":{"rendered":"<h3>\u00e0 Deuil le dimanche 18 mai 2014<\/h3>\n<p>Vous en avez assez du bruit et de la pollution des avions ? Venez en parler avec les repr\u00e9sentants de l&rsquo;ADVOCNAR ! Accueil, informations, questions, actualit\u00e9, documentation, adh\u00e9sion, action ! Chacun peut agir \u00e0 son niveau, ensemble nous obtiendrons plus de r\u00e9sultats !<\/p>\n<p>Nous vous attendons sur notre stand, dans le \u00ab\u00a0village environnemental\u00a0\u00bb:<\/p>\n<p style=\"text-align: center;\">\n<strong>\u00ab\u00a0F\u00eate de la Nature\u00a0\u00bb<\/strong><br \/>\n<strong>place des victimes du V2, rue de l&rsquo;Eglise<\/strong><br \/>\n<strong>\u00e0 Deuil-la-Barre<\/strong><br \/>\n<strong>dimanche 18 mai 2014 de 10h \u00e0 19h<\/strong><\/p>\n<p style=\"text-align: center;\"><a href=\"https:\/\/www.clients.horus-informatique71.fr\/advocnar_backup\/wp-content\/uploads\/2016\/05\/Programme-Fete-de-la-Nature-2014.pdf\" rel=\"\">Lire le programme<\/a><\/p>\n<p><img loading=\"lazy\" decoding=\"async\" width=\"300\" height=\"300\" class=\"size-medium wp-image-72335 aligncenter\" src=\"https:\/\/www.clients.horus-informatique71.fr\/advocnar_backup\/wp-content\/uploads\/2016\/05\/content-400_399_Fete-de-la-Nature-Deuil-2014-300x300.png\" alt=\"Lire le programme \" srcset=\"https:\/\/www.clients.horus-informatique71.fr\/advocnar_backup\/wp-content\/uploads\/2016\/05\/content-400_399_Fete-de-la-Nature-Deuil-2014-300x300.png 300w, https:\/\/www.clients.horus-informatique71.fr\/advocnar_backup\/wp-content\/uploads\/2016\/05\/content-400_399_Fete-de-la-Nature-Deuil-2014-150x150.png 150w, https:\/\/www.clients.horus-informatique71.fr\/advocnar_backup\/wp-content\/uploads\/2016\/05\/content-400_399_Fete-de-la-Nature-Deuil-2014.png 400w\" sizes=\"(max-width: 300px) 100vw, 300px\" \/><\/p>\n","protected":false},"excerpt":{"rendered":"<p>\u00e0 Deuil le dimanche 18 mai 2014 Vous en avez assez du bruit et de la pollution des avions ? Venez en parler avec les repr\u00e9sentants de l&rsquo;ADVOCNAR ! Accueil, informations, questions, actualit\u00e9, documentation, adh\u00e9sion, action ! Chacun peut agir \u00e0 son niveau, ensemble nous obtiendrons plus de r\u00e9sultats ! Nous vous attendons sur notre [&hellip;]<\/p>\n","protected":false},"author":10,"featured_media":0,"comment_status":"closed","ping_status":"open","sticky":false,"template":"","format":"standard","meta":{"footnotes":""},"categories":[46],"tags":[],"yoast_head":"<!-- This site is optimized with the Yoast SEO plugin v22.0 - https:\/\/yoast.com\/wordpress\/plugins\/seo\/ -->\n<title>L&#039;ADVOCNAR participera \u00e0 la &quot;F\u00eate de la Nature&quot; - Advocnar<\/title>\n<meta name=\"robots\" content=\"index, follow, max-snippet:-1, max-image-preview:large, max-video-preview:-1\" \/>\n<link rel=\"canonical\" href=\"https:\/\/www.clients.horus-informatique71.fr\/advocnar_backup\/2014\/04\/ladvocnar-participera-a-fete-de-nature\/\" \/>\n<meta property=\"og:locale\" content=\"fr_FR\" \/>\n<meta property=\"og:type\" content=\"article\" \/>\n<meta property=\"og:title\" content=\"L&#039;ADVOCNAR participera \u00e0 la &quot;F\u00eate de la Nature&quot; - Advocnar\" \/>\n<meta property=\"og:description\" content=\"\u00e0 Deuil le dimanche 18 mai 2014 Vous en avez assez du bruit et de la pollution des avions ? Venez en parler avec les repr\u00e9sentants de l&rsquo;ADVOCNAR ! Accueil, informations, questions, actualit\u00e9, documentation, adh\u00e9sion, action ! Chacun peut agir \u00e0 son niveau, ensemble nous obtiendrons plus de r\u00e9sultats ! Nous vous attendons sur notre [&hellip;]\" \/>\n<meta property=\"og:url\" content=\"https:\/\/www.clients.horus-informatique71.fr\/advocnar_backup\/2014\/04\/ladvocnar-participera-a-fete-de-nature\/\" \/>\n<meta property=\"og:site_name\" content=\"Advocnar\" \/>\n<meta property=\"article:published_time\" content=\"2014-04-30T15:13:20+00:00\" \/>\n<meta property=\"article:modified_time\" content=\"2021-12-31T08:27:10+00:00\" \/>\n<meta property=\"og:image\" content=\"https:\/\/www.advocnar.frwp-content\/uploads\/2016\/05\/content-400_399_Fete-de-la-Nature-Deuil-2014-300x300.png\" \/>\n<meta name=\"author\" content=\"FBrochot\" \/>\n<meta name=\"twitter:card\" content=\"summary_large_image\" \/>\n<meta name=\"twitter:label1\" content=\"\u00c9crit par\" \/>\n\t<meta name=\"twitter:data1\" content=\"FBrochot\" \/>\n\t<meta name=\"twitter:label2\" content=\"Dur\u00e9e de lecture estim\u00e9e\" \/>\n\t<meta name=\"twitter:data2\" content=\"1 minute\" \/>\n<script type=\"application\/ld+json\" class=\"yoast-schema-graph\">{\"@context\":\"https:\/\/schema.org\",\"@graph\":[{\"@type\":\"WebPage\",\"@id\":\"https:\/\/www.clients.horus-informatique71.fr\/advocnar_backup\/2014\/04\/ladvocnar-participera-a-fete-de-nature\/\",\"url\":\"https:\/\/www.clients.horus-informatique71.fr\/advocnar_backup\/2014\/04\/ladvocnar-participera-a-fete-de-nature\/\",\"name\":\"L'ADVOCNAR participera \u00e0 la \\\"F\u00eate de la Nature\\\" - Advocnar\",\"isPartOf\":{\"@id\":\"https:\/\/www.clients.horus-informatique71.fr\/advocnar_backup\/#website\"},\"datePublished\":\"2014-04-30T15:13:20+00:00\",\"dateModified\":\"2021-12-31T08:27:10+00:00\",\"author\":{\"@id\":\"https:\/\/www.clients.horus-informatique71.fr\/advocnar_backup\/#\/schema\/person\/28ec283f897fb44e1146415d8015d23e\"},\"breadcrumb\":{\"@id\":\"https:\/\/www.clients.horus-informatique71.fr\/advocnar_backup\/2014\/04\/ladvocnar-participera-a-fete-de-nature\/#breadcrumb\"},\"inLanguage\":\"fr-FR\",\"potentialAction\":[{\"@type\":\"ReadAction\",\"target\":[\"https:\/\/www.clients.horus-informatique71.fr\/advocnar_backup\/2014\/04\/ladvocnar-participera-a-fete-de-nature\/\"]}]},{\"@type\":\"BreadcrumbList\",\"@id\":\"https:\/\/www.clients.horus-informatique71.fr\/advocnar_backup\/2014\/04\/ladvocnar-participera-a-fete-de-nature\/#breadcrumb\",\"itemListElement\":[{\"@type\":\"ListItem\",\"position\":1,\"name\":\"Accueil\",\"item\":\"https:\/\/www.clients.horus-informatique71.fr\/advocnar_backup\/\"},{\"@type\":\"ListItem\",\"position\":2,\"name\":\"L&#8217;ADVOCNAR participera \u00e0 la &#8220;F\u00eate de la Nature&#8221;\"}]},{\"@type\":\"WebSite\",\"@id\":\"https:\/\/www.clients.horus-informatique71.fr\/advocnar_backup\/#website\",\"url\":\"https:\/\/www.clients.horus-informatique71.fr\/advocnar_backup\/\",\"name\":\"Advocnar\",\"description\":\"Association de D\u00e9fense Contre les Nuisances A\u00e9riennes\",\"potentialAction\":[{\"@type\":\"SearchAction\",\"target\":{\"@type\":\"EntryPoint\",\"urlTemplate\":\"https:\/\/www.clients.horus-informatique71.fr\/advocnar_backup\/?s={search_term_string}\"},\"query-input\":\"required name=search_term_string\"}],\"inLanguage\":\"fr-FR\"},{\"@type\":\"Person\",\"@id\":\"https:\/\/www.clients.horus-informatique71.fr\/advocnar_backup\/#\/schema\/person\/28ec283f897fb44e1146415d8015d23e\",\"name\":\"FBrochot\",\"url\":\"https:\/\/www.clients.horus-informatique71.fr\/advocnar_backup\/author\/fbrochot\/\"}]}<\/script>\n<!-- \/ Yoast SEO plugin. -->","yoast_head_json":{"title":"L'ADVOCNAR participera \u00e0 la \"F\u00eate de la Nature\" - Advocnar","robots":{"index":"index","follow":"follow","max-snippet":"max-snippet:-1","max-image-preview":"max-image-preview:large","max-video-preview":"max-video-preview:-1"},"canonical":"https:\/\/www.clients.horus-informatique71.fr\/advocnar_backup\/2014\/04\/ladvocnar-participera-a-fete-de-nature\/","og_locale":"fr_FR","og_type":"article","og_title":"L'ADVOCNAR participera \u00e0 la \"F\u00eate de la Nature\" - Advocnar","og_description":"\u00e0 Deuil le dimanche 18 mai 2014 Vous en avez assez du bruit et de la pollution des avions ? Venez en parler avec les repr\u00e9sentants de l&rsquo;ADVOCNAR ! Accueil, informations, questions, actualit\u00e9, documentation, adh\u00e9sion, action ! Chacun peut agir \u00e0 son niveau, ensemble nous obtiendrons plus de r\u00e9sultats ! Nous vous attendons sur notre [&hellip;]","og_url":"https:\/\/www.clients.horus-informatique71.fr\/advocnar_backup\/2014\/04\/ladvocnar-participera-a-fete-de-nature\/","og_site_name":"Advocnar","article_published_time":"2014-04-30T15:13:20+00:00","article_modified_time":"2021-12-31T08:27:10+00:00","og_image":[{"url":"https:\/\/www.advocnar.frwp-content\/uploads\/2016\/05\/content-400_399_Fete-de-la-Nature-Deuil-2014-300x300.png"}],"author":"FBrochot","twitter_card":"summary_large_image","twitter_misc":{"\u00c9crit par":"FBrochot","Dur\u00e9e de lecture estim\u00e9e":"1 minute"},"schema":{"@context":"https:\/\/schema.org","@graph":[{"@type":"WebPage","@id":"https:\/\/www.clients.horus-informatique71.fr\/advocnar_backup\/2014\/04\/ladvocnar-participera-a-fete-de-nature\/","url":"https:\/\/www.clients.horus-informatique71.fr\/advocnar_backup\/2014\/04\/ladvocnar-participera-a-fete-de-nature\/","name":"L'ADVOCNAR participera \u00e0 la \"F\u00eate de la Nature\" - Advocnar","isPartOf":{"@id":"https:\/\/www.clients.horus-informatique71.fr\/advocnar_backup\/#website"},"datePublished":"2014-04-30T15:13:20+00:00","dateModified":"2021-12-31T08:27:10+00:00","author":{"@id":"https:\/\/www.clients.horus-informatique71.fr\/advocnar_backup\/#\/schema\/person\/28ec283f897fb44e1146415d8015d23e"},"breadcrumb":{"@id":"https:\/\/www.clients.horus-informatique71.fr\/advocnar_backup\/2014\/04\/ladvocnar-participera-a-fete-de-nature\/#breadcrumb"},"inLanguage":"fr-FR","potentialAction":[{"@type":"ReadAction","target":["https:\/\/www.clients.horus-informatique71.fr\/advocnar_backup\/2014\/04\/ladvocnar-participera-a-fete-de-nature\/"]}]},{"@type":"BreadcrumbList","@id":"https:\/\/www.clients.horus-informatique71.fr\/advocnar_backup\/2014\/04\/ladvocnar-participera-a-fete-de-nature\/#breadcrumb","itemListElement":[{"@type":"ListItem","position":1,"name":"Accueil","item":"https:\/\/www.clients.horus-informatique71.fr\/advocnar_backup\/"},{"@type":"ListItem","position":2,"name":"L&#8217;ADVOCNAR participera \u00e0 la &#8220;F\u00eate de la Nature&#8221;"}]},{"@type":"WebSite","@id":"https:\/\/www.clients.horus-informatique71.fr\/advocnar_backup\/#website","url":"https:\/\/www.clients.horus-informatique71.fr\/advocnar_backup\/","name":"Advocnar","description":"Association de D\u00e9fense Contre les Nuisances A\u00e9riennes","potentialAction":[{"@type":"SearchAction","target":{"@type":"EntryPoint","urlTemplate":"https:\/\/www.clients.horus-informatique71.fr\/advocnar_backup\/?s={search_term_string}"},"query-input":"required name=search_term_string"}],"inLanguage":"fr-FR"},{"@type":"Person","@id":"https:\/\/www.clients.horus-informatique71.fr\/advocnar_backup\/#\/schema\/person\/28ec283f897fb44e1146415d8015d23e","name":"FBrochot","url":"https:\/\/www.clients.horus-informatique71.fr\/advocnar_backup\/author\/fbrochot\/"}]}},"_links":{"self":[{"href":"https:\/\/www.clients.horus-informatique71.fr\/advocnar_backup\/wp-json\/wp\/v2\/posts\/72334"}],"collection":[{"href":"https:\/\/www.clients.horus-informatique71.fr\/advocnar_backup\/wp-json\/wp\/v2\/posts"}],"about":[{"href":"https:\/\/www.clients.horus-informatique71.fr\/advocnar_backup\/wp-json\/wp\/v2\/types\/post"}],"author":[{"embeddable":true,"href":"https:\/\/www.clients.horus-informatique71.fr\/advocnar_backup\/wp-json\/wp\/v2\/users\/10"}],"replies":[{"embeddable":true,"href":"https:\/\/www.clients.horus-informatique71.fr\/advocnar_backup\/wp-json\/wp\/v2\/comments?post=72334"}],"version-history":[{"count":2,"href":"https:\/\/www.clients.horus-informatique71.fr\/advocnar_backup\/wp-json\/wp\/v2\/posts\/72334\/revisions"}],"predecessor-version":[{"id":77628,"href":"https:\/\/www.clients.horus-informatique71.fr\/advocnar_backup\/wp-json\/wp\/v2\/posts\/72334\/revisions\/77628"}],"wp:attachment":[{"href":"https:\/\/www.clients.horus-informatique71.fr\/advocnar_backup\/wp-json\/wp\/v2\/media?parent=72334"}],"wp:term":[{"taxonomy":"category","embeddable":true,"href":"https:\/\/www.clients.horus-informatique71.fr\/advocnar_backup\/wp-json\/wp\/v2\/categories?post=72334"},{"taxonomy":"post_tag","embeddable":true,"href":"https:\/\/www.clients.horus-informatique71.fr\/advocnar_backup\/wp-json\/wp\/v2\/tags?post=72334"}],"curies":[{"name":"wp","href":"https:\/\/api.w.org\/{rel}","templated":true}]}}