{"id":72360,"date":"2014-01-12T14:59:50","date_gmt":"2014-01-12T13:59:50","guid":{"rendered":"https:\/\/www.clients.horus-informatique71.fr\/advocnar_backup\/?p=72360"},"modified":"2021-12-23T09:08:13","modified_gmt":"2021-12-23T08:08:13","slug":"appel-a-manifester-contre-pollution-chimique-transports-ile-de-france","status":"publish","type":"post","link":"https:\/\/www.clients.horus-informatique71.fr\/advocnar_backup\/2014\/01\/appel-a-manifester-contre-pollution-chimique-transports-ile-de-france\/","title":{"rendered":"Manifestons contre la pollution en Ile-de-France"},"content":{"rendered":"<h4>18.01.2014<\/h4>\n<p><strong>L&rsquo;ADVOCNAR vous appelle \u00e0 manifester contre la pollution chimique des avions, dans le cadre de la manifestation contre la pollution de l&rsquo;air en Ile-de-France, organis\u00e9e par IDFE* (Ile-de-France Environnement) dont l&rsquo;ADVOCNAR est membre<\/strong> :<\/p>\n<p style=\"text-align: center;\"><span style=\"color: #99ccff;\"><strong>\u00ab Le carnaval des asphyxi\u00e9s \u00bb<\/strong><\/span><br \/>\n<span style=\"color: #99ccff;\"><strong>Samedi 1er f\u00e9vrier 2014 \u00e0 15h<\/strong><\/span><br \/>\n<span style=\"color: #99ccff;\"><strong>Parvis des Droits de l&rsquo;Homme &#8211; Place du Trocad\u00e9ro \u00e0 Paris<\/strong><\/span><\/p>\n<p>IDFE propose de s&rsquo;habiller en blanc (tee-shirt ou combinaison de bricolage), et de venir avec des poussettes et des poupons &#8230; la pollution chimique touche particuli\u00e8rement les personnes fragiles, dont les enfants.<\/p>\n<p>Vous pouvez donner libre court \u00e0 votre imagination pour votre d\u00e9guisement sur le th\u00e8me de la pollution des avions &#8230; et si le d\u00e9guisement n&rsquo;est pas votre truc, venez comme vous \u00eates ! L&rsquo;important est d&rsquo;\u00eatre nombreux pour que ce rassemblement soit significatif.<\/p>\n<p>Pour des raisons d&rsquo;organisation, nous vous remercions de bien vouloir confirmer votre participation aupr\u00e8s de notre secr\u00e9tariat au 01 39 899 199 ou par mail contact@advocnar.fr .<\/p>\n<p>A tr\u00e8s bient\u00f4t. Nous comptons sur votre pr\u00e9sence.<\/p>\n<p><img loading=\"lazy\" decoding=\"async\" class=\"wp-image-72361 size-full aligncenter\" src=\"https:\/\/www.clients.horus-informatique71.fr\/advocnar_backup\/wp-content\/uploads\/2016\/06\/content-555_362_affiche-carnaval-asphyxies-idfe-.jpg\" alt=\"content-555_362_affiche-carnaval-asphyxies-idfe-\" width=\"555\" height=\"362\" srcset=\"https:\/\/www.clients.horus-informatique71.fr\/advocnar_backup\/wp-content\/uploads\/2016\/06\/content-555_362_affiche-carnaval-asphyxies-idfe-.jpg 555w, https:\/\/www.clients.horus-informatique71.fr\/advocnar_backup\/wp-content\/uploads\/2016\/06\/content-555_362_affiche-carnaval-asphyxies-idfe--300x196.jpg 300w, https:\/\/www.clients.horus-informatique71.fr\/advocnar_backup\/wp-content\/uploads\/2016\/06\/content-555_362_affiche-carnaval-asphyxies-idfe--360x234.jpg 360w\" sizes=\"(max-width: 555px) 100vw, 555px\" \/><\/p>\n<hr>\n<p>&nbsp;<\/p>\n<p>&nbsp;<\/p>\n<h4>26.12.2013<\/h4>\n<p>L&rsquo;ADVOCNAR vous appelle \u00e0 manifester contre la pollution chimique des avions, dans le cadre de la manifestation contre la pollution de l&rsquo;air en Ile-de-France, organis\u00e9e par IDFE* (Ile-de-France Environnement) dont l&rsquo;ADVOCNAR est membre :<\/p>\n<p style=\"text-align: center;\"><span style=\"color: #99ccff;\">\u00ab Le carnaval des asphyxi\u00e9s \u00bb<\/span><br \/>\n<span style=\"color: #99ccff;\">Samedi 1er f\u00e9vrier 2014 \u00e0 15h<\/span><br \/>\n<span style=\"color: #99ccff;\">Parvis des Droits de l&rsquo;Homme &#8211; Place du Trocad\u00e9ro \u00e0 Paris<\/span><\/p>\n<p>Nous devons montrer aux m\u00e9dias et aux pouvoirs publics, gr\u00e2ce \u00e0 une pr\u00e9sence significative des habitants survol\u00e9s, l&rsquo;importance du ph\u00e9nom\u00e8ne de pollution par le transport a\u00e9rien en Ile-de-France. Le silence soigneusement entretenu sur le sujet est intol\u00e9rable : voir communiqu\u00e9<\/p>\n<p>Des millions de personnes sont concern\u00e9es en Ile-de-France. Il est temps de sortir de chez nous et de manifester que nous existons! Notre sant\u00e9 est en danger !<\/p>\n<p style=\"text-align: center;\"><strong>Particules fines, oxydes d&rsquo;azote &#8230;<\/strong><br \/>\n<strong> Avions = diesel = cancer<\/strong><\/p>\n<p>R\u00e9servez d&rsquo;ores et d\u00e9j\u00e0 le samedi 1er f\u00e9vrier sur votre agenda. Tr\u00e8s prochainement nous vous transmettrons des informations plus pr\u00e9cises sur cette manifestation.<\/p>\n<p><em>* IDFE est une union de plus de 370 associations de protection de l&rsquo;environnement<\/em><\/p>\n<p>&nbsp;<\/p>\n","protected":false},"excerpt":{"rendered":"<p>18.01.2014 L&rsquo;ADVOCNAR vous appelle \u00e0 manifester contre la pollution chimique des avions, dans le cadre de la manifestation contre la pollution de l&rsquo;air en Ile-de-France, organis\u00e9e par IDFE* (Ile-de-France Environnement) dont l&rsquo;ADVOCNAR est membre : \u00ab Le carnaval des asphyxi\u00e9s \u00bb Samedi 1er f\u00e9vrier 2014 \u00e0 15h Parvis des Droits de l&rsquo;Homme &#8211; Place du [&hellip;]<\/p>\n","protected":false},"author":10,"featured_media":0,"comment_status":"closed","ping_status":"open","sticky":false,"template":"","format":"standard","meta":{"footnotes":""},"categories":[46],"tags":[],"yoast_head":"<!-- This site is optimized with the Yoast SEO plugin v22.0 - https:\/\/yoast.com\/wordpress\/plugins\/seo\/ -->\n<title>Manifestons contre la pollution en Ile-de-France - Advocnar<\/title>\n<meta name=\"robots\" content=\"index, follow, max-snippet:-1, max-image-preview:large, max-video-preview:-1\" \/>\n<link rel=\"canonical\" href=\"https:\/\/www.clients.horus-informatique71.fr\/advocnar_backup\/2014\/01\/appel-a-manifester-contre-pollution-chimique-transports-ile-de-france\/\" \/>\n<meta property=\"og:locale\" content=\"fr_FR\" \/>\n<meta property=\"og:type\" content=\"article\" \/>\n<meta property=\"og:title\" content=\"Manifestons contre la pollution en Ile-de-France - Advocnar\" \/>\n<meta property=\"og:description\" content=\"18.01.2014 L&rsquo;ADVOCNAR vous appelle \u00e0 manifester contre la pollution chimique des avions, dans le cadre de la manifestation contre la pollution de l&rsquo;air en Ile-de-France, organis\u00e9e par IDFE* (Ile-de-France Environnement) dont l&rsquo;ADVOCNAR est membre : \u00ab Le carnaval des asphyxi\u00e9s \u00bb Samedi 1er f\u00e9vrier 2014 \u00e0 15h Parvis des Droits de l&rsquo;Homme &#8211; Place du [&hellip;]\" \/>\n<meta property=\"og:url\" content=\"https:\/\/www.clients.horus-informatique71.fr\/advocnar_backup\/2014\/01\/appel-a-manifester-contre-pollution-chimique-transports-ile-de-france\/\" \/>\n<meta property=\"og:site_name\" content=\"Advocnar\" \/>\n<meta property=\"article:published_time\" content=\"2014-01-12T13:59:50+00:00\" \/>\n<meta property=\"article:modified_time\" content=\"2021-12-23T08:08:13+00:00\" \/>\n<meta property=\"og:image\" content=\"https:\/\/www.advocnar.frwp-content\/uploads\/2016\/06\/content-555_362_affiche-carnaval-asphyxies-idfe-.jpg\" \/>\n<meta name=\"author\" content=\"FBrochot\" \/>\n<meta name=\"twitter:card\" content=\"summary_large_image\" \/>\n<meta name=\"twitter:label1\" content=\"\u00c9crit par\" \/>\n\t<meta name=\"twitter:data1\" content=\"FBrochot\" \/>\n\t<meta name=\"twitter:label2\" content=\"Dur\u00e9e de lecture estim\u00e9e\" \/>\n\t<meta name=\"twitter:data2\" content=\"2 minutes\" \/>\n<script type=\"application\/ld+json\" class=\"yoast-schema-graph\">{\"@context\":\"https:\/\/schema.org\",\"@graph\":[{\"@type\":\"WebPage\",\"@id\":\"https:\/\/www.clients.horus-informatique71.fr\/advocnar_backup\/2014\/01\/appel-a-manifester-contre-pollution-chimique-transports-ile-de-france\/\",\"url\":\"https:\/\/www.clients.horus-informatique71.fr\/advocnar_backup\/2014\/01\/appel-a-manifester-contre-pollution-chimique-transports-ile-de-france\/\",\"name\":\"Manifestons contre la pollution en Ile-de-France - Advocnar\",\"isPartOf\":{\"@id\":\"https:\/\/www.clients.horus-informatique71.fr\/advocnar_backup\/#website\"},\"datePublished\":\"2014-01-12T13:59:50+00:00\",\"dateModified\":\"2021-12-23T08:08:13+00:00\",\"author\":{\"@id\":\"https:\/\/www.clients.horus-informatique71.fr\/advocnar_backup\/#\/schema\/person\/28ec283f897fb44e1146415d8015d23e\"},\"breadcrumb\":{\"@id\":\"https:\/\/www.clients.horus-informatique71.fr\/advocnar_backup\/2014\/01\/appel-a-manifester-contre-pollution-chimique-transports-ile-de-france\/#breadcrumb\"},\"inLanguage\":\"fr-FR\",\"potentialAction\":[{\"@type\":\"ReadAction\",\"target\":[\"https:\/\/www.clients.horus-informatique71.fr\/advocnar_backup\/2014\/01\/appel-a-manifester-contre-pollution-chimique-transports-ile-de-france\/\"]}]},{\"@type\":\"BreadcrumbList\",\"@id\":\"https:\/\/www.clients.horus-informatique71.fr\/advocnar_backup\/2014\/01\/appel-a-manifester-contre-pollution-chimique-transports-ile-de-france\/#breadcrumb\",\"itemListElement\":[{\"@type\":\"ListItem\",\"position\":1,\"name\":\"Accueil\",\"item\":\"https:\/\/www.clients.horus-informatique71.fr\/advocnar_backup\/\"},{\"@type\":\"ListItem\",\"position\":2,\"name\":\"Manifestons contre la pollution en Ile-de-France\"}]},{\"@type\":\"WebSite\",\"@id\":\"https:\/\/www.clients.horus-informatique71.fr\/advocnar_backup\/#website\",\"url\":\"https:\/\/www.clients.horus-informatique71.fr\/advocnar_backup\/\",\"name\":\"Advocnar\",\"description\":\"Association de D\u00e9fense Contre les Nuisances A\u00e9riennes\",\"potentialAction\":[{\"@type\":\"SearchAction\",\"target\":{\"@type\":\"EntryPoint\",\"urlTemplate\":\"https:\/\/www.clients.horus-informatique71.fr\/advocnar_backup\/?s={search_term_string}\"},\"query-input\":\"required name=search_term_string\"}],\"inLanguage\":\"fr-FR\"},{\"@type\":\"Person\",\"@id\":\"https:\/\/www.clients.horus-informatique71.fr\/advocnar_backup\/#\/schema\/person\/28ec283f897fb44e1146415d8015d23e\",\"name\":\"FBrochot\",\"url\":\"https:\/\/www.clients.horus-informatique71.fr\/advocnar_backup\/author\/fbrochot\/\"}]}<\/script>\n<!-- \/ Yoast SEO plugin. -->","yoast_head_json":{"title":"Manifestons contre la pollution en Ile-de-France - Advocnar","robots":{"index":"index","follow":"follow","max-snippet":"max-snippet:-1","max-image-preview":"max-image-preview:large","max-video-preview":"max-video-preview:-1"},"canonical":"https:\/\/www.clients.horus-informatique71.fr\/advocnar_backup\/2014\/01\/appel-a-manifester-contre-pollution-chimique-transports-ile-de-france\/","og_locale":"fr_FR","og_type":"article","og_title":"Manifestons contre la pollution en Ile-de-France - Advocnar","og_description":"18.01.2014 L&rsquo;ADVOCNAR vous appelle \u00e0 manifester contre la pollution chimique des avions, dans le cadre de la manifestation contre la pollution de l&rsquo;air en Ile-de-France, organis\u00e9e par IDFE* (Ile-de-France Environnement) dont l&rsquo;ADVOCNAR est membre : \u00ab Le carnaval des asphyxi\u00e9s \u00bb Samedi 1er f\u00e9vrier 2014 \u00e0 15h Parvis des Droits de l&rsquo;Homme &#8211; Place du [&hellip;]","og_url":"https:\/\/www.clients.horus-informatique71.fr\/advocnar_backup\/2014\/01\/appel-a-manifester-contre-pollution-chimique-transports-ile-de-france\/","og_site_name":"Advocnar","article_published_time":"2014-01-12T13:59:50+00:00","article_modified_time":"2021-12-23T08:08:13+00:00","og_image":[{"url":"https:\/\/www.advocnar.frwp-content\/uploads\/2016\/06\/content-555_362_affiche-carnaval-asphyxies-idfe-.jpg"}],"author":"FBrochot","twitter_card":"summary_large_image","twitter_misc":{"\u00c9crit par":"FBrochot","Dur\u00e9e de lecture estim\u00e9e":"2 minutes"},"schema":{"@context":"https:\/\/schema.org","@graph":[{"@type":"WebPage","@id":"https:\/\/www.clients.horus-informatique71.fr\/advocnar_backup\/2014\/01\/appel-a-manifester-contre-pollution-chimique-transports-ile-de-france\/","url":"https:\/\/www.clients.horus-informatique71.fr\/advocnar_backup\/2014\/01\/appel-a-manifester-contre-pollution-chimique-transports-ile-de-france\/","name":"Manifestons contre la pollution en Ile-de-France - Advocnar","isPartOf":{"@id":"https:\/\/www.clients.horus-informatique71.fr\/advocnar_backup\/#website"},"datePublished":"2014-01-12T13:59:50+00:00","dateModified":"2021-12-23T08:08:13+00:00","author":{"@id":"https:\/\/www.clients.horus-informatique71.fr\/advocnar_backup\/#\/schema\/person\/28ec283f897fb44e1146415d8015d23e"},"breadcrumb":{"@id":"https:\/\/www.clients.horus-informatique71.fr\/advocnar_backup\/2014\/01\/appel-a-manifester-contre-pollution-chimique-transports-ile-de-france\/#breadcrumb"},"inLanguage":"fr-FR","potentialAction":[{"@type":"ReadAction","target":["https:\/\/www.clients.horus-informatique71.fr\/advocnar_backup\/2014\/01\/appel-a-manifester-contre-pollution-chimique-transports-ile-de-france\/"]}]},{"@type":"BreadcrumbList","@id":"https:\/\/www.clients.horus-informatique71.fr\/advocnar_backup\/2014\/01\/appel-a-manifester-contre-pollution-chimique-transports-ile-de-france\/#breadcrumb","itemListElement":[{"@type":"ListItem","position":1,"name":"Accueil","item":"https:\/\/www.clients.horus-informatique71.fr\/advocnar_backup\/"},{"@type":"ListItem","position":2,"name":"Manifestons contre la pollution en Ile-de-France"}]},{"@type":"WebSite","@id":"https:\/\/www.clients.horus-informatique71.fr\/advocnar_backup\/#website","url":"https:\/\/www.clients.horus-informatique71.fr\/advocnar_backup\/","name":"Advocnar","description":"Association de D\u00e9fense Contre les Nuisances A\u00e9riennes","potentialAction":[{"@type":"SearchAction","target":{"@type":"EntryPoint","urlTemplate":"https:\/\/www.clients.horus-informatique71.fr\/advocnar_backup\/?s={search_term_string}"},"query-input":"required name=search_term_string"}],"inLanguage":"fr-FR"},{"@type":"Person","@id":"https:\/\/www.clients.horus-informatique71.fr\/advocnar_backup\/#\/schema\/person\/28ec283f897fb44e1146415d8015d23e","name":"FBrochot","url":"https:\/\/www.clients.horus-informatique71.fr\/advocnar_backup\/author\/fbrochot\/"}]}},"_links":{"self":[{"href":"https:\/\/www.clients.horus-informatique71.fr\/advocnar_backup\/wp-json\/wp\/v2\/posts\/72360"}],"collection":[{"href":"https:\/\/www.clients.horus-informatique71.fr\/advocnar_backup\/wp-json\/wp\/v2\/posts"}],"about":[{"href":"https:\/\/www.clients.horus-informatique71.fr\/advocnar_backup\/wp-json\/wp\/v2\/types\/post"}],"author":[{"embeddable":true,"href":"https:\/\/www.clients.horus-informatique71.fr\/advocnar_backup\/wp-json\/wp\/v2\/users\/10"}],"replies":[{"embeddable":true,"href":"https:\/\/www.clients.horus-informatique71.fr\/advocnar_backup\/wp-json\/wp\/v2\/comments?post=72360"}],"version-history":[{"count":2,"href":"https:\/\/www.clients.horus-informatique71.fr\/advocnar_backup\/wp-json\/wp\/v2\/posts\/72360\/revisions"}],"predecessor-version":[{"id":77616,"href":"https:\/\/www.clients.horus-informatique71.fr\/advocnar_backup\/wp-json\/wp\/v2\/posts\/72360\/revisions\/77616"}],"wp:attachment":[{"href":"https:\/\/www.clients.horus-informatique71.fr\/advocnar_backup\/wp-json\/wp\/v2\/media?parent=72360"}],"wp:term":[{"taxonomy":"category","embeddable":true,"href":"https:\/\/www.clients.horus-informatique71.fr\/advocnar_backup\/wp-json\/wp\/v2\/categories?post=72360"},{"taxonomy":"post_tag","embeddable":true,"href":"https:\/\/www.clients.horus-informatique71.fr\/advocnar_backup\/wp-json\/wp\/v2\/tags?post=72360"}],"curies":[{"name":"wp","href":"https:\/\/api.w.org\/{rel}","templated":true}]}}