{"id":72368,"date":"2013-12-26T15:08:18","date_gmt":"2013-12-26T14:08:18","guid":{"rendered":"https:\/\/www.clients.horus-informatique71.fr\/advocnar_backup\/?p=72368"},"modified":"2021-12-23T09:06:39","modified_gmt":"2021-12-23T08:06:39","slug":"stop-aux-privileges-transport-aerien","status":"publish","type":"post","link":"https:\/\/www.clients.horus-informatique71.fr\/advocnar_backup\/2013\/12\/stop-aux-privileges-transport-aerien\/","title":{"rendered":"Stop aux privil\u00e8ges du transport a\u00e9rien"},"content":{"rendered":"<h3>Z\u00e9ro taxe sur le k\u00e9ros\u00e8ne, TVA r\u00e9duite sur les lignes int\u00e9rieures<\/h3>\n<p><img loading=\"lazy\" decoding=\"async\" class=\"alignleft wp-image-72369\" src=\"https:\/\/www.clients.horus-informatique71.fr\/advocnar_backup\/wp-content\/uploads\/2016\/06\/content-216_306_5-affiches-illustration-avion-3-212x300.jpg\" alt=\"content-216_306_5-affiches-illustration-avion-3\" width=\"248\" height=\"351\" srcset=\"https:\/\/www.clients.horus-informatique71.fr\/advocnar_backup\/wp-content\/uploads\/2016\/06\/content-216_306_5-affiches-illustration-avion-3-212x300.jpg 212w, https:\/\/www.clients.horus-informatique71.fr\/advocnar_backup\/wp-content\/uploads\/2016\/06\/content-216_306_5-affiches-illustration-avion-3.jpg 216w\" sizes=\"(max-width: 248px) 100vw, 248px\" \/><\/p>\n<p>Le transport a\u00e9rien qui est, et sera plus encore demain, un contributeur important au r\u00e9chauffement climatique mondial, b\u00e9n\u00e9ficie, sur le plan international depuis les accords de Chicago de 1944, d&rsquo;une non taxation des carburants. Toutefois, les textes juridiques permettraient au moins une taxation sur les vols nationaux sans remise en cause. Cette non taxation constitue un biais de concurrence tr\u00e8s important.<\/p>\n<p>&nbsp;<\/p>\n<p>&nbsp;<\/p>\n<p>Par ailleurs, le transport a\u00e9rien b\u00e9n\u00e9ficie d&rsquo;exemption de TVA ou de taux tr\u00e8s favorables.<\/p>\n<p>La location de jets priv\u00e9s b\u00e9n\u00e9ficie du taux de TVA r\u00e9duit \u00e0 7 % applicable seulement aux produits de premi\u00e8re n\u00e9cessit\u00e9! Niche fiscale inadmissible !<\/p>\n<p>Il est inconcevable que dans le contexte budg\u00e9taire actuel de telles in\u00e9galit\u00e9s soient maintenues.<\/p>\n<p>L&rsquo;ADVOCNAR demande :<\/p>\n<ul>\n<li>La taxation du k\u00e9ros\u00e8ne sur les vols nationaux afin de r\u00e9tablir un \u00e9quilibre concurrentiel avec le train ou le transport routier<\/li>\n<li>L&rsquo;augmentation de la fiscalit\u00e9, par le biais de la TVA ou d&rsquo;une taxe sp\u00e9cifique sur les billets d&rsquo;avion et sur le fret a\u00e9rien.<\/li>\n<li>L&rsquo;application du taux normal de TVA pour la location de jets priv\u00e9s.<\/li>\n<\/ul>\n<p>&nbsp;<\/p>\n","protected":false},"excerpt":{"rendered":"<p>Z\u00e9ro taxe sur le k\u00e9ros\u00e8ne, TVA r\u00e9duite sur les lignes int\u00e9rieures Le transport a\u00e9rien qui est, et sera plus encore demain, un contributeur important au r\u00e9chauffement climatique mondial, b\u00e9n\u00e9ficie, sur le plan international depuis les accords de Chicago de 1944, d&rsquo;une non taxation des carburants. Toutefois, les textes juridiques permettraient au moins une taxation sur [&hellip;]<\/p>\n","protected":false},"author":10,"featured_media":0,"comment_status":"closed","ping_status":"open","sticky":false,"template":"","format":"standard","meta":{"footnotes":""},"categories":[46],"tags":[],"yoast_head":"<!-- This site is optimized with the Yoast SEO plugin v22.0 - https:\/\/yoast.com\/wordpress\/plugins\/seo\/ -->\n<title>Stop aux privil\u00e8ges du transport a\u00e9rien - Advocnar<\/title>\n<meta name=\"robots\" content=\"index, follow, max-snippet:-1, max-image-preview:large, max-video-preview:-1\" \/>\n<link rel=\"canonical\" href=\"https:\/\/www.clients.horus-informatique71.fr\/advocnar_backup\/2013\/12\/stop-aux-privileges-transport-aerien\/\" \/>\n<meta property=\"og:locale\" content=\"fr_FR\" \/>\n<meta property=\"og:type\" content=\"article\" \/>\n<meta property=\"og:title\" content=\"Stop aux privil\u00e8ges du transport a\u00e9rien - Advocnar\" \/>\n<meta property=\"og:description\" content=\"Z\u00e9ro taxe sur le k\u00e9ros\u00e8ne, TVA r\u00e9duite sur les lignes int\u00e9rieures Le transport a\u00e9rien qui est, et sera plus encore demain, un contributeur important au r\u00e9chauffement climatique mondial, b\u00e9n\u00e9ficie, sur le plan international depuis les accords de Chicago de 1944, d&rsquo;une non taxation des carburants. Toutefois, les textes juridiques permettraient au moins une taxation sur [&hellip;]\" \/>\n<meta property=\"og:url\" content=\"https:\/\/www.clients.horus-informatique71.fr\/advocnar_backup\/2013\/12\/stop-aux-privileges-transport-aerien\/\" \/>\n<meta property=\"og:site_name\" content=\"Advocnar\" \/>\n<meta property=\"article:published_time\" content=\"2013-12-26T14:08:18+00:00\" \/>\n<meta property=\"article:modified_time\" content=\"2021-12-23T08:06:39+00:00\" \/>\n<meta property=\"og:image\" content=\"https:\/\/www.advocnar.frwp-content\/uploads\/2016\/06\/content-216_306_5-affiches-illustration-avion-3-212x300.jpg\" \/>\n<meta name=\"author\" content=\"FBrochot\" \/>\n<meta name=\"twitter:card\" content=\"summary_large_image\" \/>\n<meta name=\"twitter:label1\" content=\"\u00c9crit par\" \/>\n\t<meta name=\"twitter:data1\" content=\"FBrochot\" \/>\n\t<meta name=\"twitter:label2\" content=\"Dur\u00e9e de lecture estim\u00e9e\" \/>\n\t<meta name=\"twitter:data2\" content=\"2 minutes\" \/>\n<script type=\"application\/ld+json\" class=\"yoast-schema-graph\">{\"@context\":\"https:\/\/schema.org\",\"@graph\":[{\"@type\":\"WebPage\",\"@id\":\"https:\/\/www.clients.horus-informatique71.fr\/advocnar_backup\/2013\/12\/stop-aux-privileges-transport-aerien\/\",\"url\":\"https:\/\/www.clients.horus-informatique71.fr\/advocnar_backup\/2013\/12\/stop-aux-privileges-transport-aerien\/\",\"name\":\"Stop aux privil\u00e8ges du transport a\u00e9rien - Advocnar\",\"isPartOf\":{\"@id\":\"https:\/\/www.clients.horus-informatique71.fr\/advocnar_backup\/#website\"},\"datePublished\":\"2013-12-26T14:08:18+00:00\",\"dateModified\":\"2021-12-23T08:06:39+00:00\",\"author\":{\"@id\":\"https:\/\/www.clients.horus-informatique71.fr\/advocnar_backup\/#\/schema\/person\/28ec283f897fb44e1146415d8015d23e\"},\"breadcrumb\":{\"@id\":\"https:\/\/www.clients.horus-informatique71.fr\/advocnar_backup\/2013\/12\/stop-aux-privileges-transport-aerien\/#breadcrumb\"},\"inLanguage\":\"fr-FR\",\"potentialAction\":[{\"@type\":\"ReadAction\",\"target\":[\"https:\/\/www.clients.horus-informatique71.fr\/advocnar_backup\/2013\/12\/stop-aux-privileges-transport-aerien\/\"]}]},{\"@type\":\"BreadcrumbList\",\"@id\":\"https:\/\/www.clients.horus-informatique71.fr\/advocnar_backup\/2013\/12\/stop-aux-privileges-transport-aerien\/#breadcrumb\",\"itemListElement\":[{\"@type\":\"ListItem\",\"position\":1,\"name\":\"Accueil\",\"item\":\"https:\/\/www.clients.horus-informatique71.fr\/advocnar_backup\/\"},{\"@type\":\"ListItem\",\"position\":2,\"name\":\"Stop aux privil\u00e8ges du transport a\u00e9rien\"}]},{\"@type\":\"WebSite\",\"@id\":\"https:\/\/www.clients.horus-informatique71.fr\/advocnar_backup\/#website\",\"url\":\"https:\/\/www.clients.horus-informatique71.fr\/advocnar_backup\/\",\"name\":\"Advocnar\",\"description\":\"Association de D\u00e9fense Contre les Nuisances A\u00e9riennes\",\"potentialAction\":[{\"@type\":\"SearchAction\",\"target\":{\"@type\":\"EntryPoint\",\"urlTemplate\":\"https:\/\/www.clients.horus-informatique71.fr\/advocnar_backup\/?s={search_term_string}\"},\"query-input\":\"required name=search_term_string\"}],\"inLanguage\":\"fr-FR\"},{\"@type\":\"Person\",\"@id\":\"https:\/\/www.clients.horus-informatique71.fr\/advocnar_backup\/#\/schema\/person\/28ec283f897fb44e1146415d8015d23e\",\"name\":\"FBrochot\",\"url\":\"https:\/\/www.clients.horus-informatique71.fr\/advocnar_backup\/author\/fbrochot\/\"}]}<\/script>\n<!-- \/ Yoast SEO plugin. -->","yoast_head_json":{"title":"Stop aux privil\u00e8ges du transport a\u00e9rien - Advocnar","robots":{"index":"index","follow":"follow","max-snippet":"max-snippet:-1","max-image-preview":"max-image-preview:large","max-video-preview":"max-video-preview:-1"},"canonical":"https:\/\/www.clients.horus-informatique71.fr\/advocnar_backup\/2013\/12\/stop-aux-privileges-transport-aerien\/","og_locale":"fr_FR","og_type":"article","og_title":"Stop aux privil\u00e8ges du transport a\u00e9rien - Advocnar","og_description":"Z\u00e9ro taxe sur le k\u00e9ros\u00e8ne, TVA r\u00e9duite sur les lignes int\u00e9rieures Le transport a\u00e9rien qui est, et sera plus encore demain, un contributeur important au r\u00e9chauffement climatique mondial, b\u00e9n\u00e9ficie, sur le plan international depuis les accords de Chicago de 1944, d&rsquo;une non taxation des carburants. Toutefois, les textes juridiques permettraient au moins une taxation sur [&hellip;]","og_url":"https:\/\/www.clients.horus-informatique71.fr\/advocnar_backup\/2013\/12\/stop-aux-privileges-transport-aerien\/","og_site_name":"Advocnar","article_published_time":"2013-12-26T14:08:18+00:00","article_modified_time":"2021-12-23T08:06:39+00:00","og_image":[{"url":"https:\/\/www.advocnar.frwp-content\/uploads\/2016\/06\/content-216_306_5-affiches-illustration-avion-3-212x300.jpg"}],"author":"FBrochot","twitter_card":"summary_large_image","twitter_misc":{"\u00c9crit par":"FBrochot","Dur\u00e9e de lecture estim\u00e9e":"2 minutes"},"schema":{"@context":"https:\/\/schema.org","@graph":[{"@type":"WebPage","@id":"https:\/\/www.clients.horus-informatique71.fr\/advocnar_backup\/2013\/12\/stop-aux-privileges-transport-aerien\/","url":"https:\/\/www.clients.horus-informatique71.fr\/advocnar_backup\/2013\/12\/stop-aux-privileges-transport-aerien\/","name":"Stop aux privil\u00e8ges du transport a\u00e9rien - Advocnar","isPartOf":{"@id":"https:\/\/www.clients.horus-informatique71.fr\/advocnar_backup\/#website"},"datePublished":"2013-12-26T14:08:18+00:00","dateModified":"2021-12-23T08:06:39+00:00","author":{"@id":"https:\/\/www.clients.horus-informatique71.fr\/advocnar_backup\/#\/schema\/person\/28ec283f897fb44e1146415d8015d23e"},"breadcrumb":{"@id":"https:\/\/www.clients.horus-informatique71.fr\/advocnar_backup\/2013\/12\/stop-aux-privileges-transport-aerien\/#breadcrumb"},"inLanguage":"fr-FR","potentialAction":[{"@type":"ReadAction","target":["https:\/\/www.clients.horus-informatique71.fr\/advocnar_backup\/2013\/12\/stop-aux-privileges-transport-aerien\/"]}]},{"@type":"BreadcrumbList","@id":"https:\/\/www.clients.horus-informatique71.fr\/advocnar_backup\/2013\/12\/stop-aux-privileges-transport-aerien\/#breadcrumb","itemListElement":[{"@type":"ListItem","position":1,"name":"Accueil","item":"https:\/\/www.clients.horus-informatique71.fr\/advocnar_backup\/"},{"@type":"ListItem","position":2,"name":"Stop aux privil\u00e8ges du transport a\u00e9rien"}]},{"@type":"WebSite","@id":"https:\/\/www.clients.horus-informatique71.fr\/advocnar_backup\/#website","url":"https:\/\/www.clients.horus-informatique71.fr\/advocnar_backup\/","name":"Advocnar","description":"Association de D\u00e9fense Contre les Nuisances A\u00e9riennes","potentialAction":[{"@type":"SearchAction","target":{"@type":"EntryPoint","urlTemplate":"https:\/\/www.clients.horus-informatique71.fr\/advocnar_backup\/?s={search_term_string}"},"query-input":"required name=search_term_string"}],"inLanguage":"fr-FR"},{"@type":"Person","@id":"https:\/\/www.clients.horus-informatique71.fr\/advocnar_backup\/#\/schema\/person\/28ec283f897fb44e1146415d8015d23e","name":"FBrochot","url":"https:\/\/www.clients.horus-informatique71.fr\/advocnar_backup\/author\/fbrochot\/"}]}},"_links":{"self":[{"href":"https:\/\/www.clients.horus-informatique71.fr\/advocnar_backup\/wp-json\/wp\/v2\/posts\/72368"}],"collection":[{"href":"https:\/\/www.clients.horus-informatique71.fr\/advocnar_backup\/wp-json\/wp\/v2\/posts"}],"about":[{"href":"https:\/\/www.clients.horus-informatique71.fr\/advocnar_backup\/wp-json\/wp\/v2\/types\/post"}],"author":[{"embeddable":true,"href":"https:\/\/www.clients.horus-informatique71.fr\/advocnar_backup\/wp-json\/wp\/v2\/users\/10"}],"replies":[{"embeddable":true,"href":"https:\/\/www.clients.horus-informatique71.fr\/advocnar_backup\/wp-json\/wp\/v2\/comments?post=72368"}],"version-history":[{"count":2,"href":"https:\/\/www.clients.horus-informatique71.fr\/advocnar_backup\/wp-json\/wp\/v2\/posts\/72368\/revisions"}],"predecessor-version":[{"id":77613,"href":"https:\/\/www.clients.horus-informatique71.fr\/advocnar_backup\/wp-json\/wp\/v2\/posts\/72368\/revisions\/77613"}],"wp:attachment":[{"href":"https:\/\/www.clients.horus-informatique71.fr\/advocnar_backup\/wp-json\/wp\/v2\/media?parent=72368"}],"wp:term":[{"taxonomy":"category","embeddable":true,"href":"https:\/\/www.clients.horus-informatique71.fr\/advocnar_backup\/wp-json\/wp\/v2\/categories?post=72368"},{"taxonomy":"post_tag","embeddable":true,"href":"https:\/\/www.clients.horus-informatique71.fr\/advocnar_backup\/wp-json\/wp\/v2\/tags?post=72368"}],"curies":[{"name":"wp","href":"https:\/\/api.w.org\/{rel}","templated":true}]}}