{"id":72441,"date":"2013-02-28T20:09:03","date_gmt":"2013-02-28T19:09:03","guid":{"rendered":"https:\/\/www.clients.horus-informatique71.fr\/advocnar_backup\/?p=72441"},"modified":"2021-12-23T08:49:00","modified_gmt":"2021-12-23T07:49:00","slug":"assemblee-generale-2013","status":"publish","type":"post","link":"https:\/\/www.clients.horus-informatique71.fr\/advocnar_backup\/2013\/02\/assemblee-generale-2013\/","title":{"rendered":"Assembl\u00e9e G\u00e9n\u00e9rale 2013"},"content":{"rendered":"<h4>Vendredi 1er mars &#8211; 20h30 \u00e0\u00a0 Saint-Prix<\/h4>\n<h3>L&rsquo;assembl\u00e9e G\u00e9n\u00e9rale de l&rsquo;ADVOCNAR se tiendra le :<\/h3>\n<p style=\"text-align: center;\">Vendredi 1er mars 2013 \u00e0 20h30<br \/>\nSalle des f\u00eates de Saint Prix<br \/>\n45 rue d&rsquo;Ermont<br \/>\n\u00e0 c\u00f4t\u00e9 de la Mairie<\/p>\n<p>L&rsquo;ordre du jour est le suivant :<\/p>\n<ul>\n<li>rapport moral et rapport d&rsquo;activit\u00e9s<\/li>\n<li>rapport financier<\/li>\n<li>\u00e9lection du Conseil d&rsquo;Administration<\/li>\n<li>point sur les priorit\u00e9s<\/li>\n<li>\u00e9changes d&rsquo;id\u00e9es<\/li>\n<\/ul>\n","protected":false},"excerpt":{"rendered":"<p>Vendredi 1er mars &#8211; 20h30 \u00e0\u00a0 Saint-Prix L&rsquo;assembl\u00e9e G\u00e9n\u00e9rale de l&rsquo;ADVOCNAR se tiendra le : Vendredi 1er mars 2013 \u00e0 20h30 Salle des f\u00eates de Saint Prix 45 rue d&rsquo;Ermont \u00e0 c\u00f4t\u00e9 de la Mairie L&rsquo;ordre du jour est le suivant : rapport moral et rapport d&rsquo;activit\u00e9s rapport financier \u00e9lection du Conseil d&rsquo;Administration point sur [&hellip;]<\/p>\n","protected":false},"author":10,"featured_media":0,"comment_status":"closed","ping_status":"open","sticky":false,"template":"","format":"standard","meta":{"footnotes":""},"categories":[46],"tags":[],"yoast_head":"<!-- This site is optimized with the Yoast SEO plugin v22.0 - https:\/\/yoast.com\/wordpress\/plugins\/seo\/ -->\n<title>Assembl\u00e9e G\u00e9n\u00e9rale 2013 - Advocnar<\/title>\n<meta name=\"robots\" content=\"index, follow, max-snippet:-1, max-image-preview:large, max-video-preview:-1\" \/>\n<link rel=\"canonical\" href=\"https:\/\/www.clients.horus-informatique71.fr\/advocnar_backup\/2013\/02\/assemblee-generale-2013\/\" \/>\n<meta property=\"og:locale\" content=\"fr_FR\" \/>\n<meta property=\"og:type\" content=\"article\" \/>\n<meta property=\"og:title\" content=\"Assembl\u00e9e G\u00e9n\u00e9rale 2013 - Advocnar\" \/>\n<meta property=\"og:description\" content=\"Vendredi 1er mars &#8211; 20h30 \u00e0\u00a0 Saint-Prix L&rsquo;assembl\u00e9e G\u00e9n\u00e9rale de l&rsquo;ADVOCNAR se tiendra le : Vendredi 1er mars 2013 \u00e0 20h30 Salle des f\u00eates de Saint Prix 45 rue d&rsquo;Ermont \u00e0 c\u00f4t\u00e9 de la Mairie L&rsquo;ordre du jour est le suivant : rapport moral et rapport d&rsquo;activit\u00e9s rapport financier \u00e9lection du Conseil d&rsquo;Administration point sur [&hellip;]\" \/>\n<meta property=\"og:url\" content=\"https:\/\/www.clients.horus-informatique71.fr\/advocnar_backup\/2013\/02\/assemblee-generale-2013\/\" \/>\n<meta property=\"og:site_name\" content=\"Advocnar\" \/>\n<meta property=\"article:published_time\" content=\"2013-02-28T19:09:03+00:00\" \/>\n<meta property=\"article:modified_time\" content=\"2021-12-23T07:49:00+00:00\" \/>\n<meta name=\"author\" content=\"FBrochot\" \/>\n<meta name=\"twitter:card\" content=\"summary_large_image\" \/>\n<meta name=\"twitter:label1\" content=\"\u00c9crit par\" \/>\n\t<meta name=\"twitter:data1\" content=\"FBrochot\" \/>\n\t<meta name=\"twitter:label2\" content=\"Dur\u00e9e de lecture estim\u00e9e\" \/>\n\t<meta name=\"twitter:data2\" content=\"1 minute\" \/>\n<script type=\"application\/ld+json\" class=\"yoast-schema-graph\">{\"@context\":\"https:\/\/schema.org\",\"@graph\":[{\"@type\":\"WebPage\",\"@id\":\"https:\/\/www.clients.horus-informatique71.fr\/advocnar_backup\/2013\/02\/assemblee-generale-2013\/\",\"url\":\"https:\/\/www.clients.horus-informatique71.fr\/advocnar_backup\/2013\/02\/assemblee-generale-2013\/\",\"name\":\"Assembl\u00e9e G\u00e9n\u00e9rale 2013 - Advocnar\",\"isPartOf\":{\"@id\":\"https:\/\/www.clients.horus-informatique71.fr\/advocnar_backup\/#website\"},\"datePublished\":\"2013-02-28T19:09:03+00:00\",\"dateModified\":\"2021-12-23T07:49:00+00:00\",\"author\":{\"@id\":\"https:\/\/www.clients.horus-informatique71.fr\/advocnar_backup\/#\/schema\/person\/28ec283f897fb44e1146415d8015d23e\"},\"breadcrumb\":{\"@id\":\"https:\/\/www.clients.horus-informatique71.fr\/advocnar_backup\/2013\/02\/assemblee-generale-2013\/#breadcrumb\"},\"inLanguage\":\"fr-FR\",\"potentialAction\":[{\"@type\":\"ReadAction\",\"target\":[\"https:\/\/www.clients.horus-informatique71.fr\/advocnar_backup\/2013\/02\/assemblee-generale-2013\/\"]}]},{\"@type\":\"BreadcrumbList\",\"@id\":\"https:\/\/www.clients.horus-informatique71.fr\/advocnar_backup\/2013\/02\/assemblee-generale-2013\/#breadcrumb\",\"itemListElement\":[{\"@type\":\"ListItem\",\"position\":1,\"name\":\"Accueil\",\"item\":\"https:\/\/www.clients.horus-informatique71.fr\/advocnar_backup\/\"},{\"@type\":\"ListItem\",\"position\":2,\"name\":\"Assembl\u00e9e G\u00e9n\u00e9rale 2013\"}]},{\"@type\":\"WebSite\",\"@id\":\"https:\/\/www.clients.horus-informatique71.fr\/advocnar_backup\/#website\",\"url\":\"https:\/\/www.clients.horus-informatique71.fr\/advocnar_backup\/\",\"name\":\"Advocnar\",\"description\":\"Association de D\u00e9fense Contre les Nuisances A\u00e9riennes\",\"potentialAction\":[{\"@type\":\"SearchAction\",\"target\":{\"@type\":\"EntryPoint\",\"urlTemplate\":\"https:\/\/www.clients.horus-informatique71.fr\/advocnar_backup\/?s={search_term_string}\"},\"query-input\":\"required name=search_term_string\"}],\"inLanguage\":\"fr-FR\"},{\"@type\":\"Person\",\"@id\":\"https:\/\/www.clients.horus-informatique71.fr\/advocnar_backup\/#\/schema\/person\/28ec283f897fb44e1146415d8015d23e\",\"name\":\"FBrochot\",\"url\":\"https:\/\/www.clients.horus-informatique71.fr\/advocnar_backup\/author\/fbrochot\/\"}]}<\/script>\n<!-- \/ Yoast SEO plugin. -->","yoast_head_json":{"title":"Assembl\u00e9e G\u00e9n\u00e9rale 2013 - Advocnar","robots":{"index":"index","follow":"follow","max-snippet":"max-snippet:-1","max-image-preview":"max-image-preview:large","max-video-preview":"max-video-preview:-1"},"canonical":"https:\/\/www.clients.horus-informatique71.fr\/advocnar_backup\/2013\/02\/assemblee-generale-2013\/","og_locale":"fr_FR","og_type":"article","og_title":"Assembl\u00e9e G\u00e9n\u00e9rale 2013 - Advocnar","og_description":"Vendredi 1er mars &#8211; 20h30 \u00e0\u00a0 Saint-Prix L&rsquo;assembl\u00e9e G\u00e9n\u00e9rale de l&rsquo;ADVOCNAR se tiendra le : Vendredi 1er mars 2013 \u00e0 20h30 Salle des f\u00eates de Saint Prix 45 rue d&rsquo;Ermont \u00e0 c\u00f4t\u00e9 de la Mairie L&rsquo;ordre du jour est le suivant : rapport moral et rapport d&rsquo;activit\u00e9s rapport financier \u00e9lection du Conseil d&rsquo;Administration point sur [&hellip;]","og_url":"https:\/\/www.clients.horus-informatique71.fr\/advocnar_backup\/2013\/02\/assemblee-generale-2013\/","og_site_name":"Advocnar","article_published_time":"2013-02-28T19:09:03+00:00","article_modified_time":"2021-12-23T07:49:00+00:00","author":"FBrochot","twitter_card":"summary_large_image","twitter_misc":{"\u00c9crit par":"FBrochot","Dur\u00e9e de lecture estim\u00e9e":"1 minute"},"schema":{"@context":"https:\/\/schema.org","@graph":[{"@type":"WebPage","@id":"https:\/\/www.clients.horus-informatique71.fr\/advocnar_backup\/2013\/02\/assemblee-generale-2013\/","url":"https:\/\/www.clients.horus-informatique71.fr\/advocnar_backup\/2013\/02\/assemblee-generale-2013\/","name":"Assembl\u00e9e G\u00e9n\u00e9rale 2013 - Advocnar","isPartOf":{"@id":"https:\/\/www.clients.horus-informatique71.fr\/advocnar_backup\/#website"},"datePublished":"2013-02-28T19:09:03+00:00","dateModified":"2021-12-23T07:49:00+00:00","author":{"@id":"https:\/\/www.clients.horus-informatique71.fr\/advocnar_backup\/#\/schema\/person\/28ec283f897fb44e1146415d8015d23e"},"breadcrumb":{"@id":"https:\/\/www.clients.horus-informatique71.fr\/advocnar_backup\/2013\/02\/assemblee-generale-2013\/#breadcrumb"},"inLanguage":"fr-FR","potentialAction":[{"@type":"ReadAction","target":["https:\/\/www.clients.horus-informatique71.fr\/advocnar_backup\/2013\/02\/assemblee-generale-2013\/"]}]},{"@type":"BreadcrumbList","@id":"https:\/\/www.clients.horus-informatique71.fr\/advocnar_backup\/2013\/02\/assemblee-generale-2013\/#breadcrumb","itemListElement":[{"@type":"ListItem","position":1,"name":"Accueil","item":"https:\/\/www.clients.horus-informatique71.fr\/advocnar_backup\/"},{"@type":"ListItem","position":2,"name":"Assembl\u00e9e G\u00e9n\u00e9rale 2013"}]},{"@type":"WebSite","@id":"https:\/\/www.clients.horus-informatique71.fr\/advocnar_backup\/#website","url":"https:\/\/www.clients.horus-informatique71.fr\/advocnar_backup\/","name":"Advocnar","description":"Association de D\u00e9fense Contre les Nuisances A\u00e9riennes","potentialAction":[{"@type":"SearchAction","target":{"@type":"EntryPoint","urlTemplate":"https:\/\/www.clients.horus-informatique71.fr\/advocnar_backup\/?s={search_term_string}"},"query-input":"required name=search_term_string"}],"inLanguage":"fr-FR"},{"@type":"Person","@id":"https:\/\/www.clients.horus-informatique71.fr\/advocnar_backup\/#\/schema\/person\/28ec283f897fb44e1146415d8015d23e","name":"FBrochot","url":"https:\/\/www.clients.horus-informatique71.fr\/advocnar_backup\/author\/fbrochot\/"}]}},"_links":{"self":[{"href":"https:\/\/www.clients.horus-informatique71.fr\/advocnar_backup\/wp-json\/wp\/v2\/posts\/72441"}],"collection":[{"href":"https:\/\/www.clients.horus-informatique71.fr\/advocnar_backup\/wp-json\/wp\/v2\/posts"}],"about":[{"href":"https:\/\/www.clients.horus-informatique71.fr\/advocnar_backup\/wp-json\/wp\/v2\/types\/post"}],"author":[{"embeddable":true,"href":"https:\/\/www.clients.horus-informatique71.fr\/advocnar_backup\/wp-json\/wp\/v2\/users\/10"}],"replies":[{"embeddable":true,"href":"https:\/\/www.clients.horus-informatique71.fr\/advocnar_backup\/wp-json\/wp\/v2\/comments?post=72441"}],"version-history":[{"count":3,"href":"https:\/\/www.clients.horus-informatique71.fr\/advocnar_backup\/wp-json\/wp\/v2\/posts\/72441\/revisions"}],"predecessor-version":[{"id":77585,"href":"https:\/\/www.clients.horus-informatique71.fr\/advocnar_backup\/wp-json\/wp\/v2\/posts\/72441\/revisions\/77585"}],"wp:attachment":[{"href":"https:\/\/www.clients.horus-informatique71.fr\/advocnar_backup\/wp-json\/wp\/v2\/media?parent=72441"}],"wp:term":[{"taxonomy":"category","embeddable":true,"href":"https:\/\/www.clients.horus-informatique71.fr\/advocnar_backup\/wp-json\/wp\/v2\/categories?post=72441"},{"taxonomy":"post_tag","embeddable":true,"href":"https:\/\/www.clients.horus-informatique71.fr\/advocnar_backup\/wp-json\/wp\/v2\/tags?post=72441"}],"curies":[{"name":"wp","href":"https:\/\/api.w.org\/{rel}","templated":true}]}}