{"id":72971,"date":"2013-07-03T16:43:52","date_gmt":"2013-07-03T15:43:52","guid":{"rendered":"https:\/\/www.clients.horus-informatique71.fr\/advocnar_backup\/?p=72971"},"modified":"2016-10-23T09:55:50","modified_gmt":"2016-10-23T08:55:50","slug":"72971","status":"publish","type":"post","link":"https:\/\/www.clients.horus-informatique71.fr\/advocnar_backup\/2013\/07\/72971\/","title":{"rendered":""},"content":{"rendered":"<p><strong>03.07.2013<\/strong><\/p>\n<p align=\"justify\">G\u00e9rard Sebaoun, d\u00e9put\u00e9 de la 4e circonscription du Val d&rsquo;Oise, interpelle les eurod\u00e9put\u00e9s fran\u00e7ais sur les cons\u00e9quences sanitaires et environnementales des nuisances a\u00e9riennes. Il appelle au renforcement du droit europ\u00e9en en la mati\u00e8re.<\/p>\n<ul>\n<li>\n<div align=\"justify\"><a href=\"https:\/\/www.clients.horus-informatique71.fr\/advocnar_backup\/wp-content\/uploads\/2016\/06\/Communique-de-presse-G.-Sebaoun-3-juillet-2013.pdf\" rel=\"\">Lire le communiqu\u00e9 de presse <\/a><\/div>\n<\/li>\n<li>\n<div align=\"justify\"><a href=\"https:\/\/www.clients.horus-informatique71.fr\/advocnar_backup\/wp-content\/uploads\/2016\/06\/courrier-sebaoun-eurodeputes.pdf\" rel=\"\">Lire le courrier de G\u00e9rard Sebaoun aux eurod\u00e9put\u00e9s<\/a><\/div>\n<\/li>\n<\/ul>\n","protected":false},"excerpt":{"rendered":"<p>03.07.2013 G\u00e9rard Sebaoun, d\u00e9put\u00e9 de la 4e circonscription du Val d&rsquo;Oise, interpelle les eurod\u00e9put\u00e9s fran\u00e7ais sur les cons\u00e9quences sanitaires et environnementales des nuisances a\u00e9riennes. Il appelle au renforcement du droit europ\u00e9en en la mati\u00e8re. Lire le communiqu\u00e9 de presse Lire le courrier de G\u00e9rard Sebaoun aux eurod\u00e9put\u00e9s<\/p>\n","protected":false},"author":10,"featured_media":0,"comment_status":"closed","ping_status":"open","sticky":false,"template":"","format":"standard","meta":{"footnotes":""},"categories":[47],"tags":[],"yoast_head":"<!-- This site is optimized with the Yoast SEO plugin v22.0 - https:\/\/yoast.com\/wordpress\/plugins\/seo\/ -->\n<title>- Advocnar<\/title>\n<meta name=\"robots\" content=\"index, follow, max-snippet:-1, max-image-preview:large, max-video-preview:-1\" \/>\n<link rel=\"canonical\" href=\"https:\/\/www.clients.horus-informatique71.fr\/advocnar_backup\/2013\/07\/72971\/\" \/>\n<meta property=\"og:locale\" content=\"fr_FR\" \/>\n<meta property=\"og:type\" content=\"article\" \/>\n<meta property=\"og:title\" content=\"- Advocnar\" \/>\n<meta property=\"og:description\" content=\"03.07.2013 G\u00e9rard Sebaoun, d\u00e9put\u00e9 de la 4e circonscription du Val d&rsquo;Oise, interpelle les eurod\u00e9put\u00e9s fran\u00e7ais sur les cons\u00e9quences sanitaires et environnementales des nuisances a\u00e9riennes. Il appelle au renforcement du droit europ\u00e9en en la mati\u00e8re. Lire le communiqu\u00e9 de presse Lire le courrier de G\u00e9rard Sebaoun aux eurod\u00e9put\u00e9s\" \/>\n<meta property=\"og:url\" content=\"https:\/\/www.clients.horus-informatique71.fr\/advocnar_backup\/2013\/07\/72971\/\" \/>\n<meta property=\"og:site_name\" content=\"Advocnar\" \/>\n<meta property=\"article:published_time\" content=\"2013-07-03T15:43:52+00:00\" \/>\n<meta property=\"article:modified_time\" content=\"2016-10-23T08:55:50+00:00\" \/>\n<meta name=\"author\" content=\"FBrochot\" \/>\n<meta name=\"twitter:card\" content=\"summary_large_image\" \/>\n<meta name=\"twitter:label1\" content=\"\u00c9crit par\" \/>\n\t<meta name=\"twitter:data1\" content=\"FBrochot\" \/>\n<script type=\"application\/ld+json\" class=\"yoast-schema-graph\">{\"@context\":\"https:\/\/schema.org\",\"@graph\":[{\"@type\":\"WebPage\",\"@id\":\"https:\/\/www.clients.horus-informatique71.fr\/advocnar_backup\/2013\/07\/72971\/\",\"url\":\"https:\/\/www.clients.horus-informatique71.fr\/advocnar_backup\/2013\/07\/72971\/\",\"name\":\"- Advocnar\",\"isPartOf\":{\"@id\":\"https:\/\/www.clients.horus-informatique71.fr\/advocnar_backup\/#website\"},\"datePublished\":\"2013-07-03T15:43:52+00:00\",\"dateModified\":\"2016-10-23T08:55:50+00:00\",\"author\":{\"@id\":\"https:\/\/www.clients.horus-informatique71.fr\/advocnar_backup\/#\/schema\/person\/28ec283f897fb44e1146415d8015d23e\"},\"inLanguage\":\"fr-FR\",\"potentialAction\":[{\"@type\":\"ReadAction\",\"target\":[\"https:\/\/www.clients.horus-informatique71.fr\/advocnar_backup\/2013\/07\/72971\/\"]}]},{\"@type\":\"WebSite\",\"@id\":\"https:\/\/www.clients.horus-informatique71.fr\/advocnar_backup\/#website\",\"url\":\"https:\/\/www.clients.horus-informatique71.fr\/advocnar_backup\/\",\"name\":\"Advocnar\",\"description\":\"Association de D\u00e9fense Contre les Nuisances A\u00e9riennes\",\"potentialAction\":[{\"@type\":\"SearchAction\",\"target\":{\"@type\":\"EntryPoint\",\"urlTemplate\":\"https:\/\/www.clients.horus-informatique71.fr\/advocnar_backup\/?s={search_term_string}\"},\"query-input\":\"required name=search_term_string\"}],\"inLanguage\":\"fr-FR\"},{\"@type\":\"Person\",\"@id\":\"https:\/\/www.clients.horus-informatique71.fr\/advocnar_backup\/#\/schema\/person\/28ec283f897fb44e1146415d8015d23e\",\"name\":\"FBrochot\",\"url\":\"https:\/\/www.clients.horus-informatique71.fr\/advocnar_backup\/author\/fbrochot\/\"}]}<\/script>\n<!-- \/ Yoast SEO plugin. -->","yoast_head_json":{"title":"- Advocnar","robots":{"index":"index","follow":"follow","max-snippet":"max-snippet:-1","max-image-preview":"max-image-preview:large","max-video-preview":"max-video-preview:-1"},"canonical":"https:\/\/www.clients.horus-informatique71.fr\/advocnar_backup\/2013\/07\/72971\/","og_locale":"fr_FR","og_type":"article","og_title":"- Advocnar","og_description":"03.07.2013 G\u00e9rard Sebaoun, d\u00e9put\u00e9 de la 4e circonscription du Val d&rsquo;Oise, interpelle les eurod\u00e9put\u00e9s fran\u00e7ais sur les cons\u00e9quences sanitaires et environnementales des nuisances a\u00e9riennes. Il appelle au renforcement du droit europ\u00e9en en la mati\u00e8re. Lire le communiqu\u00e9 de presse Lire le courrier de G\u00e9rard Sebaoun aux eurod\u00e9put\u00e9s","og_url":"https:\/\/www.clients.horus-informatique71.fr\/advocnar_backup\/2013\/07\/72971\/","og_site_name":"Advocnar","article_published_time":"2013-07-03T15:43:52+00:00","article_modified_time":"2016-10-23T08:55:50+00:00","author":"FBrochot","twitter_card":"summary_large_image","twitter_misc":{"\u00c9crit par":"FBrochot"},"schema":{"@context":"https:\/\/schema.org","@graph":[{"@type":"WebPage","@id":"https:\/\/www.clients.horus-informatique71.fr\/advocnar_backup\/2013\/07\/72971\/","url":"https:\/\/www.clients.horus-informatique71.fr\/advocnar_backup\/2013\/07\/72971\/","name":"- Advocnar","isPartOf":{"@id":"https:\/\/www.clients.horus-informatique71.fr\/advocnar_backup\/#website"},"datePublished":"2013-07-03T15:43:52+00:00","dateModified":"2016-10-23T08:55:50+00:00","author":{"@id":"https:\/\/www.clients.horus-informatique71.fr\/advocnar_backup\/#\/schema\/person\/28ec283f897fb44e1146415d8015d23e"},"inLanguage":"fr-FR","potentialAction":[{"@type":"ReadAction","target":["https:\/\/www.clients.horus-informatique71.fr\/advocnar_backup\/2013\/07\/72971\/"]}]},{"@type":"WebSite","@id":"https:\/\/www.clients.horus-informatique71.fr\/advocnar_backup\/#website","url":"https:\/\/www.clients.horus-informatique71.fr\/advocnar_backup\/","name":"Advocnar","description":"Association de D\u00e9fense Contre les Nuisances A\u00e9riennes","potentialAction":[{"@type":"SearchAction","target":{"@type":"EntryPoint","urlTemplate":"https:\/\/www.clients.horus-informatique71.fr\/advocnar_backup\/?s={search_term_string}"},"query-input":"required name=search_term_string"}],"inLanguage":"fr-FR"},{"@type":"Person","@id":"https:\/\/www.clients.horus-informatique71.fr\/advocnar_backup\/#\/schema\/person\/28ec283f897fb44e1146415d8015d23e","name":"FBrochot","url":"https:\/\/www.clients.horus-informatique71.fr\/advocnar_backup\/author\/fbrochot\/"}]}},"_links":{"self":[{"href":"https:\/\/www.clients.horus-informatique71.fr\/advocnar_backup\/wp-json\/wp\/v2\/posts\/72971"}],"collection":[{"href":"https:\/\/www.clients.horus-informatique71.fr\/advocnar_backup\/wp-json\/wp\/v2\/posts"}],"about":[{"href":"https:\/\/www.clients.horus-informatique71.fr\/advocnar_backup\/wp-json\/wp\/v2\/types\/post"}],"author":[{"embeddable":true,"href":"https:\/\/www.clients.horus-informatique71.fr\/advocnar_backup\/wp-json\/wp\/v2\/users\/10"}],"replies":[{"embeddable":true,"href":"https:\/\/www.clients.horus-informatique71.fr\/advocnar_backup\/wp-json\/wp\/v2\/comments?post=72971"}],"version-history":[{"count":1,"href":"https:\/\/www.clients.horus-informatique71.fr\/advocnar_backup\/wp-json\/wp\/v2\/posts\/72971\/revisions"}],"predecessor-version":[{"id":72974,"href":"https:\/\/www.clients.horus-informatique71.fr\/advocnar_backup\/wp-json\/wp\/v2\/posts\/72971\/revisions\/72974"}],"wp:attachment":[{"href":"https:\/\/www.clients.horus-informatique71.fr\/advocnar_backup\/wp-json\/wp\/v2\/media?parent=72971"}],"wp:term":[{"taxonomy":"category","embeddable":true,"href":"https:\/\/www.clients.horus-informatique71.fr\/advocnar_backup\/wp-json\/wp\/v2\/categories?post=72971"},{"taxonomy":"post_tag","embeddable":true,"href":"https:\/\/www.clients.horus-informatique71.fr\/advocnar_backup\/wp-json\/wp\/v2\/tags?post=72971"}],"curies":[{"name":"wp","href":"https:\/\/api.w.org\/{rel}","templated":true}]}}