{"id":72988,"date":"2013-03-26T07:57:53","date_gmt":"2013-03-26T06:57:53","guid":{"rendered":"https:\/\/www.clients.horus-informatique71.fr\/advocnar_backup\/?p=72988"},"modified":"2016-10-23T09:55:50","modified_gmt":"2016-10-23T08:55:50","slug":"72988","status":"publish","type":"post","link":"https:\/\/www.clients.horus-informatique71.fr\/advocnar_backup\/2013\/03\/72988\/","title":{"rendered":""},"content":{"rendered":"<h4>26.03.2013<\/h4>\n<p><img loading=\"lazy\" decoding=\"async\" width=\"167\" height=\"186\" class=\"alignleft size-full wp-image-72960\" src=\"https:\/\/www.clients.horus-informatique71.fr\/advocnar_backup\/wp-content\/uploads\/2016\/06\/telechargement-2.jpg\" alt=\"t\u00e9l\u00e9chargement\" \/>Question \u00e9crite de Jean-No\u00ebl Carpentier, d\u00e9put\u00e9 de la 3\u00e8me circonscription du Val d&rsquo;Oise, au Ministre des Transports, portant sur les nuisances sonores a\u00e9riennes nocturnes \u00e0 proximit\u00e9 des grands a\u00e9roports, notamment en r\u00e9gion Ile-de-France, et r\u00e9ponse du Ministre des Transports.<\/p>\n<p><a href=\"http:\/\/questions.assemblee-nationale.fr\/q14\/14-11742QE.htm\">Lire la question \u00e9crite et la r\u00e9ponse<\/a><\/p>\n","protected":false},"excerpt":{"rendered":"<p>26.03.2013 Question \u00e9crite de Jean-No\u00ebl Carpentier, d\u00e9put\u00e9 de la 3\u00e8me circonscription du Val d&rsquo;Oise, au Ministre des Transports, portant sur les nuisances sonores a\u00e9riennes nocturnes \u00e0 proximit\u00e9 des grands a\u00e9roports, notamment en r\u00e9gion Ile-de-France, et r\u00e9ponse du Ministre des Transports. Lire la question \u00e9crite et la r\u00e9ponse<\/p>\n","protected":false},"author":10,"featured_media":0,"comment_status":"closed","ping_status":"open","sticky":false,"template":"","format":"standard","meta":{"footnotes":""},"categories":[47],"tags":[],"yoast_head":"<!-- This site is optimized with the Yoast SEO plugin v22.0 - https:\/\/yoast.com\/wordpress\/plugins\/seo\/ -->\n<title>- Advocnar<\/title>\n<meta name=\"robots\" content=\"index, follow, max-snippet:-1, max-image-preview:large, max-video-preview:-1\" \/>\n<link rel=\"canonical\" href=\"https:\/\/www.clients.horus-informatique71.fr\/advocnar_backup\/2013\/03\/72988\/\" \/>\n<meta property=\"og:locale\" content=\"fr_FR\" \/>\n<meta property=\"og:type\" content=\"article\" \/>\n<meta property=\"og:title\" content=\"- Advocnar\" \/>\n<meta property=\"og:description\" content=\"26.03.2013 Question \u00e9crite de Jean-No\u00ebl Carpentier, d\u00e9put\u00e9 de la 3\u00e8me circonscription du Val d&rsquo;Oise, au Ministre des Transports, portant sur les nuisances sonores a\u00e9riennes nocturnes \u00e0 proximit\u00e9 des grands a\u00e9roports, notamment en r\u00e9gion Ile-de-France, et r\u00e9ponse du Ministre des Transports. Lire la question \u00e9crite et la r\u00e9ponse\" \/>\n<meta property=\"og:url\" content=\"https:\/\/www.clients.horus-informatique71.fr\/advocnar_backup\/2013\/03\/72988\/\" \/>\n<meta property=\"og:site_name\" content=\"Advocnar\" \/>\n<meta property=\"article:published_time\" content=\"2013-03-26T06:57:53+00:00\" \/>\n<meta property=\"article:modified_time\" content=\"2016-10-23T08:55:50+00:00\" \/>\n<meta property=\"og:image\" content=\"https:\/\/www.advocnar.frwp-content\/uploads\/2016\/06\/telechargement-2.jpg\" \/>\n<meta name=\"author\" content=\"FBrochot\" \/>\n<meta name=\"twitter:card\" content=\"summary_large_image\" \/>\n<meta name=\"twitter:label1\" content=\"\u00c9crit par\" \/>\n\t<meta name=\"twitter:data1\" content=\"FBrochot\" \/>\n<script type=\"application\/ld+json\" class=\"yoast-schema-graph\">{\"@context\":\"https:\/\/schema.org\",\"@graph\":[{\"@type\":\"WebPage\",\"@id\":\"https:\/\/www.clients.horus-informatique71.fr\/advocnar_backup\/2013\/03\/72988\/\",\"url\":\"https:\/\/www.clients.horus-informatique71.fr\/advocnar_backup\/2013\/03\/72988\/\",\"name\":\"- Advocnar\",\"isPartOf\":{\"@id\":\"https:\/\/www.clients.horus-informatique71.fr\/advocnar_backup\/#website\"},\"datePublished\":\"2013-03-26T06:57:53+00:00\",\"dateModified\":\"2016-10-23T08:55:50+00:00\",\"author\":{\"@id\":\"https:\/\/www.clients.horus-informatique71.fr\/advocnar_backup\/#\/schema\/person\/28ec283f897fb44e1146415d8015d23e\"},\"inLanguage\":\"fr-FR\",\"potentialAction\":[{\"@type\":\"ReadAction\",\"target\":[\"https:\/\/www.clients.horus-informatique71.fr\/advocnar_backup\/2013\/03\/72988\/\"]}]},{\"@type\":\"WebSite\",\"@id\":\"https:\/\/www.clients.horus-informatique71.fr\/advocnar_backup\/#website\",\"url\":\"https:\/\/www.clients.horus-informatique71.fr\/advocnar_backup\/\",\"name\":\"Advocnar\",\"description\":\"Association de D\u00e9fense Contre les Nuisances A\u00e9riennes\",\"potentialAction\":[{\"@type\":\"SearchAction\",\"target\":{\"@type\":\"EntryPoint\",\"urlTemplate\":\"https:\/\/www.clients.horus-informatique71.fr\/advocnar_backup\/?s={search_term_string}\"},\"query-input\":\"required name=search_term_string\"}],\"inLanguage\":\"fr-FR\"},{\"@type\":\"Person\",\"@id\":\"https:\/\/www.clients.horus-informatique71.fr\/advocnar_backup\/#\/schema\/person\/28ec283f897fb44e1146415d8015d23e\",\"name\":\"FBrochot\",\"url\":\"https:\/\/www.clients.horus-informatique71.fr\/advocnar_backup\/author\/fbrochot\/\"}]}<\/script>\n<!-- \/ Yoast SEO plugin. -->","yoast_head_json":{"title":"- Advocnar","robots":{"index":"index","follow":"follow","max-snippet":"max-snippet:-1","max-image-preview":"max-image-preview:large","max-video-preview":"max-video-preview:-1"},"canonical":"https:\/\/www.clients.horus-informatique71.fr\/advocnar_backup\/2013\/03\/72988\/","og_locale":"fr_FR","og_type":"article","og_title":"- Advocnar","og_description":"26.03.2013 Question \u00e9crite de Jean-No\u00ebl Carpentier, d\u00e9put\u00e9 de la 3\u00e8me circonscription du Val d&rsquo;Oise, au Ministre des Transports, portant sur les nuisances sonores a\u00e9riennes nocturnes \u00e0 proximit\u00e9 des grands a\u00e9roports, notamment en r\u00e9gion Ile-de-France, et r\u00e9ponse du Ministre des Transports. Lire la question \u00e9crite et la r\u00e9ponse","og_url":"https:\/\/www.clients.horus-informatique71.fr\/advocnar_backup\/2013\/03\/72988\/","og_site_name":"Advocnar","article_published_time":"2013-03-26T06:57:53+00:00","article_modified_time":"2016-10-23T08:55:50+00:00","og_image":[{"url":"https:\/\/www.advocnar.frwp-content\/uploads\/2016\/06\/telechargement-2.jpg"}],"author":"FBrochot","twitter_card":"summary_large_image","twitter_misc":{"\u00c9crit par":"FBrochot"},"schema":{"@context":"https:\/\/schema.org","@graph":[{"@type":"WebPage","@id":"https:\/\/www.clients.horus-informatique71.fr\/advocnar_backup\/2013\/03\/72988\/","url":"https:\/\/www.clients.horus-informatique71.fr\/advocnar_backup\/2013\/03\/72988\/","name":"- Advocnar","isPartOf":{"@id":"https:\/\/www.clients.horus-informatique71.fr\/advocnar_backup\/#website"},"datePublished":"2013-03-26T06:57:53+00:00","dateModified":"2016-10-23T08:55:50+00:00","author":{"@id":"https:\/\/www.clients.horus-informatique71.fr\/advocnar_backup\/#\/schema\/person\/28ec283f897fb44e1146415d8015d23e"},"inLanguage":"fr-FR","potentialAction":[{"@type":"ReadAction","target":["https:\/\/www.clients.horus-informatique71.fr\/advocnar_backup\/2013\/03\/72988\/"]}]},{"@type":"WebSite","@id":"https:\/\/www.clients.horus-informatique71.fr\/advocnar_backup\/#website","url":"https:\/\/www.clients.horus-informatique71.fr\/advocnar_backup\/","name":"Advocnar","description":"Association de D\u00e9fense Contre les Nuisances A\u00e9riennes","potentialAction":[{"@type":"SearchAction","target":{"@type":"EntryPoint","urlTemplate":"https:\/\/www.clients.horus-informatique71.fr\/advocnar_backup\/?s={search_term_string}"},"query-input":"required name=search_term_string"}],"inLanguage":"fr-FR"},{"@type":"Person","@id":"https:\/\/www.clients.horus-informatique71.fr\/advocnar_backup\/#\/schema\/person\/28ec283f897fb44e1146415d8015d23e","name":"FBrochot","url":"https:\/\/www.clients.horus-informatique71.fr\/advocnar_backup\/author\/fbrochot\/"}]}},"_links":{"self":[{"href":"https:\/\/www.clients.horus-informatique71.fr\/advocnar_backup\/wp-json\/wp\/v2\/posts\/72988"}],"collection":[{"href":"https:\/\/www.clients.horus-informatique71.fr\/advocnar_backup\/wp-json\/wp\/v2\/posts"}],"about":[{"href":"https:\/\/www.clients.horus-informatique71.fr\/advocnar_backup\/wp-json\/wp\/v2\/types\/post"}],"author":[{"embeddable":true,"href":"https:\/\/www.clients.horus-informatique71.fr\/advocnar_backup\/wp-json\/wp\/v2\/users\/10"}],"replies":[{"embeddable":true,"href":"https:\/\/www.clients.horus-informatique71.fr\/advocnar_backup\/wp-json\/wp\/v2\/comments?post=72988"}],"version-history":[{"count":1,"href":"https:\/\/www.clients.horus-informatique71.fr\/advocnar_backup\/wp-json\/wp\/v2\/posts\/72988\/revisions"}],"predecessor-version":[{"id":72989,"href":"https:\/\/www.clients.horus-informatique71.fr\/advocnar_backup\/wp-json\/wp\/v2\/posts\/72988\/revisions\/72989"}],"wp:attachment":[{"href":"https:\/\/www.clients.horus-informatique71.fr\/advocnar_backup\/wp-json\/wp\/v2\/media?parent=72988"}],"wp:term":[{"taxonomy":"category","embeddable":true,"href":"https:\/\/www.clients.horus-informatique71.fr\/advocnar_backup\/wp-json\/wp\/v2\/categories?post=72988"},{"taxonomy":"post_tag","embeddable":true,"href":"https:\/\/www.clients.horus-informatique71.fr\/advocnar_backup\/wp-json\/wp\/v2\/tags?post=72988"}],"curies":[{"name":"wp","href":"https:\/\/api.w.org\/{rel}","templated":true}]}}