{"id":73450,"date":"2016-12-09T14:22:39","date_gmt":"2016-12-09T13:22:39","guid":{"rendered":"https:\/\/www.clients.horus-informatique71.fr\/advocnar_backup\/?p=73450"},"modified":"2016-12-10T14:25:42","modified_gmt":"2016-12-10T13:25:42","slug":"communique-advocnar-pic-de-pollution-trafic-aerien-toujours-mis-a-contribution","status":"publish","type":"post","link":"https:\/\/www.clients.horus-informatique71.fr\/advocnar_backup\/2016\/12\/communique-advocnar-pic-de-pollution-trafic-aerien-toujours-mis-a-contribution\/","title":{"rendered":"Communiqu\u00e9 ADVOCNAR &#8211; Pic de pollution : le trafic a\u00e9rien toujours pas mis \u00e0 contribution !"},"content":{"rendered":"<p><strong>Pic de pollution\u00a0: le trafic a\u00e9rien toujours pas mis \u00e0 contribution\u00a0!<\/strong><\/p>\n<p>L\u2019Ile-de-France subit son plus long pic de pollution depuis 10 ans. Les cartes d\u2019Airparif montrent un d\u00e9passement des concentrations de particules mettant en lumi\u00e8re l\u2019inertie des pouvoirs publics.<\/p>\n<p>On parle essentiellement du trafic routier ou du chauffage des r\u00e9sidences, et la pollution des avions\u00a0semble ignor\u00e9e\u00a0! Pourtant la similitude du k\u00e9ros\u00e8ne avec le gazole en fait un acteur d\u2019autant plus dangereux que notre r\u00e9gion, 10 fois plus peupl\u00e9e que les autres r\u00e9gions, concentre la moiti\u00e9 du trafic a\u00e9rien national, obligeant de nombreuses personnes non franciliennes, pour b\u00e9n\u00e9ficier des destinations offertes sur les a\u00e9roports parisiens, \u00e0 venir participer contre leur gr\u00e9 \u00e0 l\u2019accumulation de la pollution.<\/p>\n<p>Fin 2013, la pollution de l\u2019air ext\u00e9rieur a \u00e9t\u00e9 class\u00e9e parmi les \u00ab\u00a0canc\u00e9rog\u00e8nes certains\u00a0\u00bb par le Centre International de Recherche sur le Cancer (CIRC), une agence de l\u2019Organisation Mondiale de la Sant\u00e9. Des mesures suppl\u00e9mentaires de pr\u00e9vention sanitaire ont logiquement \u00e9t\u00e9 annonc\u00e9es par les autorit\u00e9s fran\u00e7aises,\u00a0d\u2019une part dans le cadre du \u00ab\u00a0Plan Cancer\u00a0\u00bb pr\u00e9voyant des mesures de \u00ab\u00a0pr\u00e9vention renforc\u00e9e\u00a0\u00bb pour les populations, d\u2019autre part dans le \u00ab\u00a0Plan National Sant\u00e9 Environnement 3\u00a0\u00bb se donnant pour objectif d\u2019am\u00e9liorer la pr\u00e9vention du cancer par des \u00ab\u00a0actions de r\u00e9duction des expositions\u00a0\u00bb aux polluants.<\/p>\n<p>L\u2019ADVOCNAR y voit une contradiction flagrante entre les paroles et les actes et renouvelle sa demande aux pouvoirs publics\u00a0: la r\u00e9duction du trafic a\u00e9rien en cas de pic de pollution, qui est pr\u00e9vue par l\u2019article 181 de la loi Grenelle II du 12 juillet 2010, mais n\u2019a jamais \u00e9t\u00e9 appliqu\u00e9e.<\/p>\n<p>Des mesures de fond doivent \u00e9galement s\u2019appliquer\u00a0:<\/p>\n<ul>\n<li>Plafonnement du trafic a\u00e9rien en \u00cele-de-France<\/li>\n<li>Trajectoires \u00e9pargnant les zones dens\u00e9ment peupl\u00e9es<\/li>\n<li>Incitations efficaces conduisant au renouvellement acc\u00e9l\u00e9r\u00e9 des flottes<\/li>\n<\/ul>\n<p>Pour cr\u00e9dibiliser l\u2019action politique, les pouvoirs publics doivent prendre leurs responsabilit\u00e9s face aux lobbies a\u00e9riens et tenir leurs engagements.<\/p>\n<p>&nbsp;<\/p>\n<p>&nbsp;<\/p>\n","protected":false},"excerpt":{"rendered":"<p>Pic de pollution\u00a0: le trafic a\u00e9rien toujours pas mis \u00e0 contribution\u00a0! L\u2019Ile-de-France subit son plus long pic de pollution depuis 10 ans. Les cartes d\u2019Airparif montrent un d\u00e9passement des concentrations de particules mettant en lumi\u00e8re l\u2019inertie des pouvoirs publics. On parle essentiellement du trafic routier ou du chauffage des r\u00e9sidences, et la pollution des avions\u00a0semble [&hellip;]<\/p>\n","protected":false},"author":10,"featured_media":73452,"comment_status":"closed","ping_status":"open","sticky":false,"template":"","format":"standard","meta":{"footnotes":""},"categories":[46],"tags":[],"yoast_head":"<!-- This site is optimized with the Yoast SEO plugin v22.0 - https:\/\/yoast.com\/wordpress\/plugins\/seo\/ -->\n<title>Communiqu\u00e9 ADVOCNAR - Pic de pollution : le trafic a\u00e9rien toujours pas mis \u00e0 contribution ! - Advocnar<\/title>\n<meta name=\"robots\" content=\"index, follow, max-snippet:-1, max-image-preview:large, max-video-preview:-1\" \/>\n<link rel=\"canonical\" href=\"https:\/\/www.clients.horus-informatique71.fr\/advocnar_backup\/2016\/12\/communique-advocnar-pic-de-pollution-trafic-aerien-toujours-mis-a-contribution\/\" \/>\n<meta property=\"og:locale\" content=\"fr_FR\" \/>\n<meta property=\"og:type\" content=\"article\" \/>\n<meta property=\"og:title\" content=\"Communiqu\u00e9 ADVOCNAR - Pic de pollution : le trafic a\u00e9rien toujours pas mis \u00e0 contribution ! - Advocnar\" \/>\n<meta property=\"og:description\" content=\"Pic de pollution\u00a0: le trafic a\u00e9rien toujours pas mis \u00e0 contribution\u00a0! L\u2019Ile-de-France subit son plus long pic de pollution depuis 10 ans. Les cartes d\u2019Airparif montrent un d\u00e9passement des concentrations de particules mettant en lumi\u00e8re l\u2019inertie des pouvoirs publics. On parle essentiellement du trafic routier ou du chauffage des r\u00e9sidences, et la pollution des avions\u00a0semble [&hellip;]\" \/>\n<meta property=\"og:url\" content=\"https:\/\/www.clients.horus-informatique71.fr\/advocnar_backup\/2016\/12\/communique-advocnar-pic-de-pollution-trafic-aerien-toujours-mis-a-contribution\/\" \/>\n<meta property=\"og:site_name\" content=\"Advocnar\" \/>\n<meta property=\"article:published_time\" content=\"2016-12-09T13:22:39+00:00\" \/>\n<meta property=\"article:modified_time\" content=\"2016-12-10T13:25:42+00:00\" \/>\n<meta property=\"og:image\" content=\"https:\/\/www.clients.horus-informatique71.fr\/advocnar_backup\/wp-content\/uploads\/2016\/12\/2016-12-09-Communique-pics-de-pollution-en-IDF-e1481376322138.png\" \/>\n\t<meta property=\"og:image:width\" content=\"967\" \/>\n\t<meta property=\"og:image:height\" content=\"726\" \/>\n\t<meta property=\"og:image:type\" content=\"image\/png\" \/>\n<meta name=\"author\" content=\"FBrochot\" \/>\n<meta name=\"twitter:card\" content=\"summary_large_image\" \/>\n<meta name=\"twitter:label1\" content=\"\u00c9crit par\" \/>\n\t<meta name=\"twitter:data1\" content=\"FBrochot\" \/>\n\t<meta name=\"twitter:label2\" content=\"Dur\u00e9e de lecture estim\u00e9e\" \/>\n\t<meta name=\"twitter:data2\" content=\"2 minutes\" \/>\n<script type=\"application\/ld+json\" class=\"yoast-schema-graph\">{\"@context\":\"https:\/\/schema.org\",\"@graph\":[{\"@type\":\"WebPage\",\"@id\":\"https:\/\/www.clients.horus-informatique71.fr\/advocnar_backup\/2016\/12\/communique-advocnar-pic-de-pollution-trafic-aerien-toujours-mis-a-contribution\/\",\"url\":\"https:\/\/www.clients.horus-informatique71.fr\/advocnar_backup\/2016\/12\/communique-advocnar-pic-de-pollution-trafic-aerien-toujours-mis-a-contribution\/\",\"name\":\"Communiqu\u00e9 ADVOCNAR - Pic de pollution : le trafic a\u00e9rien toujours pas mis \u00e0 contribution ! - Advocnar\",\"isPartOf\":{\"@id\":\"https:\/\/www.clients.horus-informatique71.fr\/advocnar_backup\/#website\"},\"datePublished\":\"2016-12-09T13:22:39+00:00\",\"dateModified\":\"2016-12-10T13:25:42+00:00\",\"author\":{\"@id\":\"https:\/\/www.clients.horus-informatique71.fr\/advocnar_backup\/#\/schema\/person\/28ec283f897fb44e1146415d8015d23e\"},\"breadcrumb\":{\"@id\":\"https:\/\/www.clients.horus-informatique71.fr\/advocnar_backup\/2016\/12\/communique-advocnar-pic-de-pollution-trafic-aerien-toujours-mis-a-contribution\/#breadcrumb\"},\"inLanguage\":\"fr-FR\",\"potentialAction\":[{\"@type\":\"ReadAction\",\"target\":[\"https:\/\/www.clients.horus-informatique71.fr\/advocnar_backup\/2016\/12\/communique-advocnar-pic-de-pollution-trafic-aerien-toujours-mis-a-contribution\/\"]}]},{\"@type\":\"BreadcrumbList\",\"@id\":\"https:\/\/www.clients.horus-informatique71.fr\/advocnar_backup\/2016\/12\/communique-advocnar-pic-de-pollution-trafic-aerien-toujours-mis-a-contribution\/#breadcrumb\",\"itemListElement\":[{\"@type\":\"ListItem\",\"position\":1,\"name\":\"Accueil\",\"item\":\"https:\/\/www.clients.horus-informatique71.fr\/advocnar_backup\/\"},{\"@type\":\"ListItem\",\"position\":2,\"name\":\"Communiqu\u00e9 ADVOCNAR &#8211; Pic de pollution : le trafic a\u00e9rien toujours pas mis \u00e0 contribution !\"}]},{\"@type\":\"WebSite\",\"@id\":\"https:\/\/www.clients.horus-informatique71.fr\/advocnar_backup\/#website\",\"url\":\"https:\/\/www.clients.horus-informatique71.fr\/advocnar_backup\/\",\"name\":\"Advocnar\",\"description\":\"Association de D\u00e9fense Contre les Nuisances A\u00e9riennes\",\"potentialAction\":[{\"@type\":\"SearchAction\",\"target\":{\"@type\":\"EntryPoint\",\"urlTemplate\":\"https:\/\/www.clients.horus-informatique71.fr\/advocnar_backup\/?s={search_term_string}\"},\"query-input\":\"required name=search_term_string\"}],\"inLanguage\":\"fr-FR\"},{\"@type\":\"Person\",\"@id\":\"https:\/\/www.clients.horus-informatique71.fr\/advocnar_backup\/#\/schema\/person\/28ec283f897fb44e1146415d8015d23e\",\"name\":\"FBrochot\",\"url\":\"https:\/\/www.clients.horus-informatique71.fr\/advocnar_backup\/author\/fbrochot\/\"}]}<\/script>\n<!-- \/ Yoast SEO plugin. -->","yoast_head_json":{"title":"Communiqu\u00e9 ADVOCNAR - Pic de pollution : le trafic a\u00e9rien toujours pas mis \u00e0 contribution ! - Advocnar","robots":{"index":"index","follow":"follow","max-snippet":"max-snippet:-1","max-image-preview":"max-image-preview:large","max-video-preview":"max-video-preview:-1"},"canonical":"https:\/\/www.clients.horus-informatique71.fr\/advocnar_backup\/2016\/12\/communique-advocnar-pic-de-pollution-trafic-aerien-toujours-mis-a-contribution\/","og_locale":"fr_FR","og_type":"article","og_title":"Communiqu\u00e9 ADVOCNAR - Pic de pollution : le trafic a\u00e9rien toujours pas mis \u00e0 contribution ! - Advocnar","og_description":"Pic de pollution\u00a0: le trafic a\u00e9rien toujours pas mis \u00e0 contribution\u00a0! L\u2019Ile-de-France subit son plus long pic de pollution depuis 10 ans. Les cartes d\u2019Airparif montrent un d\u00e9passement des concentrations de particules mettant en lumi\u00e8re l\u2019inertie des pouvoirs publics. On parle essentiellement du trafic routier ou du chauffage des r\u00e9sidences, et la pollution des avions\u00a0semble [&hellip;]","og_url":"https:\/\/www.clients.horus-informatique71.fr\/advocnar_backup\/2016\/12\/communique-advocnar-pic-de-pollution-trafic-aerien-toujours-mis-a-contribution\/","og_site_name":"Advocnar","article_published_time":"2016-12-09T13:22:39+00:00","article_modified_time":"2016-12-10T13:25:42+00:00","og_image":[{"width":967,"height":726,"url":"https:\/\/www.clients.horus-informatique71.fr\/advocnar_backup\/wp-content\/uploads\/2016\/12\/2016-12-09-Communique-pics-de-pollution-en-IDF-e1481376322138.png","type":"image\/png"}],"author":"FBrochot","twitter_card":"summary_large_image","twitter_misc":{"\u00c9crit par":"FBrochot","Dur\u00e9e de lecture estim\u00e9e":"2 minutes"},"schema":{"@context":"https:\/\/schema.org","@graph":[{"@type":"WebPage","@id":"https:\/\/www.clients.horus-informatique71.fr\/advocnar_backup\/2016\/12\/communique-advocnar-pic-de-pollution-trafic-aerien-toujours-mis-a-contribution\/","url":"https:\/\/www.clients.horus-informatique71.fr\/advocnar_backup\/2016\/12\/communique-advocnar-pic-de-pollution-trafic-aerien-toujours-mis-a-contribution\/","name":"Communiqu\u00e9 ADVOCNAR - Pic de pollution : le trafic a\u00e9rien toujours pas mis \u00e0 contribution ! - Advocnar","isPartOf":{"@id":"https:\/\/www.clients.horus-informatique71.fr\/advocnar_backup\/#website"},"datePublished":"2016-12-09T13:22:39+00:00","dateModified":"2016-12-10T13:25:42+00:00","author":{"@id":"https:\/\/www.clients.horus-informatique71.fr\/advocnar_backup\/#\/schema\/person\/28ec283f897fb44e1146415d8015d23e"},"breadcrumb":{"@id":"https:\/\/www.clients.horus-informatique71.fr\/advocnar_backup\/2016\/12\/communique-advocnar-pic-de-pollution-trafic-aerien-toujours-mis-a-contribution\/#breadcrumb"},"inLanguage":"fr-FR","potentialAction":[{"@type":"ReadAction","target":["https:\/\/www.clients.horus-informatique71.fr\/advocnar_backup\/2016\/12\/communique-advocnar-pic-de-pollution-trafic-aerien-toujours-mis-a-contribution\/"]}]},{"@type":"BreadcrumbList","@id":"https:\/\/www.clients.horus-informatique71.fr\/advocnar_backup\/2016\/12\/communique-advocnar-pic-de-pollution-trafic-aerien-toujours-mis-a-contribution\/#breadcrumb","itemListElement":[{"@type":"ListItem","position":1,"name":"Accueil","item":"https:\/\/www.clients.horus-informatique71.fr\/advocnar_backup\/"},{"@type":"ListItem","position":2,"name":"Communiqu\u00e9 ADVOCNAR &#8211; Pic de pollution : le trafic a\u00e9rien toujours pas mis \u00e0 contribution !"}]},{"@type":"WebSite","@id":"https:\/\/www.clients.horus-informatique71.fr\/advocnar_backup\/#website","url":"https:\/\/www.clients.horus-informatique71.fr\/advocnar_backup\/","name":"Advocnar","description":"Association de D\u00e9fense Contre les Nuisances A\u00e9riennes","potentialAction":[{"@type":"SearchAction","target":{"@type":"EntryPoint","urlTemplate":"https:\/\/www.clients.horus-informatique71.fr\/advocnar_backup\/?s={search_term_string}"},"query-input":"required name=search_term_string"}],"inLanguage":"fr-FR"},{"@type":"Person","@id":"https:\/\/www.clients.horus-informatique71.fr\/advocnar_backup\/#\/schema\/person\/28ec283f897fb44e1146415d8015d23e","name":"FBrochot","url":"https:\/\/www.clients.horus-informatique71.fr\/advocnar_backup\/author\/fbrochot\/"}]}},"_links":{"self":[{"href":"https:\/\/www.clients.horus-informatique71.fr\/advocnar_backup\/wp-json\/wp\/v2\/posts\/73450"}],"collection":[{"href":"https:\/\/www.clients.horus-informatique71.fr\/advocnar_backup\/wp-json\/wp\/v2\/posts"}],"about":[{"href":"https:\/\/www.clients.horus-informatique71.fr\/advocnar_backup\/wp-json\/wp\/v2\/types\/post"}],"author":[{"embeddable":true,"href":"https:\/\/www.clients.horus-informatique71.fr\/advocnar_backup\/wp-json\/wp\/v2\/users\/10"}],"replies":[{"embeddable":true,"href":"https:\/\/www.clients.horus-informatique71.fr\/advocnar_backup\/wp-json\/wp\/v2\/comments?post=73450"}],"version-history":[{"count":2,"href":"https:\/\/www.clients.horus-informatique71.fr\/advocnar_backup\/wp-json\/wp\/v2\/posts\/73450\/revisions"}],"predecessor-version":[{"id":73453,"href":"https:\/\/www.clients.horus-informatique71.fr\/advocnar_backup\/wp-json\/wp\/v2\/posts\/73450\/revisions\/73453"}],"wp:featuredmedia":[{"embeddable":true,"href":"https:\/\/www.clients.horus-informatique71.fr\/advocnar_backup\/wp-json\/wp\/v2\/media\/73452"}],"wp:attachment":[{"href":"https:\/\/www.clients.horus-informatique71.fr\/advocnar_backup\/wp-json\/wp\/v2\/media?parent=73450"}],"wp:term":[{"taxonomy":"category","embeddable":true,"href":"https:\/\/www.clients.horus-informatique71.fr\/advocnar_backup\/wp-json\/wp\/v2\/categories?post=73450"},{"taxonomy":"post_tag","embeddable":true,"href":"https:\/\/www.clients.horus-informatique71.fr\/advocnar_backup\/wp-json\/wp\/v2\/tags?post=73450"}],"curies":[{"name":"wp","href":"https:\/\/api.w.org\/{rel}","templated":true}]}}