{"id":73614,"date":"2017-02-11T10:29:15","date_gmt":"2017-02-11T09:29:15","guid":{"rendered":"https:\/\/www.clients.horus-informatique71.fr\/advocnar_backup\/?p=73614"},"modified":"2017-02-11T10:35:24","modified_gmt":"2017-02-11T09:35:24","slug":"assemblee-generale-mercredi-22-fevrier-ermont","status":"publish","type":"post","link":"https:\/\/www.clients.horus-informatique71.fr\/advocnar_backup\/2017\/02\/assemblee-generale-mercredi-22-fevrier-ermont\/","title":{"rendered":"ASSEMBL\u00c9E G\u00c9N\u00c9RALE MERCREDI 22 F\u00c9VRIER &#8211; ERMONT"},"content":{"rendered":"<p>l\u2019Assembl\u00e9e G\u00e9n\u00e9rale de notre association ADVOCNAR se tiendra le\u00a0:<\/p>\n<h4 style=\"text-align: center;\">Mercredi 22 f\u00e9vrier 2017 \u00e0\u00a020h30<br \/>\nSalle de l\u2019Arche<br \/>\n150, rue de la Gare \u2013 Ermont<\/h4>\n<p style=\"text-align: left;\">L\u2019ordre du jour est le suivant\u00a0:<\/p>\n<ul>\n<li>rapport moral et rapport d\u2019activit\u00e9s<\/li>\n<li>rapport financier<\/li>\n<li>\u00e9lection du Conseil d\u2019Administration<\/li>\n<li>actions et projets<\/li>\n<li>\u00e9changes d\u2019id\u00e9es<\/li>\n<\/ul>\n<p>Si vous souhaitez que l\u2019on aborde certains points particuliers, nous vous remercions de contacter le secr\u00e9tariat par mail ou par t\u00e9l\u00e9phone avant le 15 f\u00e9vrier 2017.<\/p>\n<p>Il sera possible, pour celles et ceux qui n\u2019auraient pas cotis\u00e9 en 2016, de r\u00e9gler leur cotisation \u00e0 l\u2019entr\u00e9e pour assister et voter \u00e0 l\u2019Assembl\u00e9e G\u00e9n\u00e9rale.<\/p>\n<p>Venez nombreux exprimer vos id\u00e9es. Nous vous proposons de terminer les \u00e9changes de fa\u00e7on conviviale autour d\u2019un verre.<\/p>\n","protected":false},"excerpt":{"rendered":"<p>l\u2019Assembl\u00e9e G\u00e9n\u00e9rale de notre association ADVOCNAR se tiendra le\u00a0: Mercredi 22 f\u00e9vrier 2017 \u00e0\u00a020h30 Salle de l\u2019Arche 150, rue de la Gare \u2013 Ermont L\u2019ordre du jour est le suivant\u00a0: rapport moral et rapport d\u2019activit\u00e9s rapport financier \u00e9lection du Conseil d\u2019Administration actions et projets \u00e9changes d\u2019id\u00e9es Si vous souhaitez que l\u2019on aborde certains points particuliers, [&hellip;]<\/p>\n","protected":false},"author":10,"featured_media":73616,"comment_status":"closed","ping_status":"open","sticky":false,"template":"","format":"standard","meta":{"footnotes":""},"categories":[46],"tags":[],"yoast_head":"<!-- This site is optimized with the Yoast SEO plugin v22.0 - https:\/\/yoast.com\/wordpress\/plugins\/seo\/ -->\n<title>ASSEMBL\u00c9E G\u00c9N\u00c9RALE MERCREDI 22 F\u00c9VRIER - ERMONT - Advocnar<\/title>\n<meta name=\"description\" content=\"l\u2019Assembl\u00e9e G\u00e9n\u00e9rale de notre association ADVOCNAR se tiendra le : Mercredi 22 f\u00e9vrier 2017 \u00e0 20h30 Salle de l\u2019Arche 150, rue de la Gare \u2013 Ermont\" \/>\n<meta name=\"robots\" content=\"index, follow, max-snippet:-1, max-image-preview:large, max-video-preview:-1\" \/>\n<link rel=\"canonical\" href=\"https:\/\/www.clients.horus-informatique71.fr\/advocnar_backup\/2017\/02\/assemblee-generale-mercredi-22-fevrier-ermont\/\" \/>\n<meta property=\"og:locale\" content=\"fr_FR\" \/>\n<meta property=\"og:type\" content=\"article\" \/>\n<meta property=\"og:title\" content=\"ASSEMBL\u00c9E G\u00c9N\u00c9RALE MERCREDI 22 F\u00c9VRIER - ERMONT - Advocnar\" \/>\n<meta property=\"og:description\" content=\"l\u2019Assembl\u00e9e G\u00e9n\u00e9rale de notre association ADVOCNAR se tiendra le : Mercredi 22 f\u00e9vrier 2017 \u00e0 20h30 Salle de l\u2019Arche 150, rue de la Gare \u2013 Ermont\" \/>\n<meta property=\"og:url\" content=\"https:\/\/www.clients.horus-informatique71.fr\/advocnar_backup\/2017\/02\/assemblee-generale-mercredi-22-fevrier-ermont\/\" \/>\n<meta property=\"og:site_name\" content=\"Advocnar\" \/>\n<meta property=\"article:published_time\" content=\"2017-02-11T09:29:15+00:00\" \/>\n<meta property=\"article:modified_time\" content=\"2017-02-11T09:35:24+00:00\" \/>\n<meta property=\"og:image\" content=\"https:\/\/www.clients.horus-informatique71.fr\/advocnar_backup\/wp-content\/uploads\/2017\/02\/Assemblee-generale.png\" \/>\n\t<meta property=\"og:image:width\" content=\"790\" \/>\n\t<meta property=\"og:image:height\" content=\"592\" \/>\n\t<meta property=\"og:image:type\" content=\"image\/png\" \/>\n<meta name=\"author\" content=\"FBrochot\" \/>\n<meta name=\"twitter:card\" content=\"summary_large_image\" \/>\n<meta name=\"twitter:label1\" content=\"\u00c9crit par\" \/>\n\t<meta name=\"twitter:data1\" content=\"FBrochot\" \/>\n\t<meta name=\"twitter:label2\" content=\"Dur\u00e9e de lecture estim\u00e9e\" \/>\n\t<meta name=\"twitter:data2\" content=\"1 minute\" \/>\n<script type=\"application\/ld+json\" class=\"yoast-schema-graph\">{\"@context\":\"https:\/\/schema.org\",\"@graph\":[{\"@type\":\"WebPage\",\"@id\":\"https:\/\/www.clients.horus-informatique71.fr\/advocnar_backup\/2017\/02\/assemblee-generale-mercredi-22-fevrier-ermont\/\",\"url\":\"https:\/\/www.clients.horus-informatique71.fr\/advocnar_backup\/2017\/02\/assemblee-generale-mercredi-22-fevrier-ermont\/\",\"name\":\"ASSEMBL\u00c9E G\u00c9N\u00c9RALE MERCREDI 22 F\u00c9VRIER - ERMONT - Advocnar\",\"isPartOf\":{\"@id\":\"https:\/\/www.clients.horus-informatique71.fr\/advocnar_backup\/#website\"},\"datePublished\":\"2017-02-11T09:29:15+00:00\",\"dateModified\":\"2017-02-11T09:35:24+00:00\",\"author\":{\"@id\":\"https:\/\/www.clients.horus-informatique71.fr\/advocnar_backup\/#\/schema\/person\/28ec283f897fb44e1146415d8015d23e\"},\"description\":\"l\u2019Assembl\u00e9e G\u00e9n\u00e9rale de notre association ADVOCNAR se tiendra le : Mercredi 22 f\u00e9vrier 2017 \u00e0 20h30 Salle de l\u2019Arche 150, rue de la Gare \u2013 Ermont\",\"breadcrumb\":{\"@id\":\"https:\/\/www.clients.horus-informatique71.fr\/advocnar_backup\/2017\/02\/assemblee-generale-mercredi-22-fevrier-ermont\/#breadcrumb\"},\"inLanguage\":\"fr-FR\",\"potentialAction\":[{\"@type\":\"ReadAction\",\"target\":[\"https:\/\/www.clients.horus-informatique71.fr\/advocnar_backup\/2017\/02\/assemblee-generale-mercredi-22-fevrier-ermont\/\"]}]},{\"@type\":\"BreadcrumbList\",\"@id\":\"https:\/\/www.clients.horus-informatique71.fr\/advocnar_backup\/2017\/02\/assemblee-generale-mercredi-22-fevrier-ermont\/#breadcrumb\",\"itemListElement\":[{\"@type\":\"ListItem\",\"position\":1,\"name\":\"Accueil\",\"item\":\"https:\/\/www.clients.horus-informatique71.fr\/advocnar_backup\/\"},{\"@type\":\"ListItem\",\"position\":2,\"name\":\"ASSEMBL\u00c9E G\u00c9N\u00c9RALE MERCREDI 22 F\u00c9VRIER &#8211; ERMONT\"}]},{\"@type\":\"WebSite\",\"@id\":\"https:\/\/www.clients.horus-informatique71.fr\/advocnar_backup\/#website\",\"url\":\"https:\/\/www.clients.horus-informatique71.fr\/advocnar_backup\/\",\"name\":\"Advocnar\",\"description\":\"Association de D\u00e9fense Contre les Nuisances A\u00e9riennes\",\"potentialAction\":[{\"@type\":\"SearchAction\",\"target\":{\"@type\":\"EntryPoint\",\"urlTemplate\":\"https:\/\/www.clients.horus-informatique71.fr\/advocnar_backup\/?s={search_term_string}\"},\"query-input\":\"required name=search_term_string\"}],\"inLanguage\":\"fr-FR\"},{\"@type\":\"Person\",\"@id\":\"https:\/\/www.clients.horus-informatique71.fr\/advocnar_backup\/#\/schema\/person\/28ec283f897fb44e1146415d8015d23e\",\"name\":\"FBrochot\",\"url\":\"https:\/\/www.clients.horus-informatique71.fr\/advocnar_backup\/author\/fbrochot\/\"}]}<\/script>\n<!-- \/ Yoast SEO plugin. -->","yoast_head_json":{"title":"ASSEMBL\u00c9E G\u00c9N\u00c9RALE MERCREDI 22 F\u00c9VRIER - ERMONT - Advocnar","description":"l\u2019Assembl\u00e9e G\u00e9n\u00e9rale de notre association ADVOCNAR se tiendra le : Mercredi 22 f\u00e9vrier 2017 \u00e0 20h30 Salle de l\u2019Arche 150, rue de la Gare \u2013 Ermont","robots":{"index":"index","follow":"follow","max-snippet":"max-snippet:-1","max-image-preview":"max-image-preview:large","max-video-preview":"max-video-preview:-1"},"canonical":"https:\/\/www.clients.horus-informatique71.fr\/advocnar_backup\/2017\/02\/assemblee-generale-mercredi-22-fevrier-ermont\/","og_locale":"fr_FR","og_type":"article","og_title":"ASSEMBL\u00c9E G\u00c9N\u00c9RALE MERCREDI 22 F\u00c9VRIER - ERMONT - Advocnar","og_description":"l\u2019Assembl\u00e9e G\u00e9n\u00e9rale de notre association ADVOCNAR se tiendra le : Mercredi 22 f\u00e9vrier 2017 \u00e0 20h30 Salle de l\u2019Arche 150, rue de la Gare \u2013 Ermont","og_url":"https:\/\/www.clients.horus-informatique71.fr\/advocnar_backup\/2017\/02\/assemblee-generale-mercredi-22-fevrier-ermont\/","og_site_name":"Advocnar","article_published_time":"2017-02-11T09:29:15+00:00","article_modified_time":"2017-02-11T09:35:24+00:00","og_image":[{"width":790,"height":592,"url":"https:\/\/www.clients.horus-informatique71.fr\/advocnar_backup\/wp-content\/uploads\/2017\/02\/Assemblee-generale.png","type":"image\/png"}],"author":"FBrochot","twitter_card":"summary_large_image","twitter_misc":{"\u00c9crit par":"FBrochot","Dur\u00e9e de lecture estim\u00e9e":"1 minute"},"schema":{"@context":"https:\/\/schema.org","@graph":[{"@type":"WebPage","@id":"https:\/\/www.clients.horus-informatique71.fr\/advocnar_backup\/2017\/02\/assemblee-generale-mercredi-22-fevrier-ermont\/","url":"https:\/\/www.clients.horus-informatique71.fr\/advocnar_backup\/2017\/02\/assemblee-generale-mercredi-22-fevrier-ermont\/","name":"ASSEMBL\u00c9E G\u00c9N\u00c9RALE MERCREDI 22 F\u00c9VRIER - ERMONT - Advocnar","isPartOf":{"@id":"https:\/\/www.clients.horus-informatique71.fr\/advocnar_backup\/#website"},"datePublished":"2017-02-11T09:29:15+00:00","dateModified":"2017-02-11T09:35:24+00:00","author":{"@id":"https:\/\/www.clients.horus-informatique71.fr\/advocnar_backup\/#\/schema\/person\/28ec283f897fb44e1146415d8015d23e"},"description":"l\u2019Assembl\u00e9e G\u00e9n\u00e9rale de notre association ADVOCNAR se tiendra le : Mercredi 22 f\u00e9vrier 2017 \u00e0 20h30 Salle de l\u2019Arche 150, rue de la Gare \u2013 Ermont","breadcrumb":{"@id":"https:\/\/www.clients.horus-informatique71.fr\/advocnar_backup\/2017\/02\/assemblee-generale-mercredi-22-fevrier-ermont\/#breadcrumb"},"inLanguage":"fr-FR","potentialAction":[{"@type":"ReadAction","target":["https:\/\/www.clients.horus-informatique71.fr\/advocnar_backup\/2017\/02\/assemblee-generale-mercredi-22-fevrier-ermont\/"]}]},{"@type":"BreadcrumbList","@id":"https:\/\/www.clients.horus-informatique71.fr\/advocnar_backup\/2017\/02\/assemblee-generale-mercredi-22-fevrier-ermont\/#breadcrumb","itemListElement":[{"@type":"ListItem","position":1,"name":"Accueil","item":"https:\/\/www.clients.horus-informatique71.fr\/advocnar_backup\/"},{"@type":"ListItem","position":2,"name":"ASSEMBL\u00c9E G\u00c9N\u00c9RALE MERCREDI 22 F\u00c9VRIER &#8211; ERMONT"}]},{"@type":"WebSite","@id":"https:\/\/www.clients.horus-informatique71.fr\/advocnar_backup\/#website","url":"https:\/\/www.clients.horus-informatique71.fr\/advocnar_backup\/","name":"Advocnar","description":"Association de D\u00e9fense Contre les Nuisances A\u00e9riennes","potentialAction":[{"@type":"SearchAction","target":{"@type":"EntryPoint","urlTemplate":"https:\/\/www.clients.horus-informatique71.fr\/advocnar_backup\/?s={search_term_string}"},"query-input":"required name=search_term_string"}],"inLanguage":"fr-FR"},{"@type":"Person","@id":"https:\/\/www.clients.horus-informatique71.fr\/advocnar_backup\/#\/schema\/person\/28ec283f897fb44e1146415d8015d23e","name":"FBrochot","url":"https:\/\/www.clients.horus-informatique71.fr\/advocnar_backup\/author\/fbrochot\/"}]}},"_links":{"self":[{"href":"https:\/\/www.clients.horus-informatique71.fr\/advocnar_backup\/wp-json\/wp\/v2\/posts\/73614"}],"collection":[{"href":"https:\/\/www.clients.horus-informatique71.fr\/advocnar_backup\/wp-json\/wp\/v2\/posts"}],"about":[{"href":"https:\/\/www.clients.horus-informatique71.fr\/advocnar_backup\/wp-json\/wp\/v2\/types\/post"}],"author":[{"embeddable":true,"href":"https:\/\/www.clients.horus-informatique71.fr\/advocnar_backup\/wp-json\/wp\/v2\/users\/10"}],"replies":[{"embeddable":true,"href":"https:\/\/www.clients.horus-informatique71.fr\/advocnar_backup\/wp-json\/wp\/v2\/comments?post=73614"}],"version-history":[{"count":5,"href":"https:\/\/www.clients.horus-informatique71.fr\/advocnar_backup\/wp-json\/wp\/v2\/posts\/73614\/revisions"}],"predecessor-version":[{"id":77325,"href":"https:\/\/www.clients.horus-informatique71.fr\/advocnar_backup\/wp-json\/wp\/v2\/posts\/73614\/revisions\/77325"}],"wp:featuredmedia":[{"embeddable":true,"href":"https:\/\/www.clients.horus-informatique71.fr\/advocnar_backup\/wp-json\/wp\/v2\/media\/73616"}],"wp:attachment":[{"href":"https:\/\/www.clients.horus-informatique71.fr\/advocnar_backup\/wp-json\/wp\/v2\/media?parent=73614"}],"wp:term":[{"taxonomy":"category","embeddable":true,"href":"https:\/\/www.clients.horus-informatique71.fr\/advocnar_backup\/wp-json\/wp\/v2\/categories?post=73614"},{"taxonomy":"post_tag","embeddable":true,"href":"https:\/\/www.clients.horus-informatique71.fr\/advocnar_backup\/wp-json\/wp\/v2\/tags?post=73614"}],"curies":[{"name":"wp","href":"https:\/\/api.w.org\/{rel}","templated":true}]}}