{"id":73630,"date":"2017-03-01T21:30:21","date_gmt":"2017-03-01T20:30:21","guid":{"rendered":"https:\/\/www.clients.horus-informatique71.fr\/advocnar_backup\/?p=73630"},"modified":"2017-03-02T21:32:26","modified_gmt":"2017-03-02T20:32:26","slug":"nuisances-aeriennes-associations-de-riverains-saisir-conseil-detat","status":"publish","type":"post","link":"https:\/\/www.clients.horus-informatique71.fr\/advocnar_backup\/2017\/03\/nuisances-aeriennes-associations-de-riverains-saisir-conseil-detat\/","title":{"rendered":"Nuisances a\u00e9riennes : les associations de riverains vont saisir le Conseil d\u2019Etat"},"content":{"rendered":"<h4>01.03.2017 &#8211; Le Parisien<\/h4>\n<p><em>Paris, ce mercredi. Fran\u00e7oise Brochot pr\u00e9sidente de l\u2019Advocnar, Louis Cofflard, avocat des associations et Patric Kruissel, administrateur de l\u2019Advocnar.<\/em><\/p>\n<p>Les associations de d\u00e9fense des riverains contre les nuisances sonores des a\u00e9roports franciliens vont donner une nouvelle tournure \u00e0 leur combat. R\u00e9unies au sein d\u2019un collectif men\u00e9 par l\u2019Association de d\u00e9fense du Val-d\u2019Oise contre les nuisances a\u00e9riennes (Advocnar) et le collectif Alerte nuisances a\u00e9riennes, elles vont d\u00e9poser un recours devant Conseil d\u2019Etat pour demander l\u2019application de la directive europ\u00e9enne 2002\/49\/CE.<\/p>\n<p>\u00ab [Cette directive] repr\u00e9sente une opportunit\u00e9 formidable d\u2019obtenir des mesures de r\u00e9duction de bruit \u00bb, a annonc\u00e9 Fran\u00e7oise Brochot, pr\u00e9sidente de l\u2019Advocnar, ce mercredi. Ce texte impose aux Etats membre de r\u00e9aliser une cartographie du bruit aux abords des a\u00e9roports de plus de 50 000 mouvements et de mettre en place des mesures pour r\u00e9duire les nuisances regroup\u00e9es au sein de plans de pr\u00e9vention du bruit dans l\u2019environnement (PPBE). \u00ab On s\u2019aper\u00e7oit que ces plans sont tout \u00e0 fait insuffisants, ils ne comportent pas de nouvelles mesures pour apporter une diminution du bruit et pour r\u00e9duire la population survol\u00e9e. \u00bb Celui d\u2019Orly est en place depuis 2013 et celui de Roissy date de 2016. Quant \u00e0 celui du Bourget, il n\u2019est toujours pas en vigueur. \u00ab Or la directive europ\u00e9enne pr\u00e9voyait que ces plans soient en place en 2008 \u00bb, rappelle Fran\u00e7ois Brochot.<\/p>\n<p>Les associations souhaiteraient que ces plans soient le moyen de mettre en place diff\u00e9rentes actions qu\u2019ils r\u00e9clament depuis plusieurs ann\u00e9es : r\u00e9duction des vols de nuit, augmentation de l\u2019angle d\u2019atterrissage, poursuite de la pose de kits permettant de r\u00e9duire le sifflement des A320, emp\u00eacher la sortie pr\u00e9matur\u00e9e des trains d\u2019atterrissage et des volets, etc. \u00ab Ces mesures ont \u00e9t\u00e9 mises en place ailleurs, elles ont prouv\u00e9 leur efficacit\u00e9 et n\u2019ont pas mis \u00e0 mal le transport a\u00e9rien dans sa dimension \u00e9conomique \u00bb, a assur\u00e9 Fran\u00e7oise Brochot. Or \u00e0 l\u2019heure actuelle, les PPBE semblent plut\u00f4t vides aux yeux des associations. \u00ab Ils devraient contenir des mesures, ils n\u2019en contiennent pas. Ils se contentent de mettre en avant l\u2019existant, c\u2019est-\u00e0-dire des mesures qui ont \u00e9t\u00e9 mises en place ces dix derni\u00e8res ann\u00e9es \u00bb, ajoute-t-elle.<\/p>\n<p>Avec cette action en justice, les associations ne souhaitent pas obtenir des compensations financi\u00e8res mais plut\u00f4t entamer un dialogue avec l\u2019administration pour obtenir des mesures concr\u00e8tes. Le collectif a saisi le Premier ministre le 26 d\u00e9cembre dernier, deux mois plus tard ils peuvent se consid\u00e9rer sans r\u00e9ponse et donc \u00e0 m\u00eame de lancer une proc\u00e9dure avant le 26 avril. \u00ab L\u2019id\u00e9e ce n\u2019est pas de faire du contentieux pour faire du contentieux, souligne Louis Cofflard, avocat des associations. On peut tr\u00e8s bien aboutir \u00e0 quelque chose avant que la justice se prononce. \u00bb<\/p>\n<p>Pour se faire entendre les associations ont donc fait appel aux collectivit\u00e9s pour mener cette campagne. Les maires de Saint-Prix (Val-d\u2019Oise) et Villeneuve-le-Roi (Val-de-Marne) sont d\u00e9j\u00e0 mobilis\u00e9s et d\u2019autres devraient suivre.<\/p>\n<p>Thibault Chaffotte<br \/>\nleparisien.fr<\/p>\n<p>&nbsp;<\/p>\n","protected":false},"excerpt":{"rendered":"<p>01.03.2017 &#8211; Le Parisien Paris, ce mercredi. Fran\u00e7oise Brochot pr\u00e9sidente de l\u2019Advocnar, Louis Cofflard, avocat des associations et Patric Kruissel, administrateur de l\u2019Advocnar. Les associations de d\u00e9fense des riverains contre les nuisances sonores des a\u00e9roports franciliens vont donner une nouvelle tournure \u00e0 leur combat. R\u00e9unies au sein d\u2019un collectif men\u00e9 par l\u2019Association de d\u00e9fense du [&hellip;]<\/p>\n","protected":false},"author":10,"featured_media":0,"comment_status":"closed","ping_status":"open","sticky":false,"template":"","format":"standard","meta":{"footnotes":""},"categories":[49],"tags":[],"yoast_head":"<!-- This site is optimized with the Yoast SEO plugin v22.0 - https:\/\/yoast.com\/wordpress\/plugins\/seo\/ -->\n<title>Nuisances a\u00e9riennes : les associations de riverains vont saisir le Conseil d\u2019Etat - Advocnar<\/title>\n<meta name=\"robots\" content=\"index, follow, max-snippet:-1, max-image-preview:large, max-video-preview:-1\" \/>\n<link rel=\"canonical\" href=\"https:\/\/www.clients.horus-informatique71.fr\/advocnar_backup\/2017\/03\/nuisances-aeriennes-associations-de-riverains-saisir-conseil-detat\/\" \/>\n<meta property=\"og:locale\" content=\"fr_FR\" \/>\n<meta property=\"og:type\" content=\"article\" \/>\n<meta property=\"og:title\" content=\"Nuisances a\u00e9riennes : les associations de riverains vont saisir le Conseil d\u2019Etat - Advocnar\" \/>\n<meta property=\"og:description\" content=\"01.03.2017 &#8211; Le Parisien Paris, ce mercredi. Fran\u00e7oise Brochot pr\u00e9sidente de l\u2019Advocnar, Louis Cofflard, avocat des associations et Patric Kruissel, administrateur de l\u2019Advocnar. Les associations de d\u00e9fense des riverains contre les nuisances sonores des a\u00e9roports franciliens vont donner une nouvelle tournure \u00e0 leur combat. R\u00e9unies au sein d\u2019un collectif men\u00e9 par l\u2019Association de d\u00e9fense du [&hellip;]\" \/>\n<meta property=\"og:url\" content=\"https:\/\/www.clients.horus-informatique71.fr\/advocnar_backup\/2017\/03\/nuisances-aeriennes-associations-de-riverains-saisir-conseil-detat\/\" \/>\n<meta property=\"og:site_name\" content=\"Advocnar\" \/>\n<meta property=\"article:published_time\" content=\"2017-03-01T20:30:21+00:00\" \/>\n<meta property=\"article:modified_time\" content=\"2017-03-02T20:32:26+00:00\" \/>\n<meta name=\"author\" content=\"FBrochot\" \/>\n<meta name=\"twitter:card\" content=\"summary_large_image\" \/>\n<meta name=\"twitter:label1\" content=\"\u00c9crit par\" \/>\n\t<meta name=\"twitter:data1\" content=\"FBrochot\" \/>\n\t<meta name=\"twitter:label2\" content=\"Dur\u00e9e de lecture estim\u00e9e\" \/>\n\t<meta name=\"twitter:data2\" content=\"3 minutes\" \/>\n<script type=\"application\/ld+json\" class=\"yoast-schema-graph\">{\"@context\":\"https:\/\/schema.org\",\"@graph\":[{\"@type\":\"WebPage\",\"@id\":\"https:\/\/www.clients.horus-informatique71.fr\/advocnar_backup\/2017\/03\/nuisances-aeriennes-associations-de-riverains-saisir-conseil-detat\/\",\"url\":\"https:\/\/www.clients.horus-informatique71.fr\/advocnar_backup\/2017\/03\/nuisances-aeriennes-associations-de-riverains-saisir-conseil-detat\/\",\"name\":\"Nuisances a\u00e9riennes : les associations de riverains vont saisir le Conseil d\u2019Etat - Advocnar\",\"isPartOf\":{\"@id\":\"https:\/\/www.clients.horus-informatique71.fr\/advocnar_backup\/#website\"},\"datePublished\":\"2017-03-01T20:30:21+00:00\",\"dateModified\":\"2017-03-02T20:32:26+00:00\",\"author\":{\"@id\":\"https:\/\/www.clients.horus-informatique71.fr\/advocnar_backup\/#\/schema\/person\/28ec283f897fb44e1146415d8015d23e\"},\"breadcrumb\":{\"@id\":\"https:\/\/www.clients.horus-informatique71.fr\/advocnar_backup\/2017\/03\/nuisances-aeriennes-associations-de-riverains-saisir-conseil-detat\/#breadcrumb\"},\"inLanguage\":\"fr-FR\",\"potentialAction\":[{\"@type\":\"ReadAction\",\"target\":[\"https:\/\/www.clients.horus-informatique71.fr\/advocnar_backup\/2017\/03\/nuisances-aeriennes-associations-de-riverains-saisir-conseil-detat\/\"]}]},{\"@type\":\"BreadcrumbList\",\"@id\":\"https:\/\/www.clients.horus-informatique71.fr\/advocnar_backup\/2017\/03\/nuisances-aeriennes-associations-de-riverains-saisir-conseil-detat\/#breadcrumb\",\"itemListElement\":[{\"@type\":\"ListItem\",\"position\":1,\"name\":\"Accueil\",\"item\":\"https:\/\/www.clients.horus-informatique71.fr\/advocnar_backup\/\"},{\"@type\":\"ListItem\",\"position\":2,\"name\":\"Nuisances a\u00e9riennes : les associations de riverains vont saisir le Conseil d\u2019Etat\"}]},{\"@type\":\"WebSite\",\"@id\":\"https:\/\/www.clients.horus-informatique71.fr\/advocnar_backup\/#website\",\"url\":\"https:\/\/www.clients.horus-informatique71.fr\/advocnar_backup\/\",\"name\":\"Advocnar\",\"description\":\"Association de D\u00e9fense Contre les Nuisances A\u00e9riennes\",\"potentialAction\":[{\"@type\":\"SearchAction\",\"target\":{\"@type\":\"EntryPoint\",\"urlTemplate\":\"https:\/\/www.clients.horus-informatique71.fr\/advocnar_backup\/?s={search_term_string}\"},\"query-input\":\"required name=search_term_string\"}],\"inLanguage\":\"fr-FR\"},{\"@type\":\"Person\",\"@id\":\"https:\/\/www.clients.horus-informatique71.fr\/advocnar_backup\/#\/schema\/person\/28ec283f897fb44e1146415d8015d23e\",\"name\":\"FBrochot\",\"url\":\"https:\/\/www.clients.horus-informatique71.fr\/advocnar_backup\/author\/fbrochot\/\"}]}<\/script>\n<!-- \/ Yoast SEO plugin. -->","yoast_head_json":{"title":"Nuisances a\u00e9riennes : les associations de riverains vont saisir le Conseil d\u2019Etat - Advocnar","robots":{"index":"index","follow":"follow","max-snippet":"max-snippet:-1","max-image-preview":"max-image-preview:large","max-video-preview":"max-video-preview:-1"},"canonical":"https:\/\/www.clients.horus-informatique71.fr\/advocnar_backup\/2017\/03\/nuisances-aeriennes-associations-de-riverains-saisir-conseil-detat\/","og_locale":"fr_FR","og_type":"article","og_title":"Nuisances a\u00e9riennes : les associations de riverains vont saisir le Conseil d\u2019Etat - Advocnar","og_description":"01.03.2017 &#8211; Le Parisien Paris, ce mercredi. Fran\u00e7oise Brochot pr\u00e9sidente de l\u2019Advocnar, Louis Cofflard, avocat des associations et Patric Kruissel, administrateur de l\u2019Advocnar. Les associations de d\u00e9fense des riverains contre les nuisances sonores des a\u00e9roports franciliens vont donner une nouvelle tournure \u00e0 leur combat. R\u00e9unies au sein d\u2019un collectif men\u00e9 par l\u2019Association de d\u00e9fense du [&hellip;]","og_url":"https:\/\/www.clients.horus-informatique71.fr\/advocnar_backup\/2017\/03\/nuisances-aeriennes-associations-de-riverains-saisir-conseil-detat\/","og_site_name":"Advocnar","article_published_time":"2017-03-01T20:30:21+00:00","article_modified_time":"2017-03-02T20:32:26+00:00","author":"FBrochot","twitter_card":"summary_large_image","twitter_misc":{"\u00c9crit par":"FBrochot","Dur\u00e9e de lecture estim\u00e9e":"3 minutes"},"schema":{"@context":"https:\/\/schema.org","@graph":[{"@type":"WebPage","@id":"https:\/\/www.clients.horus-informatique71.fr\/advocnar_backup\/2017\/03\/nuisances-aeriennes-associations-de-riverains-saisir-conseil-detat\/","url":"https:\/\/www.clients.horus-informatique71.fr\/advocnar_backup\/2017\/03\/nuisances-aeriennes-associations-de-riverains-saisir-conseil-detat\/","name":"Nuisances a\u00e9riennes : les associations de riverains vont saisir le Conseil d\u2019Etat - Advocnar","isPartOf":{"@id":"https:\/\/www.clients.horus-informatique71.fr\/advocnar_backup\/#website"},"datePublished":"2017-03-01T20:30:21+00:00","dateModified":"2017-03-02T20:32:26+00:00","author":{"@id":"https:\/\/www.clients.horus-informatique71.fr\/advocnar_backup\/#\/schema\/person\/28ec283f897fb44e1146415d8015d23e"},"breadcrumb":{"@id":"https:\/\/www.clients.horus-informatique71.fr\/advocnar_backup\/2017\/03\/nuisances-aeriennes-associations-de-riverains-saisir-conseil-detat\/#breadcrumb"},"inLanguage":"fr-FR","potentialAction":[{"@type":"ReadAction","target":["https:\/\/www.clients.horus-informatique71.fr\/advocnar_backup\/2017\/03\/nuisances-aeriennes-associations-de-riverains-saisir-conseil-detat\/"]}]},{"@type":"BreadcrumbList","@id":"https:\/\/www.clients.horus-informatique71.fr\/advocnar_backup\/2017\/03\/nuisances-aeriennes-associations-de-riverains-saisir-conseil-detat\/#breadcrumb","itemListElement":[{"@type":"ListItem","position":1,"name":"Accueil","item":"https:\/\/www.clients.horus-informatique71.fr\/advocnar_backup\/"},{"@type":"ListItem","position":2,"name":"Nuisances a\u00e9riennes : les associations de riverains vont saisir le Conseil d\u2019Etat"}]},{"@type":"WebSite","@id":"https:\/\/www.clients.horus-informatique71.fr\/advocnar_backup\/#website","url":"https:\/\/www.clients.horus-informatique71.fr\/advocnar_backup\/","name":"Advocnar","description":"Association de D\u00e9fense Contre les Nuisances A\u00e9riennes","potentialAction":[{"@type":"SearchAction","target":{"@type":"EntryPoint","urlTemplate":"https:\/\/www.clients.horus-informatique71.fr\/advocnar_backup\/?s={search_term_string}"},"query-input":"required name=search_term_string"}],"inLanguage":"fr-FR"},{"@type":"Person","@id":"https:\/\/www.clients.horus-informatique71.fr\/advocnar_backup\/#\/schema\/person\/28ec283f897fb44e1146415d8015d23e","name":"FBrochot","url":"https:\/\/www.clients.horus-informatique71.fr\/advocnar_backup\/author\/fbrochot\/"}]}},"_links":{"self":[{"href":"https:\/\/www.clients.horus-informatique71.fr\/advocnar_backup\/wp-json\/wp\/v2\/posts\/73630"}],"collection":[{"href":"https:\/\/www.clients.horus-informatique71.fr\/advocnar_backup\/wp-json\/wp\/v2\/posts"}],"about":[{"href":"https:\/\/www.clients.horus-informatique71.fr\/advocnar_backup\/wp-json\/wp\/v2\/types\/post"}],"author":[{"embeddable":true,"href":"https:\/\/www.clients.horus-informatique71.fr\/advocnar_backup\/wp-json\/wp\/v2\/users\/10"}],"replies":[{"embeddable":true,"href":"https:\/\/www.clients.horus-informatique71.fr\/advocnar_backup\/wp-json\/wp\/v2\/comments?post=73630"}],"version-history":[{"count":3,"href":"https:\/\/www.clients.horus-informatique71.fr\/advocnar_backup\/wp-json\/wp\/v2\/posts\/73630\/revisions"}],"predecessor-version":[{"id":73634,"href":"https:\/\/www.clients.horus-informatique71.fr\/advocnar_backup\/wp-json\/wp\/v2\/posts\/73630\/revisions\/73634"}],"wp:attachment":[{"href":"https:\/\/www.clients.horus-informatique71.fr\/advocnar_backup\/wp-json\/wp\/v2\/media?parent=73630"}],"wp:term":[{"taxonomy":"category","embeddable":true,"href":"https:\/\/www.clients.horus-informatique71.fr\/advocnar_backup\/wp-json\/wp\/v2\/categories?post=73630"},{"taxonomy":"post_tag","embeddable":true,"href":"https:\/\/www.clients.horus-informatique71.fr\/advocnar_backup\/wp-json\/wp\/v2\/tags?post=73630"}],"curies":[{"name":"wp","href":"https:\/\/api.w.org\/{rel}","templated":true}]}}