{"id":73639,"date":"2017-03-01T10:09:09","date_gmt":"2017-03-01T09:09:09","guid":{"rendered":"https:\/\/www.clients.horus-informatique71.fr\/advocnar_backup\/?p=73639"},"modified":"2017-04-19T17:34:14","modified_gmt":"2017-04-19T16:34:14","slug":"conference-de-presse-action-juridique-francilienne-reduction-nuisances-sonores-autour-aeroports-franciliens","status":"publish","type":"post","link":"https:\/\/www.clients.horus-informatique71.fr\/advocnar_backup\/2017\/03\/conference-de-presse-action-juridique-francilienne-reduction-nuisances-sonores-autour-aeroports-franciliens\/","title":{"rendered":"Conf\u00e9rence de presse: action juridique pour une r\u00e9duction des nuisances sonores autour des a\u00e9roports franciliens"},"content":{"rendered":"<h5>Mercredi 1er mars, conf\u00e9rence de presse \u00e0 l&rsquo;Assembl\u00e9e Nationale:<\/h5>\n<p>La France ne respecte pas la directive europ\u00e9enne n\u00b0 2002\/49\/CE, qui exige des \u00e9tats membres la mise en place d\u2019une cartographie des nuisances sonores et des plans d\u2019action pour limiter le bruit dans les zones d\u00e9passant les valeurs limites, en particulier pour les a\u00e9roports de plus de 50\u00a0000 mouvements. Les \u00e9lus et associations requ\u00e9rants[1] saisissent le Conseil d\u2019Etat pour que la France se conforme au droit europ\u00e9en.<\/p>\n<p>[1] Action conjointe men\u00e9e par\u00a0: ADVOCNAR &#8211; ANA &#8211; CIRENA &#8211; Commune de GONESSE &#8211; Commune de SAINT-PRIX &#8211; CSNA &#8211; DRAPO &#8211; ESSONNE NATURE ENVIRONNEMENT &#8211; LES AMIS DE LA TERRE Val d\u2019Oise &#8211; OYE 349 &#8211; FNE-IDF &#8211; QVLB &#8211; SOS Vall\u00e9e de Montmorency &#8211; UFCNA &#8211; VILLE &amp; A\u00c9ROPORT<\/p>\n<p><a href=\"https:\/\/www.clients.horus-informatique71.fr\/advocnar_backup\/wp-content\/uploads\/2017\/03\/2017-03-01-Communique-de-presse-action-juridique-PPBE.pdf\">Lire le communiqu\u00e9 de presse Convergence Associative<\/a><br \/>\n<a href=\"https:\/\/www.clients.horus-informatique71.fr\/advocnar_backup\/wp-content\/uploads\/2017\/03\/Actions-juridiques-PPBE-Dossier-de-presse.pdf\">Lire le dossier de presse<\/a><br \/>\n<a href=\"https:\/\/www.clients.horus-informatique71.fr\/advocnar_backup\/wp-content\/uploads\/2017\/03\/Communique-PPBE-UFCNA-1er-mars-2017.pdf\">Lire le communiqu\u00e9 de presse UFCNA<\/a><\/p>\n","protected":false},"excerpt":{"rendered":"<p>Mercredi 1er mars, conf\u00e9rence de presse \u00e0 l&rsquo;Assembl\u00e9e Nationale: La France ne respecte pas la directive europ\u00e9enne n\u00b0 2002\/49\/CE, qui exige des \u00e9tats membres la mise en place d\u2019une cartographie des nuisances sonores et des plans d\u2019action pour limiter le bruit dans les zones d\u00e9passant les valeurs limites, en particulier pour les a\u00e9roports de plus [&hellip;]<\/p>\n","protected":false},"author":10,"featured_media":73645,"comment_status":"closed","ping_status":"open","sticky":false,"template":"","format":"standard","meta":{"footnotes":""},"categories":[46],"tags":[],"yoast_head":"<!-- This site is optimized with the Yoast SEO plugin v22.0 - https:\/\/yoast.com\/wordpress\/plugins\/seo\/ -->\n<title>Conf\u00e9rence de presse: action juridique pour une r\u00e9duction des nuisances sonores autour des a\u00e9roports franciliens - Advocnar<\/title>\n<meta name=\"robots\" content=\"index, follow, max-snippet:-1, max-image-preview:large, max-video-preview:-1\" \/>\n<link rel=\"canonical\" href=\"https:\/\/www.clients.horus-informatique71.fr\/advocnar_backup\/2017\/03\/conference-de-presse-action-juridique-francilienne-reduction-nuisances-sonores-autour-aeroports-franciliens\/\" \/>\n<meta property=\"og:locale\" content=\"fr_FR\" \/>\n<meta property=\"og:type\" content=\"article\" \/>\n<meta property=\"og:title\" content=\"Conf\u00e9rence de presse: action juridique pour une r\u00e9duction des nuisances sonores autour des a\u00e9roports franciliens - Advocnar\" \/>\n<meta property=\"og:description\" content=\"Mercredi 1er mars, conf\u00e9rence de presse \u00e0 l&rsquo;Assembl\u00e9e Nationale: La France ne respecte pas la directive europ\u00e9enne n\u00b0 2002\/49\/CE, qui exige des \u00e9tats membres la mise en place d\u2019une cartographie des nuisances sonores et des plans d\u2019action pour limiter le bruit dans les zones d\u00e9passant les valeurs limites, en particulier pour les a\u00e9roports de plus [&hellip;]\" \/>\n<meta property=\"og:url\" content=\"https:\/\/www.clients.horus-informatique71.fr\/advocnar_backup\/2017\/03\/conference-de-presse-action-juridique-francilienne-reduction-nuisances-sonores-autour-aeroports-franciliens\/\" \/>\n<meta property=\"og:site_name\" content=\"Advocnar\" \/>\n<meta property=\"article:published_time\" content=\"2017-03-01T09:09:09+00:00\" \/>\n<meta property=\"article:modified_time\" content=\"2017-04-19T16:34:14+00:00\" \/>\n<meta property=\"og:image\" content=\"https:\/\/www.clients.horus-informatique71.fr\/advocnar_backup\/wp-content\/uploads\/2017\/03\/20170301_1041032.jpg\" \/>\n\t<meta property=\"og:image:width\" content=\"1834\" \/>\n\t<meta property=\"og:image:height\" content=\"1377\" \/>\n\t<meta property=\"og:image:type\" content=\"image\/jpeg\" \/>\n<meta name=\"author\" content=\"FBrochot\" \/>\n<meta name=\"twitter:card\" content=\"summary_large_image\" \/>\n<meta name=\"twitter:label1\" content=\"\u00c9crit par\" \/>\n\t<meta name=\"twitter:data1\" content=\"FBrochot\" \/>\n\t<meta name=\"twitter:label2\" content=\"Dur\u00e9e de lecture estim\u00e9e\" \/>\n\t<meta name=\"twitter:data2\" content=\"1 minute\" \/>\n<script type=\"application\/ld+json\" class=\"yoast-schema-graph\">{\"@context\":\"https:\/\/schema.org\",\"@graph\":[{\"@type\":\"WebPage\",\"@id\":\"https:\/\/www.clients.horus-informatique71.fr\/advocnar_backup\/2017\/03\/conference-de-presse-action-juridique-francilienne-reduction-nuisances-sonores-autour-aeroports-franciliens\/\",\"url\":\"https:\/\/www.clients.horus-informatique71.fr\/advocnar_backup\/2017\/03\/conference-de-presse-action-juridique-francilienne-reduction-nuisances-sonores-autour-aeroports-franciliens\/\",\"name\":\"Conf\u00e9rence de presse: action juridique pour une r\u00e9duction des nuisances sonores autour des a\u00e9roports franciliens - Advocnar\",\"isPartOf\":{\"@id\":\"https:\/\/www.clients.horus-informatique71.fr\/advocnar_backup\/#website\"},\"datePublished\":\"2017-03-01T09:09:09+00:00\",\"dateModified\":\"2017-04-19T16:34:14+00:00\",\"author\":{\"@id\":\"https:\/\/www.clients.horus-informatique71.fr\/advocnar_backup\/#\/schema\/person\/28ec283f897fb44e1146415d8015d23e\"},\"breadcrumb\":{\"@id\":\"https:\/\/www.clients.horus-informatique71.fr\/advocnar_backup\/2017\/03\/conference-de-presse-action-juridique-francilienne-reduction-nuisances-sonores-autour-aeroports-franciliens\/#breadcrumb\"},\"inLanguage\":\"fr-FR\",\"potentialAction\":[{\"@type\":\"ReadAction\",\"target\":[\"https:\/\/www.clients.horus-informatique71.fr\/advocnar_backup\/2017\/03\/conference-de-presse-action-juridique-francilienne-reduction-nuisances-sonores-autour-aeroports-franciliens\/\"]}]},{\"@type\":\"BreadcrumbList\",\"@id\":\"https:\/\/www.clients.horus-informatique71.fr\/advocnar_backup\/2017\/03\/conference-de-presse-action-juridique-francilienne-reduction-nuisances-sonores-autour-aeroports-franciliens\/#breadcrumb\",\"itemListElement\":[{\"@type\":\"ListItem\",\"position\":1,\"name\":\"Accueil\",\"item\":\"https:\/\/www.clients.horus-informatique71.fr\/advocnar_backup\/\"},{\"@type\":\"ListItem\",\"position\":2,\"name\":\"Conf\u00e9rence de presse: action juridique pour une r\u00e9duction des nuisances sonores autour des a\u00e9roports franciliens\"}]},{\"@type\":\"WebSite\",\"@id\":\"https:\/\/www.clients.horus-informatique71.fr\/advocnar_backup\/#website\",\"url\":\"https:\/\/www.clients.horus-informatique71.fr\/advocnar_backup\/\",\"name\":\"Advocnar\",\"description\":\"Association de D\u00e9fense Contre les Nuisances A\u00e9riennes\",\"potentialAction\":[{\"@type\":\"SearchAction\",\"target\":{\"@type\":\"EntryPoint\",\"urlTemplate\":\"https:\/\/www.clients.horus-informatique71.fr\/advocnar_backup\/?s={search_term_string}\"},\"query-input\":\"required name=search_term_string\"}],\"inLanguage\":\"fr-FR\"},{\"@type\":\"Person\",\"@id\":\"https:\/\/www.clients.horus-informatique71.fr\/advocnar_backup\/#\/schema\/person\/28ec283f897fb44e1146415d8015d23e\",\"name\":\"FBrochot\",\"url\":\"https:\/\/www.clients.horus-informatique71.fr\/advocnar_backup\/author\/fbrochot\/\"}]}<\/script>\n<!-- \/ Yoast SEO plugin. -->","yoast_head_json":{"title":"Conf\u00e9rence de presse: action juridique pour une r\u00e9duction des nuisances sonores autour des a\u00e9roports franciliens - Advocnar","robots":{"index":"index","follow":"follow","max-snippet":"max-snippet:-1","max-image-preview":"max-image-preview:large","max-video-preview":"max-video-preview:-1"},"canonical":"https:\/\/www.clients.horus-informatique71.fr\/advocnar_backup\/2017\/03\/conference-de-presse-action-juridique-francilienne-reduction-nuisances-sonores-autour-aeroports-franciliens\/","og_locale":"fr_FR","og_type":"article","og_title":"Conf\u00e9rence de presse: action juridique pour une r\u00e9duction des nuisances sonores autour des a\u00e9roports franciliens - Advocnar","og_description":"Mercredi 1er mars, conf\u00e9rence de presse \u00e0 l&rsquo;Assembl\u00e9e Nationale: La France ne respecte pas la directive europ\u00e9enne n\u00b0 2002\/49\/CE, qui exige des \u00e9tats membres la mise en place d\u2019une cartographie des nuisances sonores et des plans d\u2019action pour limiter le bruit dans les zones d\u00e9passant les valeurs limites, en particulier pour les a\u00e9roports de plus [&hellip;]","og_url":"https:\/\/www.clients.horus-informatique71.fr\/advocnar_backup\/2017\/03\/conference-de-presse-action-juridique-francilienne-reduction-nuisances-sonores-autour-aeroports-franciliens\/","og_site_name":"Advocnar","article_published_time":"2017-03-01T09:09:09+00:00","article_modified_time":"2017-04-19T16:34:14+00:00","og_image":[{"width":1834,"height":1377,"url":"https:\/\/www.clients.horus-informatique71.fr\/advocnar_backup\/wp-content\/uploads\/2017\/03\/20170301_1041032.jpg","type":"image\/jpeg"}],"author":"FBrochot","twitter_card":"summary_large_image","twitter_misc":{"\u00c9crit par":"FBrochot","Dur\u00e9e de lecture estim\u00e9e":"1 minute"},"schema":{"@context":"https:\/\/schema.org","@graph":[{"@type":"WebPage","@id":"https:\/\/www.clients.horus-informatique71.fr\/advocnar_backup\/2017\/03\/conference-de-presse-action-juridique-francilienne-reduction-nuisances-sonores-autour-aeroports-franciliens\/","url":"https:\/\/www.clients.horus-informatique71.fr\/advocnar_backup\/2017\/03\/conference-de-presse-action-juridique-francilienne-reduction-nuisances-sonores-autour-aeroports-franciliens\/","name":"Conf\u00e9rence de presse: action juridique pour une r\u00e9duction des nuisances sonores autour des a\u00e9roports franciliens - Advocnar","isPartOf":{"@id":"https:\/\/www.clients.horus-informatique71.fr\/advocnar_backup\/#website"},"datePublished":"2017-03-01T09:09:09+00:00","dateModified":"2017-04-19T16:34:14+00:00","author":{"@id":"https:\/\/www.clients.horus-informatique71.fr\/advocnar_backup\/#\/schema\/person\/28ec283f897fb44e1146415d8015d23e"},"breadcrumb":{"@id":"https:\/\/www.clients.horus-informatique71.fr\/advocnar_backup\/2017\/03\/conference-de-presse-action-juridique-francilienne-reduction-nuisances-sonores-autour-aeroports-franciliens\/#breadcrumb"},"inLanguage":"fr-FR","potentialAction":[{"@type":"ReadAction","target":["https:\/\/www.clients.horus-informatique71.fr\/advocnar_backup\/2017\/03\/conference-de-presse-action-juridique-francilienne-reduction-nuisances-sonores-autour-aeroports-franciliens\/"]}]},{"@type":"BreadcrumbList","@id":"https:\/\/www.clients.horus-informatique71.fr\/advocnar_backup\/2017\/03\/conference-de-presse-action-juridique-francilienne-reduction-nuisances-sonores-autour-aeroports-franciliens\/#breadcrumb","itemListElement":[{"@type":"ListItem","position":1,"name":"Accueil","item":"https:\/\/www.clients.horus-informatique71.fr\/advocnar_backup\/"},{"@type":"ListItem","position":2,"name":"Conf\u00e9rence de presse: action juridique pour une r\u00e9duction des nuisances sonores autour des a\u00e9roports franciliens"}]},{"@type":"WebSite","@id":"https:\/\/www.clients.horus-informatique71.fr\/advocnar_backup\/#website","url":"https:\/\/www.clients.horus-informatique71.fr\/advocnar_backup\/","name":"Advocnar","description":"Association de D\u00e9fense Contre les Nuisances A\u00e9riennes","potentialAction":[{"@type":"SearchAction","target":{"@type":"EntryPoint","urlTemplate":"https:\/\/www.clients.horus-informatique71.fr\/advocnar_backup\/?s={search_term_string}"},"query-input":"required name=search_term_string"}],"inLanguage":"fr-FR"},{"@type":"Person","@id":"https:\/\/www.clients.horus-informatique71.fr\/advocnar_backup\/#\/schema\/person\/28ec283f897fb44e1146415d8015d23e","name":"FBrochot","url":"https:\/\/www.clients.horus-informatique71.fr\/advocnar_backup\/author\/fbrochot\/"}]}},"_links":{"self":[{"href":"https:\/\/www.clients.horus-informatique71.fr\/advocnar_backup\/wp-json\/wp\/v2\/posts\/73639"}],"collection":[{"href":"https:\/\/www.clients.horus-informatique71.fr\/advocnar_backup\/wp-json\/wp\/v2\/posts"}],"about":[{"href":"https:\/\/www.clients.horus-informatique71.fr\/advocnar_backup\/wp-json\/wp\/v2\/types\/post"}],"author":[{"embeddable":true,"href":"https:\/\/www.clients.horus-informatique71.fr\/advocnar_backup\/wp-json\/wp\/v2\/users\/10"}],"replies":[{"embeddable":true,"href":"https:\/\/www.clients.horus-informatique71.fr\/advocnar_backup\/wp-json\/wp\/v2\/comments?post=73639"}],"version-history":[{"count":11,"href":"https:\/\/www.clients.horus-informatique71.fr\/advocnar_backup\/wp-json\/wp\/v2\/posts\/73639\/revisions"}],"predecessor-version":[{"id":73791,"href":"https:\/\/www.clients.horus-informatique71.fr\/advocnar_backup\/wp-json\/wp\/v2\/posts\/73639\/revisions\/73791"}],"wp:featuredmedia":[{"embeddable":true,"href":"https:\/\/www.clients.horus-informatique71.fr\/advocnar_backup\/wp-json\/wp\/v2\/media\/73645"}],"wp:attachment":[{"href":"https:\/\/www.clients.horus-informatique71.fr\/advocnar_backup\/wp-json\/wp\/v2\/media?parent=73639"}],"wp:term":[{"taxonomy":"category","embeddable":true,"href":"https:\/\/www.clients.horus-informatique71.fr\/advocnar_backup\/wp-json\/wp\/v2\/categories?post=73639"},{"taxonomy":"post_tag","embeddable":true,"href":"https:\/\/www.clients.horus-informatique71.fr\/advocnar_backup\/wp-json\/wp\/v2\/tags?post=73639"}],"curies":[{"name":"wp","href":"https:\/\/api.w.org\/{rel}","templated":true}]}}