{"id":73660,"date":"2017-03-09T21:16:05","date_gmt":"2017-03-09T20:16:05","guid":{"rendered":"https:\/\/www.clients.horus-informatique71.fr\/advocnar_backup\/?p=73660"},"modified":"2017-03-09T21:24:30","modified_gmt":"2017-03-09T20:24:30","slug":"plan-de-protection-de-latmosphere-ile-de-france-groupe-de-travail-transport-aerien-montagne-accouche-dune-souris","status":"publish","type":"post","link":"https:\/\/www.clients.horus-informatique71.fr\/advocnar_backup\/2017\/03\/plan-de-protection-de-latmosphere-ile-de-france-groupe-de-travail-transport-aerien-montagne-accouche-dune-souris\/","title":{"rendered":"Plan de Protection de l\u2019Atmosph\u00e8re Ile-de-France &#8211; Transport a\u00e9rien : la montagne accouche d\u2019une souris !"},"content":{"rendered":"<p>Les repr\u00e9sentants de la Convergence Associative[1] qui luttent pour une r\u00e9duction des nuisances a\u00e9riennes en Ile-de-France ont enfin \u00e9t\u00e9 int\u00e9gr\u00e9s aux r\u00e9unions du groupe de travail PPA transport a\u00e9rien pilot\u00e9 par la F\u00e9d\u00e9ration Nationale de l\u2019Aviation Marchande (FNAM) et la Direction G\u00e9n\u00e9rale de l\u2019Aviation Civile (DGAC).<\/p>\n<p><strong>Une liste de mesures a \u00e9t\u00e9 propos\u00e9e d\u2019entr\u00e9e par la DGAC pour que rien, surtout, ne vienne perturber le trafic a\u00e9rien en Ile-de-France\u00a0<\/strong>: celles-ci s\u2019attaquent uniquement \u00e0 une partie tr\u00e8s r\u00e9duite des \u00e9missions d\u2019oxydes d\u2019azote (NOx) et de particules fines des avions au sol, et aucunement \u00e0 la pollution dans le reste du cycle LTO[2]. Aussi insignifiantes qu\u2019inop\u00e9rantes, ne faisant pas l\u2019objet de mesures r\u00e9glementaires, elles ne devraient r\u00e9duire que de 3% la pollution aux NOx due au transport a\u00e9rien dans le cycle LTO \u00e0 l\u2019\u00e9ch\u00e9ance du PPA, alors que la croissance du trafic annonc\u00e9e par ADP dans la Presse \u00e9conomique devrait, au fil de l\u2019eau, l\u2019augmenter de pr\u00e8s de 30%[3].<\/p>\n<p>Les propositions de mesures des associations, novatrices par rapport au PPA-IDF de 2013 et seules porteuses d\u2019efficacit\u00e9 pour v\u00e9ritablement r\u00e9duire les \u00e9missions polluantes, n\u2019ont absolument pas \u00e9t\u00e9 prises en compte.<\/p>\n<p>Aucun objectif s\u00e9rieux de r\u00e9duction des \u00e9missions du transport a\u00e9rien n\u2019a \u00e9t\u00e9 fix\u00e9 comme base de travail. En toute logique et par soucis d\u2019\u00e9quit\u00e9, <strong>toutes les sources d\u2019\u00e9mission polluantes en Ile-de-France devraient viser une r\u00e9duction identique en termes de pourcentage<\/strong>, correspondant \u00e0 l\u2019objectif \u00e0 atteindre, qui est de faire cesser les d\u00e9passements chroniques des normes europ\u00e9ennes.<\/p>\n<p>Il est logique d\u2019appliquer des mesures coercitives au transport routier. L\u2019\u00e9quit\u00e9 impose qu\u2019il en soit de m\u00eame pour le transport a\u00e9rien amen\u00e9 \u00e0 cro\u00eetre en Ile-de-France, en nombre de passagers mais \u00e9galement en nombre de mouvements d\u2019avions. Tandis que la DGAC r\u00e9fute l\u2019augmentation du nombre de mouvements \u00e0 court et moyen terme, Augustin de Romanet, PDG de Paris A\u00e9roports, investit dans des travaux colossaux \u00e0 Paris-Orly et Paris Charles-de-Gaulle, affichant des perspectives d\u2019augmentation du trafic passagers qui ne pourront pas longtemps \u00eatre g\u00e9r\u00e9es uniquement par l\u2019augmentation de l\u2019emport moyen. En parall\u00e8le, un rapport de la Commission Europ\u00e9enne[4] indique pour l&rsquo;Europe une fourchette d&rsquo;augmentation de NOx du trafic a\u00e9rien entre 43% et 61% en 2035.<\/p>\n<p><strong>Sans un plafonnement du trafic a\u00e9rien en Ile-de-France alli\u00e9 \u00e0 l\u2019utilisation impos\u00e9e de flottes moins polluantes, et compl\u00e9t\u00e9 par des proc\u00e9dures d\u2019approche en descente continue et des mesures r\u00e9glementaires de r\u00e9duction des \u00e9missions au sol, il est clair que la part des \u00e9missions du transport a\u00e9rien en Ile-de-France va augmenter.<\/strong><\/p>\n<p>Nous refusons de cautionner des mesures inefficaces, choisies par la DGAC sous la pression du lobby a\u00e9rien, et nous d\u00e9non\u00e7ons une vision \u00e0 tr\u00e8s court terme des pouvoirs publics, qui en accordant de fa\u00e7on complaisante une absence de contraintes au transport a\u00e9rien, mettent gravement en danger la sant\u00e9 et le bien-\u00eatre de millions de franciliens.<\/p>\n<hr \/>\n<p><a href=\"https:\/\/www.clients.horus-informatique71.fr\/advocnar_backup\/wp-content\/uploads\/2017\/03\/2017-03-09-Communique-PPA-IDF-secteur-transport-aerien.pdf\">T\u00e9l\u00e9charger le communiqu\u00e9 de presse<\/a><\/p>\n<hr \/>\n<p>[1] La Convergence Associative pour la r\u00e9duction des nuisances a\u00e9riennes en Ile-de-France est constitu\u00e9e de plus de 174 associations et collectifs, \u00e0 l&rsquo;initiative de l&rsquo;ADVOCNAR<br \/>\nconcern\u00e9s par les nuisances a\u00e9riennes, la protection de l\u2019environnement et le cadre de vie.<br \/>\n[2] Cycle LTO\u00a0: atterrissage, roulage, d\u00e9collage, en dessous d\u2019une altitude de 915 m\u00e8tres.<br \/>\n[3] Pourcentages calcul\u00e9s par la Convergence Associative et pr\u00e9sent\u00e9s lors des GT des 6 septembre et 4 novembre 2016. 3% correspondent aux gains esp\u00e9r\u00e9s, APU et GLD (respectivement 10 et 20% des \u00e9missions actuelles) rapport\u00e9s au total LTO. Presque 30% correspondent \u00e0 l&rsquo;augmentation du trafic selon les d\u00e9clarations ADP \u00e0 la Presse \u00e9conomique, en consid\u00e9rant inchang\u00e9es d&rsquo;ici 2020 les caract\u00e9ristiques d&rsquo;\u00e9mission NOX de de la flotte.<br \/>\n[4] https:\/\/ec.europa.eu\/transport\/sites\/transport\/files\/european-aviation-environmental-report-2016-72dpi.pdf<\/p>\n<p>&nbsp;<\/p>\n","protected":false},"excerpt":{"rendered":"<p>Les repr\u00e9sentants de la Convergence Associative[1] qui luttent pour une r\u00e9duction des nuisances a\u00e9riennes en Ile-de-France ont enfin \u00e9t\u00e9 int\u00e9gr\u00e9s aux r\u00e9unions du groupe de travail PPA transport a\u00e9rien pilot\u00e9 par la F\u00e9d\u00e9ration Nationale de l\u2019Aviation Marchande (FNAM) et la Direction G\u00e9n\u00e9rale de l\u2019Aviation Civile (DGAC). Une liste de mesures a \u00e9t\u00e9 propos\u00e9e d\u2019entr\u00e9e par [&hellip;]<\/p>\n","protected":false},"author":10,"featured_media":73658,"comment_status":"closed","ping_status":"open","sticky":false,"template":"","format":"standard","meta":{"footnotes":""},"categories":[46],"tags":[],"yoast_head":"<!-- This site is optimized with the Yoast SEO plugin v22.0 - https:\/\/yoast.com\/wordpress\/plugins\/seo\/ -->\n<title>Plan de Protection de l\u2019Atmosph\u00e8re Ile-de-France - Transport a\u00e9rien : la montagne accouche d\u2019une souris ! - Advocnar<\/title>\n<meta name=\"robots\" content=\"index, follow, max-snippet:-1, max-image-preview:large, max-video-preview:-1\" \/>\n<link rel=\"canonical\" href=\"https:\/\/www.clients.horus-informatique71.fr\/advocnar_backup\/2017\/03\/plan-de-protection-de-latmosphere-ile-de-france-groupe-de-travail-transport-aerien-montagne-accouche-dune-souris\/\" \/>\n<meta property=\"og:locale\" content=\"fr_FR\" \/>\n<meta property=\"og:type\" content=\"article\" \/>\n<meta property=\"og:title\" content=\"Plan de Protection de l\u2019Atmosph\u00e8re Ile-de-France - Transport a\u00e9rien : la montagne accouche d\u2019une souris ! - Advocnar\" \/>\n<meta property=\"og:description\" content=\"Les repr\u00e9sentants de la Convergence Associative[1] qui luttent pour une r\u00e9duction des nuisances a\u00e9riennes en Ile-de-France ont enfin \u00e9t\u00e9 int\u00e9gr\u00e9s aux r\u00e9unions du groupe de travail PPA transport a\u00e9rien pilot\u00e9 par la F\u00e9d\u00e9ration Nationale de l\u2019Aviation Marchande (FNAM) et la Direction G\u00e9n\u00e9rale de l\u2019Aviation Civile (DGAC). Une liste de mesures a \u00e9t\u00e9 propos\u00e9e d\u2019entr\u00e9e par [&hellip;]\" \/>\n<meta property=\"og:url\" content=\"https:\/\/www.clients.horus-informatique71.fr\/advocnar_backup\/2017\/03\/plan-de-protection-de-latmosphere-ile-de-france-groupe-de-travail-transport-aerien-montagne-accouche-dune-souris\/\" \/>\n<meta property=\"og:site_name\" content=\"Advocnar\" \/>\n<meta property=\"article:published_time\" content=\"2017-03-09T20:16:05+00:00\" \/>\n<meta property=\"article:modified_time\" content=\"2017-03-09T20:24:30+00:00\" \/>\n<meta property=\"og:image\" content=\"https:\/\/www.clients.horus-informatique71.fr\/advocnar_backup\/wp-content\/uploads\/2017\/03\/Communique-Convergence.png\" \/>\n\t<meta property=\"og:image:width\" content=\"815\" \/>\n\t<meta property=\"og:image:height\" content=\"611\" \/>\n\t<meta property=\"og:image:type\" content=\"image\/png\" \/>\n<meta name=\"author\" content=\"FBrochot\" \/>\n<meta name=\"twitter:card\" content=\"summary_large_image\" \/>\n<meta name=\"twitter:label1\" content=\"\u00c9crit par\" \/>\n\t<meta name=\"twitter:data1\" content=\"FBrochot\" \/>\n\t<meta name=\"twitter:label2\" content=\"Dur\u00e9e de lecture estim\u00e9e\" \/>\n\t<meta name=\"twitter:data2\" content=\"3 minutes\" \/>\n<script type=\"application\/ld+json\" class=\"yoast-schema-graph\">{\"@context\":\"https:\/\/schema.org\",\"@graph\":[{\"@type\":\"WebPage\",\"@id\":\"https:\/\/www.clients.horus-informatique71.fr\/advocnar_backup\/2017\/03\/plan-de-protection-de-latmosphere-ile-de-france-groupe-de-travail-transport-aerien-montagne-accouche-dune-souris\/\",\"url\":\"https:\/\/www.clients.horus-informatique71.fr\/advocnar_backup\/2017\/03\/plan-de-protection-de-latmosphere-ile-de-france-groupe-de-travail-transport-aerien-montagne-accouche-dune-souris\/\",\"name\":\"Plan de Protection de l\u2019Atmosph\u00e8re Ile-de-France - Transport a\u00e9rien : la montagne accouche d\u2019une souris ! - Advocnar\",\"isPartOf\":{\"@id\":\"https:\/\/www.clients.horus-informatique71.fr\/advocnar_backup\/#website\"},\"datePublished\":\"2017-03-09T20:16:05+00:00\",\"dateModified\":\"2017-03-09T20:24:30+00:00\",\"author\":{\"@id\":\"https:\/\/www.clients.horus-informatique71.fr\/advocnar_backup\/#\/schema\/person\/28ec283f897fb44e1146415d8015d23e\"},\"breadcrumb\":{\"@id\":\"https:\/\/www.clients.horus-informatique71.fr\/advocnar_backup\/2017\/03\/plan-de-protection-de-latmosphere-ile-de-france-groupe-de-travail-transport-aerien-montagne-accouche-dune-souris\/#breadcrumb\"},\"inLanguage\":\"fr-FR\",\"potentialAction\":[{\"@type\":\"ReadAction\",\"target\":[\"https:\/\/www.clients.horus-informatique71.fr\/advocnar_backup\/2017\/03\/plan-de-protection-de-latmosphere-ile-de-france-groupe-de-travail-transport-aerien-montagne-accouche-dune-souris\/\"]}]},{\"@type\":\"BreadcrumbList\",\"@id\":\"https:\/\/www.clients.horus-informatique71.fr\/advocnar_backup\/2017\/03\/plan-de-protection-de-latmosphere-ile-de-france-groupe-de-travail-transport-aerien-montagne-accouche-dune-souris\/#breadcrumb\",\"itemListElement\":[{\"@type\":\"ListItem\",\"position\":1,\"name\":\"Accueil\",\"item\":\"https:\/\/www.clients.horus-informatique71.fr\/advocnar_backup\/\"},{\"@type\":\"ListItem\",\"position\":2,\"name\":\"Plan de Protection de l\u2019Atmosph\u00e8re Ile-de-France &#8211; Transport a\u00e9rien : la montagne accouche d\u2019une souris !\"}]},{\"@type\":\"WebSite\",\"@id\":\"https:\/\/www.clients.horus-informatique71.fr\/advocnar_backup\/#website\",\"url\":\"https:\/\/www.clients.horus-informatique71.fr\/advocnar_backup\/\",\"name\":\"Advocnar\",\"description\":\"Association de D\u00e9fense Contre les Nuisances A\u00e9riennes\",\"potentialAction\":[{\"@type\":\"SearchAction\",\"target\":{\"@type\":\"EntryPoint\",\"urlTemplate\":\"https:\/\/www.clients.horus-informatique71.fr\/advocnar_backup\/?s={search_term_string}\"},\"query-input\":\"required name=search_term_string\"}],\"inLanguage\":\"fr-FR\"},{\"@type\":\"Person\",\"@id\":\"https:\/\/www.clients.horus-informatique71.fr\/advocnar_backup\/#\/schema\/person\/28ec283f897fb44e1146415d8015d23e\",\"name\":\"FBrochot\",\"url\":\"https:\/\/www.clients.horus-informatique71.fr\/advocnar_backup\/author\/fbrochot\/\"}]}<\/script>\n<!-- \/ Yoast SEO plugin. -->","yoast_head_json":{"title":"Plan de Protection de l\u2019Atmosph\u00e8re Ile-de-France - Transport a\u00e9rien : la montagne accouche d\u2019une souris ! - Advocnar","robots":{"index":"index","follow":"follow","max-snippet":"max-snippet:-1","max-image-preview":"max-image-preview:large","max-video-preview":"max-video-preview:-1"},"canonical":"https:\/\/www.clients.horus-informatique71.fr\/advocnar_backup\/2017\/03\/plan-de-protection-de-latmosphere-ile-de-france-groupe-de-travail-transport-aerien-montagne-accouche-dune-souris\/","og_locale":"fr_FR","og_type":"article","og_title":"Plan de Protection de l\u2019Atmosph\u00e8re Ile-de-France - Transport a\u00e9rien : la montagne accouche d\u2019une souris ! - Advocnar","og_description":"Les repr\u00e9sentants de la Convergence Associative[1] qui luttent pour une r\u00e9duction des nuisances a\u00e9riennes en Ile-de-France ont enfin \u00e9t\u00e9 int\u00e9gr\u00e9s aux r\u00e9unions du groupe de travail PPA transport a\u00e9rien pilot\u00e9 par la F\u00e9d\u00e9ration Nationale de l\u2019Aviation Marchande (FNAM) et la Direction G\u00e9n\u00e9rale de l\u2019Aviation Civile (DGAC). Une liste de mesures a \u00e9t\u00e9 propos\u00e9e d\u2019entr\u00e9e par [&hellip;]","og_url":"https:\/\/www.clients.horus-informatique71.fr\/advocnar_backup\/2017\/03\/plan-de-protection-de-latmosphere-ile-de-france-groupe-de-travail-transport-aerien-montagne-accouche-dune-souris\/","og_site_name":"Advocnar","article_published_time":"2017-03-09T20:16:05+00:00","article_modified_time":"2017-03-09T20:24:30+00:00","og_image":[{"width":815,"height":611,"url":"https:\/\/www.clients.horus-informatique71.fr\/advocnar_backup\/wp-content\/uploads\/2017\/03\/Communique-Convergence.png","type":"image\/png"}],"author":"FBrochot","twitter_card":"summary_large_image","twitter_misc":{"\u00c9crit par":"FBrochot","Dur\u00e9e de lecture estim\u00e9e":"3 minutes"},"schema":{"@context":"https:\/\/schema.org","@graph":[{"@type":"WebPage","@id":"https:\/\/www.clients.horus-informatique71.fr\/advocnar_backup\/2017\/03\/plan-de-protection-de-latmosphere-ile-de-france-groupe-de-travail-transport-aerien-montagne-accouche-dune-souris\/","url":"https:\/\/www.clients.horus-informatique71.fr\/advocnar_backup\/2017\/03\/plan-de-protection-de-latmosphere-ile-de-france-groupe-de-travail-transport-aerien-montagne-accouche-dune-souris\/","name":"Plan de Protection de l\u2019Atmosph\u00e8re Ile-de-France - Transport a\u00e9rien : la montagne accouche d\u2019une souris ! - Advocnar","isPartOf":{"@id":"https:\/\/www.clients.horus-informatique71.fr\/advocnar_backup\/#website"},"datePublished":"2017-03-09T20:16:05+00:00","dateModified":"2017-03-09T20:24:30+00:00","author":{"@id":"https:\/\/www.clients.horus-informatique71.fr\/advocnar_backup\/#\/schema\/person\/28ec283f897fb44e1146415d8015d23e"},"breadcrumb":{"@id":"https:\/\/www.clients.horus-informatique71.fr\/advocnar_backup\/2017\/03\/plan-de-protection-de-latmosphere-ile-de-france-groupe-de-travail-transport-aerien-montagne-accouche-dune-souris\/#breadcrumb"},"inLanguage":"fr-FR","potentialAction":[{"@type":"ReadAction","target":["https:\/\/www.clients.horus-informatique71.fr\/advocnar_backup\/2017\/03\/plan-de-protection-de-latmosphere-ile-de-france-groupe-de-travail-transport-aerien-montagne-accouche-dune-souris\/"]}]},{"@type":"BreadcrumbList","@id":"https:\/\/www.clients.horus-informatique71.fr\/advocnar_backup\/2017\/03\/plan-de-protection-de-latmosphere-ile-de-france-groupe-de-travail-transport-aerien-montagne-accouche-dune-souris\/#breadcrumb","itemListElement":[{"@type":"ListItem","position":1,"name":"Accueil","item":"https:\/\/www.clients.horus-informatique71.fr\/advocnar_backup\/"},{"@type":"ListItem","position":2,"name":"Plan de Protection de l\u2019Atmosph\u00e8re Ile-de-France &#8211; Transport a\u00e9rien : la montagne accouche d\u2019une souris !"}]},{"@type":"WebSite","@id":"https:\/\/www.clients.horus-informatique71.fr\/advocnar_backup\/#website","url":"https:\/\/www.clients.horus-informatique71.fr\/advocnar_backup\/","name":"Advocnar","description":"Association de D\u00e9fense Contre les Nuisances A\u00e9riennes","potentialAction":[{"@type":"SearchAction","target":{"@type":"EntryPoint","urlTemplate":"https:\/\/www.clients.horus-informatique71.fr\/advocnar_backup\/?s={search_term_string}"},"query-input":"required name=search_term_string"}],"inLanguage":"fr-FR"},{"@type":"Person","@id":"https:\/\/www.clients.horus-informatique71.fr\/advocnar_backup\/#\/schema\/person\/28ec283f897fb44e1146415d8015d23e","name":"FBrochot","url":"https:\/\/www.clients.horus-informatique71.fr\/advocnar_backup\/author\/fbrochot\/"}]}},"_links":{"self":[{"href":"https:\/\/www.clients.horus-informatique71.fr\/advocnar_backup\/wp-json\/wp\/v2\/posts\/73660"}],"collection":[{"href":"https:\/\/www.clients.horus-informatique71.fr\/advocnar_backup\/wp-json\/wp\/v2\/posts"}],"about":[{"href":"https:\/\/www.clients.horus-informatique71.fr\/advocnar_backup\/wp-json\/wp\/v2\/types\/post"}],"author":[{"embeddable":true,"href":"https:\/\/www.clients.horus-informatique71.fr\/advocnar_backup\/wp-json\/wp\/v2\/users\/10"}],"replies":[{"embeddable":true,"href":"https:\/\/www.clients.horus-informatique71.fr\/advocnar_backup\/wp-json\/wp\/v2\/comments?post=73660"}],"version-history":[{"count":9,"href":"https:\/\/www.clients.horus-informatique71.fr\/advocnar_backup\/wp-json\/wp\/v2\/posts\/73660\/revisions"}],"predecessor-version":[{"id":73669,"href":"https:\/\/www.clients.horus-informatique71.fr\/advocnar_backup\/wp-json\/wp\/v2\/posts\/73660\/revisions\/73669"}],"wp:featuredmedia":[{"embeddable":true,"href":"https:\/\/www.clients.horus-informatique71.fr\/advocnar_backup\/wp-json\/wp\/v2\/media\/73658"}],"wp:attachment":[{"href":"https:\/\/www.clients.horus-informatique71.fr\/advocnar_backup\/wp-json\/wp\/v2\/media?parent=73660"}],"wp:term":[{"taxonomy":"category","embeddable":true,"href":"https:\/\/www.clients.horus-informatique71.fr\/advocnar_backup\/wp-json\/wp\/v2\/categories?post=73660"},{"taxonomy":"post_tag","embeddable":true,"href":"https:\/\/www.clients.horus-informatique71.fr\/advocnar_backup\/wp-json\/wp\/v2\/tags?post=73660"}],"curies":[{"name":"wp","href":"https:\/\/api.w.org\/{rel}","templated":true}]}}