{"id":73748,"date":"2017-04-04T17:57:19","date_gmt":"2017-04-04T16:57:19","guid":{"rendered":"https:\/\/www.clients.horus-informatique71.fr\/advocnar_backup\/?p=73748"},"modified":"2017-04-17T09:23:56","modified_gmt":"2017-04-17T08:23:56","slug":"presidentielles-2017-convergence-associative-interpelle-candidats-nuisances-aeriennes","status":"publish","type":"post","link":"https:\/\/www.clients.horus-informatique71.fr\/advocnar_backup\/2017\/04\/presidentielles-2017-convergence-associative-interpelle-candidats-nuisances-aeriennes\/","title":{"rendered":"Pr\u00e9sidentielles 2017: la Convergence Associative interpelle les candidats sur les nuisances a\u00e9riennes"},"content":{"rendered":"<p>La Convergence Associative, dont l&rsquo;ADVOCNAR est un membre fondateur, regroupement f\u00e9d\u00e9r\u00e9 de 174 associations et collectifs franciliens concern\u00e9es par les nuisances a\u00e9riennes, la protection de l\u2019environnement et le cadre de vie, interpelle les onze candidats \u00e0 l&rsquo;\u00e9lection pr\u00e9sidentielle 2017.<\/p>\n<p>Elle souhaite connaitre les actions que chaque candidat s&rsquo;engage \u00e0 entreprendre en cas de succ\u00e8s de sa candidature, pour r\u00e9duire l\u2019impact du trafic a\u00e9rien sur la sant\u00e9 et le cadre de vie des franciliens, et plus largement des fran\u00e7ais, concern\u00e9s par les survols li\u00e9s \u00e0 l\u2019activit\u00e9 des a\u00e9roports.<\/p>\n<p><a href=\"https:\/\/www.clients.horus-informatique71.fr\/advocnar_backup\/wp-content\/uploads\/2017\/04\/Convergence-Associative-Courrier-aux-candidats-a-lelection-presidentielle-2017.pdf\">Courrier de la Convergence Associative aux candidats \u00e0 l&rsquo;\u00e9lection pr\u00e9sidentielle 2017<\/a><\/p>\n<p>Les r\u00e9ponses ou non-r\u00e9ponses de chaque candidat seront publi\u00e9es sur cette page, ainsi que sur les sites Internet de nos partenaires associatifs.<\/p>\n<p>Nathalie ARTHAUD\u00a0\u00a0\u00a0\u00a0\u00a0\u00a0\u00a0\u00a0\u00a0\u00a0\u00a0\u00a0\u00a0\u00a0\u00a0\u00a0\u00a0\u00a0\u00a0\u00a0\u00a0\u00a0\u00a0\u00a0\u00a0\u00a0\u00a0\u00a0\u00a0 <a href=\"https:\/\/www.clients.horus-informatique71.fr\/advocnar_backup\/wp-content\/uploads\/2017\/04\/2017-04-04-Presidentielles-2017-Reponse-dattente-V.-LAROCHE-pour-Lutte-Ouvriere.pdf\"><em>R\u00e9ponse d&rsquo;attente<\/em><\/a><br \/>\nFran\u00e7ois ASSELINEAU\u00a0\u00a0\u00a0\u00a0\u00a0\u00a0\u00a0\u00a0\u00a0\u00a0\u00a0\u00a0\u00a0\u00a0\u00a0\u00a0\u00a0 \u00a0\u00a0 \u00a0 \u00a0 <a href=\"https:\/\/www.clients.horus-informatique71.fr\/advocnar_backup\/wp-content\/uploads\/2017\/04\/2017-04-02-Presidentielles-2017-Reponse-dattente-Equipe-UPR-pour-F.-ASSELINEAU.pdf\"><em>R\u00e9ponse d&rsquo;attente<\/em><\/a><br \/>\nJacques CHEMINADE\u00a0\u00a0\u00a0\u00a0\u00a0\u00a0\u00a0\u00a0\u00a0\u00a0\u00a0\u00a0\u00a0\u00a0\u00a0\u00a0\u00a0\u00a0\u00a0\u00a0\u00a0 \u00a0 \u00a0 <a href=\"https:\/\/www.clients.horus-informatique71.fr\/advocnar_backup\/wp-content\/uploads\/2017\/04\/2017-04-12-Presidentielles-2017-Reponse-Jacques-Cheminade.pdf\"><em>R\u00e9ponse<\/em><\/a><br \/>\nNicolas DUPONT-AIGNAN\u00a0\u00a0\u00a0\u00a0\u00a0\u00a0\u00a0\u00a0\u00a0\u00a0\u00a0\u00a0\u00a0 \u00a0 \u00a0 <em>Accus\u00e9 de r\u00e9ception\u00a0\u00a0\u00a0\u00a0\u00a0\u00a0\u00a0\u00a0\u00a0\u00a0\u00a0\u00a0\u00a0\u00a0\u00a0\u00a0\u00a0\u00a0\u00a0\u00a0\u00a0\u00a0\u00a0\u00a0\u00a0 <a href=\"https:\/\/www.clients.horus-informatique71.fr\/advocnar_backup\/wp-content\/uploads\/2017\/04\/NDA-Reponse-du-candidat-a-la-presidentielle.pdf\">R\u00e9ponse \u00e0 l&rsquo;UFCNA<\/a><\/em><br \/>\nFran\u00e7ois FILLON\u00a0\u00a0\u00a0\u00a0\u00a0\u00a0\u00a0\u00a0\u00a0\u00a0\u00a0\u00a0\u00a0\u00a0\u00a0\u00a0\u00a0\u00a0\u00a0\u00a0\u00a0\u00a0\u00a0\u00a0\u00a0\u00a0\u00a0\u00a0\u00a0\u00a0\u00a0\u00a0\u00a0 <em>Accus\u00e9 de r\u00e9ception<\/em><br \/>\nBeno\u00eet HAMON\u00a0\u00a0\u00a0\u00a0\u00a0\u00a0\u00a0\u00a0\u00a0\u00a0\u00a0\u00a0\u00a0\u00a0\u00a0\u00a0\u00a0\u00a0\u00a0\u00a0\u00a0\u00a0\u00a0\u00a0\u00a0\u00a0\u00a0\u00a0\u00a0\u00a0\u00a0\u00a0\u00a0\u00a0\u00a0 <a href=\"https:\/\/www.clients.horus-informatique71.fr\/advocnar_backup\/wp-content\/uploads\/2017\/04\/2017-04-02-Presidentielles-2017-Reponse-dattente-Benoit-HAMON.pdf\"><em>R\u00e9ponse d&rsquo;attente<\/em><\/a><br \/>\nJean LASSALLE\u00a0\u00a0\u00a0\u00a0\u00a0\u00a0\u00a0\u00a0\u00a0\u00a0\u00a0\u00a0\u00a0\u00a0\u00a0\u00a0\u00a0\u00a0\u00a0\u00a0\u00a0\u00a0\u00a0\u00a0\u00a0\u00a0\u00a0\u00a0\u00a0 \u00a0 \u00a0 \u00a0\u00a0 <a href=\"https:\/\/www.clients.horus-informatique71.fr\/advocnar_backup\/wp-content\/uploads\/2017\/04\/2017-04-04-Presidentielles-2017-Reponse-dattente-collaborateur-J.-LASSALLE.pdf\"><em>R\u00e9ponse d&rsquo;attente<\/em><\/a><br \/>\nMarine LE PEN<br \/>\nEmmanuel MACRON\u00a0\u00a0\u00a0\u00a0\u00a0\u00a0\u00a0\u00a0\u00a0\u00a0\u00a0\u00a0\u00a0\u00a0\u00a0\u00a0\u00a0\u00a0\u00a0\u00a0\u00a0\u00a0\u00a0\u00a0\u00a0\u00a0 <em>Accus\u00e9 de r\u00e9ception<\/em><br \/>\nJean-Luc MELENCHON\u00a0\u00a0\u00a0\u00a0\u00a0\u00a0\u00a0\u00a0\u00a0\u00a0\u00a0\u00a0\u00a0\u00a0\u00a0 \u00a0 \u00a0 \u00a0\u00a0<em> Accus\u00e9 de r\u00e9ception<\/em><br \/>\nPhilippe POUTOU<\/p>\n<p>&nbsp;<\/p>\n<p>&nbsp;<\/p>\n","protected":false},"excerpt":{"rendered":"<p>La Convergence Associative, dont l&rsquo;ADVOCNAR est un membre fondateur, regroupement f\u00e9d\u00e9r\u00e9 de 174 associations et collectifs franciliens concern\u00e9es par les nuisances a\u00e9riennes, la protection de l\u2019environnement et le cadre de vie, interpelle les onze candidats \u00e0 l&rsquo;\u00e9lection pr\u00e9sidentielle 2017. Elle souhaite connaitre les actions que chaque candidat s&rsquo;engage \u00e0 entreprendre en cas de succ\u00e8s de [&hellip;]<\/p>\n","protected":false},"author":10,"featured_media":73746,"comment_status":"closed","ping_status":"open","sticky":false,"template":"","format":"standard","meta":{"footnotes":""},"categories":[46],"tags":[],"yoast_head":"<!-- This site is optimized with the Yoast SEO plugin v22.0 - https:\/\/yoast.com\/wordpress\/plugins\/seo\/ -->\n<title>Pr\u00e9sidentielles 2017: la Convergence Associative interpelle les candidats sur les nuisances a\u00e9riennes - Advocnar<\/title>\n<meta name=\"robots\" content=\"index, follow, max-snippet:-1, max-image-preview:large, max-video-preview:-1\" \/>\n<link rel=\"canonical\" href=\"https:\/\/www.clients.horus-informatique71.fr\/advocnar_backup\/2017\/04\/presidentielles-2017-convergence-associative-interpelle-candidats-nuisances-aeriennes\/\" \/>\n<meta property=\"og:locale\" content=\"fr_FR\" \/>\n<meta property=\"og:type\" content=\"article\" \/>\n<meta property=\"og:title\" content=\"Pr\u00e9sidentielles 2017: la Convergence Associative interpelle les candidats sur les nuisances a\u00e9riennes - Advocnar\" \/>\n<meta property=\"og:description\" content=\"La Convergence Associative, dont l&rsquo;ADVOCNAR est un membre fondateur, regroupement f\u00e9d\u00e9r\u00e9 de 174 associations et collectifs franciliens concern\u00e9es par les nuisances a\u00e9riennes, la protection de l\u2019environnement et le cadre de vie, interpelle les onze candidats \u00e0 l&rsquo;\u00e9lection pr\u00e9sidentielle 2017. Elle souhaite connaitre les actions que chaque candidat s&rsquo;engage \u00e0 entreprendre en cas de succ\u00e8s de [&hellip;]\" \/>\n<meta property=\"og:url\" content=\"https:\/\/www.clients.horus-informatique71.fr\/advocnar_backup\/2017\/04\/presidentielles-2017-convergence-associative-interpelle-candidats-nuisances-aeriennes\/\" \/>\n<meta property=\"og:site_name\" content=\"Advocnar\" \/>\n<meta property=\"article:published_time\" content=\"2017-04-04T16:57:19+00:00\" \/>\n<meta property=\"article:modified_time\" content=\"2017-04-17T08:23:56+00:00\" \/>\n<meta property=\"og:image\" content=\"https:\/\/www.clients.horus-informatique71.fr\/advocnar_backup\/wp-content\/uploads\/2017\/04\/Election-presidentielle.jpg\" \/>\n\t<meta property=\"og:image:width\" content=\"655\" \/>\n\t<meta property=\"og:image:height\" content=\"490\" \/>\n\t<meta property=\"og:image:type\" content=\"image\/jpeg\" \/>\n<meta name=\"author\" content=\"FBrochot\" \/>\n<meta name=\"twitter:card\" content=\"summary_large_image\" \/>\n<meta name=\"twitter:label1\" content=\"\u00c9crit par\" \/>\n\t<meta name=\"twitter:data1\" content=\"FBrochot\" \/>\n\t<meta name=\"twitter:label2\" content=\"Dur\u00e9e de lecture estim\u00e9e\" \/>\n\t<meta name=\"twitter:data2\" content=\"1 minute\" \/>\n<script type=\"application\/ld+json\" class=\"yoast-schema-graph\">{\"@context\":\"https:\/\/schema.org\",\"@graph\":[{\"@type\":\"WebPage\",\"@id\":\"https:\/\/www.clients.horus-informatique71.fr\/advocnar_backup\/2017\/04\/presidentielles-2017-convergence-associative-interpelle-candidats-nuisances-aeriennes\/\",\"url\":\"https:\/\/www.clients.horus-informatique71.fr\/advocnar_backup\/2017\/04\/presidentielles-2017-convergence-associative-interpelle-candidats-nuisances-aeriennes\/\",\"name\":\"Pr\u00e9sidentielles 2017: la Convergence Associative interpelle les candidats sur les nuisances a\u00e9riennes - Advocnar\",\"isPartOf\":{\"@id\":\"https:\/\/www.clients.horus-informatique71.fr\/advocnar_backup\/#website\"},\"datePublished\":\"2017-04-04T16:57:19+00:00\",\"dateModified\":\"2017-04-17T08:23:56+00:00\",\"author\":{\"@id\":\"https:\/\/www.clients.horus-informatique71.fr\/advocnar_backup\/#\/schema\/person\/28ec283f897fb44e1146415d8015d23e\"},\"breadcrumb\":{\"@id\":\"https:\/\/www.clients.horus-informatique71.fr\/advocnar_backup\/2017\/04\/presidentielles-2017-convergence-associative-interpelle-candidats-nuisances-aeriennes\/#breadcrumb\"},\"inLanguage\":\"fr-FR\",\"potentialAction\":[{\"@type\":\"ReadAction\",\"target\":[\"https:\/\/www.clients.horus-informatique71.fr\/advocnar_backup\/2017\/04\/presidentielles-2017-convergence-associative-interpelle-candidats-nuisances-aeriennes\/\"]}]},{\"@type\":\"BreadcrumbList\",\"@id\":\"https:\/\/www.clients.horus-informatique71.fr\/advocnar_backup\/2017\/04\/presidentielles-2017-convergence-associative-interpelle-candidats-nuisances-aeriennes\/#breadcrumb\",\"itemListElement\":[{\"@type\":\"ListItem\",\"position\":1,\"name\":\"Accueil\",\"item\":\"https:\/\/www.clients.horus-informatique71.fr\/advocnar_backup\/\"},{\"@type\":\"ListItem\",\"position\":2,\"name\":\"Pr\u00e9sidentielles 2017: la Convergence Associative interpelle les candidats sur les nuisances a\u00e9riennes\"}]},{\"@type\":\"WebSite\",\"@id\":\"https:\/\/www.clients.horus-informatique71.fr\/advocnar_backup\/#website\",\"url\":\"https:\/\/www.clients.horus-informatique71.fr\/advocnar_backup\/\",\"name\":\"Advocnar\",\"description\":\"Association de D\u00e9fense Contre les Nuisances A\u00e9riennes\",\"potentialAction\":[{\"@type\":\"SearchAction\",\"target\":{\"@type\":\"EntryPoint\",\"urlTemplate\":\"https:\/\/www.clients.horus-informatique71.fr\/advocnar_backup\/?s={search_term_string}\"},\"query-input\":\"required name=search_term_string\"}],\"inLanguage\":\"fr-FR\"},{\"@type\":\"Person\",\"@id\":\"https:\/\/www.clients.horus-informatique71.fr\/advocnar_backup\/#\/schema\/person\/28ec283f897fb44e1146415d8015d23e\",\"name\":\"FBrochot\",\"url\":\"https:\/\/www.clients.horus-informatique71.fr\/advocnar_backup\/author\/fbrochot\/\"}]}<\/script>\n<!-- \/ Yoast SEO plugin. -->","yoast_head_json":{"title":"Pr\u00e9sidentielles 2017: la Convergence Associative interpelle les candidats sur les nuisances a\u00e9riennes - Advocnar","robots":{"index":"index","follow":"follow","max-snippet":"max-snippet:-1","max-image-preview":"max-image-preview:large","max-video-preview":"max-video-preview:-1"},"canonical":"https:\/\/www.clients.horus-informatique71.fr\/advocnar_backup\/2017\/04\/presidentielles-2017-convergence-associative-interpelle-candidats-nuisances-aeriennes\/","og_locale":"fr_FR","og_type":"article","og_title":"Pr\u00e9sidentielles 2017: la Convergence Associative interpelle les candidats sur les nuisances a\u00e9riennes - Advocnar","og_description":"La Convergence Associative, dont l&rsquo;ADVOCNAR est un membre fondateur, regroupement f\u00e9d\u00e9r\u00e9 de 174 associations et collectifs franciliens concern\u00e9es par les nuisances a\u00e9riennes, la protection de l\u2019environnement et le cadre de vie, interpelle les onze candidats \u00e0 l&rsquo;\u00e9lection pr\u00e9sidentielle 2017. Elle souhaite connaitre les actions que chaque candidat s&rsquo;engage \u00e0 entreprendre en cas de succ\u00e8s de [&hellip;]","og_url":"https:\/\/www.clients.horus-informatique71.fr\/advocnar_backup\/2017\/04\/presidentielles-2017-convergence-associative-interpelle-candidats-nuisances-aeriennes\/","og_site_name":"Advocnar","article_published_time":"2017-04-04T16:57:19+00:00","article_modified_time":"2017-04-17T08:23:56+00:00","og_image":[{"width":655,"height":490,"url":"https:\/\/www.clients.horus-informatique71.fr\/advocnar_backup\/wp-content\/uploads\/2017\/04\/Election-presidentielle.jpg","type":"image\/jpeg"}],"author":"FBrochot","twitter_card":"summary_large_image","twitter_misc":{"\u00c9crit par":"FBrochot","Dur\u00e9e de lecture estim\u00e9e":"1 minute"},"schema":{"@context":"https:\/\/schema.org","@graph":[{"@type":"WebPage","@id":"https:\/\/www.clients.horus-informatique71.fr\/advocnar_backup\/2017\/04\/presidentielles-2017-convergence-associative-interpelle-candidats-nuisances-aeriennes\/","url":"https:\/\/www.clients.horus-informatique71.fr\/advocnar_backup\/2017\/04\/presidentielles-2017-convergence-associative-interpelle-candidats-nuisances-aeriennes\/","name":"Pr\u00e9sidentielles 2017: la Convergence Associative interpelle les candidats sur les nuisances a\u00e9riennes - Advocnar","isPartOf":{"@id":"https:\/\/www.clients.horus-informatique71.fr\/advocnar_backup\/#website"},"datePublished":"2017-04-04T16:57:19+00:00","dateModified":"2017-04-17T08:23:56+00:00","author":{"@id":"https:\/\/www.clients.horus-informatique71.fr\/advocnar_backup\/#\/schema\/person\/28ec283f897fb44e1146415d8015d23e"},"breadcrumb":{"@id":"https:\/\/www.clients.horus-informatique71.fr\/advocnar_backup\/2017\/04\/presidentielles-2017-convergence-associative-interpelle-candidats-nuisances-aeriennes\/#breadcrumb"},"inLanguage":"fr-FR","potentialAction":[{"@type":"ReadAction","target":["https:\/\/www.clients.horus-informatique71.fr\/advocnar_backup\/2017\/04\/presidentielles-2017-convergence-associative-interpelle-candidats-nuisances-aeriennes\/"]}]},{"@type":"BreadcrumbList","@id":"https:\/\/www.clients.horus-informatique71.fr\/advocnar_backup\/2017\/04\/presidentielles-2017-convergence-associative-interpelle-candidats-nuisances-aeriennes\/#breadcrumb","itemListElement":[{"@type":"ListItem","position":1,"name":"Accueil","item":"https:\/\/www.clients.horus-informatique71.fr\/advocnar_backup\/"},{"@type":"ListItem","position":2,"name":"Pr\u00e9sidentielles 2017: la Convergence Associative interpelle les candidats sur les nuisances a\u00e9riennes"}]},{"@type":"WebSite","@id":"https:\/\/www.clients.horus-informatique71.fr\/advocnar_backup\/#website","url":"https:\/\/www.clients.horus-informatique71.fr\/advocnar_backup\/","name":"Advocnar","description":"Association de D\u00e9fense Contre les Nuisances A\u00e9riennes","potentialAction":[{"@type":"SearchAction","target":{"@type":"EntryPoint","urlTemplate":"https:\/\/www.clients.horus-informatique71.fr\/advocnar_backup\/?s={search_term_string}"},"query-input":"required name=search_term_string"}],"inLanguage":"fr-FR"},{"@type":"Person","@id":"https:\/\/www.clients.horus-informatique71.fr\/advocnar_backup\/#\/schema\/person\/28ec283f897fb44e1146415d8015d23e","name":"FBrochot","url":"https:\/\/www.clients.horus-informatique71.fr\/advocnar_backup\/author\/fbrochot\/"}]}},"_links":{"self":[{"href":"https:\/\/www.clients.horus-informatique71.fr\/advocnar_backup\/wp-json\/wp\/v2\/posts\/73748"}],"collection":[{"href":"https:\/\/www.clients.horus-informatique71.fr\/advocnar_backup\/wp-json\/wp\/v2\/posts"}],"about":[{"href":"https:\/\/www.clients.horus-informatique71.fr\/advocnar_backup\/wp-json\/wp\/v2\/types\/post"}],"author":[{"embeddable":true,"href":"https:\/\/www.clients.horus-informatique71.fr\/advocnar_backup\/wp-json\/wp\/v2\/users\/10"}],"replies":[{"embeddable":true,"href":"https:\/\/www.clients.horus-informatique71.fr\/advocnar_backup\/wp-json\/wp\/v2\/comments?post=73748"}],"version-history":[{"count":24,"href":"https:\/\/www.clients.horus-informatique71.fr\/advocnar_backup\/wp-json\/wp\/v2\/posts\/73748\/revisions"}],"predecessor-version":[{"id":73781,"href":"https:\/\/www.clients.horus-informatique71.fr\/advocnar_backup\/wp-json\/wp\/v2\/posts\/73748\/revisions\/73781"}],"wp:featuredmedia":[{"embeddable":true,"href":"https:\/\/www.clients.horus-informatique71.fr\/advocnar_backup\/wp-json\/wp\/v2\/media\/73746"}],"wp:attachment":[{"href":"https:\/\/www.clients.horus-informatique71.fr\/advocnar_backup\/wp-json\/wp\/v2\/media?parent=73748"}],"wp:term":[{"taxonomy":"category","embeddable":true,"href":"https:\/\/www.clients.horus-informatique71.fr\/advocnar_backup\/wp-json\/wp\/v2\/categories?post=73748"},{"taxonomy":"post_tag","embeddable":true,"href":"https:\/\/www.clients.horus-informatique71.fr\/advocnar_backup\/wp-json\/wp\/v2\/tags?post=73748"}],"curies":[{"name":"wp","href":"https:\/\/api.w.org\/{rel}","templated":true}]}}