{"id":73891,"date":"2017-05-03T17:51:13","date_gmt":"2017-05-03T16:51:13","guid":{"rendered":"https:\/\/www.clients.horus-informatique71.fr\/advocnar_backup\/?p=73891"},"modified":"2021-04-07T08:13:14","modified_gmt":"2021-04-07T06:13:14","slug":"bruit-aerien-associations-collectivites-saisissent-conseil-detat","status":"publish","type":"post","link":"https:\/\/www.clients.horus-informatique71.fr\/advocnar_backup\/2017\/05\/bruit-aerien-associations-collectivites-saisissent-conseil-detat\/","title":{"rendered":"Bruit a\u00e9rien: associations et collectivit\u00e9s saisissent le Conseil d&rsquo;Etat"},"content":{"rendered":"<p>C\u2019est une premi\u00e8re juridique pour les associations franciliennes de lutte contre les nuisances a\u00e9riennes. Elles ont d\u00e9cid\u00e9 de saisir le Conseil d\u2019Etat pour faire respecter la Directive Europ\u00e9enne 2002\/49\/CE qui impose la mise en place de Plans de Pr\u00e9vention du Bruit dans l&rsquo;Environnement autour des a\u00e9roports de plus de 50 000 mouvements d&rsquo;avions. Les trois grands a\u00e9roports franciliens sont concern\u00e9s.<\/p>\n<h3>Revue de presse<\/h3>\n<h4>21.04.2017 &#8211; Environnement Magazine<\/h4>\n<p><a href=\"https:\/\/www.clients.horus-informatique71.fr\/advocnar_backup\/wp-content\/uploads\/2017\/05\/2017-04-21-Environnement-Magazine-Le-bruit-une-nuisance-passee-sous-silence-.pdf\">Le bruit, une nuisance pass\u00e9e sous silence<\/a><\/p>\n<h4>21.04.2017 &#8211; Vonews<\/h4>\n<p><a href=\"http:\/\/95.telif.tv\/2017\/04\/21\/nuisances-aeriennes-les-associations-vont-saisir-le-conseil-detat\/\">Nuisances a\u00e9riennes: les associations vont saisir le conseil d\u2019\u00e9tat<\/a><\/p>\n<h4>24.04.2017 &#8211; Le Figaro<\/h4>\n<p><a href=\"http:\/\/www.lefigaro.fr\/flash-eco\/2017\/04\/24\/97002-20170424FILWWW00312-aeroports-parisiens-les-associations-plaident-une-reduction-des-nuisances.php\">A\u00e9roports parisiens: les associations plaident une r\u00e9duction des nuisances<\/a><\/p>\n<h4>24.04.2017 &#8211; Le Parisien<\/h4>\n<p><a href=\"http:\/\/www.leparisien.fr\/orly-94310\/nuisances-aeriennes-a-roissy-orly-les-associations-saisissent-le-conseil-d-etat-24-04-2017-6886020.php\"> Nuisances a\u00e9riennes \u00e0 Roissy et Orly: les associations saisissent le Conseil d\u2019Etat<\/a><\/p>\n<h4>25.04.2017 &#8211; Actu-environnement<\/h4>\n<p><a href=\"https:\/\/www.actu-environnement.com\/ae\/news\/aeroports-franciliens-conseil-etat-nuisances-sonores-28873.php4\"> Nuisances a\u00e9riennes: les associations et communes franciliennes attaquent l&rsquo;Etat<\/a><\/p>\n<h4>25.04.2017 &#8211; BFMtv<\/h4>\n<p><a href=\"http:\/\/www.bfmtv.com\/societe\/les-riverains-des-aeroports-franciliens-saisissent-le-conseil-d-etat-contre-les-nuisances-sonores-1150513.html\">Les riverains des a\u00e9roports franciliens saisissent le Conseil d\u2019Etat<\/a> (vid\u00e9o)<\/p>\n<h4>25.04.2017 &#8211; Boursorama<\/h4>\n<p><a href=\"http:\/\/www.boursorama.com\/actualites\/aeroports-parisiens-des-associations-attaquent-l-etat-pour-faire-reduire-les-nuisances-b07294ca37be871c1419a12e0c2299a3\">A\u00e9roports parisiens: des associations attaquent l&rsquo;\u00c9tat pour faire r\u00e9duire les nuisances<\/a><\/p>\n<h4>25.04.2017 &#8211; France Bleue<\/h4>\n<p><a href=\"https:\/\/www.francebleu.fr\/infos\/societe\/nuisances-sonores-pres-des-aeroports-parisiens-des-associations-exigent-un-plan-de-prevention-du-bruit-1493100496\">Nuisances sonores pr\u00e8s des a\u00e9roports parisiens: des associations exigent un plan de pr\u00e9vention du bruit<\/a><\/p>\n<h4>25.04.2017 &#8211; Le Journal de l&rsquo;Environnement<\/h4>\n<p><a href=\"http:\/\/www.journaldelenvironnement.net\/article\/bruit-aerien-associations-et-collectivites-saisissent-le-conseil-d-etat,81963\">Bruit a\u00e9rien: associations et collectivit\u00e9s saisissent le conseil d\u2019Etat<\/a><\/p>\n<h4>26.04.2017 &#8211; 95.telif.tv<\/h4>\n<p><a href=\"http:\/\/95.telif.tv\/2017\/04\/26\/nuisances-aeriennes-des-associations-attaquent-letat-video\/\"> Nuisances a\u00e9riennes: des associations attaquent l\u2019Etat<\/a> (vid\u00e9o)<\/p>\n<h4>01.05.2017 &#8211; La Gazette du Val d&rsquo;Oise<\/h4>\n<p><a href=\"http:\/\/www.gazettevaldoise.fr\/2017\/05\/01\/nuisances-aeriennes-elus-et-associations-saisissent-le-conseil-d-etat\/\">Nuisances a\u00e9riennes: \u00e9lus et associations saisissent le Conseil d&rsquo;\u00c9tat<\/a><\/p>\n<h4>03.05.2017 &#8211; L&rsquo;\u00e9cho r\u00e9gional<\/h4>\n<p><a href=\"https:\/\/www.clients.horus-informatique71.fr\/advocnar_backup\/wp-content\/uploads\/2017\/05\/2017-05-03-lecho-regional-Contre-les-nuisances-aeriennes-lADVOCNAR-saisit-le-Conseil-dEtat-2.jpg\">Contre les nuisances a\u00e9riennes, l&rsquo;ADVOCNAR saisit le Conseil d&rsquo;Etat<\/a><\/p>\n","protected":false},"excerpt":{"rendered":"<p>C\u2019est une premi\u00e8re juridique pour les associations franciliennes de lutte contre les nuisances a\u00e9riennes. Elles ont d\u00e9cid\u00e9 de saisir le Conseil d\u2019Etat pour faire respecter la Directive Europ\u00e9enne 2002\/49\/CE qui impose la mise en place de Plans de Pr\u00e9vention du Bruit dans l&rsquo;Environnement autour des a\u00e9roports de plus de 50 000 mouvements d&rsquo;avions. Les trois [&hellip;]<\/p>\n","protected":false},"author":10,"featured_media":0,"comment_status":"closed","ping_status":"open","sticky":false,"template":"","format":"standard","meta":{"footnotes":""},"categories":[49],"tags":[],"yoast_head":"<!-- This site is optimized with the Yoast SEO plugin v22.0 - https:\/\/yoast.com\/wordpress\/plugins\/seo\/ -->\n<title>Bruit a\u00e9rien: associations et collectivit\u00e9s saisissent le Conseil d&#039;Etat - Advocnar<\/title>\n<meta name=\"robots\" content=\"index, follow, max-snippet:-1, max-image-preview:large, max-video-preview:-1\" \/>\n<link rel=\"canonical\" href=\"https:\/\/www.clients.horus-informatique71.fr\/advocnar_backup\/2017\/05\/bruit-aerien-associations-collectivites-saisissent-conseil-detat\/\" \/>\n<meta property=\"og:locale\" content=\"fr_FR\" \/>\n<meta property=\"og:type\" content=\"article\" \/>\n<meta property=\"og:title\" content=\"Bruit a\u00e9rien: associations et collectivit\u00e9s saisissent le Conseil d&#039;Etat - Advocnar\" \/>\n<meta property=\"og:description\" content=\"C\u2019est une premi\u00e8re juridique pour les associations franciliennes de lutte contre les nuisances a\u00e9riennes. Elles ont d\u00e9cid\u00e9 de saisir le Conseil d\u2019Etat pour faire respecter la Directive Europ\u00e9enne 2002\/49\/CE qui impose la mise en place de Plans de Pr\u00e9vention du Bruit dans l&rsquo;Environnement autour des a\u00e9roports de plus de 50 000 mouvements d&rsquo;avions. Les trois [&hellip;]\" \/>\n<meta property=\"og:url\" content=\"https:\/\/www.clients.horus-informatique71.fr\/advocnar_backup\/2017\/05\/bruit-aerien-associations-collectivites-saisissent-conseil-detat\/\" \/>\n<meta property=\"og:site_name\" content=\"Advocnar\" \/>\n<meta property=\"article:published_time\" content=\"2017-05-03T16:51:13+00:00\" \/>\n<meta property=\"article:modified_time\" content=\"2021-04-07T06:13:14+00:00\" \/>\n<meta name=\"author\" content=\"FBrochot\" \/>\n<meta name=\"twitter:card\" content=\"summary_large_image\" \/>\n<meta name=\"twitter:label1\" content=\"\u00c9crit par\" \/>\n\t<meta name=\"twitter:data1\" content=\"FBrochot\" \/>\n\t<meta name=\"twitter:label2\" content=\"Dur\u00e9e de lecture estim\u00e9e\" \/>\n\t<meta name=\"twitter:data2\" content=\"1 minute\" \/>\n<script type=\"application\/ld+json\" class=\"yoast-schema-graph\">{\"@context\":\"https:\/\/schema.org\",\"@graph\":[{\"@type\":\"WebPage\",\"@id\":\"https:\/\/www.clients.horus-informatique71.fr\/advocnar_backup\/2017\/05\/bruit-aerien-associations-collectivites-saisissent-conseil-detat\/\",\"url\":\"https:\/\/www.clients.horus-informatique71.fr\/advocnar_backup\/2017\/05\/bruit-aerien-associations-collectivites-saisissent-conseil-detat\/\",\"name\":\"Bruit a\u00e9rien: associations et collectivit\u00e9s saisissent le Conseil d'Etat - Advocnar\",\"isPartOf\":{\"@id\":\"https:\/\/www.clients.horus-informatique71.fr\/advocnar_backup\/#website\"},\"datePublished\":\"2017-05-03T16:51:13+00:00\",\"dateModified\":\"2021-04-07T06:13:14+00:00\",\"author\":{\"@id\":\"https:\/\/www.clients.horus-informatique71.fr\/advocnar_backup\/#\/schema\/person\/28ec283f897fb44e1146415d8015d23e\"},\"breadcrumb\":{\"@id\":\"https:\/\/www.clients.horus-informatique71.fr\/advocnar_backup\/2017\/05\/bruit-aerien-associations-collectivites-saisissent-conseil-detat\/#breadcrumb\"},\"inLanguage\":\"fr-FR\",\"potentialAction\":[{\"@type\":\"ReadAction\",\"target\":[\"https:\/\/www.clients.horus-informatique71.fr\/advocnar_backup\/2017\/05\/bruit-aerien-associations-collectivites-saisissent-conseil-detat\/\"]}]},{\"@type\":\"BreadcrumbList\",\"@id\":\"https:\/\/www.clients.horus-informatique71.fr\/advocnar_backup\/2017\/05\/bruit-aerien-associations-collectivites-saisissent-conseil-detat\/#breadcrumb\",\"itemListElement\":[{\"@type\":\"ListItem\",\"position\":1,\"name\":\"Accueil\",\"item\":\"https:\/\/www.clients.horus-informatique71.fr\/advocnar_backup\/\"},{\"@type\":\"ListItem\",\"position\":2,\"name\":\"Bruit a\u00e9rien: associations et collectivit\u00e9s saisissent le Conseil d&#8217;Etat\"}]},{\"@type\":\"WebSite\",\"@id\":\"https:\/\/www.clients.horus-informatique71.fr\/advocnar_backup\/#website\",\"url\":\"https:\/\/www.clients.horus-informatique71.fr\/advocnar_backup\/\",\"name\":\"Advocnar\",\"description\":\"Association de D\u00e9fense Contre les Nuisances A\u00e9riennes\",\"potentialAction\":[{\"@type\":\"SearchAction\",\"target\":{\"@type\":\"EntryPoint\",\"urlTemplate\":\"https:\/\/www.clients.horus-informatique71.fr\/advocnar_backup\/?s={search_term_string}\"},\"query-input\":\"required name=search_term_string\"}],\"inLanguage\":\"fr-FR\"},{\"@type\":\"Person\",\"@id\":\"https:\/\/www.clients.horus-informatique71.fr\/advocnar_backup\/#\/schema\/person\/28ec283f897fb44e1146415d8015d23e\",\"name\":\"FBrochot\",\"url\":\"https:\/\/www.clients.horus-informatique71.fr\/advocnar_backup\/author\/fbrochot\/\"}]}<\/script>\n<!-- \/ Yoast SEO plugin. -->","yoast_head_json":{"title":"Bruit a\u00e9rien: associations et collectivit\u00e9s saisissent le Conseil d'Etat - Advocnar","robots":{"index":"index","follow":"follow","max-snippet":"max-snippet:-1","max-image-preview":"max-image-preview:large","max-video-preview":"max-video-preview:-1"},"canonical":"https:\/\/www.clients.horus-informatique71.fr\/advocnar_backup\/2017\/05\/bruit-aerien-associations-collectivites-saisissent-conseil-detat\/","og_locale":"fr_FR","og_type":"article","og_title":"Bruit a\u00e9rien: associations et collectivit\u00e9s saisissent le Conseil d'Etat - Advocnar","og_description":"C\u2019est une premi\u00e8re juridique pour les associations franciliennes de lutte contre les nuisances a\u00e9riennes. Elles ont d\u00e9cid\u00e9 de saisir le Conseil d\u2019Etat pour faire respecter la Directive Europ\u00e9enne 2002\/49\/CE qui impose la mise en place de Plans de Pr\u00e9vention du Bruit dans l&rsquo;Environnement autour des a\u00e9roports de plus de 50 000 mouvements d&rsquo;avions. Les trois [&hellip;]","og_url":"https:\/\/www.clients.horus-informatique71.fr\/advocnar_backup\/2017\/05\/bruit-aerien-associations-collectivites-saisissent-conseil-detat\/","og_site_name":"Advocnar","article_published_time":"2017-05-03T16:51:13+00:00","article_modified_time":"2021-04-07T06:13:14+00:00","author":"FBrochot","twitter_card":"summary_large_image","twitter_misc":{"\u00c9crit par":"FBrochot","Dur\u00e9e de lecture estim\u00e9e":"1 minute"},"schema":{"@context":"https:\/\/schema.org","@graph":[{"@type":"WebPage","@id":"https:\/\/www.clients.horus-informatique71.fr\/advocnar_backup\/2017\/05\/bruit-aerien-associations-collectivites-saisissent-conseil-detat\/","url":"https:\/\/www.clients.horus-informatique71.fr\/advocnar_backup\/2017\/05\/bruit-aerien-associations-collectivites-saisissent-conseil-detat\/","name":"Bruit a\u00e9rien: associations et collectivit\u00e9s saisissent le Conseil d'Etat - Advocnar","isPartOf":{"@id":"https:\/\/www.clients.horus-informatique71.fr\/advocnar_backup\/#website"},"datePublished":"2017-05-03T16:51:13+00:00","dateModified":"2021-04-07T06:13:14+00:00","author":{"@id":"https:\/\/www.clients.horus-informatique71.fr\/advocnar_backup\/#\/schema\/person\/28ec283f897fb44e1146415d8015d23e"},"breadcrumb":{"@id":"https:\/\/www.clients.horus-informatique71.fr\/advocnar_backup\/2017\/05\/bruit-aerien-associations-collectivites-saisissent-conseil-detat\/#breadcrumb"},"inLanguage":"fr-FR","potentialAction":[{"@type":"ReadAction","target":["https:\/\/www.clients.horus-informatique71.fr\/advocnar_backup\/2017\/05\/bruit-aerien-associations-collectivites-saisissent-conseil-detat\/"]}]},{"@type":"BreadcrumbList","@id":"https:\/\/www.clients.horus-informatique71.fr\/advocnar_backup\/2017\/05\/bruit-aerien-associations-collectivites-saisissent-conseil-detat\/#breadcrumb","itemListElement":[{"@type":"ListItem","position":1,"name":"Accueil","item":"https:\/\/www.clients.horus-informatique71.fr\/advocnar_backup\/"},{"@type":"ListItem","position":2,"name":"Bruit a\u00e9rien: associations et collectivit\u00e9s saisissent le Conseil d&#8217;Etat"}]},{"@type":"WebSite","@id":"https:\/\/www.clients.horus-informatique71.fr\/advocnar_backup\/#website","url":"https:\/\/www.clients.horus-informatique71.fr\/advocnar_backup\/","name":"Advocnar","description":"Association de D\u00e9fense Contre les Nuisances A\u00e9riennes","potentialAction":[{"@type":"SearchAction","target":{"@type":"EntryPoint","urlTemplate":"https:\/\/www.clients.horus-informatique71.fr\/advocnar_backup\/?s={search_term_string}"},"query-input":"required name=search_term_string"}],"inLanguage":"fr-FR"},{"@type":"Person","@id":"https:\/\/www.clients.horus-informatique71.fr\/advocnar_backup\/#\/schema\/person\/28ec283f897fb44e1146415d8015d23e","name":"FBrochot","url":"https:\/\/www.clients.horus-informatique71.fr\/advocnar_backup\/author\/fbrochot\/"}]}},"_links":{"self":[{"href":"https:\/\/www.clients.horus-informatique71.fr\/advocnar_backup\/wp-json\/wp\/v2\/posts\/73891"}],"collection":[{"href":"https:\/\/www.clients.horus-informatique71.fr\/advocnar_backup\/wp-json\/wp\/v2\/posts"}],"about":[{"href":"https:\/\/www.clients.horus-informatique71.fr\/advocnar_backup\/wp-json\/wp\/v2\/types\/post"}],"author":[{"embeddable":true,"href":"https:\/\/www.clients.horus-informatique71.fr\/advocnar_backup\/wp-json\/wp\/v2\/users\/10"}],"replies":[{"embeddable":true,"href":"https:\/\/www.clients.horus-informatique71.fr\/advocnar_backup\/wp-json\/wp\/v2\/comments?post=73891"}],"version-history":[{"count":16,"href":"https:\/\/www.clients.horus-informatique71.fr\/advocnar_backup\/wp-json\/wp\/v2\/posts\/73891\/revisions"}],"predecessor-version":[{"id":73918,"href":"https:\/\/www.clients.horus-informatique71.fr\/advocnar_backup\/wp-json\/wp\/v2\/posts\/73891\/revisions\/73918"}],"wp:attachment":[{"href":"https:\/\/www.clients.horus-informatique71.fr\/advocnar_backup\/wp-json\/wp\/v2\/media?parent=73891"}],"wp:term":[{"taxonomy":"category","embeddable":true,"href":"https:\/\/www.clients.horus-informatique71.fr\/advocnar_backup\/wp-json\/wp\/v2\/categories?post=73891"},{"taxonomy":"post_tag","embeddable":true,"href":"https:\/\/www.clients.horus-informatique71.fr\/advocnar_backup\/wp-json\/wp\/v2\/tags?post=73891"}],"curies":[{"name":"wp","href":"https:\/\/api.w.org\/{rel}","templated":true}]}}