{"id":73951,"date":"2017-05-19T20:20:32","date_gmt":"2017-05-19T19:20:32","guid":{"rendered":"https:\/\/www.clients.horus-informatique71.fr\/advocnar_backup\/?p=73951"},"modified":"2017-05-21T08:22:25","modified_gmt":"2017-05-21T07:22:25","slug":"advocnar-fete-nature-environnement-deuil-21-mai","status":"publish","type":"post","link":"https:\/\/www.clients.horus-informatique71.fr\/advocnar_backup\/2017\/05\/advocnar-fete-nature-environnement-deuil-21-mai\/","title":{"rendered":"L&rsquo;ADVOCNAR est \u00e0 la \u00ab\u00a0F\u00eate de la nature et de l&rsquo;Environnement\u00a0\u00bb \u00e0 Deuil dimanche 21 mai"},"content":{"rendered":"<p>Comme chaque ann\u00e9e , les responsables de l&rsquo;ADVOCNAR seront pr\u00e9sents \u00e0 la<\/p>\n<h4 style=\"text-align: center;\">\u00ab\u00a0F\u00eate de la Nature et de l&rsquo;Environnement\u00a0\u00bb<br \/>\n\u00e0 Deuil-la-Barre le dimanche 21 mai 2017, de 10h \u00e0 18h<br \/>\nPlace des victimes du V2<\/h4>\n<p>Nous vous attendons sur le stand pour \u00e9changer avec vous sur nos derni\u00e8res actions, en particulier notre <a href=\"https:\/\/www.advocnar.fr2017\/04\/bruit-autour-aeroports-franciliens-elus-associations-saisissent-conseil-detat\/\">action juridique aupr\u00e8s du Conseil d&rsquo;Etat<\/a> pour une r\u00e9duction du bruit li\u00e9 au transport a\u00e9rien.<\/p>\n<p>Venez nombreux vous informer, nous soutenir et adh\u00e9rer.<\/p>\n<p><img loading=\"lazy\" decoding=\"async\" class=\"wp-image-73950 aligncenter\" src=\"https:\/\/www.clients.horus-informatique71.fr\/advocnar_backup\/wp-content\/uploads\/2017\/05\/fete_nature_v2.jpg\" alt=\"\" width=\"471\" height=\"667\" srcset=\"https:\/\/www.clients.horus-informatique71.fr\/advocnar_backup\/wp-content\/uploads\/2017\/05\/fete_nature_v2.jpg 604w, https:\/\/www.clients.horus-informatique71.fr\/advocnar_backup\/wp-content\/uploads\/2017\/05\/fete_nature_v2-212x300.jpg 212w\" sizes=\"(max-width: 471px) 100vw, 471px\" \/><\/p>\n","protected":false},"excerpt":{"rendered":"<p>Comme chaque ann\u00e9e , les responsables de l&rsquo;ADVOCNAR seront pr\u00e9sents \u00e0 la \u00ab\u00a0F\u00eate de la Nature et de l&rsquo;Environnement\u00a0\u00bb \u00e0 Deuil-la-Barre le dimanche 21 mai 2017, de 10h \u00e0 18h Place des victimes du V2 Nous vous attendons sur le stand pour \u00e9changer avec vous sur nos derni\u00e8res actions, en particulier notre action juridique aupr\u00e8s [&hellip;]<\/p>\n","protected":false},"author":10,"featured_media":73953,"comment_status":"closed","ping_status":"open","sticky":false,"template":"","format":"standard","meta":{"footnotes":""},"categories":[46],"tags":[],"yoast_head":"<!-- This site is optimized with the Yoast SEO plugin v22.0 - https:\/\/yoast.com\/wordpress\/plugins\/seo\/ -->\n<title>L&#039;ADVOCNAR est \u00e0 la &quot;F\u00eate de la nature et de l&#039;Environnement&quot; \u00e0 Deuil dimanche 21 mai - Advocnar<\/title>\n<meta name=\"robots\" content=\"index, follow, max-snippet:-1, max-image-preview:large, max-video-preview:-1\" \/>\n<link rel=\"canonical\" href=\"https:\/\/www.clients.horus-informatique71.fr\/advocnar_backup\/2017\/05\/advocnar-fete-nature-environnement-deuil-21-mai\/\" \/>\n<meta property=\"og:locale\" content=\"fr_FR\" \/>\n<meta property=\"og:type\" content=\"article\" \/>\n<meta property=\"og:title\" content=\"L&#039;ADVOCNAR est \u00e0 la &quot;F\u00eate de la nature et de l&#039;Environnement&quot; \u00e0 Deuil dimanche 21 mai - Advocnar\" \/>\n<meta property=\"og:description\" content=\"Comme chaque ann\u00e9e , les responsables de l&rsquo;ADVOCNAR seront pr\u00e9sents \u00e0 la \u00ab\u00a0F\u00eate de la Nature et de l&rsquo;Environnement\u00a0\u00bb \u00e0 Deuil-la-Barre le dimanche 21 mai 2017, de 10h \u00e0 18h Place des victimes du V2 Nous vous attendons sur le stand pour \u00e9changer avec vous sur nos derni\u00e8res actions, en particulier notre action juridique aupr\u00e8s [&hellip;]\" \/>\n<meta property=\"og:url\" content=\"https:\/\/www.clients.horus-informatique71.fr\/advocnar_backup\/2017\/05\/advocnar-fete-nature-environnement-deuil-21-mai\/\" \/>\n<meta property=\"og:site_name\" content=\"Advocnar\" \/>\n<meta property=\"article:published_time\" content=\"2017-05-19T19:20:32+00:00\" \/>\n<meta property=\"article:modified_time\" content=\"2017-05-21T07:22:25+00:00\" \/>\n<meta property=\"og:image\" content=\"https:\/\/www.clients.horus-informatique71.fr\/advocnar_backup\/wp-content\/uploads\/2017\/05\/fete_nature.jpg\" \/>\n\t<meta property=\"og:image:width\" content=\"602\" \/>\n\t<meta property=\"og:image:height\" content=\"453\" \/>\n\t<meta property=\"og:image:type\" content=\"image\/jpeg\" \/>\n<meta name=\"author\" content=\"FBrochot\" \/>\n<meta name=\"twitter:card\" content=\"summary_large_image\" \/>\n<meta name=\"twitter:label1\" content=\"\u00c9crit par\" \/>\n\t<meta name=\"twitter:data1\" content=\"FBrochot\" \/>\n<script type=\"application\/ld+json\" class=\"yoast-schema-graph\">{\"@context\":\"https:\/\/schema.org\",\"@graph\":[{\"@type\":\"WebPage\",\"@id\":\"https:\/\/www.clients.horus-informatique71.fr\/advocnar_backup\/2017\/05\/advocnar-fete-nature-environnement-deuil-21-mai\/\",\"url\":\"https:\/\/www.clients.horus-informatique71.fr\/advocnar_backup\/2017\/05\/advocnar-fete-nature-environnement-deuil-21-mai\/\",\"name\":\"L'ADVOCNAR est \u00e0 la \\\"F\u00eate de la nature et de l'Environnement\\\" \u00e0 Deuil dimanche 21 mai - Advocnar\",\"isPartOf\":{\"@id\":\"https:\/\/www.clients.horus-informatique71.fr\/advocnar_backup\/#website\"},\"datePublished\":\"2017-05-19T19:20:32+00:00\",\"dateModified\":\"2017-05-21T07:22:25+00:00\",\"author\":{\"@id\":\"https:\/\/www.clients.horus-informatique71.fr\/advocnar_backup\/#\/schema\/person\/28ec283f897fb44e1146415d8015d23e\"},\"breadcrumb\":{\"@id\":\"https:\/\/www.clients.horus-informatique71.fr\/advocnar_backup\/2017\/05\/advocnar-fete-nature-environnement-deuil-21-mai\/#breadcrumb\"},\"inLanguage\":\"fr-FR\",\"potentialAction\":[{\"@type\":\"ReadAction\",\"target\":[\"https:\/\/www.clients.horus-informatique71.fr\/advocnar_backup\/2017\/05\/advocnar-fete-nature-environnement-deuil-21-mai\/\"]}]},{\"@type\":\"BreadcrumbList\",\"@id\":\"https:\/\/www.clients.horus-informatique71.fr\/advocnar_backup\/2017\/05\/advocnar-fete-nature-environnement-deuil-21-mai\/#breadcrumb\",\"itemListElement\":[{\"@type\":\"ListItem\",\"position\":1,\"name\":\"Accueil\",\"item\":\"https:\/\/www.clients.horus-informatique71.fr\/advocnar_backup\/\"},{\"@type\":\"ListItem\",\"position\":2,\"name\":\"L&#8217;ADVOCNAR est \u00e0 la &#8220;F\u00eate de la nature et de l&#8217;Environnement&#8221; \u00e0 Deuil dimanche 21 mai\"}]},{\"@type\":\"WebSite\",\"@id\":\"https:\/\/www.clients.horus-informatique71.fr\/advocnar_backup\/#website\",\"url\":\"https:\/\/www.clients.horus-informatique71.fr\/advocnar_backup\/\",\"name\":\"Advocnar\",\"description\":\"Association de D\u00e9fense Contre les Nuisances A\u00e9riennes\",\"potentialAction\":[{\"@type\":\"SearchAction\",\"target\":{\"@type\":\"EntryPoint\",\"urlTemplate\":\"https:\/\/www.clients.horus-informatique71.fr\/advocnar_backup\/?s={search_term_string}\"},\"query-input\":\"required name=search_term_string\"}],\"inLanguage\":\"fr-FR\"},{\"@type\":\"Person\",\"@id\":\"https:\/\/www.clients.horus-informatique71.fr\/advocnar_backup\/#\/schema\/person\/28ec283f897fb44e1146415d8015d23e\",\"name\":\"FBrochot\",\"url\":\"https:\/\/www.clients.horus-informatique71.fr\/advocnar_backup\/author\/fbrochot\/\"}]}<\/script>\n<!-- \/ Yoast SEO plugin. -->","yoast_head_json":{"title":"L'ADVOCNAR est \u00e0 la \"F\u00eate de la nature et de l'Environnement\" \u00e0 Deuil dimanche 21 mai - Advocnar","robots":{"index":"index","follow":"follow","max-snippet":"max-snippet:-1","max-image-preview":"max-image-preview:large","max-video-preview":"max-video-preview:-1"},"canonical":"https:\/\/www.clients.horus-informatique71.fr\/advocnar_backup\/2017\/05\/advocnar-fete-nature-environnement-deuil-21-mai\/","og_locale":"fr_FR","og_type":"article","og_title":"L'ADVOCNAR est \u00e0 la \"F\u00eate de la nature et de l'Environnement\" \u00e0 Deuil dimanche 21 mai - Advocnar","og_description":"Comme chaque ann\u00e9e , les responsables de l&rsquo;ADVOCNAR seront pr\u00e9sents \u00e0 la \u00ab\u00a0F\u00eate de la Nature et de l&rsquo;Environnement\u00a0\u00bb \u00e0 Deuil-la-Barre le dimanche 21 mai 2017, de 10h \u00e0 18h Place des victimes du V2 Nous vous attendons sur le stand pour \u00e9changer avec vous sur nos derni\u00e8res actions, en particulier notre action juridique aupr\u00e8s [&hellip;]","og_url":"https:\/\/www.clients.horus-informatique71.fr\/advocnar_backup\/2017\/05\/advocnar-fete-nature-environnement-deuil-21-mai\/","og_site_name":"Advocnar","article_published_time":"2017-05-19T19:20:32+00:00","article_modified_time":"2017-05-21T07:22:25+00:00","og_image":[{"width":602,"height":453,"url":"https:\/\/www.clients.horus-informatique71.fr\/advocnar_backup\/wp-content\/uploads\/2017\/05\/fete_nature.jpg","type":"image\/jpeg"}],"author":"FBrochot","twitter_card":"summary_large_image","twitter_misc":{"\u00c9crit par":"FBrochot"},"schema":{"@context":"https:\/\/schema.org","@graph":[{"@type":"WebPage","@id":"https:\/\/www.clients.horus-informatique71.fr\/advocnar_backup\/2017\/05\/advocnar-fete-nature-environnement-deuil-21-mai\/","url":"https:\/\/www.clients.horus-informatique71.fr\/advocnar_backup\/2017\/05\/advocnar-fete-nature-environnement-deuil-21-mai\/","name":"L'ADVOCNAR est \u00e0 la \"F\u00eate de la nature et de l'Environnement\" \u00e0 Deuil dimanche 21 mai - Advocnar","isPartOf":{"@id":"https:\/\/www.clients.horus-informatique71.fr\/advocnar_backup\/#website"},"datePublished":"2017-05-19T19:20:32+00:00","dateModified":"2017-05-21T07:22:25+00:00","author":{"@id":"https:\/\/www.clients.horus-informatique71.fr\/advocnar_backup\/#\/schema\/person\/28ec283f897fb44e1146415d8015d23e"},"breadcrumb":{"@id":"https:\/\/www.clients.horus-informatique71.fr\/advocnar_backup\/2017\/05\/advocnar-fete-nature-environnement-deuil-21-mai\/#breadcrumb"},"inLanguage":"fr-FR","potentialAction":[{"@type":"ReadAction","target":["https:\/\/www.clients.horus-informatique71.fr\/advocnar_backup\/2017\/05\/advocnar-fete-nature-environnement-deuil-21-mai\/"]}]},{"@type":"BreadcrumbList","@id":"https:\/\/www.clients.horus-informatique71.fr\/advocnar_backup\/2017\/05\/advocnar-fete-nature-environnement-deuil-21-mai\/#breadcrumb","itemListElement":[{"@type":"ListItem","position":1,"name":"Accueil","item":"https:\/\/www.clients.horus-informatique71.fr\/advocnar_backup\/"},{"@type":"ListItem","position":2,"name":"L&#8217;ADVOCNAR est \u00e0 la &#8220;F\u00eate de la nature et de l&#8217;Environnement&#8221; \u00e0 Deuil dimanche 21 mai"}]},{"@type":"WebSite","@id":"https:\/\/www.clients.horus-informatique71.fr\/advocnar_backup\/#website","url":"https:\/\/www.clients.horus-informatique71.fr\/advocnar_backup\/","name":"Advocnar","description":"Association de D\u00e9fense Contre les Nuisances A\u00e9riennes","potentialAction":[{"@type":"SearchAction","target":{"@type":"EntryPoint","urlTemplate":"https:\/\/www.clients.horus-informatique71.fr\/advocnar_backup\/?s={search_term_string}"},"query-input":"required name=search_term_string"}],"inLanguage":"fr-FR"},{"@type":"Person","@id":"https:\/\/www.clients.horus-informatique71.fr\/advocnar_backup\/#\/schema\/person\/28ec283f897fb44e1146415d8015d23e","name":"FBrochot","url":"https:\/\/www.clients.horus-informatique71.fr\/advocnar_backup\/author\/fbrochot\/"}]}},"_links":{"self":[{"href":"https:\/\/www.clients.horus-informatique71.fr\/advocnar_backup\/wp-json\/wp\/v2\/posts\/73951"}],"collection":[{"href":"https:\/\/www.clients.horus-informatique71.fr\/advocnar_backup\/wp-json\/wp\/v2\/posts"}],"about":[{"href":"https:\/\/www.clients.horus-informatique71.fr\/advocnar_backup\/wp-json\/wp\/v2\/types\/post"}],"author":[{"embeddable":true,"href":"https:\/\/www.clients.horus-informatique71.fr\/advocnar_backup\/wp-json\/wp\/v2\/users\/10"}],"replies":[{"embeddable":true,"href":"https:\/\/www.clients.horus-informatique71.fr\/advocnar_backup\/wp-json\/wp\/v2\/comments?post=73951"}],"version-history":[{"count":7,"href":"https:\/\/www.clients.horus-informatique71.fr\/advocnar_backup\/wp-json\/wp\/v2\/posts\/73951\/revisions"}],"predecessor-version":[{"id":73959,"href":"https:\/\/www.clients.horus-informatique71.fr\/advocnar_backup\/wp-json\/wp\/v2\/posts\/73951\/revisions\/73959"}],"wp:featuredmedia":[{"embeddable":true,"href":"https:\/\/www.clients.horus-informatique71.fr\/advocnar_backup\/wp-json\/wp\/v2\/media\/73953"}],"wp:attachment":[{"href":"https:\/\/www.clients.horus-informatique71.fr\/advocnar_backup\/wp-json\/wp\/v2\/media?parent=73951"}],"wp:term":[{"taxonomy":"category","embeddable":true,"href":"https:\/\/www.clients.horus-informatique71.fr\/advocnar_backup\/wp-json\/wp\/v2\/categories?post=73951"},{"taxonomy":"post_tag","embeddable":true,"href":"https:\/\/www.clients.horus-informatique71.fr\/advocnar_backup\/wp-json\/wp\/v2\/tags?post=73951"}],"curies":[{"name":"wp","href":"https:\/\/api.w.org\/{rel}","templated":true}]}}