{"id":73968,"date":"2017-06-04T20:11:16","date_gmt":"2017-06-04T19:11:16","guid":{"rendered":"https:\/\/www.clients.horus-informatique71.fr\/advocnar_backup\/?p=73968"},"modified":"2017-06-25T10:28:38","modified_gmt":"2017-06-25T08:28:38","slug":"legislatives-2017-engagements-candidats-95-nuisances-aeriennes","status":"publish","type":"post","link":"https:\/\/www.clients.horus-informatique71.fr\/advocnar_backup\/2017\/06\/legislatives-2017-engagements-candidats-95-nuisances-aeriennes\/","title":{"rendered":"L\u00e9gislatives 2017: les engagements des candidats du 95 sur les nuisances a\u00e9riennes"},"content":{"rendered":"<p>La Convergence Associative invite les candidats franciliens aux l\u00e9gislatives \u00e0 d\u00e9voiler les actions qu&rsquo;ils m\u00e8neront en cas de succ\u00e8s de leur candidature, pour r\u00e9duire l\u2019impact du trafic a\u00e9rien sur la sant\u00e9 et le cadre de vie des franciliens.<\/p>\n<p>L&rsquo;ADVOCNAR et le CIRENA, associations membres de la Convergence Associative,\u00a0 ont \u00e9crit aux candidats des 10 circonscription du Val d&rsquo;Oise.<\/p>\n<p><a href=\"https:\/\/www.clients.horus-informatique71.fr\/advocnar_backup\/wp-content\/uploads\/2017\/06\/Convergence-Associative-Courrier-aux-candidats-Legislatives-2017-95.pdf\">Convergence Associative &#8211; Courrier aux candidats L\u00e9gislatives 2017 &#8211; Val d&rsquo;Oise<\/a><\/p>\n","protected":false},"excerpt":{"rendered":"<p>La Convergence Associative invite les candidats franciliens aux l\u00e9gislatives \u00e0 d\u00e9voiler les actions qu&rsquo;ils m\u00e8neront en cas de succ\u00e8s de leur candidature, pour r\u00e9duire l\u2019impact du trafic a\u00e9rien sur la sant\u00e9 et le cadre de vie des franciliens. L&rsquo;ADVOCNAR et le CIRENA, associations membres de la Convergence Associative,\u00a0 ont \u00e9crit aux candidats des 10 circonscription [&hellip;]<\/p>\n","protected":false},"author":10,"featured_media":73966,"comment_status":"closed","ping_status":"open","sticky":false,"template":"","format":"standard","meta":{"footnotes":""},"categories":[46],"tags":[],"yoast_head":"<!-- This site is optimized with the Yoast SEO plugin v22.0 - https:\/\/yoast.com\/wordpress\/plugins\/seo\/ -->\n<title>L\u00e9gislatives 2017: les engagements des candidats du 95 sur les nuisances a\u00e9riennes - Advocnar<\/title>\n<meta name=\"robots\" content=\"index, follow, max-snippet:-1, max-image-preview:large, max-video-preview:-1\" \/>\n<link rel=\"canonical\" href=\"https:\/\/www.clients.horus-informatique71.fr\/advocnar_backup\/2017\/06\/legislatives-2017-engagements-candidats-95-nuisances-aeriennes\/\" \/>\n<meta property=\"og:locale\" content=\"fr_FR\" \/>\n<meta property=\"og:type\" content=\"article\" \/>\n<meta property=\"og:title\" content=\"L\u00e9gislatives 2017: les engagements des candidats du 95 sur les nuisances a\u00e9riennes - Advocnar\" \/>\n<meta property=\"og:description\" content=\"La Convergence Associative invite les candidats franciliens aux l\u00e9gislatives \u00e0 d\u00e9voiler les actions qu&rsquo;ils m\u00e8neront en cas de succ\u00e8s de leur candidature, pour r\u00e9duire l\u2019impact du trafic a\u00e9rien sur la sant\u00e9 et le cadre de vie des franciliens. L&rsquo;ADVOCNAR et le CIRENA, associations membres de la Convergence Associative,\u00a0 ont \u00e9crit aux candidats des 10 circonscription [&hellip;]\" \/>\n<meta property=\"og:url\" content=\"https:\/\/www.clients.horus-informatique71.fr\/advocnar_backup\/2017\/06\/legislatives-2017-engagements-candidats-95-nuisances-aeriennes\/\" \/>\n<meta property=\"og:site_name\" content=\"Advocnar\" \/>\n<meta property=\"article:published_time\" content=\"2017-06-04T19:11:16+00:00\" \/>\n<meta property=\"article:modified_time\" content=\"2017-06-25T08:28:38+00:00\" \/>\n<meta property=\"og:image\" content=\"https:\/\/www.clients.horus-informatique71.fr\/advocnar_backup\/wp-content\/uploads\/2017\/06\/Legislatives-2017-2.png\" \/>\n\t<meta property=\"og:image:width\" content=\"838\" \/>\n\t<meta property=\"og:image:height\" content=\"628\" \/>\n\t<meta property=\"og:image:type\" content=\"image\/png\" \/>\n<meta name=\"author\" content=\"FBrochot\" \/>\n<meta name=\"twitter:card\" content=\"summary_large_image\" \/>\n<meta name=\"twitter:label1\" content=\"\u00c9crit par\" \/>\n\t<meta name=\"twitter:data1\" content=\"FBrochot\" \/>\n<script type=\"application\/ld+json\" class=\"yoast-schema-graph\">{\"@context\":\"https:\/\/schema.org\",\"@graph\":[{\"@type\":\"WebPage\",\"@id\":\"https:\/\/www.clients.horus-informatique71.fr\/advocnar_backup\/2017\/06\/legislatives-2017-engagements-candidats-95-nuisances-aeriennes\/\",\"url\":\"https:\/\/www.clients.horus-informatique71.fr\/advocnar_backup\/2017\/06\/legislatives-2017-engagements-candidats-95-nuisances-aeriennes\/\",\"name\":\"L\u00e9gislatives 2017: les engagements des candidats du 95 sur les nuisances a\u00e9riennes - Advocnar\",\"isPartOf\":{\"@id\":\"https:\/\/www.clients.horus-informatique71.fr\/advocnar_backup\/#website\"},\"datePublished\":\"2017-06-04T19:11:16+00:00\",\"dateModified\":\"2017-06-25T08:28:38+00:00\",\"author\":{\"@id\":\"https:\/\/www.clients.horus-informatique71.fr\/advocnar_backup\/#\/schema\/person\/28ec283f897fb44e1146415d8015d23e\"},\"breadcrumb\":{\"@id\":\"https:\/\/www.clients.horus-informatique71.fr\/advocnar_backup\/2017\/06\/legislatives-2017-engagements-candidats-95-nuisances-aeriennes\/#breadcrumb\"},\"inLanguage\":\"fr-FR\",\"potentialAction\":[{\"@type\":\"ReadAction\",\"target\":[\"https:\/\/www.clients.horus-informatique71.fr\/advocnar_backup\/2017\/06\/legislatives-2017-engagements-candidats-95-nuisances-aeriennes\/\"]}]},{\"@type\":\"BreadcrumbList\",\"@id\":\"https:\/\/www.clients.horus-informatique71.fr\/advocnar_backup\/2017\/06\/legislatives-2017-engagements-candidats-95-nuisances-aeriennes\/#breadcrumb\",\"itemListElement\":[{\"@type\":\"ListItem\",\"position\":1,\"name\":\"Accueil\",\"item\":\"https:\/\/www.clients.horus-informatique71.fr\/advocnar_backup\/\"},{\"@type\":\"ListItem\",\"position\":2,\"name\":\"L\u00e9gislatives 2017: les engagements des candidats du 95 sur les nuisances a\u00e9riennes\"}]},{\"@type\":\"WebSite\",\"@id\":\"https:\/\/www.clients.horus-informatique71.fr\/advocnar_backup\/#website\",\"url\":\"https:\/\/www.clients.horus-informatique71.fr\/advocnar_backup\/\",\"name\":\"Advocnar\",\"description\":\"Association de D\u00e9fense Contre les Nuisances A\u00e9riennes\",\"potentialAction\":[{\"@type\":\"SearchAction\",\"target\":{\"@type\":\"EntryPoint\",\"urlTemplate\":\"https:\/\/www.clients.horus-informatique71.fr\/advocnar_backup\/?s={search_term_string}\"},\"query-input\":\"required name=search_term_string\"}],\"inLanguage\":\"fr-FR\"},{\"@type\":\"Person\",\"@id\":\"https:\/\/www.clients.horus-informatique71.fr\/advocnar_backup\/#\/schema\/person\/28ec283f897fb44e1146415d8015d23e\",\"name\":\"FBrochot\",\"url\":\"https:\/\/www.clients.horus-informatique71.fr\/advocnar_backup\/author\/fbrochot\/\"}]}<\/script>\n<!-- \/ Yoast SEO plugin. -->","yoast_head_json":{"title":"L\u00e9gislatives 2017: les engagements des candidats du 95 sur les nuisances a\u00e9riennes - Advocnar","robots":{"index":"index","follow":"follow","max-snippet":"max-snippet:-1","max-image-preview":"max-image-preview:large","max-video-preview":"max-video-preview:-1"},"canonical":"https:\/\/www.clients.horus-informatique71.fr\/advocnar_backup\/2017\/06\/legislatives-2017-engagements-candidats-95-nuisances-aeriennes\/","og_locale":"fr_FR","og_type":"article","og_title":"L\u00e9gislatives 2017: les engagements des candidats du 95 sur les nuisances a\u00e9riennes - Advocnar","og_description":"La Convergence Associative invite les candidats franciliens aux l\u00e9gislatives \u00e0 d\u00e9voiler les actions qu&rsquo;ils m\u00e8neront en cas de succ\u00e8s de leur candidature, pour r\u00e9duire l\u2019impact du trafic a\u00e9rien sur la sant\u00e9 et le cadre de vie des franciliens. L&rsquo;ADVOCNAR et le CIRENA, associations membres de la Convergence Associative,\u00a0 ont \u00e9crit aux candidats des 10 circonscription [&hellip;]","og_url":"https:\/\/www.clients.horus-informatique71.fr\/advocnar_backup\/2017\/06\/legislatives-2017-engagements-candidats-95-nuisances-aeriennes\/","og_site_name":"Advocnar","article_published_time":"2017-06-04T19:11:16+00:00","article_modified_time":"2017-06-25T08:28:38+00:00","og_image":[{"width":838,"height":628,"url":"https:\/\/www.clients.horus-informatique71.fr\/advocnar_backup\/wp-content\/uploads\/2017\/06\/Legislatives-2017-2.png","type":"image\/png"}],"author":"FBrochot","twitter_card":"summary_large_image","twitter_misc":{"\u00c9crit par":"FBrochot"},"schema":{"@context":"https:\/\/schema.org","@graph":[{"@type":"WebPage","@id":"https:\/\/www.clients.horus-informatique71.fr\/advocnar_backup\/2017\/06\/legislatives-2017-engagements-candidats-95-nuisances-aeriennes\/","url":"https:\/\/www.clients.horus-informatique71.fr\/advocnar_backup\/2017\/06\/legislatives-2017-engagements-candidats-95-nuisances-aeriennes\/","name":"L\u00e9gislatives 2017: les engagements des candidats du 95 sur les nuisances a\u00e9riennes - Advocnar","isPartOf":{"@id":"https:\/\/www.clients.horus-informatique71.fr\/advocnar_backup\/#website"},"datePublished":"2017-06-04T19:11:16+00:00","dateModified":"2017-06-25T08:28:38+00:00","author":{"@id":"https:\/\/www.clients.horus-informatique71.fr\/advocnar_backup\/#\/schema\/person\/28ec283f897fb44e1146415d8015d23e"},"breadcrumb":{"@id":"https:\/\/www.clients.horus-informatique71.fr\/advocnar_backup\/2017\/06\/legislatives-2017-engagements-candidats-95-nuisances-aeriennes\/#breadcrumb"},"inLanguage":"fr-FR","potentialAction":[{"@type":"ReadAction","target":["https:\/\/www.clients.horus-informatique71.fr\/advocnar_backup\/2017\/06\/legislatives-2017-engagements-candidats-95-nuisances-aeriennes\/"]}]},{"@type":"BreadcrumbList","@id":"https:\/\/www.clients.horus-informatique71.fr\/advocnar_backup\/2017\/06\/legislatives-2017-engagements-candidats-95-nuisances-aeriennes\/#breadcrumb","itemListElement":[{"@type":"ListItem","position":1,"name":"Accueil","item":"https:\/\/www.clients.horus-informatique71.fr\/advocnar_backup\/"},{"@type":"ListItem","position":2,"name":"L\u00e9gislatives 2017: les engagements des candidats du 95 sur les nuisances a\u00e9riennes"}]},{"@type":"WebSite","@id":"https:\/\/www.clients.horus-informatique71.fr\/advocnar_backup\/#website","url":"https:\/\/www.clients.horus-informatique71.fr\/advocnar_backup\/","name":"Advocnar","description":"Association de D\u00e9fense Contre les Nuisances A\u00e9riennes","potentialAction":[{"@type":"SearchAction","target":{"@type":"EntryPoint","urlTemplate":"https:\/\/www.clients.horus-informatique71.fr\/advocnar_backup\/?s={search_term_string}"},"query-input":"required name=search_term_string"}],"inLanguage":"fr-FR"},{"@type":"Person","@id":"https:\/\/www.clients.horus-informatique71.fr\/advocnar_backup\/#\/schema\/person\/28ec283f897fb44e1146415d8015d23e","name":"FBrochot","url":"https:\/\/www.clients.horus-informatique71.fr\/advocnar_backup\/author\/fbrochot\/"}]}},"_links":{"self":[{"href":"https:\/\/www.clients.horus-informatique71.fr\/advocnar_backup\/wp-json\/wp\/v2\/posts\/73968"}],"collection":[{"href":"https:\/\/www.clients.horus-informatique71.fr\/advocnar_backup\/wp-json\/wp\/v2\/posts"}],"about":[{"href":"https:\/\/www.clients.horus-informatique71.fr\/advocnar_backup\/wp-json\/wp\/v2\/types\/post"}],"author":[{"embeddable":true,"href":"https:\/\/www.clients.horus-informatique71.fr\/advocnar_backup\/wp-json\/wp\/v2\/users\/10"}],"replies":[{"embeddable":true,"href":"https:\/\/www.clients.horus-informatique71.fr\/advocnar_backup\/wp-json\/wp\/v2\/comments?post=73968"}],"version-history":[{"count":7,"href":"https:\/\/www.clients.horus-informatique71.fr\/advocnar_backup\/wp-json\/wp\/v2\/posts\/73968\/revisions"}],"predecessor-version":[{"id":73991,"href":"https:\/\/www.clients.horus-informatique71.fr\/advocnar_backup\/wp-json\/wp\/v2\/posts\/73968\/revisions\/73991"}],"wp:featuredmedia":[{"embeddable":true,"href":"https:\/\/www.clients.horus-informatique71.fr\/advocnar_backup\/wp-json\/wp\/v2\/media\/73966"}],"wp:attachment":[{"href":"https:\/\/www.clients.horus-informatique71.fr\/advocnar_backup\/wp-json\/wp\/v2\/media?parent=73968"}],"wp:term":[{"taxonomy":"category","embeddable":true,"href":"https:\/\/www.clients.horus-informatique71.fr\/advocnar_backup\/wp-json\/wp\/v2\/categories?post=73968"},{"taxonomy":"post_tag","embeddable":true,"href":"https:\/\/www.clients.horus-informatique71.fr\/advocnar_backup\/wp-json\/wp\/v2\/tags?post=73968"}],"curies":[{"name":"wp","href":"https:\/\/api.w.org\/{rel}","templated":true}]}}