{"id":73994,"date":"2017-06-19T16:57:13","date_gmt":"2017-06-19T14:57:13","guid":{"rendered":"https:\/\/www.clients.horus-informatique71.fr\/advocnar_backup\/?p=73994"},"modified":"2021-04-07T08:12:39","modified_gmt":"2021-04-07T06:12:39","slug":"aviation-futur-moins-polluante","status":"publish","type":"post","link":"https:\/\/www.clients.horus-informatique71.fr\/advocnar_backup\/2017\/06\/aviation-futur-moins-polluante\/","title":{"rendered":"L&rsquo;aviation du futur sera-t-elle moins polluante ?"},"content":{"rendered":"<h4>19.06.2017 &#8211; Actu-environnement<\/h4>\n<p>D&rsquo;ici 2035, la flotte mondiale devrait doubler. Les progr\u00e8s techniques seront-ils suffisants pour contenir l&rsquo;augmentation des diverses pollutions li\u00e9es \u00e0 l&rsquo;aviation. Toute la fili\u00e8re a\u00e9ronautique est concern\u00e9e, des a\u00e9ronefs aux infrastructures a\u00e9roportuaires. Reportage.<\/p>\n<p>Emissions de CO2 et aussi de polluants atmosph\u00e9riques toxiques et dangereux pour la sant\u00e9 comme les oxydes d&rsquo;azote ou les particules fines, nuisances sonores, l&rsquo;aviation, comme le trafic routier, est un moyen de transport qui occasionne diverses pollutions. Or, les pr\u00e9visions montrent une progression continue d&rsquo;environ 5% par an du nombre de vols au niveau mondial. Dans ce contexte, comment les professionnels du secteur a\u00e9ronautique envisagent-ils l&rsquo;avenir&nbsp;?<\/p>\n<p>L&rsquo;organisation de l&rsquo;aviation civile internationale (OACI) a \u00e9tabli un panier de mesures sur lesquels il serait possible d&rsquo;agir concernant les \u00e9missions de CO2. Ecouter l&rsquo;interview vid\u00e9o de Jonathan Gilad, adjoint \u00e0 la sous-directrice de la direction g\u00e9n\u00e9rale de l&rsquo;aviation civile (DGAC). Ce panier de mesures est la base du premier accord au niveau mondial pour lutter contre le r\u00e9chauffement climatique, le Corsia, n\u00e9 le 06 octobre 2016. Cet accord entend r\u00e9duire et\/ou compenser la croissance des \u00e9missions de CO2 de l&rsquo;aviation d\u00e8s 2020.<\/p>\n<p>Mais \u00e0 y regarder de plus pr\u00e8s, le d\u00e9fi est de taille. Parmi les mesures pr\u00e9conis\u00e9es, l&rsquo;\u00e9volution technologique des a\u00e9ronefs. Prenons les derniers moteurs \u00ab\u00a0Leap\u00a0\u00bb de Safran Aircraft Engines, ils seraient 15% moins \u00e9metteurs de CO2. Comme les moteurs pr\u00e9c\u00e9dents, ils vont \u00e9quiper des milliers d&rsquo;avions, avec une dur\u00e9e de vie d&rsquo;au moins 30 ans. Il faudra donc attendre trente ans pour renouveler le parc suivant\u2026<\/p>\n<h5>A\u00e9ronefs \u00e9lectriques<\/h5>\n<p>Le Solar Impulse est un avion couvert de panneaux solaires sur ses ailes de 63 m\u00e8tres d&rsquo;envergure, soit la taille des plus gros avions de ligne du monde. Il ne peut n\u00e9anmoins transporter qu&rsquo;une seule personne \u00e0 ce jour. La performance reste de taille, notamment le premier tour du monde sans carburant&nbsp;! L&rsquo;E-Fan est un avion \u00e0 propulsion \u00e9lectrique d\u00e9velopp\u00e9 par Airbus. Un monoplace qui, cette fois, ressemble \u00e0 un ULM classique par sa taille. Il a r\u00e9ussi la travers\u00e9e de la Manche en 2015. Mais Airbus a r\u00e9cemment stopp\u00e9 ce programme 100% \u00e9lectrique pour une \u00e9ventuelle hybridation. Enfin, le Volta est un h\u00e9licopt\u00e8re, monoplace con\u00e7u par Aquin\u00e9a en partenariat avec l&rsquo;\u00e9cole nationale de l&rsquo;aviation civil (ENAC). Il a valid\u00e9 r\u00e9cemment ses premiers vols, tr\u00e8s courts, de quelques minutes\u2026<\/p>\n<p>En r\u00e9sum\u00e9, s&rsquo;il y a un \u00e9ventuel avenir pour l&rsquo;aviation \u00e9lectrique dans les prochaines d\u00e9cennies, ce sera seulement pour l&rsquo;aviation l\u00e9g\u00e8re.<\/p>\n<h5>Essor des biocarburants<\/h5>\n<p>L&rsquo;accord de Chicago de 1944, qui a fond\u00e9 l&rsquo;OACI, interdit les taxes sur le k\u00e9ros\u00e8ne, un atout pour voler pas cher et participer \u00e0 l&rsquo;essor de la fili\u00e8re mondiale mais un frein pour le d\u00e9veloppement des \u00e9nergies alternatives comme le biok\u00e9ros\u00e8ne, (voir le reportage vid\u00e9o) et une concurrence d\u00e9loyale pour les autres modes de transport. Ce k\u00e9ros\u00e8ne contribue au r\u00e9chauffement climatique sans g\u00e9n\u00e9rer d&rsquo;imp\u00f4ts qui permettrait aux Etats d&rsquo;investir dans la lutte contre le r\u00e9chauffement climatique.<\/p>\n<h5>Optimisation des trajectoires et temps de roulage sur le tarmac<\/h5>\n<p>Concernant les trajectoires des avions, les descentes en continu plut\u00f4t que par palier permettent de r\u00e9duire les pollutions et nuisances sonores. Elles repr\u00e9senteraient d\u00e9j\u00e0 30% des atterrissages sur l&rsquo;a\u00e9roport d&rsquo;Orly mais il semble assez compliqu\u00e9 de faire mieux. Le CDM (Collaborative Decision Making) est un dispositif qui aurait permis de r\u00e9duire de 10% le temps de roulage sur l&rsquo;a\u00e9roport de Roissy Charles de Gaulle. \u00ab\u00a0C&rsquo;est un dispositif collaboratif entre le gestionnaire d&rsquo;a\u00e9roport, les compagnie a\u00e9riennes et l&rsquo;aviation civile. L&rsquo;objectif est d&rsquo;optimiser le moment o\u00f9 l&rsquo;avion va quitter son poste de stationnement pour aller au seuil de d\u00e9collage, limiter l&rsquo;attente au seuil de piste et donc les \u00e9missions associ\u00e9es\u00a0\u00bb, explique Marjolaine Grisard, responsable du p\u00f4le environnement du groupe ADP. Aussi, les infrastructures des a\u00e9roports peuvent permettre de r\u00e9duire les diff\u00e9rentes formes de pollution, (voir reportage vid\u00e9o).<\/p>\n<h5>Et les riverains dans tout \u00e7a&nbsp;?<\/h5>\n<p>La crainte des associations de protection des riverains et de protection de l&rsquo;environnement est l&rsquo;augmentation du trafic. Si certains reconnaissent que les avions sont l\u00e9g\u00e8rement moins bruyants, ils pointent du doigt l&rsquo;augmentation du trafic qui du coup annule toute am\u00e9lioration, voire d\u00e9grade un peu plus la situation. Si quelques a\u00e9roports comme Orly ont des mesures sp\u00e9cifiques comme le couvre feu de 23h30 \u00e0 6h du matin qui emp\u00eache les avions d&rsquo;atterrir ou de d\u00e9coller, certains redoutent qu&rsquo;un jour ce genre de mesure disparaisse pour faire face \u00e0 l&rsquo;augmentation du trafic mondial. En somme, les associations semblent plut\u00f4t pessimistes pour l&rsquo;avenir.<\/p>\n<p>Baptiste Clarke<\/p>\n<p><a href=\"https:\/\/www.actu-environnement.com\/ae\/news\/aviation-futur-carburant-electrique-co2-bruit-atterrissage-29221.php4\">Lire l&rsquo;article complet et voir les vid\u00e9os <\/a><\/p>\n","protected":false},"excerpt":{"rendered":"<p>19.06.2017 &#8211; Actu-environnement D&rsquo;ici 2035, la flotte mondiale devrait doubler. Les progr\u00e8s techniques seront-ils suffisants pour contenir l&rsquo;augmentation des diverses pollutions li\u00e9es \u00e0 l&rsquo;aviation. Toute la fili\u00e8re a\u00e9ronautique est concern\u00e9e, des a\u00e9ronefs aux infrastructures a\u00e9roportuaires. Reportage. Emissions de CO2 et aussi de polluants atmosph\u00e9riques toxiques et dangereux pour la sant\u00e9 comme les oxydes d&rsquo;azote ou [&hellip;]<\/p>\n","protected":false},"author":10,"featured_media":0,"comment_status":"closed","ping_status":"open","sticky":false,"template":"","format":"standard","meta":{"footnotes":""},"categories":[49],"tags":[],"yoast_head":"<!-- This site is optimized with the Yoast SEO plugin v22.0 - https:\/\/yoast.com\/wordpress\/plugins\/seo\/ -->\n<title>L&#039;aviation du futur sera-t-elle moins polluante ? - Advocnar<\/title>\n<meta name=\"description\" content=\"19.06.2017 - Actu-environnement - D&#039;ici 2035, la flotte mondiale devrait doubler. Les progr\u00e8s techniques pourront-il contenir la pollution de l&#039;aviation?\" \/>\n<meta name=\"robots\" content=\"index, follow, max-snippet:-1, max-image-preview:large, max-video-preview:-1\" \/>\n<link rel=\"canonical\" href=\"https:\/\/www.clients.horus-informatique71.fr\/advocnar_backup\/2017\/06\/aviation-futur-moins-polluante\/\" \/>\n<meta property=\"og:locale\" content=\"fr_FR\" \/>\n<meta property=\"og:type\" content=\"article\" \/>\n<meta property=\"og:title\" content=\"L&#039;aviation du futur sera-t-elle moins polluante ? - Advocnar\" \/>\n<meta property=\"og:description\" content=\"19.06.2017 - Actu-environnement - D&#039;ici 2035, la flotte mondiale devrait doubler. Les progr\u00e8s techniques pourront-il contenir la pollution de l&#039;aviation?\" \/>\n<meta property=\"og:url\" content=\"https:\/\/www.clients.horus-informatique71.fr\/advocnar_backup\/2017\/06\/aviation-futur-moins-polluante\/\" \/>\n<meta property=\"og:site_name\" content=\"Advocnar\" \/>\n<meta property=\"article:published_time\" content=\"2017-06-19T14:57:13+00:00\" \/>\n<meta property=\"article:modified_time\" content=\"2021-04-07T06:12:39+00:00\" \/>\n<meta name=\"author\" content=\"FBrochot\" \/>\n<meta name=\"twitter:card\" content=\"summary_large_image\" \/>\n<meta name=\"twitter:label1\" content=\"\u00c9crit par\" \/>\n\t<meta name=\"twitter:data1\" content=\"FBrochot\" \/>\n\t<meta name=\"twitter:label2\" content=\"Dur\u00e9e de lecture estim\u00e9e\" \/>\n\t<meta name=\"twitter:data2\" content=\"4 minutes\" \/>\n<script type=\"application\/ld+json\" class=\"yoast-schema-graph\">{\"@context\":\"https:\/\/schema.org\",\"@graph\":[{\"@type\":\"WebPage\",\"@id\":\"https:\/\/www.clients.horus-informatique71.fr\/advocnar_backup\/2017\/06\/aviation-futur-moins-polluante\/\",\"url\":\"https:\/\/www.clients.horus-informatique71.fr\/advocnar_backup\/2017\/06\/aviation-futur-moins-polluante\/\",\"name\":\"L'aviation du futur sera-t-elle moins polluante ? - Advocnar\",\"isPartOf\":{\"@id\":\"https:\/\/www.clients.horus-informatique71.fr\/advocnar_backup\/#website\"},\"datePublished\":\"2017-06-19T14:57:13+00:00\",\"dateModified\":\"2021-04-07T06:12:39+00:00\",\"author\":{\"@id\":\"https:\/\/www.clients.horus-informatique71.fr\/advocnar_backup\/#\/schema\/person\/28ec283f897fb44e1146415d8015d23e\"},\"description\":\"19.06.2017 - Actu-environnement - D'ici 2035, la flotte mondiale devrait doubler. Les progr\u00e8s techniques pourront-il contenir la pollution de l'aviation?\",\"breadcrumb\":{\"@id\":\"https:\/\/www.clients.horus-informatique71.fr\/advocnar_backup\/2017\/06\/aviation-futur-moins-polluante\/#breadcrumb\"},\"inLanguage\":\"fr-FR\",\"potentialAction\":[{\"@type\":\"ReadAction\",\"target\":[\"https:\/\/www.clients.horus-informatique71.fr\/advocnar_backup\/2017\/06\/aviation-futur-moins-polluante\/\"]}]},{\"@type\":\"BreadcrumbList\",\"@id\":\"https:\/\/www.clients.horus-informatique71.fr\/advocnar_backup\/2017\/06\/aviation-futur-moins-polluante\/#breadcrumb\",\"itemListElement\":[{\"@type\":\"ListItem\",\"position\":1,\"name\":\"Accueil\",\"item\":\"https:\/\/www.clients.horus-informatique71.fr\/advocnar_backup\/\"},{\"@type\":\"ListItem\",\"position\":2,\"name\":\"L&#8217;aviation du futur sera-t-elle moins polluante ?\"}]},{\"@type\":\"WebSite\",\"@id\":\"https:\/\/www.clients.horus-informatique71.fr\/advocnar_backup\/#website\",\"url\":\"https:\/\/www.clients.horus-informatique71.fr\/advocnar_backup\/\",\"name\":\"Advocnar\",\"description\":\"Association de D\u00e9fense Contre les Nuisances A\u00e9riennes\",\"potentialAction\":[{\"@type\":\"SearchAction\",\"target\":{\"@type\":\"EntryPoint\",\"urlTemplate\":\"https:\/\/www.clients.horus-informatique71.fr\/advocnar_backup\/?s={search_term_string}\"},\"query-input\":\"required name=search_term_string\"}],\"inLanguage\":\"fr-FR\"},{\"@type\":\"Person\",\"@id\":\"https:\/\/www.clients.horus-informatique71.fr\/advocnar_backup\/#\/schema\/person\/28ec283f897fb44e1146415d8015d23e\",\"name\":\"FBrochot\",\"url\":\"https:\/\/www.clients.horus-informatique71.fr\/advocnar_backup\/author\/fbrochot\/\"}]}<\/script>\n<!-- \/ Yoast SEO plugin. -->","yoast_head_json":{"title":"L'aviation du futur sera-t-elle moins polluante ? - Advocnar","description":"19.06.2017 - Actu-environnement - D'ici 2035, la flotte mondiale devrait doubler. Les progr\u00e8s techniques pourront-il contenir la pollution de l'aviation?","robots":{"index":"index","follow":"follow","max-snippet":"max-snippet:-1","max-image-preview":"max-image-preview:large","max-video-preview":"max-video-preview:-1"},"canonical":"https:\/\/www.clients.horus-informatique71.fr\/advocnar_backup\/2017\/06\/aviation-futur-moins-polluante\/","og_locale":"fr_FR","og_type":"article","og_title":"L'aviation du futur sera-t-elle moins polluante ? - Advocnar","og_description":"19.06.2017 - Actu-environnement - D'ici 2035, la flotte mondiale devrait doubler. Les progr\u00e8s techniques pourront-il contenir la pollution de l'aviation?","og_url":"https:\/\/www.clients.horus-informatique71.fr\/advocnar_backup\/2017\/06\/aviation-futur-moins-polluante\/","og_site_name":"Advocnar","article_published_time":"2017-06-19T14:57:13+00:00","article_modified_time":"2021-04-07T06:12:39+00:00","author":"FBrochot","twitter_card":"summary_large_image","twitter_misc":{"\u00c9crit par":"FBrochot","Dur\u00e9e de lecture estim\u00e9e":"4 minutes"},"schema":{"@context":"https:\/\/schema.org","@graph":[{"@type":"WebPage","@id":"https:\/\/www.clients.horus-informatique71.fr\/advocnar_backup\/2017\/06\/aviation-futur-moins-polluante\/","url":"https:\/\/www.clients.horus-informatique71.fr\/advocnar_backup\/2017\/06\/aviation-futur-moins-polluante\/","name":"L'aviation du futur sera-t-elle moins polluante ? - Advocnar","isPartOf":{"@id":"https:\/\/www.clients.horus-informatique71.fr\/advocnar_backup\/#website"},"datePublished":"2017-06-19T14:57:13+00:00","dateModified":"2021-04-07T06:12:39+00:00","author":{"@id":"https:\/\/www.clients.horus-informatique71.fr\/advocnar_backup\/#\/schema\/person\/28ec283f897fb44e1146415d8015d23e"},"description":"19.06.2017 - Actu-environnement - D'ici 2035, la flotte mondiale devrait doubler. Les progr\u00e8s techniques pourront-il contenir la pollution de l'aviation?","breadcrumb":{"@id":"https:\/\/www.clients.horus-informatique71.fr\/advocnar_backup\/2017\/06\/aviation-futur-moins-polluante\/#breadcrumb"},"inLanguage":"fr-FR","potentialAction":[{"@type":"ReadAction","target":["https:\/\/www.clients.horus-informatique71.fr\/advocnar_backup\/2017\/06\/aviation-futur-moins-polluante\/"]}]},{"@type":"BreadcrumbList","@id":"https:\/\/www.clients.horus-informatique71.fr\/advocnar_backup\/2017\/06\/aviation-futur-moins-polluante\/#breadcrumb","itemListElement":[{"@type":"ListItem","position":1,"name":"Accueil","item":"https:\/\/www.clients.horus-informatique71.fr\/advocnar_backup\/"},{"@type":"ListItem","position":2,"name":"L&#8217;aviation du futur sera-t-elle moins polluante ?"}]},{"@type":"WebSite","@id":"https:\/\/www.clients.horus-informatique71.fr\/advocnar_backup\/#website","url":"https:\/\/www.clients.horus-informatique71.fr\/advocnar_backup\/","name":"Advocnar","description":"Association de D\u00e9fense Contre les Nuisances A\u00e9riennes","potentialAction":[{"@type":"SearchAction","target":{"@type":"EntryPoint","urlTemplate":"https:\/\/www.clients.horus-informatique71.fr\/advocnar_backup\/?s={search_term_string}"},"query-input":"required name=search_term_string"}],"inLanguage":"fr-FR"},{"@type":"Person","@id":"https:\/\/www.clients.horus-informatique71.fr\/advocnar_backup\/#\/schema\/person\/28ec283f897fb44e1146415d8015d23e","name":"FBrochot","url":"https:\/\/www.clients.horus-informatique71.fr\/advocnar_backup\/author\/fbrochot\/"}]}},"_links":{"self":[{"href":"https:\/\/www.clients.horus-informatique71.fr\/advocnar_backup\/wp-json\/wp\/v2\/posts\/73994"}],"collection":[{"href":"https:\/\/www.clients.horus-informatique71.fr\/advocnar_backup\/wp-json\/wp\/v2\/posts"}],"about":[{"href":"https:\/\/www.clients.horus-informatique71.fr\/advocnar_backup\/wp-json\/wp\/v2\/types\/post"}],"author":[{"embeddable":true,"href":"https:\/\/www.clients.horus-informatique71.fr\/advocnar_backup\/wp-json\/wp\/v2\/users\/10"}],"replies":[{"embeddable":true,"href":"https:\/\/www.clients.horus-informatique71.fr\/advocnar_backup\/wp-json\/wp\/v2\/comments?post=73994"}],"version-history":[{"count":6,"href":"https:\/\/www.clients.horus-informatique71.fr\/advocnar_backup\/wp-json\/wp\/v2\/posts\/73994\/revisions"}],"predecessor-version":[{"id":76850,"href":"https:\/\/www.clients.horus-informatique71.fr\/advocnar_backup\/wp-json\/wp\/v2\/posts\/73994\/revisions\/76850"}],"wp:attachment":[{"href":"https:\/\/www.clients.horus-informatique71.fr\/advocnar_backup\/wp-json\/wp\/v2\/media?parent=73994"}],"wp:term":[{"taxonomy":"category","embeddable":true,"href":"https:\/\/www.clients.horus-informatique71.fr\/advocnar_backup\/wp-json\/wp\/v2\/categories?post=73994"},{"taxonomy":"post_tag","embeddable":true,"href":"https:\/\/www.clients.horus-informatique71.fr\/advocnar_backup\/wp-json\/wp\/v2\/tags?post=73994"}],"curies":[{"name":"wp","href":"https:\/\/api.w.org\/{rel}","templated":true}]}}