{"id":74034,"date":"2017-10-18T08:06:31","date_gmt":"2017-10-18T06:06:31","guid":{"rendered":"https:\/\/www.clients.horus-informatique71.fr\/advocnar_backup\/?p=74034"},"modified":"2017-10-18T08:33:30","modified_gmt":"2017-10-18T06:33:30","slug":"plan-de-protection-de-latmosphere-ile-de-france-enquete-publique","status":"publish","type":"post","link":"https:\/\/www.clients.horus-informatique71.fr\/advocnar_backup\/2017\/10\/plan-de-protection-de-latmosphere-ile-de-france-enquete-publique\/","title":{"rendered":"Plan de Protection de l&rsquo;Atmosph\u00e8re Ile-de-France: enqu\u00eate publique"},"content":{"rendered":"<h4>Le Plan de Protection de l&rsquo;Atmosph\u00e8re de la R\u00e9gion Ile-de-France (PPA-IDF) est soumis \u00e0 enqu\u00eate publique <span id=\"stacks_in_497_page0\">du lundi 18 septembre 2017 au mercredi 15 novembre 2017 inclus.<\/span><\/h4>\n<p>En effet, \u00e0 la demande de l&rsquo;ADVOCNAR et de plusieurs associations, l&rsquo;enqu\u00eate publique a \u00e9t\u00e9 prolong\u00e9e de 15 jours afin de vous laisser plus de temps pour vous informer et rendre un avis:<\/p>\n<blockquote class=\"wp-embedded-content\" data-secret=\"mRwg4vqOLW\"><p><a href=\"https:\/\/www.maqualitedelair-idf.fr\/prolongation-de-duree-de-lenquete-publique-revision-ppa-ile-de-france\/\">Prolongation de la dur\u00e9e de l&rsquo;enqu\u00eate publique sur la r\u00e9vision du PPA \u00cele-de-France<\/a><\/p><\/blockquote>\n<p><iframe class=\"wp-embedded-content\" sandbox=\"allow-scripts\" security=\"restricted\" style=\"position: absolute; clip: rect(1px, 1px, 1px, 1px);\" src=\"https:\/\/www.maqualitedelair-idf.fr\/prolongation-de-duree-de-lenquete-publique-revision-ppa-ile-de-france\/embed\/#?secret=mRwg4vqOLW\" data-secret=\"mRwg4vqOLW\" width=\"600\" height=\"338\" title=\"\u00ab\u00a0Prolongation de la dur\u00e9e de l&rsquo;enqu\u00eate publique sur la r\u00e9vision du PPA \u00cele-de-France\u00a0\u00bb &#8212; Ma Qualit\u00e9 de l&#039;air en \u00cele-de-France\" frameborder=\"0\" marginwidth=\"0\" marginheight=\"0\" scrolling=\"no\"><\/iframe><\/p>\n<p><span id=\"stacks_in_497_page0\"><\/span>Ce plan a pour objectif de r\u00e9duire la pollution atmosph\u00e9rique en Ile-de-France afin de repasser en-dessous des valeurs limites fix\u00e9es par l&rsquo;UE, actuellement d\u00e9pass\u00e9es r\u00e9guli\u00e8rement au d\u00e9triment de notre sant\u00e9.<\/p>\n<p>Ce plan est tr\u00e8s en de\u00e7a des espoirs des Franciliens et des exigences europ\u00e9ennes. La R\u00e9gion Ile-de-France, la M\u00e9tropole du Grand Paris et la ville\u00a0de Paris ne l&rsquo;ont pas valid\u00e9 et une requ\u00eate aupr\u00e8s du\u00a0Conseil d&rsquo;Etat, d\u00e9pos\u00e9e par les Amis de la Terre de Paris, a donn\u00e9\u00a0lieu \u00e0 une mise en demeure de l&rsquo;Etat pour non-respect de la directive\u00a0europ\u00e9enne sur la qualit\u00e9 de l\u2019air.<\/p>\n<p>Concernant la pollution due au transport a\u00e9rien en Ile-de-France, les mesures propos\u00e9es dans le PPA-IDF sont insignifiantes, concernent uniquement une partie des \u00e9missions polluantes des avions au sol, et n&#8217;emp\u00eacheront pas les \u00e9missions chimiques de ce secteur de cro\u00eetre.<\/p>\n<p><img loading=\"lazy\" decoding=\"async\" width=\"1028\" height=\"553\" class=\"alignleft size-full wp-image-74051\" src=\"https:\/\/www.clients.horus-informatique71.fr\/advocnar_backup\/wp-content\/uploads\/2017\/09\/PPA-defis-transport-aerien.png\" alt=\"\" srcset=\"https:\/\/www.clients.horus-informatique71.fr\/advocnar_backup\/wp-content\/uploads\/2017\/09\/PPA-defis-transport-aerien.png 1028w, https:\/\/www.clients.horus-informatique71.fr\/advocnar_backup\/wp-content\/uploads\/2017\/09\/PPA-defis-transport-aerien-300x161.png 300w, https:\/\/www.clients.horus-informatique71.fr\/advocnar_backup\/wp-content\/uploads\/2017\/09\/PPA-defis-transport-aerien-768x413.png 768w, https:\/\/www.clients.horus-informatique71.fr\/advocnar_backup\/wp-content\/uploads\/2017\/09\/PPA-defis-transport-aerien-1024x551.png 1024w\" sizes=\"(max-width: 1028px) 100vw, 1028px\" \/><\/p>\n<p>Vous trouverez toutes les informations concernant le projet de PPA-IDF et l&rsquo;enqu\u00eate publique sur le site <a href=\"http:\/\/enquetepublique-ppa-idf.fr\/\">http:\/\/enquetepublique-ppa-idf.fr\/<\/a><\/p>\n<ul>\n<li>Dossiers d&rsquo;enqu\u00eate publique<\/li>\n<li>Permanences des commissaires enqu\u00eateurs et r\u00e9unions publiques en Ile-de-France<\/li>\n<li>Registre d\u00e9mat\u00e9rialis\u00e9 pour laisser votre avis<\/li>\n<\/ul>\n<p>Ci-dessous le r\u00e9sum\u00e9 non technique du projet de PPA-IDF:<\/p>\n<p><a href=\"https:\/\/www.clients.horus-informatique71.fr\/advocnar_backup\/wp-content\/uploads\/2017\/09\/EP17080_8590_Resume-non-technique-du-projet-de-PPA-9-pages.pdf\"><img loading=\"lazy\" decoding=\"async\" class=\" wp-image-74032 aligncenter\" src=\"https:\/\/www.clients.horus-informatique71.fr\/advocnar_backup\/wp-content\/uploads\/2017\/09\/PPA-couverture.png\" alt=\"\" width=\"304\" height=\"433\" srcset=\"https:\/\/www.clients.horus-informatique71.fr\/advocnar_backup\/wp-content\/uploads\/2017\/09\/PPA-couverture.png 550w, https:\/\/www.clients.horus-informatique71.fr\/advocnar_backup\/wp-content\/uploads\/2017\/09\/PPA-couverture-211x300.png 211w\" sizes=\"(max-width: 304px) 100vw, 304px\" \/><\/a><\/p>\n","protected":false},"excerpt":{"rendered":"<p>Le Plan de Protection de l&rsquo;Atmosph\u00e8re de la R\u00e9gion Ile-de-France (PPA-IDF) est soumis \u00e0 enqu\u00eate publique du lundi 18 septembre 2017 au mercredi 15 novembre 2017 inclus. En effet, \u00e0 la demande de l&rsquo;ADVOCNAR et de plusieurs associations, l&rsquo;enqu\u00eate publique a \u00e9t\u00e9 prolong\u00e9e de 15 jours afin de vous laisser plus de temps pour vous [&hellip;]<\/p>\n","protected":false},"author":10,"featured_media":74033,"comment_status":"closed","ping_status":"open","sticky":false,"template":"","format":"standard","meta":{"footnotes":""},"categories":[46],"tags":[],"yoast_head":"<!-- This site is optimized with the Yoast SEO plugin v22.0 - https:\/\/yoast.com\/wordpress\/plugins\/seo\/ -->\n<title>Plan de Protection de l&#039;Atmosph\u00e8re Ile-de-France: enqu\u00eate publique - Advocnar<\/title>\n<meta name=\"robots\" content=\"index, follow, max-snippet:-1, max-image-preview:large, max-video-preview:-1\" \/>\n<link rel=\"canonical\" href=\"https:\/\/www.clients.horus-informatique71.fr\/advocnar_backup\/2017\/10\/plan-de-protection-de-latmosphere-ile-de-france-enquete-publique\/\" \/>\n<meta property=\"og:locale\" content=\"fr_FR\" \/>\n<meta property=\"og:type\" content=\"article\" \/>\n<meta property=\"og:title\" content=\"Plan de Protection de l&#039;Atmosph\u00e8re Ile-de-France: enqu\u00eate publique - Advocnar\" \/>\n<meta property=\"og:description\" content=\"Le Plan de Protection de l&rsquo;Atmosph\u00e8re de la R\u00e9gion Ile-de-France (PPA-IDF) est soumis \u00e0 enqu\u00eate publique du lundi 18 septembre 2017 au mercredi 15 novembre 2017 inclus. En effet, \u00e0 la demande de l&rsquo;ADVOCNAR et de plusieurs associations, l&rsquo;enqu\u00eate publique a \u00e9t\u00e9 prolong\u00e9e de 15 jours afin de vous laisser plus de temps pour vous [&hellip;]\" \/>\n<meta property=\"og:url\" content=\"https:\/\/www.clients.horus-informatique71.fr\/advocnar_backup\/2017\/10\/plan-de-protection-de-latmosphere-ile-de-france-enquete-publique\/\" \/>\n<meta property=\"og:site_name\" content=\"Advocnar\" \/>\n<meta property=\"article:published_time\" content=\"2017-10-18T06:06:31+00:00\" \/>\n<meta property=\"article:modified_time\" content=\"2017-10-18T06:33:30+00:00\" \/>\n<meta property=\"og:image\" content=\"https:\/\/www.clients.horus-informatique71.fr\/advocnar_backup\/wp-content\/uploads\/2017\/09\/PPA-couverture-2.png\" \/>\n\t<meta property=\"og:image:width\" content=\"470\" \/>\n\t<meta property=\"og:image:height\" content=\"353\" \/>\n\t<meta property=\"og:image:type\" content=\"image\/png\" \/>\n<meta name=\"author\" content=\"FBrochot\" \/>\n<meta name=\"twitter:card\" content=\"summary_large_image\" \/>\n<meta name=\"twitter:label1\" content=\"\u00c9crit par\" \/>\n\t<meta name=\"twitter:data1\" content=\"FBrochot\" \/>\n\t<meta name=\"twitter:label2\" content=\"Dur\u00e9e de lecture estim\u00e9e\" \/>\n\t<meta name=\"twitter:data2\" content=\"1 minute\" \/>\n<script type=\"application\/ld+json\" class=\"yoast-schema-graph\">{\"@context\":\"https:\/\/schema.org\",\"@graph\":[{\"@type\":\"WebPage\",\"@id\":\"https:\/\/www.clients.horus-informatique71.fr\/advocnar_backup\/2017\/10\/plan-de-protection-de-latmosphere-ile-de-france-enquete-publique\/\",\"url\":\"https:\/\/www.clients.horus-informatique71.fr\/advocnar_backup\/2017\/10\/plan-de-protection-de-latmosphere-ile-de-france-enquete-publique\/\",\"name\":\"Plan de Protection de l'Atmosph\u00e8re Ile-de-France: enqu\u00eate publique - Advocnar\",\"isPartOf\":{\"@id\":\"https:\/\/www.clients.horus-informatique71.fr\/advocnar_backup\/#website\"},\"datePublished\":\"2017-10-18T06:06:31+00:00\",\"dateModified\":\"2017-10-18T06:33:30+00:00\",\"author\":{\"@id\":\"https:\/\/www.clients.horus-informatique71.fr\/advocnar_backup\/#\/schema\/person\/28ec283f897fb44e1146415d8015d23e\"},\"breadcrumb\":{\"@id\":\"https:\/\/www.clients.horus-informatique71.fr\/advocnar_backup\/2017\/10\/plan-de-protection-de-latmosphere-ile-de-france-enquete-publique\/#breadcrumb\"},\"inLanguage\":\"fr-FR\",\"potentialAction\":[{\"@type\":\"ReadAction\",\"target\":[\"https:\/\/www.clients.horus-informatique71.fr\/advocnar_backup\/2017\/10\/plan-de-protection-de-latmosphere-ile-de-france-enquete-publique\/\"]}]},{\"@type\":\"BreadcrumbList\",\"@id\":\"https:\/\/www.clients.horus-informatique71.fr\/advocnar_backup\/2017\/10\/plan-de-protection-de-latmosphere-ile-de-france-enquete-publique\/#breadcrumb\",\"itemListElement\":[{\"@type\":\"ListItem\",\"position\":1,\"name\":\"Accueil\",\"item\":\"https:\/\/www.clients.horus-informatique71.fr\/advocnar_backup\/\"},{\"@type\":\"ListItem\",\"position\":2,\"name\":\"Plan de Protection de l&#8217;Atmosph\u00e8re Ile-de-France: enqu\u00eate publique\"}]},{\"@type\":\"WebSite\",\"@id\":\"https:\/\/www.clients.horus-informatique71.fr\/advocnar_backup\/#website\",\"url\":\"https:\/\/www.clients.horus-informatique71.fr\/advocnar_backup\/\",\"name\":\"Advocnar\",\"description\":\"Association de D\u00e9fense Contre les Nuisances A\u00e9riennes\",\"potentialAction\":[{\"@type\":\"SearchAction\",\"target\":{\"@type\":\"EntryPoint\",\"urlTemplate\":\"https:\/\/www.clients.horus-informatique71.fr\/advocnar_backup\/?s={search_term_string}\"},\"query-input\":\"required name=search_term_string\"}],\"inLanguage\":\"fr-FR\"},{\"@type\":\"Person\",\"@id\":\"https:\/\/www.clients.horus-informatique71.fr\/advocnar_backup\/#\/schema\/person\/28ec283f897fb44e1146415d8015d23e\",\"name\":\"FBrochot\",\"url\":\"https:\/\/www.clients.horus-informatique71.fr\/advocnar_backup\/author\/fbrochot\/\"}]}<\/script>\n<!-- \/ Yoast SEO plugin. -->","yoast_head_json":{"title":"Plan de Protection de l'Atmosph\u00e8re Ile-de-France: enqu\u00eate publique - Advocnar","robots":{"index":"index","follow":"follow","max-snippet":"max-snippet:-1","max-image-preview":"max-image-preview:large","max-video-preview":"max-video-preview:-1"},"canonical":"https:\/\/www.clients.horus-informatique71.fr\/advocnar_backup\/2017\/10\/plan-de-protection-de-latmosphere-ile-de-france-enquete-publique\/","og_locale":"fr_FR","og_type":"article","og_title":"Plan de Protection de l'Atmosph\u00e8re Ile-de-France: enqu\u00eate publique - Advocnar","og_description":"Le Plan de Protection de l&rsquo;Atmosph\u00e8re de la R\u00e9gion Ile-de-France (PPA-IDF) est soumis \u00e0 enqu\u00eate publique du lundi 18 septembre 2017 au mercredi 15 novembre 2017 inclus. En effet, \u00e0 la demande de l&rsquo;ADVOCNAR et de plusieurs associations, l&rsquo;enqu\u00eate publique a \u00e9t\u00e9 prolong\u00e9e de 15 jours afin de vous laisser plus de temps pour vous [&hellip;]","og_url":"https:\/\/www.clients.horus-informatique71.fr\/advocnar_backup\/2017\/10\/plan-de-protection-de-latmosphere-ile-de-france-enquete-publique\/","og_site_name":"Advocnar","article_published_time":"2017-10-18T06:06:31+00:00","article_modified_time":"2017-10-18T06:33:30+00:00","og_image":[{"width":470,"height":353,"url":"https:\/\/www.clients.horus-informatique71.fr\/advocnar_backup\/wp-content\/uploads\/2017\/09\/PPA-couverture-2.png","type":"image\/png"}],"author":"FBrochot","twitter_card":"summary_large_image","twitter_misc":{"\u00c9crit par":"FBrochot","Dur\u00e9e de lecture estim\u00e9e":"1 minute"},"schema":{"@context":"https:\/\/schema.org","@graph":[{"@type":"WebPage","@id":"https:\/\/www.clients.horus-informatique71.fr\/advocnar_backup\/2017\/10\/plan-de-protection-de-latmosphere-ile-de-france-enquete-publique\/","url":"https:\/\/www.clients.horus-informatique71.fr\/advocnar_backup\/2017\/10\/plan-de-protection-de-latmosphere-ile-de-france-enquete-publique\/","name":"Plan de Protection de l'Atmosph\u00e8re Ile-de-France: enqu\u00eate publique - Advocnar","isPartOf":{"@id":"https:\/\/www.clients.horus-informatique71.fr\/advocnar_backup\/#website"},"datePublished":"2017-10-18T06:06:31+00:00","dateModified":"2017-10-18T06:33:30+00:00","author":{"@id":"https:\/\/www.clients.horus-informatique71.fr\/advocnar_backup\/#\/schema\/person\/28ec283f897fb44e1146415d8015d23e"},"breadcrumb":{"@id":"https:\/\/www.clients.horus-informatique71.fr\/advocnar_backup\/2017\/10\/plan-de-protection-de-latmosphere-ile-de-france-enquete-publique\/#breadcrumb"},"inLanguage":"fr-FR","potentialAction":[{"@type":"ReadAction","target":["https:\/\/www.clients.horus-informatique71.fr\/advocnar_backup\/2017\/10\/plan-de-protection-de-latmosphere-ile-de-france-enquete-publique\/"]}]},{"@type":"BreadcrumbList","@id":"https:\/\/www.clients.horus-informatique71.fr\/advocnar_backup\/2017\/10\/plan-de-protection-de-latmosphere-ile-de-france-enquete-publique\/#breadcrumb","itemListElement":[{"@type":"ListItem","position":1,"name":"Accueil","item":"https:\/\/www.clients.horus-informatique71.fr\/advocnar_backup\/"},{"@type":"ListItem","position":2,"name":"Plan de Protection de l&#8217;Atmosph\u00e8re Ile-de-France: enqu\u00eate publique"}]},{"@type":"WebSite","@id":"https:\/\/www.clients.horus-informatique71.fr\/advocnar_backup\/#website","url":"https:\/\/www.clients.horus-informatique71.fr\/advocnar_backup\/","name":"Advocnar","description":"Association de D\u00e9fense Contre les Nuisances A\u00e9riennes","potentialAction":[{"@type":"SearchAction","target":{"@type":"EntryPoint","urlTemplate":"https:\/\/www.clients.horus-informatique71.fr\/advocnar_backup\/?s={search_term_string}"},"query-input":"required name=search_term_string"}],"inLanguage":"fr-FR"},{"@type":"Person","@id":"https:\/\/www.clients.horus-informatique71.fr\/advocnar_backup\/#\/schema\/person\/28ec283f897fb44e1146415d8015d23e","name":"FBrochot","url":"https:\/\/www.clients.horus-informatique71.fr\/advocnar_backup\/author\/fbrochot\/"}]}},"_links":{"self":[{"href":"https:\/\/www.clients.horus-informatique71.fr\/advocnar_backup\/wp-json\/wp\/v2\/posts\/74034"}],"collection":[{"href":"https:\/\/www.clients.horus-informatique71.fr\/advocnar_backup\/wp-json\/wp\/v2\/posts"}],"about":[{"href":"https:\/\/www.clients.horus-informatique71.fr\/advocnar_backup\/wp-json\/wp\/v2\/types\/post"}],"author":[{"embeddable":true,"href":"https:\/\/www.clients.horus-informatique71.fr\/advocnar_backup\/wp-json\/wp\/v2\/users\/10"}],"replies":[{"embeddable":true,"href":"https:\/\/www.clients.horus-informatique71.fr\/advocnar_backup\/wp-json\/wp\/v2\/comments?post=74034"}],"version-history":[{"count":17,"href":"https:\/\/www.clients.horus-informatique71.fr\/advocnar_backup\/wp-json\/wp\/v2\/posts\/74034\/revisions"}],"predecessor-version":[{"id":74068,"href":"https:\/\/www.clients.horus-informatique71.fr\/advocnar_backup\/wp-json\/wp\/v2\/posts\/74034\/revisions\/74068"}],"wp:featuredmedia":[{"embeddable":true,"href":"https:\/\/www.clients.horus-informatique71.fr\/advocnar_backup\/wp-json\/wp\/v2\/media\/74033"}],"wp:attachment":[{"href":"https:\/\/www.clients.horus-informatique71.fr\/advocnar_backup\/wp-json\/wp\/v2\/media?parent=74034"}],"wp:term":[{"taxonomy":"category","embeddable":true,"href":"https:\/\/www.clients.horus-informatique71.fr\/advocnar_backup\/wp-json\/wp\/v2\/categories?post=74034"},{"taxonomy":"post_tag","embeddable":true,"href":"https:\/\/www.clients.horus-informatique71.fr\/advocnar_backup\/wp-json\/wp\/v2\/tags?post=74034"}],"curies":[{"name":"wp","href":"https:\/\/api.w.org\/{rel}","templated":true}]}}