{"id":74082,"date":"2017-11-09T14:56:52","date_gmt":"2017-11-09T13:56:52","guid":{"rendered":"https:\/\/www.clients.horus-informatique71.fr\/advocnar_backup\/?p=74082"},"modified":"2017-11-15T21:05:53","modified_gmt":"2017-11-15T20:05:53","slug":"enquete-publique-plan-protection-atmosphere-idf-donnez-avis","status":"publish","type":"post","link":"https:\/\/www.clients.horus-informatique71.fr\/advocnar_backup\/2017\/11\/enquete-publique-plan-protection-atmosphere-idf-donnez-avis\/","title":{"rendered":"Enqu\u00eate publique sur le Plan de Protection de l&rsquo;atmosph\u00e8re Ile-de-France: donnez votre avis"},"content":{"rendered":"<h4>Le Plan de Protection de l\u2019Atmosph\u00e8re de la R\u00e9gion Ile-de-France (PPA-IDF) est soumis \u00e0 enqu\u00eate publique du lundi 18 septembre 2017 au mercredi 15 novembre 2017 inclus.<\/h4>\n<p>Ce plan a pour objectif de r\u00e9duire la pollution atmosph\u00e9rique en Ile-de-France afin de repasser en-dessous des valeurs limites fix\u00e9es par l\u2019UE, actuellement d\u00e9pass\u00e9es r\u00e9guli\u00e8rement au d\u00e9triment de notre sant\u00e9.<\/p>\n<p>Ce plan est tr\u00e8s en de\u00e7a des espoirs des Franciliens et des exigences europ\u00e9ennes. Concernant la pollution due au transport a\u00e9rien en Ile-de-France, les mesures propos\u00e9es dans le PPA-IDF sont insignifiantes, concernent uniquement une partie des \u00e9missions polluantes des avions au sol, et n\u2019emp\u00eacheront pas les \u00e9missions chimiques de ce secteur de cro\u00eetre.<\/p>\n<h4>L\u2019ADVOCNAR \u00e9met en cons\u00e9quence un avis d\u00e9favorable:<\/h4>\n<p><a href=\"https:\/\/www.clients.horus-informatique71.fr\/advocnar_backup\/wp-content\/uploads\/2017\/11\/2017-11-14-Avis-ADVOCNAR-sur-PPA-IDF-2017.pdf\">Avis d\u00e9taill\u00e9 de l&rsquo;ADVOCNAR sur le projet de PPA-IDF 2017<\/a><\/p>\n<h4 style=\"text-align: center;\">IL EST IMPORTANT DE DONNER VOTRE AVIS AVANT LE 15 NOVEMBRE\u00a0!<\/h4>\n<p>Pour vous y aider, nous vous proposons un <a href=\"https:\/\/www.clients.horus-informatique71.fr\/advocnar_backup\/wp-content\/uploads\/2017\/11\/AVIS-PPA-IDF-2017-version-courte.doc\">support d&rsquo;avis concernant le volet transport a\u00e9rien<\/a>.<\/p>\n<p>Pour un avis plus large sur l\u2019ensemble du projet de PPA-IDF, nous vous conseillons de vous r\u00e9f\u00e9rer \u00e0 <a href=\"https:\/\/www.clients.horus-informatique71.fr\/advocnar_backup\/wp-content\/uploads\/2017\/11\/Avis-de-FNE-Ile-de-France-sur-le-PPA.pdf\">l\u2019avis de FNE-IDF<\/a> dont l\u2019ADVOCNAR est membre.<\/p>\n<h4 style=\"text-align: center;\">POUR LAISSER UN AVIS\u00a0:<\/h4>\n<ul>\n<li>Les contributions peuvent \u00eatre d\u00e9pos\u00e9es sur le registre d\u00e9mat\u00e9rialis\u00e9:<\/li>\n<\/ul>\n<p><a href=\"https:\/\/www.enquetes-publiques.com\/Enquetes2?RDEPOT=EP17080\">https:\/\/www.enquetes-publiques.com\/Enquetes2?RDEPOT=EP17080<\/a><\/p>\n<ul>\n<li>Ou par courrier adress\u00e9 \u00e0:<\/li>\n<\/ul>\n<p>Madame DENIS DINTILHAC<br \/>\nPr\u00e9sidente de la Commission d\u2019Enqu\u00eate PPA-IDF<br \/>\nUDEA &#8211; Service utilit\u00e9 publique et \u00e9quilibres territoriaux &#8211; P\u00f4le urbanisme d\u2019utilit\u00e9 publique<br \/>\n5 rue Leblanc<br \/>\n75911 PARIS CEDEX 15<\/p>\n<p>Plus d\u2019informations sur le PPA-IDF et le volet transport a\u00e9rien:<\/p>\n<p><a href=\"https:\/\/www.advocnar.fr2017\/10\/plan-de-protection-de-latmosphere-ile-de-france-enquete-publique\/\">https:\/\/www.advocnar.fr2017\/10\/plan-de-protection-de-latmosphere-ile-de-france-enquete-publique\/<\/a><\/p>\n<h4 style=\"text-align: center;\">UN GRAND MERCI PAR AVANCE POUR VOTRE CONTRIBUTION<\/h4>\n<h5 style=\"text-align: center;\"><em>\u00ab\u00a0Chacun a le droit de vivre dans un environnement \u00e9quilibr\u00e9 et respectueux de la sant\u00e9\u00a0\u00bb<\/em><\/h5>\n<p style=\"text-align: center;\">(article premier de la charte de l\u2019Environnement adoss\u00e9e \u00e0 la Constitution)<\/p>\n","protected":false},"excerpt":{"rendered":"<p>Le Plan de Protection de l\u2019Atmosph\u00e8re de la R\u00e9gion Ile-de-France (PPA-IDF) est soumis \u00e0 enqu\u00eate publique du lundi 18 septembre 2017 au mercredi 15 novembre 2017 inclus. Ce plan a pour objectif de r\u00e9duire la pollution atmosph\u00e9rique en Ile-de-France afin de repasser en-dessous des valeurs limites fix\u00e9es par l\u2019UE, actuellement d\u00e9pass\u00e9es r\u00e9guli\u00e8rement au d\u00e9triment de [&hellip;]<\/p>\n","protected":false},"author":10,"featured_media":74078,"comment_status":"closed","ping_status":"open","sticky":false,"template":"","format":"standard","meta":{"footnotes":""},"categories":[46],"tags":[],"yoast_head":"<!-- This site is optimized with the Yoast SEO plugin v22.0 - https:\/\/yoast.com\/wordpress\/plugins\/seo\/ -->\n<title>Enqu\u00eate publique sur le Plan de Protection de l&#039;atmosph\u00e8re Ile-de-France: donnez votre avis - Advocnar<\/title>\n<meta name=\"robots\" content=\"index, follow, max-snippet:-1, max-image-preview:large, max-video-preview:-1\" \/>\n<link rel=\"canonical\" href=\"https:\/\/www.clients.horus-informatique71.fr\/advocnar_backup\/2017\/11\/enquete-publique-plan-protection-atmosphere-idf-donnez-avis\/\" \/>\n<meta property=\"og:locale\" content=\"fr_FR\" \/>\n<meta property=\"og:type\" content=\"article\" \/>\n<meta property=\"og:title\" content=\"Enqu\u00eate publique sur le Plan de Protection de l&#039;atmosph\u00e8re Ile-de-France: donnez votre avis - Advocnar\" \/>\n<meta property=\"og:description\" content=\"Le Plan de Protection de l\u2019Atmosph\u00e8re de la R\u00e9gion Ile-de-France (PPA-IDF) est soumis \u00e0 enqu\u00eate publique du lundi 18 septembre 2017 au mercredi 15 novembre 2017 inclus. Ce plan a pour objectif de r\u00e9duire la pollution atmosph\u00e9rique en Ile-de-France afin de repasser en-dessous des valeurs limites fix\u00e9es par l\u2019UE, actuellement d\u00e9pass\u00e9es r\u00e9guli\u00e8rement au d\u00e9triment de [&hellip;]\" \/>\n<meta property=\"og:url\" content=\"https:\/\/www.clients.horus-informatique71.fr\/advocnar_backup\/2017\/11\/enquete-publique-plan-protection-atmosphere-idf-donnez-avis\/\" \/>\n<meta property=\"og:site_name\" content=\"Advocnar\" \/>\n<meta property=\"article:published_time\" content=\"2017-11-09T13:56:52+00:00\" \/>\n<meta property=\"article:modified_time\" content=\"2017-11-15T20:05:53+00:00\" \/>\n<meta property=\"og:image\" content=\"https:\/\/www.clients.horus-informatique71.fr\/advocnar_backup\/wp-content\/uploads\/2017\/11\/PPA-visuel-avis.png\" \/>\n\t<meta property=\"og:image:width\" content=\"579\" \/>\n\t<meta property=\"og:image:height\" content=\"436\" \/>\n\t<meta property=\"og:image:type\" content=\"image\/png\" \/>\n<meta name=\"author\" content=\"FBrochot\" \/>\n<meta name=\"twitter:card\" content=\"summary_large_image\" \/>\n<meta name=\"twitter:label1\" content=\"\u00c9crit par\" \/>\n\t<meta name=\"twitter:data1\" content=\"FBrochot\" \/>\n\t<meta name=\"twitter:label2\" content=\"Dur\u00e9e de lecture estim\u00e9e\" \/>\n\t<meta name=\"twitter:data2\" content=\"2 minutes\" \/>\n<script type=\"application\/ld+json\" class=\"yoast-schema-graph\">{\"@context\":\"https:\/\/schema.org\",\"@graph\":[{\"@type\":\"WebPage\",\"@id\":\"https:\/\/www.clients.horus-informatique71.fr\/advocnar_backup\/2017\/11\/enquete-publique-plan-protection-atmosphere-idf-donnez-avis\/\",\"url\":\"https:\/\/www.clients.horus-informatique71.fr\/advocnar_backup\/2017\/11\/enquete-publique-plan-protection-atmosphere-idf-donnez-avis\/\",\"name\":\"Enqu\u00eate publique sur le Plan de Protection de l'atmosph\u00e8re Ile-de-France: donnez votre avis - Advocnar\",\"isPartOf\":{\"@id\":\"https:\/\/www.clients.horus-informatique71.fr\/advocnar_backup\/#website\"},\"datePublished\":\"2017-11-09T13:56:52+00:00\",\"dateModified\":\"2017-11-15T20:05:53+00:00\",\"author\":{\"@id\":\"https:\/\/www.clients.horus-informatique71.fr\/advocnar_backup\/#\/schema\/person\/28ec283f897fb44e1146415d8015d23e\"},\"breadcrumb\":{\"@id\":\"https:\/\/www.clients.horus-informatique71.fr\/advocnar_backup\/2017\/11\/enquete-publique-plan-protection-atmosphere-idf-donnez-avis\/#breadcrumb\"},\"inLanguage\":\"fr-FR\",\"potentialAction\":[{\"@type\":\"ReadAction\",\"target\":[\"https:\/\/www.clients.horus-informatique71.fr\/advocnar_backup\/2017\/11\/enquete-publique-plan-protection-atmosphere-idf-donnez-avis\/\"]}]},{\"@type\":\"BreadcrumbList\",\"@id\":\"https:\/\/www.clients.horus-informatique71.fr\/advocnar_backup\/2017\/11\/enquete-publique-plan-protection-atmosphere-idf-donnez-avis\/#breadcrumb\",\"itemListElement\":[{\"@type\":\"ListItem\",\"position\":1,\"name\":\"Accueil\",\"item\":\"https:\/\/www.clients.horus-informatique71.fr\/advocnar_backup\/\"},{\"@type\":\"ListItem\",\"position\":2,\"name\":\"Enqu\u00eate publique sur le Plan de Protection de l&#8217;atmosph\u00e8re Ile-de-France: donnez votre avis\"}]},{\"@type\":\"WebSite\",\"@id\":\"https:\/\/www.clients.horus-informatique71.fr\/advocnar_backup\/#website\",\"url\":\"https:\/\/www.clients.horus-informatique71.fr\/advocnar_backup\/\",\"name\":\"Advocnar\",\"description\":\"Association de D\u00e9fense Contre les Nuisances A\u00e9riennes\",\"potentialAction\":[{\"@type\":\"SearchAction\",\"target\":{\"@type\":\"EntryPoint\",\"urlTemplate\":\"https:\/\/www.clients.horus-informatique71.fr\/advocnar_backup\/?s={search_term_string}\"},\"query-input\":\"required name=search_term_string\"}],\"inLanguage\":\"fr-FR\"},{\"@type\":\"Person\",\"@id\":\"https:\/\/www.clients.horus-informatique71.fr\/advocnar_backup\/#\/schema\/person\/28ec283f897fb44e1146415d8015d23e\",\"name\":\"FBrochot\",\"url\":\"https:\/\/www.clients.horus-informatique71.fr\/advocnar_backup\/author\/fbrochot\/\"}]}<\/script>\n<!-- \/ Yoast SEO plugin. -->","yoast_head_json":{"title":"Enqu\u00eate publique sur le Plan de Protection de l'atmosph\u00e8re Ile-de-France: donnez votre avis - Advocnar","robots":{"index":"index","follow":"follow","max-snippet":"max-snippet:-1","max-image-preview":"max-image-preview:large","max-video-preview":"max-video-preview:-1"},"canonical":"https:\/\/www.clients.horus-informatique71.fr\/advocnar_backup\/2017\/11\/enquete-publique-plan-protection-atmosphere-idf-donnez-avis\/","og_locale":"fr_FR","og_type":"article","og_title":"Enqu\u00eate publique sur le Plan de Protection de l'atmosph\u00e8re Ile-de-France: donnez votre avis - Advocnar","og_description":"Le Plan de Protection de l\u2019Atmosph\u00e8re de la R\u00e9gion Ile-de-France (PPA-IDF) est soumis \u00e0 enqu\u00eate publique du lundi 18 septembre 2017 au mercredi 15 novembre 2017 inclus. Ce plan a pour objectif de r\u00e9duire la pollution atmosph\u00e9rique en Ile-de-France afin de repasser en-dessous des valeurs limites fix\u00e9es par l\u2019UE, actuellement d\u00e9pass\u00e9es r\u00e9guli\u00e8rement au d\u00e9triment de [&hellip;]","og_url":"https:\/\/www.clients.horus-informatique71.fr\/advocnar_backup\/2017\/11\/enquete-publique-plan-protection-atmosphere-idf-donnez-avis\/","og_site_name":"Advocnar","article_published_time":"2017-11-09T13:56:52+00:00","article_modified_time":"2017-11-15T20:05:53+00:00","og_image":[{"width":579,"height":436,"url":"https:\/\/www.clients.horus-informatique71.fr\/advocnar_backup\/wp-content\/uploads\/2017\/11\/PPA-visuel-avis.png","type":"image\/png"}],"author":"FBrochot","twitter_card":"summary_large_image","twitter_misc":{"\u00c9crit par":"FBrochot","Dur\u00e9e de lecture estim\u00e9e":"2 minutes"},"schema":{"@context":"https:\/\/schema.org","@graph":[{"@type":"WebPage","@id":"https:\/\/www.clients.horus-informatique71.fr\/advocnar_backup\/2017\/11\/enquete-publique-plan-protection-atmosphere-idf-donnez-avis\/","url":"https:\/\/www.clients.horus-informatique71.fr\/advocnar_backup\/2017\/11\/enquete-publique-plan-protection-atmosphere-idf-donnez-avis\/","name":"Enqu\u00eate publique sur le Plan de Protection de l'atmosph\u00e8re Ile-de-France: donnez votre avis - Advocnar","isPartOf":{"@id":"https:\/\/www.clients.horus-informatique71.fr\/advocnar_backup\/#website"},"datePublished":"2017-11-09T13:56:52+00:00","dateModified":"2017-11-15T20:05:53+00:00","author":{"@id":"https:\/\/www.clients.horus-informatique71.fr\/advocnar_backup\/#\/schema\/person\/28ec283f897fb44e1146415d8015d23e"},"breadcrumb":{"@id":"https:\/\/www.clients.horus-informatique71.fr\/advocnar_backup\/2017\/11\/enquete-publique-plan-protection-atmosphere-idf-donnez-avis\/#breadcrumb"},"inLanguage":"fr-FR","potentialAction":[{"@type":"ReadAction","target":["https:\/\/www.clients.horus-informatique71.fr\/advocnar_backup\/2017\/11\/enquete-publique-plan-protection-atmosphere-idf-donnez-avis\/"]}]},{"@type":"BreadcrumbList","@id":"https:\/\/www.clients.horus-informatique71.fr\/advocnar_backup\/2017\/11\/enquete-publique-plan-protection-atmosphere-idf-donnez-avis\/#breadcrumb","itemListElement":[{"@type":"ListItem","position":1,"name":"Accueil","item":"https:\/\/www.clients.horus-informatique71.fr\/advocnar_backup\/"},{"@type":"ListItem","position":2,"name":"Enqu\u00eate publique sur le Plan de Protection de l&#8217;atmosph\u00e8re Ile-de-France: donnez votre avis"}]},{"@type":"WebSite","@id":"https:\/\/www.clients.horus-informatique71.fr\/advocnar_backup\/#website","url":"https:\/\/www.clients.horus-informatique71.fr\/advocnar_backup\/","name":"Advocnar","description":"Association de D\u00e9fense Contre les Nuisances A\u00e9riennes","potentialAction":[{"@type":"SearchAction","target":{"@type":"EntryPoint","urlTemplate":"https:\/\/www.clients.horus-informatique71.fr\/advocnar_backup\/?s={search_term_string}"},"query-input":"required name=search_term_string"}],"inLanguage":"fr-FR"},{"@type":"Person","@id":"https:\/\/www.clients.horus-informatique71.fr\/advocnar_backup\/#\/schema\/person\/28ec283f897fb44e1146415d8015d23e","name":"FBrochot","url":"https:\/\/www.clients.horus-informatique71.fr\/advocnar_backup\/author\/fbrochot\/"}]}},"_links":{"self":[{"href":"https:\/\/www.clients.horus-informatique71.fr\/advocnar_backup\/wp-json\/wp\/v2\/posts\/74082"}],"collection":[{"href":"https:\/\/www.clients.horus-informatique71.fr\/advocnar_backup\/wp-json\/wp\/v2\/posts"}],"about":[{"href":"https:\/\/www.clients.horus-informatique71.fr\/advocnar_backup\/wp-json\/wp\/v2\/types\/post"}],"author":[{"embeddable":true,"href":"https:\/\/www.clients.horus-informatique71.fr\/advocnar_backup\/wp-json\/wp\/v2\/users\/10"}],"replies":[{"embeddable":true,"href":"https:\/\/www.clients.horus-informatique71.fr\/advocnar_backup\/wp-json\/wp\/v2\/comments?post=74082"}],"version-history":[{"count":20,"href":"https:\/\/www.clients.horus-informatique71.fr\/advocnar_backup\/wp-json\/wp\/v2\/posts\/74082\/revisions"}],"predecessor-version":[{"id":74103,"href":"https:\/\/www.clients.horus-informatique71.fr\/advocnar_backup\/wp-json\/wp\/v2\/posts\/74082\/revisions\/74103"}],"wp:featuredmedia":[{"embeddable":true,"href":"https:\/\/www.clients.horus-informatique71.fr\/advocnar_backup\/wp-json\/wp\/v2\/media\/74078"}],"wp:attachment":[{"href":"https:\/\/www.clients.horus-informatique71.fr\/advocnar_backup\/wp-json\/wp\/v2\/media?parent=74082"}],"wp:term":[{"taxonomy":"category","embeddable":true,"href":"https:\/\/www.clients.horus-informatique71.fr\/advocnar_backup\/wp-json\/wp\/v2\/categories?post=74082"},{"taxonomy":"post_tag","embeddable":true,"href":"https:\/\/www.clients.horus-informatique71.fr\/advocnar_backup\/wp-json\/wp\/v2\/tags?post=74082"}],"curies":[{"name":"wp","href":"https:\/\/api.w.org\/{rel}","templated":true}]}}