{"id":74122,"date":"2017-11-20T15:10:07","date_gmt":"2017-11-20T14:10:07","guid":{"rendered":"https:\/\/www.clients.horus-informatique71.fr\/advocnar_backup\/?p=74122"},"modified":"2021-04-07T08:09:44","modified_gmt":"2021-04-07T06:09:44","slug":"nuisances-aeriennes-17-villes-sassocient-combat-juridique-associations","status":"publish","type":"post","link":"https:\/\/www.clients.horus-informatique71.fr\/advocnar_backup\/2017\/11\/nuisances-aeriennes-17-villes-sassocient-combat-juridique-associations\/","title":{"rendered":"Nuisances a\u00e9riennes : 17 villes s\u2019associent au combat juridique des associations"},"content":{"rendered":"<h4>20.11.2017 &#8211; Le Parisien<\/h4>\n<p><em>L\u2019action intent\u00e9e par les 17 communes renforce le poids symbolique du<a href=\"https:\/\/www.advocnar.fr2017\/05\/bruit-aerien-associations-collectivites-saisissent-conseil-detat\/\"> recours du collectif d\u2019associations<\/a>.<\/em><\/p>\n<h5>Dix-sept communes d\u2019Ile-de-France se joignent au recours devant le Conseil d\u2019Etat d\u00e9pos\u00e9 par un collectif d\u2019associations.<\/h5>\n<p>Le front de lutte contre les nuisances a\u00e9riennes en Ile-de-France se renforce un peu plus. Le collectif d\u2019associations qui a d\u00e9pos\u00e9 un recours devant le Conseil d\u2019Etat pour demander l\u2019application d\u2019un r\u00e8glement europ\u00e9en en mati\u00e8re de protection sonore autour des a\u00e9roports annonce avoir ralli\u00e9 17 communes franciliennes \u00e0 cette action. Ces derni\u00e8res ont d\u00e9pos\u00e9 des recours en intervention volontaire, ce qui signifie qu\u2019elles rejoignent l\u2019action en justice entreprise en avril par l\u2019Association de d\u00e9fense du Val-d\u2019Oise contre les nuisances a\u00e9riennes (Advocnar) et le collectif Alerte nuisances a\u00e9rienne (ANA).<\/p>\n<p>\u00ab Nous avons multipli\u00e9 les contacts avec les \u00e9lus pour obtenir leur soutien, indique Luc Offenstein, pr\u00e9sident de l\u2019ANA. On travaille avec eux depuis longtemps. \u00bb. Si cela ne change pas la nature de la proc\u00e9dure, ce geste renforce le poids symbolique de cette d\u00e9marche. \u00ab \u00c7a d\u00e9montre l\u2019insuffisance des mesures actuellement en place \u00bb, souligne Louis Cofflard, l\u2019avocat des associations.<\/p>\n<p>G\u00e9rard Bouthier, pr\u00e9sident de l\u2019Association vigilance environnement du Val de l\u2019Yerres, Luc Offenstein, pr\u00e9sident du collectif Alerte nuisances a\u00e9riennes, et Louis Cofflard (de gauche \u00e0 droite), leur avocat, lors du d\u00e9p\u00f4t du recours devant le Conseil d\u2019Etat. LP\/T.C.<\/p>\n<p>En avril, ce dernier a saisi le Conseil d\u2019Etat pour demander l\u2019application de la directive europ\u00e9enne n\u00b0 2002\/49\/CE. Celle-ci pr\u00e9voit de mettre en place des plans de pr\u00e9vention du bruit dans l\u2019environnement (PPBE) pour limiter l\u2019impact du trafic a\u00e9rien sur les populations. Or, les associations font valoir que les PPBE de Roissy et Orly sont insuffisants et ne correspondent pas aux termes de la directive. Quant \u00e0 celui du Bourget, il n\u2019a jamais \u00e9t\u00e9 mis en place.<\/p>\n<p>En se joignant \u00e0 cette action, les communes participent aussi aux frais de justice, selon un bar\u00e8me \u00e9tabli en fonction de la taille des collectivit\u00e9s, qui va de 250 \u20ac \u00e0 1 000 \u20ac. Le collectif d\u2019associations esp\u00e8re que d\u2019autres municipalit\u00e9s accepteront de rejoindre ce combat. Il compte prochainement d\u00e9marcher les intercommunalit\u00e9s.<\/p>\n<p>\u00abOn a espoir que cela am\u00e9liore les choses\u00bb<\/p>\n<p>FREDERIC BOURDIN, maire de Domont (95)<\/p>\n<p>Le collectif d\u2019associations qui a d\u00e9pos\u00e9 un recours au Conseil d\u2019Etat au sujet des nuisances a\u00e9riennes pouvait d\u00e9j\u00e0 compter sur le soutien de deux communes val-d\u2019oisiennes : Saint-Prix et Gonesse. D\u00e9sormais 17 communes franciliennes soutiennent cette action dont Cormeilles-en-Parisis, Domont, Eaubonne, la Frette-sur-Seine et le Plessis-Bouchard.<\/p>\n<p>\u00ab Nous avons toujours soutenu l\u2019Advocnar [Association de d\u00e9fense du Val-d\u2019Oise contre les nuisances a\u00e9riennes], souligne Maurice Chevigny (SE), maire de la Frette-sur-Seine. \u00bb Il esp\u00e8re que la mise en place d\u2019un meilleur plan de pr\u00e9vention du bruit dans l\u2019environnement (PPBE) conforme au r\u00e8glement europ\u00e9en entra\u00eenera l\u2019adoption de mesure propre \u00e0 diminuer l\u2019impact sur trafic a\u00e9rien pour les populations : couvre-feu la nuit, \u00e9quipement pour r\u00e9duire le sifflement des r\u00e9acteurs, modification des angles d\u2019approche des avions, etc. \u00ab Il y a eu quelques am\u00e9liorations mais il reste beaucoup \u00e0 faire \u00bb, juge-t-il.<\/p>\n<p>Fr\u00e9d\u00e9ric Bourdin, maire (LR) de Domont, est dans la m\u00eame d\u00e9marche. \u00ab On a espoir que cette d\u00e9marche am\u00e9liore les choses, mais ce qui serait bien c\u2019est aussi de lutter contre les d\u00e9gazages. Ce sont des centaines de litres de k\u00e9ros\u00e8ne qu\u2019on balance \u00e0 chaque fois dans la nature. \u00bb Quel que soit le type de nuisance, le Val-d\u2019Oise est en premi\u00e8re ligne quant aux nuisances a\u00e9riennes. \u00ab Roissy est le premier a\u00e9roport d\u2019Europe en nombre de mouvements, premier en nombre de vols de nuit et le deuxi\u00e8me en population impact\u00e9e \u00bb, souligne Patrick Kruissel, vice-pr\u00e9sident de l\u2019Advocnar. Il pointe les insuffisances du PPBE de Roissy. \u00ab Il y a 250 000 personnes soumises au bruit dans le p\u00e9rim\u00e8tre de l\u2019a\u00e9roport. Les mesures pr\u00e9vues pour l\u2019instant diminuent les nuisances que pour 1 % d\u2019entre eux\u00bb.<\/p>\n","protected":false},"excerpt":{"rendered":"<p>20.11.2017 &#8211; Le Parisien L\u2019action intent\u00e9e par les 17 communes renforce le poids symbolique du recours du collectif d\u2019associations. Dix-sept communes d\u2019Ile-de-France se joignent au recours devant le Conseil d\u2019Etat d\u00e9pos\u00e9 par un collectif d\u2019associations. Le front de lutte contre les nuisances a\u00e9riennes en Ile-de-France se renforce un peu plus. Le collectif d\u2019associations qui a [&hellip;]<\/p>\n","protected":false},"author":10,"featured_media":0,"comment_status":"closed","ping_status":"open","sticky":false,"template":"","format":"standard","meta":{"footnotes":""},"categories":[49],"tags":[],"yoast_head":"<!-- This site is optimized with the Yoast SEO plugin v22.0 - https:\/\/yoast.com\/wordpress\/plugins\/seo\/ -->\n<title>Nuisances a\u00e9riennes : 17 villes s\u2019associent au combat juridique des associations - Advocnar<\/title>\n<meta name=\"robots\" content=\"index, follow, max-snippet:-1, max-image-preview:large, max-video-preview:-1\" \/>\n<link rel=\"canonical\" href=\"https:\/\/www.clients.horus-informatique71.fr\/advocnar_backup\/2017\/11\/nuisances-aeriennes-17-villes-sassocient-combat-juridique-associations\/\" \/>\n<meta property=\"og:locale\" content=\"fr_FR\" \/>\n<meta property=\"og:type\" content=\"article\" \/>\n<meta property=\"og:title\" content=\"Nuisances a\u00e9riennes : 17 villes s\u2019associent au combat juridique des associations - Advocnar\" \/>\n<meta property=\"og:description\" content=\"20.11.2017 &#8211; Le Parisien L\u2019action intent\u00e9e par les 17 communes renforce le poids symbolique du recours du collectif d\u2019associations. Dix-sept communes d\u2019Ile-de-France se joignent au recours devant le Conseil d\u2019Etat d\u00e9pos\u00e9 par un collectif d\u2019associations. Le front de lutte contre les nuisances a\u00e9riennes en Ile-de-France se renforce un peu plus. Le collectif d\u2019associations qui a [&hellip;]\" \/>\n<meta property=\"og:url\" content=\"https:\/\/www.clients.horus-informatique71.fr\/advocnar_backup\/2017\/11\/nuisances-aeriennes-17-villes-sassocient-combat-juridique-associations\/\" \/>\n<meta property=\"og:site_name\" content=\"Advocnar\" \/>\n<meta property=\"article:published_time\" content=\"2017-11-20T14:10:07+00:00\" \/>\n<meta property=\"article:modified_time\" content=\"2021-04-07T06:09:44+00:00\" \/>\n<meta name=\"author\" content=\"FBrochot\" \/>\n<meta name=\"twitter:card\" content=\"summary_large_image\" \/>\n<meta name=\"twitter:label1\" content=\"\u00c9crit par\" \/>\n\t<meta name=\"twitter:data1\" content=\"FBrochot\" \/>\n\t<meta name=\"twitter:label2\" content=\"Dur\u00e9e de lecture estim\u00e9e\" \/>\n\t<meta name=\"twitter:data2\" content=\"3 minutes\" \/>\n<script type=\"application\/ld+json\" class=\"yoast-schema-graph\">{\"@context\":\"https:\/\/schema.org\",\"@graph\":[{\"@type\":\"WebPage\",\"@id\":\"https:\/\/www.clients.horus-informatique71.fr\/advocnar_backup\/2017\/11\/nuisances-aeriennes-17-villes-sassocient-combat-juridique-associations\/\",\"url\":\"https:\/\/www.clients.horus-informatique71.fr\/advocnar_backup\/2017\/11\/nuisances-aeriennes-17-villes-sassocient-combat-juridique-associations\/\",\"name\":\"Nuisances a\u00e9riennes : 17 villes s\u2019associent au combat juridique des associations - Advocnar\",\"isPartOf\":{\"@id\":\"https:\/\/www.clients.horus-informatique71.fr\/advocnar_backup\/#website\"},\"datePublished\":\"2017-11-20T14:10:07+00:00\",\"dateModified\":\"2021-04-07T06:09:44+00:00\",\"author\":{\"@id\":\"https:\/\/www.clients.horus-informatique71.fr\/advocnar_backup\/#\/schema\/person\/28ec283f897fb44e1146415d8015d23e\"},\"breadcrumb\":{\"@id\":\"https:\/\/www.clients.horus-informatique71.fr\/advocnar_backup\/2017\/11\/nuisances-aeriennes-17-villes-sassocient-combat-juridique-associations\/#breadcrumb\"},\"inLanguage\":\"fr-FR\",\"potentialAction\":[{\"@type\":\"ReadAction\",\"target\":[\"https:\/\/www.clients.horus-informatique71.fr\/advocnar_backup\/2017\/11\/nuisances-aeriennes-17-villes-sassocient-combat-juridique-associations\/\"]}]},{\"@type\":\"BreadcrumbList\",\"@id\":\"https:\/\/www.clients.horus-informatique71.fr\/advocnar_backup\/2017\/11\/nuisances-aeriennes-17-villes-sassocient-combat-juridique-associations\/#breadcrumb\",\"itemListElement\":[{\"@type\":\"ListItem\",\"position\":1,\"name\":\"Accueil\",\"item\":\"https:\/\/www.clients.horus-informatique71.fr\/advocnar_backup\/\"},{\"@type\":\"ListItem\",\"position\":2,\"name\":\"Nuisances a\u00e9riennes : 17 villes s\u2019associent au combat juridique des associations\"}]},{\"@type\":\"WebSite\",\"@id\":\"https:\/\/www.clients.horus-informatique71.fr\/advocnar_backup\/#website\",\"url\":\"https:\/\/www.clients.horus-informatique71.fr\/advocnar_backup\/\",\"name\":\"Advocnar\",\"description\":\"Association de D\u00e9fense Contre les Nuisances A\u00e9riennes\",\"potentialAction\":[{\"@type\":\"SearchAction\",\"target\":{\"@type\":\"EntryPoint\",\"urlTemplate\":\"https:\/\/www.clients.horus-informatique71.fr\/advocnar_backup\/?s={search_term_string}\"},\"query-input\":\"required name=search_term_string\"}],\"inLanguage\":\"fr-FR\"},{\"@type\":\"Person\",\"@id\":\"https:\/\/www.clients.horus-informatique71.fr\/advocnar_backup\/#\/schema\/person\/28ec283f897fb44e1146415d8015d23e\",\"name\":\"FBrochot\",\"url\":\"https:\/\/www.clients.horus-informatique71.fr\/advocnar_backup\/author\/fbrochot\/\"}]}<\/script>\n<!-- \/ Yoast SEO plugin. -->","yoast_head_json":{"title":"Nuisances a\u00e9riennes : 17 villes s\u2019associent au combat juridique des associations - Advocnar","robots":{"index":"index","follow":"follow","max-snippet":"max-snippet:-1","max-image-preview":"max-image-preview:large","max-video-preview":"max-video-preview:-1"},"canonical":"https:\/\/www.clients.horus-informatique71.fr\/advocnar_backup\/2017\/11\/nuisances-aeriennes-17-villes-sassocient-combat-juridique-associations\/","og_locale":"fr_FR","og_type":"article","og_title":"Nuisances a\u00e9riennes : 17 villes s\u2019associent au combat juridique des associations - Advocnar","og_description":"20.11.2017 &#8211; Le Parisien L\u2019action intent\u00e9e par les 17 communes renforce le poids symbolique du recours du collectif d\u2019associations. Dix-sept communes d\u2019Ile-de-France se joignent au recours devant le Conseil d\u2019Etat d\u00e9pos\u00e9 par un collectif d\u2019associations. Le front de lutte contre les nuisances a\u00e9riennes en Ile-de-France se renforce un peu plus. Le collectif d\u2019associations qui a [&hellip;]","og_url":"https:\/\/www.clients.horus-informatique71.fr\/advocnar_backup\/2017\/11\/nuisances-aeriennes-17-villes-sassocient-combat-juridique-associations\/","og_site_name":"Advocnar","article_published_time":"2017-11-20T14:10:07+00:00","article_modified_time":"2021-04-07T06:09:44+00:00","author":"FBrochot","twitter_card":"summary_large_image","twitter_misc":{"\u00c9crit par":"FBrochot","Dur\u00e9e de lecture estim\u00e9e":"3 minutes"},"schema":{"@context":"https:\/\/schema.org","@graph":[{"@type":"WebPage","@id":"https:\/\/www.clients.horus-informatique71.fr\/advocnar_backup\/2017\/11\/nuisances-aeriennes-17-villes-sassocient-combat-juridique-associations\/","url":"https:\/\/www.clients.horus-informatique71.fr\/advocnar_backup\/2017\/11\/nuisances-aeriennes-17-villes-sassocient-combat-juridique-associations\/","name":"Nuisances a\u00e9riennes : 17 villes s\u2019associent au combat juridique des associations - Advocnar","isPartOf":{"@id":"https:\/\/www.clients.horus-informatique71.fr\/advocnar_backup\/#website"},"datePublished":"2017-11-20T14:10:07+00:00","dateModified":"2021-04-07T06:09:44+00:00","author":{"@id":"https:\/\/www.clients.horus-informatique71.fr\/advocnar_backup\/#\/schema\/person\/28ec283f897fb44e1146415d8015d23e"},"breadcrumb":{"@id":"https:\/\/www.clients.horus-informatique71.fr\/advocnar_backup\/2017\/11\/nuisances-aeriennes-17-villes-sassocient-combat-juridique-associations\/#breadcrumb"},"inLanguage":"fr-FR","potentialAction":[{"@type":"ReadAction","target":["https:\/\/www.clients.horus-informatique71.fr\/advocnar_backup\/2017\/11\/nuisances-aeriennes-17-villes-sassocient-combat-juridique-associations\/"]}]},{"@type":"BreadcrumbList","@id":"https:\/\/www.clients.horus-informatique71.fr\/advocnar_backup\/2017\/11\/nuisances-aeriennes-17-villes-sassocient-combat-juridique-associations\/#breadcrumb","itemListElement":[{"@type":"ListItem","position":1,"name":"Accueil","item":"https:\/\/www.clients.horus-informatique71.fr\/advocnar_backup\/"},{"@type":"ListItem","position":2,"name":"Nuisances a\u00e9riennes : 17 villes s\u2019associent au combat juridique des associations"}]},{"@type":"WebSite","@id":"https:\/\/www.clients.horus-informatique71.fr\/advocnar_backup\/#website","url":"https:\/\/www.clients.horus-informatique71.fr\/advocnar_backup\/","name":"Advocnar","description":"Association de D\u00e9fense Contre les Nuisances A\u00e9riennes","potentialAction":[{"@type":"SearchAction","target":{"@type":"EntryPoint","urlTemplate":"https:\/\/www.clients.horus-informatique71.fr\/advocnar_backup\/?s={search_term_string}"},"query-input":"required name=search_term_string"}],"inLanguage":"fr-FR"},{"@type":"Person","@id":"https:\/\/www.clients.horus-informatique71.fr\/advocnar_backup\/#\/schema\/person\/28ec283f897fb44e1146415d8015d23e","name":"FBrochot","url":"https:\/\/www.clients.horus-informatique71.fr\/advocnar_backup\/author\/fbrochot\/"}]}},"_links":{"self":[{"href":"https:\/\/www.clients.horus-informatique71.fr\/advocnar_backup\/wp-json\/wp\/v2\/posts\/74122"}],"collection":[{"href":"https:\/\/www.clients.horus-informatique71.fr\/advocnar_backup\/wp-json\/wp\/v2\/posts"}],"about":[{"href":"https:\/\/www.clients.horus-informatique71.fr\/advocnar_backup\/wp-json\/wp\/v2\/types\/post"}],"author":[{"embeddable":true,"href":"https:\/\/www.clients.horus-informatique71.fr\/advocnar_backup\/wp-json\/wp\/v2\/users\/10"}],"replies":[{"embeddable":true,"href":"https:\/\/www.clients.horus-informatique71.fr\/advocnar_backup\/wp-json\/wp\/v2\/comments?post=74122"}],"version-history":[{"count":4,"href":"https:\/\/www.clients.horus-informatique71.fr\/advocnar_backup\/wp-json\/wp\/v2\/posts\/74122\/revisions"}],"predecessor-version":[{"id":74127,"href":"https:\/\/www.clients.horus-informatique71.fr\/advocnar_backup\/wp-json\/wp\/v2\/posts\/74122\/revisions\/74127"}],"wp:attachment":[{"href":"https:\/\/www.clients.horus-informatique71.fr\/advocnar_backup\/wp-json\/wp\/v2\/media?parent=74122"}],"wp:term":[{"taxonomy":"category","embeddable":true,"href":"https:\/\/www.clients.horus-informatique71.fr\/advocnar_backup\/wp-json\/wp\/v2\/categories?post=74122"},{"taxonomy":"post_tag","embeddable":true,"href":"https:\/\/www.clients.horus-informatique71.fr\/advocnar_backup\/wp-json\/wp\/v2\/tags?post=74122"}],"curies":[{"name":"wp","href":"https:\/\/api.w.org\/{rel}","templated":true}]}}