{"id":74132,"date":"2017-12-08T09:06:13","date_gmt":"2017-12-08T08:06:13","guid":{"rendered":"https:\/\/www.clients.horus-informatique71.fr\/advocnar_backup\/?p=74132"},"modified":"2021-02-23T10:12:08","modified_gmt":"2021-02-23T09:12:08","slug":"commission-europeenne-met-demeure-france-dagir-contre-bruit","status":"publish","type":"post","link":"https:\/\/www.clients.horus-informatique71.fr\/advocnar_backup\/2017\/12\/commission-europeenne-met-demeure-france-dagir-contre-bruit\/","title":{"rendered":"La Commission europ\u00e9enne met en demeure la France d\u2019agir contre le bruit"},"content":{"rendered":"<h4>08.12.2012 &#8211; Le Monde<\/h4>\n<h5>Selon les informations du \u00ab&nbsp;Monde&nbsp;\u00bb, Bruxelles a averti la France jeudi 7&nbsp;d\u00e9cembre et lui \u00ab&nbsp;demande instamment d\u2019adopter des plans d\u2019action sur le bruit ambiant&nbsp;\u00bb.<\/h5>\n<p>Par St\u00e9phane Mandard<\/p>\n<p>L\u2019information n\u2019a pas fait de bruit. Selon les informations du Monde, la Commission europ\u00e9enne a adress\u00e9, jeudi&nbsp;7&nbsp;janvier d\u00e9cembre, une mise en demeure \u00e0 la France pour non-respect de la directive sur le bruit et lui \u00ab&nbsp;demande instamment d\u2019adopter des plans d\u2019action sur le bruit ambiant&nbsp;\u00bb.<\/p>\n<p>La directive sur le bruit, qui date de&nbsp;2002, impose aux Etats d\u2019adopter des cartes dites strat\u00e9giques de bruit pr\u00e9sentant l\u2019exposition au bruit dans les grandes agglom\u00e9rations, le long des grands axes ferroviaires et routiers, et autour des grands a\u00e9roports. Elles sont notamment cens\u00e9es faire appara\u00eetre les zones o\u00f9 le bruit d\u00e9passe les normes fix\u00e9es par l\u2019Europe. Ainsi, pour le bruit routier, la limite est de 68&nbsp;d\u00e9cibels sur vingt-quatre heures et de 62 d\u00e9cibels la nuit.<\/p>\n<p>Ces cartes doivent ensuite servir de base pour la d\u00e9finition de mesures dans des plans d\u2019action relatifs au bruit. La Commission note que ces plans d\u2019action \u00ab&nbsp;font d\u00e9faut pour 58&nbsp;agglom\u00e9rations, ainsi que pour un grand nombre d\u2019axes routiers, d\u2019axes ferroviaires et d\u2019a\u00e9roports majeurs&nbsp;\u00bb. Il s\u2019agit des agglom\u00e9rations de plus de&nbsp;100&nbsp;000&nbsp;habitants.<\/p>\n<p>Bruxelles reproche aussi \u00e0 la France de ne pas avoir \u00ab&nbsp;recens\u00e9 correctement toutes les grandes infrastructures existantes se trouvant sur [son] territoire&nbsp;\u00bb. Elle lui donne deux mois pour \u00ab&nbsp;rem\u00e9dier \u00e0 cette situation&nbsp;\u00bb. Pass\u00e9 ce d\u00e9lai, la Commission pourrait d\u00e9cider de lui adresser un avis motiv\u00e9, ultime avertissement avant de saisir la Cour de justice de l\u2019Union europ\u00e9enne et une \u00e9ventuelle sanction.<\/p>\n<p>Dix mille morts pr\u00e9matur\u00e9es par an<\/p>\n<p>Depuis 2016, la Commission pr\u00e9cise avoir engag\u00e9 une proc\u00e9dure d\u2019infraction contre treize Etats membres au sujet du bruit dans l\u2019environnement. Elle rappelle que le bruit \u2013 \u00e9mis par le trafic routier, ferroviaire ou a\u00e9rien \u2013 est \u00ab&nbsp;la deuxi\u00e8me grande cause de d\u00e9c\u00e8s pr\u00e9matur\u00e9 apr\u00e8s la pollution atmosph\u00e9rique&nbsp;\u00bb.<\/p>\n<p>L\u2019Agence europ\u00e9enne de l\u2019environnement estime que les nuisances sonores sont responsables d\u2019au moins 10&nbsp;000&nbsp;morts pr\u00e9matur\u00e9es par an en Europe. \u00ab&nbsp;Le bruit agit sur le sommeil, le stress, et un lien a \u00e9t\u00e9 d\u00e9montr\u00e9 entre le bruit routier et l\u2019augmentation du risque d\u2019infarctus du myocarde&nbsp;\u00bb, rappelle Antoine Perez Munoz, de Bruitparif, l\u2019observatoire du bruit en Ile-de-France, l\u2019une des r\u00e9gions de France les plus expos\u00e9es aux diff\u00e9rentes sources de pollution sonore.<\/p>\n<p>\u00ab&nbsp;La France a pris du retard dans l\u2019\u00e9laboration de ses cartographies et de ses plans d\u2019actions, notamment \u00e0 cause du red\u00e9coupage administratif des r\u00e9gions&nbsp;\u00bb, reconna\u00eet Antoine Perez Munoz. Bruitparif a men\u00e9 une \u00e9tude en&nbsp;2015 sur l\u2019impact sanitaire de la pollution sonore sur les Franciliens. \u00ab&nbsp;En moyenne, cela repr\u00e9sente sept mois de vie en bonne sant\u00e9 perdus par habitant et jusqu\u2019\u00e0 deux ans pour les personnes vivant dans les zones les plus bruyantes&nbsp;\u00bb, pr\u00e9cise Antoine Perez Munoz. Des r\u00e9sultats qui devraient faire du bruit.<\/p>\n<hr>\n<p>Voici le lien vers le site officiel :<\/p>\n<p><a href=\"http:\/\/europa.eu\/rapid\/press-release_MEMO-17-4767_fr.htm\">http:\/\/europa.eu\/rapid\/press-release_MEMO-17-4767_fr.htm<\/a><\/p>\n<p>Commission europ\u00e9enne &#8211; Fiche d&rsquo;information<br \/>\nProc\u00e9dures d&rsquo;infraction du mois de d\u00e9cembre: principales d\u00e9cisions<br \/>\nBruxelles, le 7 d\u00e9cembre 2017<\/p>\n<h5>4. Environnement<\/h5>\n<p>Lettres de mise en demeure<\/p>\n<p>Bruit: la Commission demande instamment \u00e0 la FRANCE et \u00e0 la GR\u00c8CE d&rsquo;adopter des plans d&rsquo;action sur le bruit ambiant<\/p>\n<p>La Commission appelle la France et la Gr\u00e8ce \u00e0 se conformer aux dispositions essentielles de la directive sur le bruit (directive 2002\/49\/CE). Le bruit dans l&rsquo;environnement \u2013 \u00e9mis par le trafic routier, ferroviaire ou a\u00e9rien \u2013 est la deuxi\u00e8me grande cause de d\u00e9c\u00e8s pr\u00e9matur\u00e9 apr\u00e8s la pollution atmosph\u00e9rique. La directive sur le bruit impose aux \u00c9tats membres d&rsquo;adopter des cartes de bruit pr\u00e9sentant l&rsquo;exposition au bruit dans les grandes agglom\u00e9rations, le long des grands axes ferroviaires et routiers et autour des grands a\u00e9roports. Ces cartes servent ensuite de base pour la d\u00e9finition de mesures figurant dans les plans d&rsquo;action relatifs au bruit.&nbsp;En ce qui concerne la France, les plans d&rsquo;action font d\u00e9faut pour 58 agglom\u00e9rations, ainsi que pour un grand nombre d&rsquo;axes routiers, d&rsquo;axes ferroviaires et d&rsquo;a\u00e9roports majeurs. La Gr\u00e8ce quant \u00e0 elle n&rsquo;a pas encore adopt\u00e9 toutes les cartes de bruit ni tous les plans d&rsquo;action sur le bruit ambiant pour les agglom\u00e9rations et les grands axes routiers, ni n&rsquo;a r\u00e9vis\u00e9 le plan d&rsquo;action existant pour un grand a\u00e9roport. Par ailleurs, la France et la Gr\u00e8ce n&rsquo;ont pas non plus recens\u00e9 correctement toutes les grandes infrastructures existantes se trouvant sur leur territoire. La Commission a donc d\u00e9cid\u00e9 d&rsquo;adresser une lettre de mise en demeure \u00e0 ces deux \u00c9tats membres en leur donnant deux mois pour rem\u00e9dier \u00e0 cette situation; pass\u00e9 ce d\u00e9lai, la Commission pourrait d\u00e9cider de leur adresser un avis motiv\u00e9.Depuis 2016, la Commission a engag\u00e9 une proc\u00e9dure d&rsquo;infraction horizontale contre 13 \u00c9tats membres au sujet du bruit dans l&rsquo;environnement.<\/p>\n<p>&nbsp;<\/p>\n","protected":false},"excerpt":{"rendered":"<p>08.12.2012 &#8211; Le Monde Selon les informations du \u00ab&nbsp;Monde&nbsp;\u00bb, Bruxelles a averti la France jeudi 7&nbsp;d\u00e9cembre et lui \u00ab&nbsp;demande instamment d\u2019adopter des plans d\u2019action sur le bruit ambiant&nbsp;\u00bb. Par St\u00e9phane Mandard L\u2019information n\u2019a pas fait de bruit. Selon les informations du Monde, la Commission europ\u00e9enne a adress\u00e9, jeudi&nbsp;7&nbsp;janvier d\u00e9cembre, une mise en demeure \u00e0 la [&hellip;]<\/p>\n","protected":false},"author":10,"featured_media":0,"comment_status":"closed","ping_status":"open","sticky":false,"template":"","format":"standard","meta":{"footnotes":""},"categories":[49],"tags":[],"yoast_head":"<!-- This site is optimized with the Yoast SEO plugin v22.0 - https:\/\/yoast.com\/wordpress\/plugins\/seo\/ -->\n<title>La Commission europ\u00e9enne met en demeure la France d\u2019agir contre le bruit - Advocnar<\/title>\n<meta name=\"robots\" content=\"index, follow, max-snippet:-1, max-image-preview:large, max-video-preview:-1\" \/>\n<link rel=\"canonical\" href=\"https:\/\/www.clients.horus-informatique71.fr\/advocnar_backup\/2017\/12\/commission-europeenne-met-demeure-france-dagir-contre-bruit\/\" \/>\n<meta property=\"og:locale\" content=\"fr_FR\" \/>\n<meta property=\"og:type\" content=\"article\" \/>\n<meta property=\"og:title\" content=\"La Commission europ\u00e9enne met en demeure la France d\u2019agir contre le bruit - Advocnar\" \/>\n<meta property=\"og:description\" content=\"08.12.2012 &#8211; Le Monde Selon les informations du \u00ab&nbsp;Monde&nbsp;\u00bb, Bruxelles a averti la France jeudi 7&nbsp;d\u00e9cembre et lui \u00ab&nbsp;demande instamment d\u2019adopter des plans d\u2019action sur le bruit ambiant&nbsp;\u00bb. Par St\u00e9phane Mandard L\u2019information n\u2019a pas fait de bruit. Selon les informations du Monde, la Commission europ\u00e9enne a adress\u00e9, jeudi&nbsp;7&nbsp;janvier d\u00e9cembre, une mise en demeure \u00e0 la [&hellip;]\" \/>\n<meta property=\"og:url\" content=\"https:\/\/www.clients.horus-informatique71.fr\/advocnar_backup\/2017\/12\/commission-europeenne-met-demeure-france-dagir-contre-bruit\/\" \/>\n<meta property=\"og:site_name\" content=\"Advocnar\" \/>\n<meta property=\"article:published_time\" content=\"2017-12-08T08:06:13+00:00\" \/>\n<meta property=\"article:modified_time\" content=\"2021-02-23T09:12:08+00:00\" \/>\n<meta name=\"author\" content=\"FBrochot\" \/>\n<meta name=\"twitter:card\" content=\"summary_large_image\" \/>\n<meta name=\"twitter:label1\" content=\"\u00c9crit par\" \/>\n\t<meta name=\"twitter:data1\" content=\"FBrochot\" \/>\n\t<meta name=\"twitter:label2\" content=\"Dur\u00e9e de lecture estim\u00e9e\" \/>\n\t<meta name=\"twitter:data2\" content=\"4 minutes\" \/>\n<script type=\"application\/ld+json\" class=\"yoast-schema-graph\">{\"@context\":\"https:\/\/schema.org\",\"@graph\":[{\"@type\":\"WebPage\",\"@id\":\"https:\/\/www.clients.horus-informatique71.fr\/advocnar_backup\/2017\/12\/commission-europeenne-met-demeure-france-dagir-contre-bruit\/\",\"url\":\"https:\/\/www.clients.horus-informatique71.fr\/advocnar_backup\/2017\/12\/commission-europeenne-met-demeure-france-dagir-contre-bruit\/\",\"name\":\"La Commission europ\u00e9enne met en demeure la France d\u2019agir contre le bruit - Advocnar\",\"isPartOf\":{\"@id\":\"https:\/\/www.clients.horus-informatique71.fr\/advocnar_backup\/#website\"},\"datePublished\":\"2017-12-08T08:06:13+00:00\",\"dateModified\":\"2021-02-23T09:12:08+00:00\",\"author\":{\"@id\":\"https:\/\/www.clients.horus-informatique71.fr\/advocnar_backup\/#\/schema\/person\/28ec283f897fb44e1146415d8015d23e\"},\"breadcrumb\":{\"@id\":\"https:\/\/www.clients.horus-informatique71.fr\/advocnar_backup\/2017\/12\/commission-europeenne-met-demeure-france-dagir-contre-bruit\/#breadcrumb\"},\"inLanguage\":\"fr-FR\",\"potentialAction\":[{\"@type\":\"ReadAction\",\"target\":[\"https:\/\/www.clients.horus-informatique71.fr\/advocnar_backup\/2017\/12\/commission-europeenne-met-demeure-france-dagir-contre-bruit\/\"]}]},{\"@type\":\"BreadcrumbList\",\"@id\":\"https:\/\/www.clients.horus-informatique71.fr\/advocnar_backup\/2017\/12\/commission-europeenne-met-demeure-france-dagir-contre-bruit\/#breadcrumb\",\"itemListElement\":[{\"@type\":\"ListItem\",\"position\":1,\"name\":\"Accueil\",\"item\":\"https:\/\/www.clients.horus-informatique71.fr\/advocnar_backup\/\"},{\"@type\":\"ListItem\",\"position\":2,\"name\":\"La Commission europ\u00e9enne met en demeure la France d\u2019agir contre le bruit\"}]},{\"@type\":\"WebSite\",\"@id\":\"https:\/\/www.clients.horus-informatique71.fr\/advocnar_backup\/#website\",\"url\":\"https:\/\/www.clients.horus-informatique71.fr\/advocnar_backup\/\",\"name\":\"Advocnar\",\"description\":\"Association de D\u00e9fense Contre les Nuisances A\u00e9riennes\",\"potentialAction\":[{\"@type\":\"SearchAction\",\"target\":{\"@type\":\"EntryPoint\",\"urlTemplate\":\"https:\/\/www.clients.horus-informatique71.fr\/advocnar_backup\/?s={search_term_string}\"},\"query-input\":\"required name=search_term_string\"}],\"inLanguage\":\"fr-FR\"},{\"@type\":\"Person\",\"@id\":\"https:\/\/www.clients.horus-informatique71.fr\/advocnar_backup\/#\/schema\/person\/28ec283f897fb44e1146415d8015d23e\",\"name\":\"FBrochot\",\"url\":\"https:\/\/www.clients.horus-informatique71.fr\/advocnar_backup\/author\/fbrochot\/\"}]}<\/script>\n<!-- \/ Yoast SEO plugin. -->","yoast_head_json":{"title":"La Commission europ\u00e9enne met en demeure la France d\u2019agir contre le bruit - Advocnar","robots":{"index":"index","follow":"follow","max-snippet":"max-snippet:-1","max-image-preview":"max-image-preview:large","max-video-preview":"max-video-preview:-1"},"canonical":"https:\/\/www.clients.horus-informatique71.fr\/advocnar_backup\/2017\/12\/commission-europeenne-met-demeure-france-dagir-contre-bruit\/","og_locale":"fr_FR","og_type":"article","og_title":"La Commission europ\u00e9enne met en demeure la France d\u2019agir contre le bruit - Advocnar","og_description":"08.12.2012 &#8211; Le Monde Selon les informations du \u00ab&nbsp;Monde&nbsp;\u00bb, Bruxelles a averti la France jeudi 7&nbsp;d\u00e9cembre et lui \u00ab&nbsp;demande instamment d\u2019adopter des plans d\u2019action sur le bruit ambiant&nbsp;\u00bb. Par St\u00e9phane Mandard L\u2019information n\u2019a pas fait de bruit. Selon les informations du Monde, la Commission europ\u00e9enne a adress\u00e9, jeudi&nbsp;7&nbsp;janvier d\u00e9cembre, une mise en demeure \u00e0 la [&hellip;]","og_url":"https:\/\/www.clients.horus-informatique71.fr\/advocnar_backup\/2017\/12\/commission-europeenne-met-demeure-france-dagir-contre-bruit\/","og_site_name":"Advocnar","article_published_time":"2017-12-08T08:06:13+00:00","article_modified_time":"2021-02-23T09:12:08+00:00","author":"FBrochot","twitter_card":"summary_large_image","twitter_misc":{"\u00c9crit par":"FBrochot","Dur\u00e9e de lecture estim\u00e9e":"4 minutes"},"schema":{"@context":"https:\/\/schema.org","@graph":[{"@type":"WebPage","@id":"https:\/\/www.clients.horus-informatique71.fr\/advocnar_backup\/2017\/12\/commission-europeenne-met-demeure-france-dagir-contre-bruit\/","url":"https:\/\/www.clients.horus-informatique71.fr\/advocnar_backup\/2017\/12\/commission-europeenne-met-demeure-france-dagir-contre-bruit\/","name":"La Commission europ\u00e9enne met en demeure la France d\u2019agir contre le bruit - Advocnar","isPartOf":{"@id":"https:\/\/www.clients.horus-informatique71.fr\/advocnar_backup\/#website"},"datePublished":"2017-12-08T08:06:13+00:00","dateModified":"2021-02-23T09:12:08+00:00","author":{"@id":"https:\/\/www.clients.horus-informatique71.fr\/advocnar_backup\/#\/schema\/person\/28ec283f897fb44e1146415d8015d23e"},"breadcrumb":{"@id":"https:\/\/www.clients.horus-informatique71.fr\/advocnar_backup\/2017\/12\/commission-europeenne-met-demeure-france-dagir-contre-bruit\/#breadcrumb"},"inLanguage":"fr-FR","potentialAction":[{"@type":"ReadAction","target":["https:\/\/www.clients.horus-informatique71.fr\/advocnar_backup\/2017\/12\/commission-europeenne-met-demeure-france-dagir-contre-bruit\/"]}]},{"@type":"BreadcrumbList","@id":"https:\/\/www.clients.horus-informatique71.fr\/advocnar_backup\/2017\/12\/commission-europeenne-met-demeure-france-dagir-contre-bruit\/#breadcrumb","itemListElement":[{"@type":"ListItem","position":1,"name":"Accueil","item":"https:\/\/www.clients.horus-informatique71.fr\/advocnar_backup\/"},{"@type":"ListItem","position":2,"name":"La Commission europ\u00e9enne met en demeure la France d\u2019agir contre le bruit"}]},{"@type":"WebSite","@id":"https:\/\/www.clients.horus-informatique71.fr\/advocnar_backup\/#website","url":"https:\/\/www.clients.horus-informatique71.fr\/advocnar_backup\/","name":"Advocnar","description":"Association de D\u00e9fense Contre les Nuisances A\u00e9riennes","potentialAction":[{"@type":"SearchAction","target":{"@type":"EntryPoint","urlTemplate":"https:\/\/www.clients.horus-informatique71.fr\/advocnar_backup\/?s={search_term_string}"},"query-input":"required name=search_term_string"}],"inLanguage":"fr-FR"},{"@type":"Person","@id":"https:\/\/www.clients.horus-informatique71.fr\/advocnar_backup\/#\/schema\/person\/28ec283f897fb44e1146415d8015d23e","name":"FBrochot","url":"https:\/\/www.clients.horus-informatique71.fr\/advocnar_backup\/author\/fbrochot\/"}]}},"_links":{"self":[{"href":"https:\/\/www.clients.horus-informatique71.fr\/advocnar_backup\/wp-json\/wp\/v2\/posts\/74132"}],"collection":[{"href":"https:\/\/www.clients.horus-informatique71.fr\/advocnar_backup\/wp-json\/wp\/v2\/posts"}],"about":[{"href":"https:\/\/www.clients.horus-informatique71.fr\/advocnar_backup\/wp-json\/wp\/v2\/types\/post"}],"author":[{"embeddable":true,"href":"https:\/\/www.clients.horus-informatique71.fr\/advocnar_backup\/wp-json\/wp\/v2\/users\/10"}],"replies":[{"embeddable":true,"href":"https:\/\/www.clients.horus-informatique71.fr\/advocnar_backup\/wp-json\/wp\/v2\/comments?post=74132"}],"version-history":[{"count":7,"href":"https:\/\/www.clients.horus-informatique71.fr\/advocnar_backup\/wp-json\/wp\/v2\/posts\/74132\/revisions"}],"predecessor-version":[{"id":76525,"href":"https:\/\/www.clients.horus-informatique71.fr\/advocnar_backup\/wp-json\/wp\/v2\/posts\/74132\/revisions\/76525"}],"wp:attachment":[{"href":"https:\/\/www.clients.horus-informatique71.fr\/advocnar_backup\/wp-json\/wp\/v2\/media?parent=74132"}],"wp:term":[{"taxonomy":"category","embeddable":true,"href":"https:\/\/www.clients.horus-informatique71.fr\/advocnar_backup\/wp-json\/wp\/v2\/categories?post=74132"},{"taxonomy":"post_tag","embeddable":true,"href":"https:\/\/www.clients.horus-informatique71.fr\/advocnar_backup\/wp-json\/wp\/v2\/tags?post=74132"}],"curies":[{"name":"wp","href":"https:\/\/api.w.org\/{rel}","templated":true}]}}