{"id":74167,"date":"2018-02-12T08:33:13","date_gmt":"2018-02-12T07:33:13","guid":{"rendered":"https:\/\/www.clients.horus-informatique71.fr\/advocnar_backup\/?p=74167"},"modified":"2018-02-13T17:32:06","modified_gmt":"2018-02-13T16:32:06","slug":"assemblee-generale-12-fevrier-eaubonne","status":"publish","type":"post","link":"https:\/\/www.clients.horus-informatique71.fr\/advocnar_backup\/2018\/02\/assemblee-generale-12-fevrier-eaubonne\/","title":{"rendered":"ASSEMBL\u00c9E G\u00c9N\u00c9RALE LUNDI 12 F\u00c9VRIER &#8211; EAUBONNE"},"content":{"rendered":"<div id=\"attachment_74220\" style=\"width: 726px\" class=\"wp-caption alignnone\"><img loading=\"lazy\" decoding=\"async\" aria-describedby=\"caption-attachment-74220\" class=\"wp-image-74220\" title=\"Assembl\u00e9e G\u00e9n\u00e9rale de l'ADVOCNAR 12 f\u00e9vrier 2018 Eaubonne\" src=\"https:\/\/www.clients.horus-informatique71.fr\/advocnar_backup\/wp-content\/uploads\/2018\/02\/AG-2018-3.jpg\" alt=\"\" width=\"716\" height=\"345\" srcset=\"https:\/\/www.clients.horus-informatique71.fr\/advocnar_backup\/wp-content\/uploads\/2018\/02\/AG-2018-3.jpg 4009w, https:\/\/www.clients.horus-informatique71.fr\/advocnar_backup\/wp-content\/uploads\/2018\/02\/AG-2018-3-300x144.jpg 300w, https:\/\/www.clients.horus-informatique71.fr\/advocnar_backup\/wp-content\/uploads\/2018\/02\/AG-2018-3-768x370.jpg 768w, https:\/\/www.clients.horus-informatique71.fr\/advocnar_backup\/wp-content\/uploads\/2018\/02\/AG-2018-3-1024x493.jpg 1024w\" sizes=\"(max-width: 716px) 100vw, 716px\" \/><p id=\"caption-attachment-74220\" class=\"wp-caption-text\">Assembl\u00e9e G\u00e9n\u00e9rale de l&rsquo;ADVOCNAR 12 f\u00e9vrier 2018 Eaubonne<\/p><\/div>\n<p><img loading=\"lazy\" decoding=\"async\" class=\"wp-image-74219 alignnone\" src=\"https:\/\/www.clients.horus-informatique71.fr\/advocnar_backup\/wp-content\/uploads\/2018\/02\/AG-2018-2.jpg\" alt=\"\" width=\"252\" height=\"336\" srcset=\"https:\/\/www.clients.horus-informatique71.fr\/advocnar_backup\/wp-content\/uploads\/2018\/02\/AG-2018-2.jpg 2134w, https:\/\/www.clients.horus-informatique71.fr\/advocnar_backup\/wp-content\/uploads\/2018\/02\/AG-2018-2-225x300.jpg 225w, https:\/\/www.clients.horus-informatique71.fr\/advocnar_backup\/wp-content\/uploads\/2018\/02\/AG-2018-2-768x1024.jpg 768w\" sizes=\"(max-width: 252px) 100vw, 252px\" \/>\u00a0\u00a0\u00a0 <img loading=\"lazy\" decoding=\"async\" class=\"wp-image-74218 alignnone\" src=\"https:\/\/www.clients.horus-informatique71.fr\/advocnar_backup\/wp-content\/uploads\/2018\/02\/AG-2018-1.jpg\" alt=\"\" width=\"449\" height=\"337\" srcset=\"https:\/\/www.clients.horus-informatique71.fr\/advocnar_backup\/wp-content\/uploads\/2018\/02\/AG-2018-1.jpg 3366w, https:\/\/www.clients.horus-informatique71.fr\/advocnar_backup\/wp-content\/uploads\/2018\/02\/AG-2018-1-300x225.jpg 300w, https:\/\/www.clients.horus-informatique71.fr\/advocnar_backup\/wp-content\/uploads\/2018\/02\/AG-2018-1-768x576.jpg 768w, https:\/\/www.clients.horus-informatique71.fr\/advocnar_backup\/wp-content\/uploads\/2018\/02\/AG-2018-1-1024x768.jpg 1024w\" sizes=\"(max-width: 449px) 100vw, 449px\" \/><\/p>\n<p><a href=\"https:\/\/www.clients.horus-informatique71.fr\/advocnar_backup\/wp-content\/uploads\/2018\/02\/AG-2018-EAUBONNE.pdf\"><img loading=\"lazy\" decoding=\"async\" class=\"alignleft wp-image-74215\" src=\"https:\/\/www.clients.horus-informatique71.fr\/advocnar_backup\/wp-content\/uploads\/2018\/02\/AG-2018-PPT-page-1.png\" alt=\"\" width=\"254\" height=\"189\" srcset=\"https:\/\/www.clients.horus-informatique71.fr\/advocnar_backup\/wp-content\/uploads\/2018\/02\/AG-2018-PPT-page-1.png 721w, https:\/\/www.clients.horus-informatique71.fr\/advocnar_backup\/wp-content\/uploads\/2018\/02\/AG-2018-PPT-page-1-300x223.png 300w\" sizes=\"(max-width: 254px) 100vw, 254px\" \/><\/a><\/p>\n<p>&nbsp;<\/p>\n<p>&nbsp;<\/p>\n<p>&nbsp;<\/p>\n<p><a href=\"https:\/\/www.clients.horus-informatique71.fr\/advocnar_backup\/wp-content\/uploads\/2018\/02\/AG-2018-EAUBONNE.pdf\">Voir la pr\u00e9sentation faite en s\u00e9ance<\/a><\/p>\n<p>&nbsp;<\/p>\n<hr \/>\n<p>L\u2019Assembl\u00e9e G\u00e9n\u00e9rale de notre association ADVOCNAR se tiendra le\u00a0:<\/p>\n<h4 style=\"text-align: center;\">Lundi 12 f\u00e9vrier 2018 \u00e0\u00a020h<br \/>\nSalle de l\u2019Orangerie &#8211; Parc de M\u00e9zi\u00e8res<br \/>\n14 avenue de l\u2019Europe &#8211; EAUBONNE<\/h4>\n<p>L\u2019ordre du jour est le suivant\u00a0:<\/p>\n<ul>\n<li>rapport moral et rapport d\u2019activit\u00e9s<\/li>\n<li>rapport financier<\/li>\n<li>\u00e9lection du Conseil d\u2019Administration<\/li>\n<li>actions et projets<\/li>\n<li>le point sur notre action juridique en pr\u00e9sence de Ma\u00eetre Cofflard<\/li>\n<\/ul>\n<p>Si vous souhaitez que l\u2019on aborde certains points particuliers, nous vous remercions de contacter le secr\u00e9tariat par mail ou par t\u00e9l\u00e9phone jusqu\u2019au 5 f\u00e9vrier 2018.<\/p>\n<p>Il sera possible, pour celles et ceux qui n\u2019auraient pas cotis\u00e9 en 2017, de r\u00e9gler leur cotisation \u00e0 l\u2019entr\u00e9e pour assister et voter \u00e0 l\u2019Assembl\u00e9e G\u00e9n\u00e9rale.<\/p>\n<p>Venez nombreux exprimer vos id\u00e9es. Nous vous proposons de terminer les \u00e9changes de fa\u00e7on conviviale autour d\u2019un verre. Nous comptons sur vous.<\/p>\n<hr \/>\n<p><a href=\"http:\/\/plan.wf\/dLGN\">Se rendre \u00e0 l&rsquo;AG: le plan<\/a><\/p>\n<hr \/>\n<p><a href=\"https:\/\/www.clients.horus-informatique71.fr\/advocnar_backup\/wp-content\/uploads\/2018\/02\/2018-02-08-Communique-ADVOCNAR-annonce-AG-2018-V2.pdf\">Lire le communiqu\u00e9 de presse<\/a><\/p>\n","protected":false},"excerpt":{"rendered":"<p>\u00a0\u00a0\u00a0 &nbsp; &nbsp; &nbsp; Voir la pr\u00e9sentation faite en s\u00e9ance &nbsp; L\u2019Assembl\u00e9e G\u00e9n\u00e9rale de notre association ADVOCNAR se tiendra le\u00a0: Lundi 12 f\u00e9vrier 2018 \u00e0\u00a020h Salle de l\u2019Orangerie &#8211; Parc de M\u00e9zi\u00e8res 14 avenue de l\u2019Europe &#8211; EAUBONNE L\u2019ordre du jour est le suivant\u00a0: rapport moral et rapport d\u2019activit\u00e9s rapport financier \u00e9lection du Conseil d\u2019Administration [&hellip;]<\/p>\n","protected":false},"author":10,"featured_media":74222,"comment_status":"closed","ping_status":"open","sticky":false,"template":"","format":"standard","meta":{"footnotes":""},"categories":[46],"tags":[],"yoast_head":"<!-- This site is optimized with the Yoast SEO plugin v22.0 - https:\/\/yoast.com\/wordpress\/plugins\/seo\/ -->\n<title>ASSEMBL\u00c9E G\u00c9N\u00c9RALE LUNDI 12 F\u00c9VRIER - EAUBONNE - Advocnar<\/title>\n<meta name=\"description\" content=\"Assembl\u00e9e G\u00e9n\u00e9rale de l&#039;ADVOCNAR 12 f\u00e9vrier 2018 Eaubonne\" \/>\n<meta name=\"robots\" content=\"index, follow, max-snippet:-1, max-image-preview:large, max-video-preview:-1\" \/>\n<link rel=\"canonical\" href=\"https:\/\/www.clients.horus-informatique71.fr\/advocnar_backup\/2018\/02\/assemblee-generale-12-fevrier-eaubonne\/\" \/>\n<meta property=\"og:locale\" content=\"fr_FR\" \/>\n<meta property=\"og:type\" content=\"article\" \/>\n<meta property=\"og:title\" content=\"ASSEMBL\u00c9E G\u00c9N\u00c9RALE LUNDI 12 F\u00c9VRIER - EAUBONNE - Advocnar\" \/>\n<meta property=\"og:description\" content=\"Assembl\u00e9e G\u00e9n\u00e9rale de l&#039;ADVOCNAR 12 f\u00e9vrier 2018 Eaubonne\" \/>\n<meta property=\"og:url\" content=\"https:\/\/www.clients.horus-informatique71.fr\/advocnar_backup\/2018\/02\/assemblee-generale-12-fevrier-eaubonne\/\" \/>\n<meta property=\"og:site_name\" content=\"Advocnar\" \/>\n<meta property=\"article:published_time\" content=\"2018-02-12T07:33:13+00:00\" \/>\n<meta property=\"article:modified_time\" content=\"2018-02-13T16:32:06+00:00\" \/>\n<meta property=\"og:image\" content=\"https:\/\/www.clients.horus-informatique71.fr\/advocnar_backup\/wp-content\/uploads\/2018\/02\/Assemblee-generale-2018.png\" \/>\n\t<meta property=\"og:image:width\" content=\"860\" \/>\n\t<meta property=\"og:image:height\" content=\"645\" \/>\n\t<meta property=\"og:image:type\" content=\"image\/png\" \/>\n<meta name=\"author\" content=\"FBrochot\" \/>\n<meta name=\"twitter:card\" content=\"summary_large_image\" \/>\n<meta name=\"twitter:label1\" content=\"\u00c9crit par\" \/>\n\t<meta name=\"twitter:data1\" content=\"FBrochot\" \/>\n\t<meta name=\"twitter:label2\" content=\"Dur\u00e9e de lecture estim\u00e9e\" \/>\n\t<meta name=\"twitter:data2\" content=\"1 minute\" \/>\n<script type=\"application\/ld+json\" class=\"yoast-schema-graph\">{\"@context\":\"https:\/\/schema.org\",\"@graph\":[{\"@type\":\"WebPage\",\"@id\":\"https:\/\/www.clients.horus-informatique71.fr\/advocnar_backup\/2018\/02\/assemblee-generale-12-fevrier-eaubonne\/\",\"url\":\"https:\/\/www.clients.horus-informatique71.fr\/advocnar_backup\/2018\/02\/assemblee-generale-12-fevrier-eaubonne\/\",\"name\":\"ASSEMBL\u00c9E G\u00c9N\u00c9RALE LUNDI 12 F\u00c9VRIER - EAUBONNE - Advocnar\",\"isPartOf\":{\"@id\":\"https:\/\/www.clients.horus-informatique71.fr\/advocnar_backup\/#website\"},\"datePublished\":\"2018-02-12T07:33:13+00:00\",\"dateModified\":\"2018-02-13T16:32:06+00:00\",\"author\":{\"@id\":\"https:\/\/www.clients.horus-informatique71.fr\/advocnar_backup\/#\/schema\/person\/28ec283f897fb44e1146415d8015d23e\"},\"description\":\"Assembl\u00e9e G\u00e9n\u00e9rale de l'ADVOCNAR 12 f\u00e9vrier 2018 Eaubonne\",\"breadcrumb\":{\"@id\":\"https:\/\/www.clients.horus-informatique71.fr\/advocnar_backup\/2018\/02\/assemblee-generale-12-fevrier-eaubonne\/#breadcrumb\"},\"inLanguage\":\"fr-FR\",\"potentialAction\":[{\"@type\":\"ReadAction\",\"target\":[\"https:\/\/www.clients.horus-informatique71.fr\/advocnar_backup\/2018\/02\/assemblee-generale-12-fevrier-eaubonne\/\"]}]},{\"@type\":\"BreadcrumbList\",\"@id\":\"https:\/\/www.clients.horus-informatique71.fr\/advocnar_backup\/2018\/02\/assemblee-generale-12-fevrier-eaubonne\/#breadcrumb\",\"itemListElement\":[{\"@type\":\"ListItem\",\"position\":1,\"name\":\"Accueil\",\"item\":\"https:\/\/www.clients.horus-informatique71.fr\/advocnar_backup\/\"},{\"@type\":\"ListItem\",\"position\":2,\"name\":\"ASSEMBL\u00c9E G\u00c9N\u00c9RALE LUNDI 12 F\u00c9VRIER &#8211; EAUBONNE\"}]},{\"@type\":\"WebSite\",\"@id\":\"https:\/\/www.clients.horus-informatique71.fr\/advocnar_backup\/#website\",\"url\":\"https:\/\/www.clients.horus-informatique71.fr\/advocnar_backup\/\",\"name\":\"Advocnar\",\"description\":\"Association de D\u00e9fense Contre les Nuisances A\u00e9riennes\",\"potentialAction\":[{\"@type\":\"SearchAction\",\"target\":{\"@type\":\"EntryPoint\",\"urlTemplate\":\"https:\/\/www.clients.horus-informatique71.fr\/advocnar_backup\/?s={search_term_string}\"},\"query-input\":\"required name=search_term_string\"}],\"inLanguage\":\"fr-FR\"},{\"@type\":\"Person\",\"@id\":\"https:\/\/www.clients.horus-informatique71.fr\/advocnar_backup\/#\/schema\/person\/28ec283f897fb44e1146415d8015d23e\",\"name\":\"FBrochot\",\"url\":\"https:\/\/www.clients.horus-informatique71.fr\/advocnar_backup\/author\/fbrochot\/\"}]}<\/script>\n<!-- \/ Yoast SEO plugin. -->","yoast_head_json":{"title":"ASSEMBL\u00c9E G\u00c9N\u00c9RALE LUNDI 12 F\u00c9VRIER - EAUBONNE - Advocnar","description":"Assembl\u00e9e G\u00e9n\u00e9rale de l'ADVOCNAR 12 f\u00e9vrier 2018 Eaubonne","robots":{"index":"index","follow":"follow","max-snippet":"max-snippet:-1","max-image-preview":"max-image-preview:large","max-video-preview":"max-video-preview:-1"},"canonical":"https:\/\/www.clients.horus-informatique71.fr\/advocnar_backup\/2018\/02\/assemblee-generale-12-fevrier-eaubonne\/","og_locale":"fr_FR","og_type":"article","og_title":"ASSEMBL\u00c9E G\u00c9N\u00c9RALE LUNDI 12 F\u00c9VRIER - EAUBONNE - Advocnar","og_description":"Assembl\u00e9e G\u00e9n\u00e9rale de l'ADVOCNAR 12 f\u00e9vrier 2018 Eaubonne","og_url":"https:\/\/www.clients.horus-informatique71.fr\/advocnar_backup\/2018\/02\/assemblee-generale-12-fevrier-eaubonne\/","og_site_name":"Advocnar","article_published_time":"2018-02-12T07:33:13+00:00","article_modified_time":"2018-02-13T16:32:06+00:00","og_image":[{"width":860,"height":645,"url":"https:\/\/www.clients.horus-informatique71.fr\/advocnar_backup\/wp-content\/uploads\/2018\/02\/Assemblee-generale-2018.png","type":"image\/png"}],"author":"FBrochot","twitter_card":"summary_large_image","twitter_misc":{"\u00c9crit par":"FBrochot","Dur\u00e9e de lecture estim\u00e9e":"1 minute"},"schema":{"@context":"https:\/\/schema.org","@graph":[{"@type":"WebPage","@id":"https:\/\/www.clients.horus-informatique71.fr\/advocnar_backup\/2018\/02\/assemblee-generale-12-fevrier-eaubonne\/","url":"https:\/\/www.clients.horus-informatique71.fr\/advocnar_backup\/2018\/02\/assemblee-generale-12-fevrier-eaubonne\/","name":"ASSEMBL\u00c9E G\u00c9N\u00c9RALE LUNDI 12 F\u00c9VRIER - EAUBONNE - Advocnar","isPartOf":{"@id":"https:\/\/www.clients.horus-informatique71.fr\/advocnar_backup\/#website"},"datePublished":"2018-02-12T07:33:13+00:00","dateModified":"2018-02-13T16:32:06+00:00","author":{"@id":"https:\/\/www.clients.horus-informatique71.fr\/advocnar_backup\/#\/schema\/person\/28ec283f897fb44e1146415d8015d23e"},"description":"Assembl\u00e9e G\u00e9n\u00e9rale de l'ADVOCNAR 12 f\u00e9vrier 2018 Eaubonne","breadcrumb":{"@id":"https:\/\/www.clients.horus-informatique71.fr\/advocnar_backup\/2018\/02\/assemblee-generale-12-fevrier-eaubonne\/#breadcrumb"},"inLanguage":"fr-FR","potentialAction":[{"@type":"ReadAction","target":["https:\/\/www.clients.horus-informatique71.fr\/advocnar_backup\/2018\/02\/assemblee-generale-12-fevrier-eaubonne\/"]}]},{"@type":"BreadcrumbList","@id":"https:\/\/www.clients.horus-informatique71.fr\/advocnar_backup\/2018\/02\/assemblee-generale-12-fevrier-eaubonne\/#breadcrumb","itemListElement":[{"@type":"ListItem","position":1,"name":"Accueil","item":"https:\/\/www.clients.horus-informatique71.fr\/advocnar_backup\/"},{"@type":"ListItem","position":2,"name":"ASSEMBL\u00c9E G\u00c9N\u00c9RALE LUNDI 12 F\u00c9VRIER &#8211; EAUBONNE"}]},{"@type":"WebSite","@id":"https:\/\/www.clients.horus-informatique71.fr\/advocnar_backup\/#website","url":"https:\/\/www.clients.horus-informatique71.fr\/advocnar_backup\/","name":"Advocnar","description":"Association de D\u00e9fense Contre les Nuisances A\u00e9riennes","potentialAction":[{"@type":"SearchAction","target":{"@type":"EntryPoint","urlTemplate":"https:\/\/www.clients.horus-informatique71.fr\/advocnar_backup\/?s={search_term_string}"},"query-input":"required name=search_term_string"}],"inLanguage":"fr-FR"},{"@type":"Person","@id":"https:\/\/www.clients.horus-informatique71.fr\/advocnar_backup\/#\/schema\/person\/28ec283f897fb44e1146415d8015d23e","name":"FBrochot","url":"https:\/\/www.clients.horus-informatique71.fr\/advocnar_backup\/author\/fbrochot\/"}]}},"_links":{"self":[{"href":"https:\/\/www.clients.horus-informatique71.fr\/advocnar_backup\/wp-json\/wp\/v2\/posts\/74167"}],"collection":[{"href":"https:\/\/www.clients.horus-informatique71.fr\/advocnar_backup\/wp-json\/wp\/v2\/posts"}],"about":[{"href":"https:\/\/www.clients.horus-informatique71.fr\/advocnar_backup\/wp-json\/wp\/v2\/types\/post"}],"author":[{"embeddable":true,"href":"https:\/\/www.clients.horus-informatique71.fr\/advocnar_backup\/wp-json\/wp\/v2\/users\/10"}],"replies":[{"embeddable":true,"href":"https:\/\/www.clients.horus-informatique71.fr\/advocnar_backup\/wp-json\/wp\/v2\/comments?post=74167"}],"version-history":[{"count":31,"href":"https:\/\/www.clients.horus-informatique71.fr\/advocnar_backup\/wp-json\/wp\/v2\/posts\/74167\/revisions"}],"predecessor-version":[{"id":74246,"href":"https:\/\/www.clients.horus-informatique71.fr\/advocnar_backup\/wp-json\/wp\/v2\/posts\/74167\/revisions\/74246"}],"wp:featuredmedia":[{"embeddable":true,"href":"https:\/\/www.clients.horus-informatique71.fr\/advocnar_backup\/wp-json\/wp\/v2\/media\/74222"}],"wp:attachment":[{"href":"https:\/\/www.clients.horus-informatique71.fr\/advocnar_backup\/wp-json\/wp\/v2\/media?parent=74167"}],"wp:term":[{"taxonomy":"category","embeddable":true,"href":"https:\/\/www.clients.horus-informatique71.fr\/advocnar_backup\/wp-json\/wp\/v2\/categories?post=74167"},{"taxonomy":"post_tag","embeddable":true,"href":"https:\/\/www.clients.horus-informatique71.fr\/advocnar_backup\/wp-json\/wp\/v2\/tags?post=74167"}],"curies":[{"name":"wp","href":"https:\/\/api.w.org\/{rel}","templated":true}]}}