{"id":74192,"date":"2018-01-23T11:04:58","date_gmt":"2018-01-23T10:04:58","guid":{"rendered":"https:\/\/www.clients.horus-informatique71.fr\/advocnar_backup\/?p=74192"},"modified":"2021-04-02T18:47:42","modified_gmt":"2021-04-02T16:47:42","slug":"advocnar-reagit-a-decision-dabandonner-projet-notre-dame-des-landes","status":"publish","type":"post","link":"https:\/\/www.clients.horus-informatique71.fr\/advocnar_backup\/2018\/01\/advocnar-reagit-a-decision-dabandonner-projet-notre-dame-des-landes\/","title":{"rendered":"L&rsquo;ADVOCNAR r\u00e9agit vivement \u00e0 la d\u00e9cision du gouvernement d\u2019abandonner le projet d\u2019a\u00e9roport \u00e0 Notre-Dame-des-Landes"},"content":{"rendered":"<h4>18.01.2018 &#8211; Le Parisien<\/h4>\n<h5>Les riverains de l\u2019a\u00e9roport de Roissy d\u00e9plorent le d\u00e9veloppement de celui de Nantes<\/h5>\n<p>Roissy. L\u2019association de riverains regrette que le d\u00e9veloppement du trafic a\u00e9rien se fasse au d\u00e9triment des populations locales.<\/p>\n<p>L\u2019Association de d\u00e9fense du Val-d\u2019Oise contre les nuisances a\u00e9riennes (Advocnar) s\u2019interroge dans un communiqu\u00e9, ce jeudi 18 janvier, sur les cons\u00e9quences du renoncement au projet d\u2019a\u00e9roport \u00e0 Notre-Dame-des-Landes (Loire-Atlantique). \u00ab L\u2019Etat poursuit par cette d\u00e9cision (ou plut\u00f4t cette non-d\u00e9cision) sa politique a\u00e9roportuaire du laisser-faire. L\u2019augmentation du trafic s\u2019est op\u00e9r\u00e9e et continuera \u00e0 s\u2019op\u00e9rer sur les plates-formes existantes, dans des zones \u00e0 forte densit\u00e9 de population \u00bb, d\u00e9plore l\u2019Advocnar. Association interpelle \u00e9galement le gouvernement. \u00ab Que comptez-vous faire pour contrer le sacrifice des populations dont la sant\u00e9 et le cadre de vie sont gravement impact\u00e9s par le trafic a\u00e9rien en France ? Quand serez-vous les garants d\u2019un juste \u00e9quilibre entre la croissance continue du transport a\u00e9rien et la n\u00e9cessaire protection de la sant\u00e9 de nos concitoyens ? \u00bb, demande-t-elle.<\/p>\n<hr>\n<h4>18.01.2018 &#8211; La Gazette du Val d&rsquo;Oise<\/h4>\n<h5>Abandon d\u2019a\u00e9roport \u00e0 Notre-Dame-des-Landes. Des riverains de Roissy-Cdg en col\u00e8re dans le Val-d\u2019Oise<\/h5>\n<p>L&rsquo;Advocnar, association de d\u00e9fense des riverains de l&rsquo;a\u00e9roport de Roissy-CDG (Val-d&rsquo;Oise) r\u00e9agit vivement \u00e0 la d\u00e9cision du gouvernement.<\/p>\n<p>L\u2019Advocnar alerte depuis des ann\u00e9es sur les cons\u00e9quences pour les populations de l\u2019augmentation du trafic a\u00e9rien, autour de Roissy.<\/p>\n<p>L\u2019association de d\u00e9fense des riverains de l\u2019a\u00e9roport de Roissy-CDG dans le Val-d\u2019Oise r\u00e9agit vivement \u00e0 la d\u00e9cision du gouvernement, d\u2019abandonner le projet d\u2019a\u00e9roport \u00e0 Notre-Dame-des-Landes (Loire-Atlantique).<\/p>\n<p>\u00ab&nbsp;Que comptez-vous faire pour contrer le sacrifice des populations dont la sant\u00e9 et le cadre de vie sont gravement impact\u00e9s par le trafic a\u00e9rien en France ? Quand serez-vous les garants d\u2019un juste \u00e9quilibre entre la croissance continue du transport a\u00e9rien et la n\u00e9cessaire protection de la sant\u00e9 de nos concitoyens ? Les garants d\u2019un v\u00e9ritable d\u00e9veloppement durable de ce secteur ?&nbsp;\u00bb, interpelle l\u2019Advocnar, association de d\u00e9fense des riverains de l\u2019a\u00e9roport de Roissy, expos\u00e9s aux nuisances d\u2019un trafic a\u00e9rien qui ne cesse de s\u2019accroitre depuis cinquante ans.<\/p>\n<p>L\u2019Advocnar commente la d\u00e9cision par de multiples interrogations sur les cons\u00e9quences : \u00ab&nbsp; l\u2019\u00c9tat devra rompre le contrat pass\u00e9 avec Vinci, ce qui co\u00fbtera une petite fortune aux contribuables que nous sommes tous. L\u2019abandon des portiques cens\u00e9s \u00eatre le support de l\u2019\u00e9cotaxe n\u2019a pas servi de le\u00e7on aux pouvoirs publics.<\/p>\n<p>\u2013 L\u2019Etat consid\u00e8re comme quantit\u00e9 n\u00e9gligeable le r\u00e9sultat d\u2019un r\u00e9f\u00e9rendum organis\u00e9 sur ce projet. Nous appelons cette attitude un d\u00e9ni de d\u00e9mocratie.<\/p>\n<p>\u2013 Les avions continueront \u00e0 survoler la ville de Nantes, avec l\u2019impact sanitaire reconnu, \u00e0 la fois en termes de bruit et de pollution, mais les grenouilles abrit\u00e9es par les zones humides de la r\u00e9gion du site nous ont exprim\u00e9 leur satisfaction. On ne peut pas plaire \u00e0 tout le monde&nbsp;!<\/p>\n<p>\u2013 L\u2019Etat poursuit par cette d\u00e9cision (ou plut\u00f4t cette non-d\u00e9cision) sa politique a\u00e9roportuaire du laisser faire. L\u2019augmentation du trafic s\u2019est op\u00e9r\u00e9e et continuera \u00e0 s\u2019op\u00e9rer sur les plates-formes existantes, dans des zones \u00e0 forte densit\u00e9 de population. Les Peb (plans d\u2019exposition au bruit) ne sont pas respect\u00e9s. Ils ne jouent pas leur r\u00f4le de limitation de la population subissant les nuisances. Les Peb de l\u2019Ile-de-France (la moiti\u00e9 du trafic national), concentrent une densit\u00e9 d\u00e9mographique 10 fois plus forte que la moyenne nationale (1200 hab.\/km2), et 5 fois plus forte, ce n\u2019est gu\u00e8re mieux, pour les principaux a\u00e9roports r\u00e9gionaux.<\/p>\n<p>\u2013 Le k\u00e9ros\u00e8ne utilis\u00e9 comme carburant a\u00e9ronautique est similaire au gasoil des moteur diesel, il participe donc dangereusement aux pics de pollution (oxydes d\u2019azote et particules fines) des grandes agglom\u00e9rations. Le Conseil d\u2019\u00c9tat vient de retoquer les plans de protection de l\u2019atmosph\u00e8re de plusieurs r\u00e9gions, et les instances europ\u00e9ennes ont mis en demeure notre pays de respecter les normes environnementales, mais tout cela n\u2019\u00e9meut pas les pouvoirs publics.<\/p>\n<p>\u2013 Comme on compte pour quantit\u00e9 n\u00e9gligeable les co\u00fbts externes du trafic a\u00e9rien, on peut continuer \u00e0 surcharger les a\u00e9roports existants au m\u00e9pris de la sant\u00e9 des populations survol\u00e9es et au risque d\u2019un scandale sanitaire. Songeons que tout mouvement d\u2019avions \u00e0 Notre-Dame-des-Landes, ou dans une autre zone peu dense, aurait impact\u00e9 1000 fois moins de personnes.&nbsp;\u00bb<\/p>\n<p>L\u2019ADVOCNAR, membre de l\u2019Union Europ\u00e9enne Contre les Nuisances A\u00e9riennes et de la Convergence Associative, interpelle enfin le gouvernement sur les cons\u00e9quences de sa d\u00e9cision&nbsp;:<\/p>\n<p>\u00ab&nbsp;Que comptez-vous faire pour contrer le sacrifice des populations dont la sant\u00e9 et le cadre de vie sont gravement impact\u00e9s par le trafic a\u00e9rien en France&nbsp;? Quand serez-vous les garants d\u2019un juste \u00e9quilibre entre la croissance continue du transport a\u00e9rien et la n\u00e9cessaire protection de la sant\u00e9 de nos concitoyens&nbsp;? Les garants d\u2019un v\u00e9ritable d\u00e9veloppement durable de ce secteur&nbsp;?&nbsp;\u00bb<\/p>\n<p>Fabrice Cahen &#8211; La Gazette du Val d&rsquo;Oise<\/p>\n<hr>\n<p><a href=\"https:\/\/www.advocnar.fr2018\/01\/communique-advocnar-abandon-projet-aeroport-notre-dame-des-landes\/\">Lire le communiqu\u00e9 de presse de l&rsquo;ADVOCNAR<\/a><\/p>\n<hr>\n<p>&nbsp;<\/p>\n","protected":false},"excerpt":{"rendered":"<p>18.01.2018 &#8211; Le Parisien Les riverains de l\u2019a\u00e9roport de Roissy d\u00e9plorent le d\u00e9veloppement de celui de Nantes Roissy. L\u2019association de riverains regrette que le d\u00e9veloppement du trafic a\u00e9rien se fasse au d\u00e9triment des populations locales. L\u2019Association de d\u00e9fense du Val-d\u2019Oise contre les nuisances a\u00e9riennes (Advocnar) s\u2019interroge dans un communiqu\u00e9, ce jeudi 18 janvier, sur les [&hellip;]<\/p>\n","protected":false},"author":10,"featured_media":0,"comment_status":"closed","ping_status":"open","sticky":false,"template":"","format":"standard","meta":{"footnotes":""},"categories":[49],"tags":[],"yoast_head":"<!-- This site is optimized with the Yoast SEO plugin v22.0 - https:\/\/yoast.com\/wordpress\/plugins\/seo\/ -->\n<title>L&#039;ADVOCNAR r\u00e9agit vivement \u00e0 la d\u00e9cision du gouvernement d\u2019abandonner le projet d\u2019a\u00e9roport \u00e0 Notre-Dame-des-Landes - Advocnar<\/title>\n<meta name=\"robots\" content=\"index, follow, max-snippet:-1, max-image-preview:large, max-video-preview:-1\" \/>\n<link rel=\"canonical\" href=\"https:\/\/www.clients.horus-informatique71.fr\/advocnar_backup\/2018\/01\/advocnar-reagit-a-decision-dabandonner-projet-notre-dame-des-landes\/\" \/>\n<meta property=\"og:locale\" content=\"fr_FR\" \/>\n<meta property=\"og:type\" content=\"article\" \/>\n<meta property=\"og:title\" content=\"L&#039;ADVOCNAR r\u00e9agit vivement \u00e0 la d\u00e9cision du gouvernement d\u2019abandonner le projet d\u2019a\u00e9roport \u00e0 Notre-Dame-des-Landes - Advocnar\" \/>\n<meta property=\"og:description\" content=\"18.01.2018 &#8211; Le Parisien Les riverains de l\u2019a\u00e9roport de Roissy d\u00e9plorent le d\u00e9veloppement de celui de Nantes Roissy. L\u2019association de riverains regrette que le d\u00e9veloppement du trafic a\u00e9rien se fasse au d\u00e9triment des populations locales. L\u2019Association de d\u00e9fense du Val-d\u2019Oise contre les nuisances a\u00e9riennes (Advocnar) s\u2019interroge dans un communiqu\u00e9, ce jeudi 18 janvier, sur les [&hellip;]\" \/>\n<meta property=\"og:url\" content=\"https:\/\/www.clients.horus-informatique71.fr\/advocnar_backup\/2018\/01\/advocnar-reagit-a-decision-dabandonner-projet-notre-dame-des-landes\/\" \/>\n<meta property=\"og:site_name\" content=\"Advocnar\" \/>\n<meta property=\"article:published_time\" content=\"2018-01-23T10:04:58+00:00\" \/>\n<meta property=\"article:modified_time\" content=\"2021-04-02T16:47:42+00:00\" \/>\n<meta name=\"author\" content=\"FBrochot\" \/>\n<meta name=\"twitter:card\" content=\"summary_large_image\" \/>\n<meta name=\"twitter:label1\" content=\"\u00c9crit par\" \/>\n\t<meta name=\"twitter:data1\" content=\"FBrochot\" \/>\n\t<meta name=\"twitter:label2\" content=\"Dur\u00e9e de lecture estim\u00e9e\" \/>\n\t<meta name=\"twitter:data2\" content=\"4 minutes\" \/>\n<script type=\"application\/ld+json\" class=\"yoast-schema-graph\">{\"@context\":\"https:\/\/schema.org\",\"@graph\":[{\"@type\":\"WebPage\",\"@id\":\"https:\/\/www.clients.horus-informatique71.fr\/advocnar_backup\/2018\/01\/advocnar-reagit-a-decision-dabandonner-projet-notre-dame-des-landes\/\",\"url\":\"https:\/\/www.clients.horus-informatique71.fr\/advocnar_backup\/2018\/01\/advocnar-reagit-a-decision-dabandonner-projet-notre-dame-des-landes\/\",\"name\":\"L'ADVOCNAR r\u00e9agit vivement \u00e0 la d\u00e9cision du gouvernement d\u2019abandonner le projet d\u2019a\u00e9roport \u00e0 Notre-Dame-des-Landes - Advocnar\",\"isPartOf\":{\"@id\":\"https:\/\/www.clients.horus-informatique71.fr\/advocnar_backup\/#website\"},\"datePublished\":\"2018-01-23T10:04:58+00:00\",\"dateModified\":\"2021-04-02T16:47:42+00:00\",\"author\":{\"@id\":\"https:\/\/www.clients.horus-informatique71.fr\/advocnar_backup\/#\/schema\/person\/28ec283f897fb44e1146415d8015d23e\"},\"breadcrumb\":{\"@id\":\"https:\/\/www.clients.horus-informatique71.fr\/advocnar_backup\/2018\/01\/advocnar-reagit-a-decision-dabandonner-projet-notre-dame-des-landes\/#breadcrumb\"},\"inLanguage\":\"fr-FR\",\"potentialAction\":[{\"@type\":\"ReadAction\",\"target\":[\"https:\/\/www.clients.horus-informatique71.fr\/advocnar_backup\/2018\/01\/advocnar-reagit-a-decision-dabandonner-projet-notre-dame-des-landes\/\"]}]},{\"@type\":\"BreadcrumbList\",\"@id\":\"https:\/\/www.clients.horus-informatique71.fr\/advocnar_backup\/2018\/01\/advocnar-reagit-a-decision-dabandonner-projet-notre-dame-des-landes\/#breadcrumb\",\"itemListElement\":[{\"@type\":\"ListItem\",\"position\":1,\"name\":\"Accueil\",\"item\":\"https:\/\/www.clients.horus-informatique71.fr\/advocnar_backup\/\"},{\"@type\":\"ListItem\",\"position\":2,\"name\":\"L&#8217;ADVOCNAR r\u00e9agit vivement \u00e0 la d\u00e9cision du gouvernement d\u2019abandonner le projet d\u2019a\u00e9roport \u00e0 Notre-Dame-des-Landes\"}]},{\"@type\":\"WebSite\",\"@id\":\"https:\/\/www.clients.horus-informatique71.fr\/advocnar_backup\/#website\",\"url\":\"https:\/\/www.clients.horus-informatique71.fr\/advocnar_backup\/\",\"name\":\"Advocnar\",\"description\":\"Association de D\u00e9fense Contre les Nuisances A\u00e9riennes\",\"potentialAction\":[{\"@type\":\"SearchAction\",\"target\":{\"@type\":\"EntryPoint\",\"urlTemplate\":\"https:\/\/www.clients.horus-informatique71.fr\/advocnar_backup\/?s={search_term_string}\"},\"query-input\":\"required name=search_term_string\"}],\"inLanguage\":\"fr-FR\"},{\"@type\":\"Person\",\"@id\":\"https:\/\/www.clients.horus-informatique71.fr\/advocnar_backup\/#\/schema\/person\/28ec283f897fb44e1146415d8015d23e\",\"name\":\"FBrochot\",\"url\":\"https:\/\/www.clients.horus-informatique71.fr\/advocnar_backup\/author\/fbrochot\/\"}]}<\/script>\n<!-- \/ Yoast SEO plugin. -->","yoast_head_json":{"title":"L'ADVOCNAR r\u00e9agit vivement \u00e0 la d\u00e9cision du gouvernement d\u2019abandonner le projet d\u2019a\u00e9roport \u00e0 Notre-Dame-des-Landes - Advocnar","robots":{"index":"index","follow":"follow","max-snippet":"max-snippet:-1","max-image-preview":"max-image-preview:large","max-video-preview":"max-video-preview:-1"},"canonical":"https:\/\/www.clients.horus-informatique71.fr\/advocnar_backup\/2018\/01\/advocnar-reagit-a-decision-dabandonner-projet-notre-dame-des-landes\/","og_locale":"fr_FR","og_type":"article","og_title":"L'ADVOCNAR r\u00e9agit vivement \u00e0 la d\u00e9cision du gouvernement d\u2019abandonner le projet d\u2019a\u00e9roport \u00e0 Notre-Dame-des-Landes - Advocnar","og_description":"18.01.2018 &#8211; Le Parisien Les riverains de l\u2019a\u00e9roport de Roissy d\u00e9plorent le d\u00e9veloppement de celui de Nantes Roissy. L\u2019association de riverains regrette que le d\u00e9veloppement du trafic a\u00e9rien se fasse au d\u00e9triment des populations locales. L\u2019Association de d\u00e9fense du Val-d\u2019Oise contre les nuisances a\u00e9riennes (Advocnar) s\u2019interroge dans un communiqu\u00e9, ce jeudi 18 janvier, sur les [&hellip;]","og_url":"https:\/\/www.clients.horus-informatique71.fr\/advocnar_backup\/2018\/01\/advocnar-reagit-a-decision-dabandonner-projet-notre-dame-des-landes\/","og_site_name":"Advocnar","article_published_time":"2018-01-23T10:04:58+00:00","article_modified_time":"2021-04-02T16:47:42+00:00","author":"FBrochot","twitter_card":"summary_large_image","twitter_misc":{"\u00c9crit par":"FBrochot","Dur\u00e9e de lecture estim\u00e9e":"4 minutes"},"schema":{"@context":"https:\/\/schema.org","@graph":[{"@type":"WebPage","@id":"https:\/\/www.clients.horus-informatique71.fr\/advocnar_backup\/2018\/01\/advocnar-reagit-a-decision-dabandonner-projet-notre-dame-des-landes\/","url":"https:\/\/www.clients.horus-informatique71.fr\/advocnar_backup\/2018\/01\/advocnar-reagit-a-decision-dabandonner-projet-notre-dame-des-landes\/","name":"L'ADVOCNAR r\u00e9agit vivement \u00e0 la d\u00e9cision du gouvernement d\u2019abandonner le projet d\u2019a\u00e9roport \u00e0 Notre-Dame-des-Landes - Advocnar","isPartOf":{"@id":"https:\/\/www.clients.horus-informatique71.fr\/advocnar_backup\/#website"},"datePublished":"2018-01-23T10:04:58+00:00","dateModified":"2021-04-02T16:47:42+00:00","author":{"@id":"https:\/\/www.clients.horus-informatique71.fr\/advocnar_backup\/#\/schema\/person\/28ec283f897fb44e1146415d8015d23e"},"breadcrumb":{"@id":"https:\/\/www.clients.horus-informatique71.fr\/advocnar_backup\/2018\/01\/advocnar-reagit-a-decision-dabandonner-projet-notre-dame-des-landes\/#breadcrumb"},"inLanguage":"fr-FR","potentialAction":[{"@type":"ReadAction","target":["https:\/\/www.clients.horus-informatique71.fr\/advocnar_backup\/2018\/01\/advocnar-reagit-a-decision-dabandonner-projet-notre-dame-des-landes\/"]}]},{"@type":"BreadcrumbList","@id":"https:\/\/www.clients.horus-informatique71.fr\/advocnar_backup\/2018\/01\/advocnar-reagit-a-decision-dabandonner-projet-notre-dame-des-landes\/#breadcrumb","itemListElement":[{"@type":"ListItem","position":1,"name":"Accueil","item":"https:\/\/www.clients.horus-informatique71.fr\/advocnar_backup\/"},{"@type":"ListItem","position":2,"name":"L&#8217;ADVOCNAR r\u00e9agit vivement \u00e0 la d\u00e9cision du gouvernement d\u2019abandonner le projet d\u2019a\u00e9roport \u00e0 Notre-Dame-des-Landes"}]},{"@type":"WebSite","@id":"https:\/\/www.clients.horus-informatique71.fr\/advocnar_backup\/#website","url":"https:\/\/www.clients.horus-informatique71.fr\/advocnar_backup\/","name":"Advocnar","description":"Association de D\u00e9fense Contre les Nuisances A\u00e9riennes","potentialAction":[{"@type":"SearchAction","target":{"@type":"EntryPoint","urlTemplate":"https:\/\/www.clients.horus-informatique71.fr\/advocnar_backup\/?s={search_term_string}"},"query-input":"required name=search_term_string"}],"inLanguage":"fr-FR"},{"@type":"Person","@id":"https:\/\/www.clients.horus-informatique71.fr\/advocnar_backup\/#\/schema\/person\/28ec283f897fb44e1146415d8015d23e","name":"FBrochot","url":"https:\/\/www.clients.horus-informatique71.fr\/advocnar_backup\/author\/fbrochot\/"}]}},"_links":{"self":[{"href":"https:\/\/www.clients.horus-informatique71.fr\/advocnar_backup\/wp-json\/wp\/v2\/posts\/74192"}],"collection":[{"href":"https:\/\/www.clients.horus-informatique71.fr\/advocnar_backup\/wp-json\/wp\/v2\/posts"}],"about":[{"href":"https:\/\/www.clients.horus-informatique71.fr\/advocnar_backup\/wp-json\/wp\/v2\/types\/post"}],"author":[{"embeddable":true,"href":"https:\/\/www.clients.horus-informatique71.fr\/advocnar_backup\/wp-json\/wp\/v2\/users\/10"}],"replies":[{"embeddable":true,"href":"https:\/\/www.clients.horus-informatique71.fr\/advocnar_backup\/wp-json\/wp\/v2\/comments?post=74192"}],"version-history":[{"count":5,"href":"https:\/\/www.clients.horus-informatique71.fr\/advocnar_backup\/wp-json\/wp\/v2\/posts\/74192\/revisions"}],"predecessor-version":[{"id":76691,"href":"https:\/\/www.clients.horus-informatique71.fr\/advocnar_backup\/wp-json\/wp\/v2\/posts\/74192\/revisions\/76691"}],"wp:attachment":[{"href":"https:\/\/www.clients.horus-informatique71.fr\/advocnar_backup\/wp-json\/wp\/v2\/media?parent=74192"}],"wp:term":[{"taxonomy":"category","embeddable":true,"href":"https:\/\/www.clients.horus-informatique71.fr\/advocnar_backup\/wp-json\/wp\/v2\/categories?post=74192"},{"taxonomy":"post_tag","embeddable":true,"href":"https:\/\/www.clients.horus-informatique71.fr\/advocnar_backup\/wp-json\/wp\/v2\/tags?post=74192"}],"curies":[{"name":"wp","href":"https:\/\/api.w.org\/{rel}","templated":true}]}}