{"id":74268,"date":"2018-03-09T23:08:33","date_gmt":"2018-03-09T22:08:33","guid":{"rendered":"https:\/\/www.clients.horus-informatique71.fr\/advocnar_backup\/?p=74268"},"modified":"2018-03-09T23:13:18","modified_gmt":"2018-03-09T22:13:18","slug":"decision-conseil-detat-bruit-aeroports-franciliens","status":"publish","type":"post","link":"https:\/\/www.clients.horus-informatique71.fr\/advocnar_backup\/2018\/03\/decision-conseil-detat-bruit-aeroports-franciliens\/","title":{"rendered":"Le Conseil d\u2019Etat rend sa d\u00e9cision concernant le bruit autour des a\u00e9roports franciliens : une premi\u00e8re victoire pour les requ\u00e9rants"},"content":{"rendered":"<p>Le 24 avril 2017, ADVOCNAR, ANA, \u00e9lus et associations requ\u00e9rants[1] ont saisi le Conseil d\u2019Etat pour que la France se conforme au droit europ\u00e9en, concernant la r\u00e9duction du bruit li\u00e9 au trafic a\u00e9rien autour des a\u00e9roports d\u2019Orly, Roissy Charles-de-Gaulle et Le Bourget.<\/p>\n<h5>Le 7 mars 2018, le Conseil d\u2019Etat a rendu sa d\u00e9cision, qui reprend les conclusions du rapporteur public d\u00e9velopp\u00e9es lors de l\u2019audience du 14 f\u00e9vrier dernier\u00a0:<\/h5>\n<ul>\n<li>Admission de l\u2019ensemble des interventions volontaires des communes et associations[2]<\/li>\n<li>Rejet de la demande de transposition compl\u00e8te de la Directive 2002\/49\/CE en droit fran\u00e7ais<\/li>\n<li>Recevabilit\u00e9 des recours concernant les Plans de Pr\u00e9vention du Bruit dans l\u2019Environnement (PPBE) d\u2019Orly, Roissy Charles-de-Gaulle et Le Bourget<\/li>\n<li>Renvoi devant les tribunaux administratifs le soin de juger les PPBE\u00a0: Paris pour le PPBE du Bourget, Melun pour le PPBE d&rsquo;Orly, Amiens pour le PPBE de Roissy<\/li>\n<\/ul>\n<h5>La reconnaissance de la recevabilit\u00e9 de nos recours contre les PPBE des trois principaux a\u00e9roports franciliens est une premi\u00e8re victoire dans cette action juridique de grande envergure.<\/h5>\n<p>N\u00e9anmoins, face \u00e0 l\u2019ampleur et \u00e0 la dur\u00e9e des manquements dont l\u2019Etat fran\u00e7ais a fait preuve, s\u2019agissant des mesures devant \u00eatre prises en mati\u00e8re de r\u00e9duction des nuisances a\u00e9riennes dans le cadre de la mise en \u0153uvre d\u2019une m\u00eame Directive par le Premier Ministre, nous ne comprenons pas que notre recours puisse se retrouver \u00e9clat\u00e9 devant trois tribunaux administratifs. Ce renvoi entra\u00eenera un allongement certain du d\u00e9lai de jugement et un risque de disparit\u00e9 des d\u00e9cisions.<\/p>\n<p>Nous resterons extr\u00eamement mobilis\u00e9s et vigilants sur la suite de ces recours afin qu\u2019ils d\u00e9bouchent sur des d\u00e9cisions positives pour les riverains des grands a\u00e9roports franciliens.<\/p>\n<p><a href=\"https:\/\/www.clients.horus-informatique71.fr\/advocnar_backup\/wp-content\/uploads\/2018\/03\/2018-03-09-CP-Decision-Conseil-dEtat-V2.pdf\">Lire le communiqu\u00e9 de presse Convergence Associative<\/a><\/p>\n<p><a href=\"https:\/\/www.clients.horus-informatique71.fr\/advocnar_backup\/wp-content\/uploads\/2018\/03\/Actions-juridiques-PPBE-Dossier-de-presse-5.pdf\">Lire le dossier de presse<\/a><\/p>\n<hr \/>\n<p>[1] Associations et collectifs ADVOCNAR &#8211; ANA &#8211; CIRENA &#8211; CSNA &#8211; DRAPO &#8211; ESSONNE NATURE ENVIRONNEMENT &#8211; LES AMIS DE LA TERRE Val d\u2019Oise &#8211; OYE 349 &#8211; FNE-IDF &#8211; QVLB &#8211; SOS Vall\u00e9e de Montmorency &#8211; UFCNA &#8211; VILLE &amp; A\u00c9ROPORT &#8211; Communes de GONESSE et SAINT-PRIX<\/p>\n<p>[2] Communes: ANDILLY, COMPANS, CORMEILLES-EN-PARISIS, DOMONT, EAUBONNE, LA FRETTE-SUR-SEINE, LE PLESSIS-BOUCHARD, LINAS, MONTGERON, SAINT-MAUR-DES-FOSS\u00c9S, SANNOIS, STAINS, SUCY-EN-BRIE, TAVERNY, VARENNES-JARCY, VILLENEUVE-LE-ROI, YERRES &#8211; Association MNLE 93<\/p>\n<p>&nbsp;<\/p>\n","protected":false},"excerpt":{"rendered":"<p>Le 24 avril 2017, ADVOCNAR, ANA, \u00e9lus et associations requ\u00e9rants[1] ont saisi le Conseil d\u2019Etat pour que la France se conforme au droit europ\u00e9en, concernant la r\u00e9duction du bruit li\u00e9 au trafic a\u00e9rien autour des a\u00e9roports d\u2019Orly, Roissy Charles-de-Gaulle et Le Bourget. Le 7 mars 2018, le Conseil d\u2019Etat a rendu sa d\u00e9cision, qui reprend [&hellip;]<\/p>\n","protected":false},"author":10,"featured_media":73794,"comment_status":"closed","ping_status":"open","sticky":false,"template":"","format":"standard","meta":{"footnotes":""},"categories":[46],"tags":[],"yoast_head":"<!-- This site is optimized with the Yoast SEO plugin v22.0 - https:\/\/yoast.com\/wordpress\/plugins\/seo\/ -->\n<title>Le Conseil d\u2019Etat rend sa d\u00e9cision concernant le bruit autour des a\u00e9roports franciliens : une premi\u00e8re victoire pour les requ\u00e9rants - Advocnar<\/title>\n<meta name=\"robots\" content=\"index, follow, max-snippet:-1, max-image-preview:large, max-video-preview:-1\" \/>\n<link rel=\"canonical\" href=\"https:\/\/www.clients.horus-informatique71.fr\/advocnar_backup\/2018\/03\/decision-conseil-detat-bruit-aeroports-franciliens\/\" \/>\n<meta property=\"og:locale\" content=\"fr_FR\" \/>\n<meta property=\"og:type\" content=\"article\" \/>\n<meta property=\"og:title\" content=\"Le Conseil d\u2019Etat rend sa d\u00e9cision concernant le bruit autour des a\u00e9roports franciliens : une premi\u00e8re victoire pour les requ\u00e9rants - Advocnar\" \/>\n<meta property=\"og:description\" content=\"Le 24 avril 2017, ADVOCNAR, ANA, \u00e9lus et associations requ\u00e9rants[1] ont saisi le Conseil d\u2019Etat pour que la France se conforme au droit europ\u00e9en, concernant la r\u00e9duction du bruit li\u00e9 au trafic a\u00e9rien autour des a\u00e9roports d\u2019Orly, Roissy Charles-de-Gaulle et Le Bourget. Le 7 mars 2018, le Conseil d\u2019Etat a rendu sa d\u00e9cision, qui reprend [&hellip;]\" \/>\n<meta property=\"og:url\" content=\"https:\/\/www.clients.horus-informatique71.fr\/advocnar_backup\/2018\/03\/decision-conseil-detat-bruit-aeroports-franciliens\/\" \/>\n<meta property=\"og:site_name\" content=\"Advocnar\" \/>\n<meta property=\"article:published_time\" content=\"2018-03-09T22:08:33+00:00\" \/>\n<meta property=\"article:modified_time\" content=\"2018-03-09T22:13:18+00:00\" \/>\n<meta property=\"og:image\" content=\"https:\/\/www.clients.horus-informatique71.fr\/advocnar_backup\/wp-content\/uploads\/2017\/04\/Action-juridique.png\" \/>\n\t<meta property=\"og:image:width\" content=\"812\" \/>\n\t<meta property=\"og:image:height\" content=\"611\" \/>\n\t<meta property=\"og:image:type\" content=\"image\/png\" \/>\n<meta name=\"author\" content=\"FBrochot\" \/>\n<meta name=\"twitter:card\" content=\"summary_large_image\" \/>\n<meta name=\"twitter:label1\" content=\"\u00c9crit par\" \/>\n\t<meta name=\"twitter:data1\" content=\"FBrochot\" \/>\n\t<meta name=\"twitter:label2\" content=\"Dur\u00e9e de lecture estim\u00e9e\" \/>\n\t<meta name=\"twitter:data2\" content=\"2 minutes\" \/>\n<script type=\"application\/ld+json\" class=\"yoast-schema-graph\">{\"@context\":\"https:\/\/schema.org\",\"@graph\":[{\"@type\":\"WebPage\",\"@id\":\"https:\/\/www.clients.horus-informatique71.fr\/advocnar_backup\/2018\/03\/decision-conseil-detat-bruit-aeroports-franciliens\/\",\"url\":\"https:\/\/www.clients.horus-informatique71.fr\/advocnar_backup\/2018\/03\/decision-conseil-detat-bruit-aeroports-franciliens\/\",\"name\":\"Le Conseil d\u2019Etat rend sa d\u00e9cision concernant le bruit autour des a\u00e9roports franciliens : une premi\u00e8re victoire pour les requ\u00e9rants - Advocnar\",\"isPartOf\":{\"@id\":\"https:\/\/www.clients.horus-informatique71.fr\/advocnar_backup\/#website\"},\"datePublished\":\"2018-03-09T22:08:33+00:00\",\"dateModified\":\"2018-03-09T22:13:18+00:00\",\"author\":{\"@id\":\"https:\/\/www.clients.horus-informatique71.fr\/advocnar_backup\/#\/schema\/person\/28ec283f897fb44e1146415d8015d23e\"},\"breadcrumb\":{\"@id\":\"https:\/\/www.clients.horus-informatique71.fr\/advocnar_backup\/2018\/03\/decision-conseil-detat-bruit-aeroports-franciliens\/#breadcrumb\"},\"inLanguage\":\"fr-FR\",\"potentialAction\":[{\"@type\":\"ReadAction\",\"target\":[\"https:\/\/www.clients.horus-informatique71.fr\/advocnar_backup\/2018\/03\/decision-conseil-detat-bruit-aeroports-franciliens\/\"]}]},{\"@type\":\"BreadcrumbList\",\"@id\":\"https:\/\/www.clients.horus-informatique71.fr\/advocnar_backup\/2018\/03\/decision-conseil-detat-bruit-aeroports-franciliens\/#breadcrumb\",\"itemListElement\":[{\"@type\":\"ListItem\",\"position\":1,\"name\":\"Accueil\",\"item\":\"https:\/\/www.clients.horus-informatique71.fr\/advocnar_backup\/\"},{\"@type\":\"ListItem\",\"position\":2,\"name\":\"Le Conseil d\u2019Etat rend sa d\u00e9cision concernant le bruit autour des a\u00e9roports franciliens : une premi\u00e8re victoire pour les requ\u00e9rants\"}]},{\"@type\":\"WebSite\",\"@id\":\"https:\/\/www.clients.horus-informatique71.fr\/advocnar_backup\/#website\",\"url\":\"https:\/\/www.clients.horus-informatique71.fr\/advocnar_backup\/\",\"name\":\"Advocnar\",\"description\":\"Association de D\u00e9fense Contre les Nuisances A\u00e9riennes\",\"potentialAction\":[{\"@type\":\"SearchAction\",\"target\":{\"@type\":\"EntryPoint\",\"urlTemplate\":\"https:\/\/www.clients.horus-informatique71.fr\/advocnar_backup\/?s={search_term_string}\"},\"query-input\":\"required name=search_term_string\"}],\"inLanguage\":\"fr-FR\"},{\"@type\":\"Person\",\"@id\":\"https:\/\/www.clients.horus-informatique71.fr\/advocnar_backup\/#\/schema\/person\/28ec283f897fb44e1146415d8015d23e\",\"name\":\"FBrochot\",\"url\":\"https:\/\/www.clients.horus-informatique71.fr\/advocnar_backup\/author\/fbrochot\/\"}]}<\/script>\n<!-- \/ Yoast SEO plugin. -->","yoast_head_json":{"title":"Le Conseil d\u2019Etat rend sa d\u00e9cision concernant le bruit autour des a\u00e9roports franciliens : une premi\u00e8re victoire pour les requ\u00e9rants - Advocnar","robots":{"index":"index","follow":"follow","max-snippet":"max-snippet:-1","max-image-preview":"max-image-preview:large","max-video-preview":"max-video-preview:-1"},"canonical":"https:\/\/www.clients.horus-informatique71.fr\/advocnar_backup\/2018\/03\/decision-conseil-detat-bruit-aeroports-franciliens\/","og_locale":"fr_FR","og_type":"article","og_title":"Le Conseil d\u2019Etat rend sa d\u00e9cision concernant le bruit autour des a\u00e9roports franciliens : une premi\u00e8re victoire pour les requ\u00e9rants - Advocnar","og_description":"Le 24 avril 2017, ADVOCNAR, ANA, \u00e9lus et associations requ\u00e9rants[1] ont saisi le Conseil d\u2019Etat pour que la France se conforme au droit europ\u00e9en, concernant la r\u00e9duction du bruit li\u00e9 au trafic a\u00e9rien autour des a\u00e9roports d\u2019Orly, Roissy Charles-de-Gaulle et Le Bourget. Le 7 mars 2018, le Conseil d\u2019Etat a rendu sa d\u00e9cision, qui reprend [&hellip;]","og_url":"https:\/\/www.clients.horus-informatique71.fr\/advocnar_backup\/2018\/03\/decision-conseil-detat-bruit-aeroports-franciliens\/","og_site_name":"Advocnar","article_published_time":"2018-03-09T22:08:33+00:00","article_modified_time":"2018-03-09T22:13:18+00:00","og_image":[{"width":812,"height":611,"url":"https:\/\/www.clients.horus-informatique71.fr\/advocnar_backup\/wp-content\/uploads\/2017\/04\/Action-juridique.png","type":"image\/png"}],"author":"FBrochot","twitter_card":"summary_large_image","twitter_misc":{"\u00c9crit par":"FBrochot","Dur\u00e9e de lecture estim\u00e9e":"2 minutes"},"schema":{"@context":"https:\/\/schema.org","@graph":[{"@type":"WebPage","@id":"https:\/\/www.clients.horus-informatique71.fr\/advocnar_backup\/2018\/03\/decision-conseil-detat-bruit-aeroports-franciliens\/","url":"https:\/\/www.clients.horus-informatique71.fr\/advocnar_backup\/2018\/03\/decision-conseil-detat-bruit-aeroports-franciliens\/","name":"Le Conseil d\u2019Etat rend sa d\u00e9cision concernant le bruit autour des a\u00e9roports franciliens : une premi\u00e8re victoire pour les requ\u00e9rants - Advocnar","isPartOf":{"@id":"https:\/\/www.clients.horus-informatique71.fr\/advocnar_backup\/#website"},"datePublished":"2018-03-09T22:08:33+00:00","dateModified":"2018-03-09T22:13:18+00:00","author":{"@id":"https:\/\/www.clients.horus-informatique71.fr\/advocnar_backup\/#\/schema\/person\/28ec283f897fb44e1146415d8015d23e"},"breadcrumb":{"@id":"https:\/\/www.clients.horus-informatique71.fr\/advocnar_backup\/2018\/03\/decision-conseil-detat-bruit-aeroports-franciliens\/#breadcrumb"},"inLanguage":"fr-FR","potentialAction":[{"@type":"ReadAction","target":["https:\/\/www.clients.horus-informatique71.fr\/advocnar_backup\/2018\/03\/decision-conseil-detat-bruit-aeroports-franciliens\/"]}]},{"@type":"BreadcrumbList","@id":"https:\/\/www.clients.horus-informatique71.fr\/advocnar_backup\/2018\/03\/decision-conseil-detat-bruit-aeroports-franciliens\/#breadcrumb","itemListElement":[{"@type":"ListItem","position":1,"name":"Accueil","item":"https:\/\/www.clients.horus-informatique71.fr\/advocnar_backup\/"},{"@type":"ListItem","position":2,"name":"Le Conseil d\u2019Etat rend sa d\u00e9cision concernant le bruit autour des a\u00e9roports franciliens : une premi\u00e8re victoire pour les requ\u00e9rants"}]},{"@type":"WebSite","@id":"https:\/\/www.clients.horus-informatique71.fr\/advocnar_backup\/#website","url":"https:\/\/www.clients.horus-informatique71.fr\/advocnar_backup\/","name":"Advocnar","description":"Association de D\u00e9fense Contre les Nuisances A\u00e9riennes","potentialAction":[{"@type":"SearchAction","target":{"@type":"EntryPoint","urlTemplate":"https:\/\/www.clients.horus-informatique71.fr\/advocnar_backup\/?s={search_term_string}"},"query-input":"required name=search_term_string"}],"inLanguage":"fr-FR"},{"@type":"Person","@id":"https:\/\/www.clients.horus-informatique71.fr\/advocnar_backup\/#\/schema\/person\/28ec283f897fb44e1146415d8015d23e","name":"FBrochot","url":"https:\/\/www.clients.horus-informatique71.fr\/advocnar_backup\/author\/fbrochot\/"}]}},"_links":{"self":[{"href":"https:\/\/www.clients.horus-informatique71.fr\/advocnar_backup\/wp-json\/wp\/v2\/posts\/74268"}],"collection":[{"href":"https:\/\/www.clients.horus-informatique71.fr\/advocnar_backup\/wp-json\/wp\/v2\/posts"}],"about":[{"href":"https:\/\/www.clients.horus-informatique71.fr\/advocnar_backup\/wp-json\/wp\/v2\/types\/post"}],"author":[{"embeddable":true,"href":"https:\/\/www.clients.horus-informatique71.fr\/advocnar_backup\/wp-json\/wp\/v2\/users\/10"}],"replies":[{"embeddable":true,"href":"https:\/\/www.clients.horus-informatique71.fr\/advocnar_backup\/wp-json\/wp\/v2\/comments?post=74268"}],"version-history":[{"count":5,"href":"https:\/\/www.clients.horus-informatique71.fr\/advocnar_backup\/wp-json\/wp\/v2\/posts\/74268\/revisions"}],"predecessor-version":[{"id":74274,"href":"https:\/\/www.clients.horus-informatique71.fr\/advocnar_backup\/wp-json\/wp\/v2\/posts\/74268\/revisions\/74274"}],"wp:featuredmedia":[{"embeddable":true,"href":"https:\/\/www.clients.horus-informatique71.fr\/advocnar_backup\/wp-json\/wp\/v2\/media\/73794"}],"wp:attachment":[{"href":"https:\/\/www.clients.horus-informatique71.fr\/advocnar_backup\/wp-json\/wp\/v2\/media?parent=74268"}],"wp:term":[{"taxonomy":"category","embeddable":true,"href":"https:\/\/www.clients.horus-informatique71.fr\/advocnar_backup\/wp-json\/wp\/v2\/categories?post=74268"},{"taxonomy":"post_tag","embeddable":true,"href":"https:\/\/www.clients.horus-informatique71.fr\/advocnar_backup\/wp-json\/wp\/v2\/tags?post=74268"}],"curies":[{"name":"wp","href":"https:\/\/api.w.org\/{rel}","templated":true}]}}