{"id":74289,"date":"2018-03-23T14:12:41","date_gmt":"2018-03-23T13:12:41","guid":{"rendered":"https:\/\/www.clients.horus-informatique71.fr\/advocnar_backup\/?p=74289"},"modified":"2018-03-24T14:18:22","modified_gmt":"2018-03-24T13:18:22","slug":"lancement-assises-transport-aerien","status":"publish","type":"post","link":"https:\/\/www.clients.horus-informatique71.fr\/advocnar_backup\/2018\/03\/lancement-assises-transport-aerien\/","title":{"rendered":"Lancement des Assises du transport a\u00e9rien: Madame la Ministre, n&rsquo;oubliez pas les populations survol\u00e9es!"},"content":{"rendered":"<p>&nbsp;<\/p>\n<p>L&rsquo;ADVOCNAR, pr\u00e9sente lors du lancement des Assises nationales du transport a\u00e9rien le 20 mars dernier, partage la r\u00e9action de l&rsquo;UFCNA (dont elle est membre actif) aux propos de la Ministre des Transports:<\/p>\n<hr \/>\n<p style=\"text-align: right;\">Le 23 mars 2018<\/p>\n<h4 style=\"text-align: center;\">COMMUNIQU\u00c9 UFCNA<\/h4>\n<h4>Assises nationales\u00a0 du transport a\u00e9rien\u00a0: lancement<br \/>\nLa voix des riverains d\u2019a\u00e9roports et des populations survol\u00e9es d\u00e9j\u00e0 \u00e9touff\u00e9e<\/h4>\n<p>A peine lanc\u00e9es, ces Assises semblent \u00eatre d\u00e9j\u00e0 un rendez-vous manqu\u00e9 concernant le th\u00e8me \u00ab\u00a0performance environnementale\u00bb. Rien sur les cons\u00e9quences n\u00e9fastes du bruit et de la pollution sur les populations concern\u00e9es. En effet, le discours de Mme Elisabeth Borne a \u00e9t\u00e9 tr\u00e8s clair\u00a0; le but de ces Assises sera de\u00a0 concentrer la r\u00e9flexion\u00a0 sur l&rsquo;int\u00e9r\u00eat des compagnies a\u00e9riennes pour qu&rsquo;elles retrouvent de la comp\u00e9titivit\u00e9 afin de d\u00e9velopper l&rsquo;activit\u00e9 !<\/p>\n<p>Pas une seule fois, les mots sant\u00e9, populations, riverains n\u2019ont \u00e9t\u00e9 prononc\u00e9s. Or l\u2019un des d\u00e9fis du transport a\u00e9rien de demain doit absolument \u00eatre de r\u00e9duire son empreinte n\u00e9gative sur l\u2019environnement et les populations survol\u00e9es.<\/p>\n<p>La nouvelle mode qui consiste \u00e0 poser des questions par SMS \u00e0 l\u2019animateur de la rencontre a permis \u00e0 ce dernier d\u2019\u00e9vacuer toutes les questions des associations nombreuses r\u00e9parties dans la salle.<\/p>\n<p>Atonie g\u00e9n\u00e9rale sans doute encourag\u00e9e par le cadeau aux compagnies a\u00e9riennes de 50 millions d\u2019Euros annonc\u00e9 par la Ministre gr\u00e2ce \u00e0 une diminution de la taxe a\u00e9roportuaire.<\/p>\n<p><strong>C\u2019est donc pour les associations une grande d\u00e9ception<\/strong> et une fois encore, les intervenants qui n\u2019ont pas brill\u00e9 par leur connaissance des sujets ont insist\u00e9 sur le th\u00e8me de l\u2019acceptabilit\u00e9 des \u00ab\u00a0nuisances\u00a0\u00bb (mot \u00e9voqu\u00e9 une seule fois)\u00a0; on voit donc que le dessein est bien celui de faire accepter aux populations survol\u00e9es, plus de trafic, plus de bruit et plus de pollution. Tout sera dans l\u2019art de la pr\u00e9sentation.<\/p>\n<p>La politique de la chaise vide n\u2019est pas une strat\u00e9gie pour des personnes motiv\u00e9es comme le sont les membres de l\u2019UFCNA\u00a0; aussi iront-elles au \u00ab\u00a0combat\u00a0\u00bb contre les nuisances, les id\u00e9es re\u00e7ues et l\u2019indiff\u00e9rence \u00e0 l\u2019\u00e9gard de toute une population maltrait\u00e9e \u2026.<\/p>\n<hr \/>\n<p><a href=\"https:\/\/www.clients.horus-informatique71.fr\/advocnar_backup\/wp-content\/uploads\/2018\/03\/Communique-Assises-22-mars-2018-v3.pdf\">Lire le communiqu\u00e9 de l&rsquo;UFCNA<\/a><\/p>\n","protected":false},"excerpt":{"rendered":"<p>&nbsp; L&rsquo;ADVOCNAR, pr\u00e9sente lors du lancement des Assises nationales du transport a\u00e9rien le 20 mars dernier, partage la r\u00e9action de l&rsquo;UFCNA (dont elle est membre actif) aux propos de la Ministre des Transports: Le 23 mars 2018 COMMUNIQU\u00c9 UFCNA Assises nationales\u00a0 du transport a\u00e9rien\u00a0: lancement La voix des riverains d\u2019a\u00e9roports et des populations survol\u00e9es d\u00e9j\u00e0 [&hellip;]<\/p>\n","protected":false},"author":10,"featured_media":74288,"comment_status":"closed","ping_status":"open","sticky":false,"template":"","format":"standard","meta":{"footnotes":""},"categories":[46],"tags":[],"yoast_head":"<!-- This site is optimized with the Yoast SEO plugin v22.0 - https:\/\/yoast.com\/wordpress\/plugins\/seo\/ -->\n<title>Lancement des Assises du transport a\u00e9rien: Madame la Ministre, n&#039;oubliez pas les populations survol\u00e9es! - Advocnar<\/title>\n<meta name=\"robots\" content=\"index, follow, max-snippet:-1, max-image-preview:large, max-video-preview:-1\" \/>\n<link rel=\"canonical\" href=\"https:\/\/www.clients.horus-informatique71.fr\/advocnar_backup\/2018\/03\/lancement-assises-transport-aerien\/\" \/>\n<meta property=\"og:locale\" content=\"fr_FR\" \/>\n<meta property=\"og:type\" content=\"article\" \/>\n<meta property=\"og:title\" content=\"Lancement des Assises du transport a\u00e9rien: Madame la Ministre, n&#039;oubliez pas les populations survol\u00e9es! - Advocnar\" \/>\n<meta property=\"og:description\" content=\"&nbsp; L&rsquo;ADVOCNAR, pr\u00e9sente lors du lancement des Assises nationales du transport a\u00e9rien le 20 mars dernier, partage la r\u00e9action de l&rsquo;UFCNA (dont elle est membre actif) aux propos de la Ministre des Transports: Le 23 mars 2018 COMMUNIQU\u00c9 UFCNA Assises nationales\u00a0 du transport a\u00e9rien\u00a0: lancement La voix des riverains d\u2019a\u00e9roports et des populations survol\u00e9es d\u00e9j\u00e0 [&hellip;]\" \/>\n<meta property=\"og:url\" content=\"https:\/\/www.clients.horus-informatique71.fr\/advocnar_backup\/2018\/03\/lancement-assises-transport-aerien\/\" \/>\n<meta property=\"og:site_name\" content=\"Advocnar\" \/>\n<meta property=\"article:published_time\" content=\"2018-03-23T13:12:41+00:00\" \/>\n<meta property=\"article:modified_time\" content=\"2018-03-24T13:18:22+00:00\" \/>\n<meta property=\"og:image\" content=\"https:\/\/www.clients.horus-informatique71.fr\/advocnar_backup\/wp-content\/uploads\/2018\/03\/Assises-transport-aerien.png\" \/>\n\t<meta property=\"og:image:width\" content=\"607\" \/>\n\t<meta property=\"og:image:height\" content=\"456\" \/>\n\t<meta property=\"og:image:type\" content=\"image\/png\" \/>\n<meta name=\"author\" content=\"FBrochot\" \/>\n<meta name=\"twitter:card\" content=\"summary_large_image\" \/>\n<meta name=\"twitter:label1\" content=\"\u00c9crit par\" \/>\n\t<meta name=\"twitter:data1\" content=\"FBrochot\" \/>\n\t<meta name=\"twitter:label2\" content=\"Dur\u00e9e de lecture estim\u00e9e\" \/>\n\t<meta name=\"twitter:data2\" content=\"2 minutes\" \/>\n<script type=\"application\/ld+json\" class=\"yoast-schema-graph\">{\"@context\":\"https:\/\/schema.org\",\"@graph\":[{\"@type\":\"WebPage\",\"@id\":\"https:\/\/www.clients.horus-informatique71.fr\/advocnar_backup\/2018\/03\/lancement-assises-transport-aerien\/\",\"url\":\"https:\/\/www.clients.horus-informatique71.fr\/advocnar_backup\/2018\/03\/lancement-assises-transport-aerien\/\",\"name\":\"Lancement des Assises du transport a\u00e9rien: Madame la Ministre, n'oubliez pas les populations survol\u00e9es! - Advocnar\",\"isPartOf\":{\"@id\":\"https:\/\/www.clients.horus-informatique71.fr\/advocnar_backup\/#website\"},\"datePublished\":\"2018-03-23T13:12:41+00:00\",\"dateModified\":\"2018-03-24T13:18:22+00:00\",\"author\":{\"@id\":\"https:\/\/www.clients.horus-informatique71.fr\/advocnar_backup\/#\/schema\/person\/28ec283f897fb44e1146415d8015d23e\"},\"breadcrumb\":{\"@id\":\"https:\/\/www.clients.horus-informatique71.fr\/advocnar_backup\/2018\/03\/lancement-assises-transport-aerien\/#breadcrumb\"},\"inLanguage\":\"fr-FR\",\"potentialAction\":[{\"@type\":\"ReadAction\",\"target\":[\"https:\/\/www.clients.horus-informatique71.fr\/advocnar_backup\/2018\/03\/lancement-assises-transport-aerien\/\"]}]},{\"@type\":\"BreadcrumbList\",\"@id\":\"https:\/\/www.clients.horus-informatique71.fr\/advocnar_backup\/2018\/03\/lancement-assises-transport-aerien\/#breadcrumb\",\"itemListElement\":[{\"@type\":\"ListItem\",\"position\":1,\"name\":\"Accueil\",\"item\":\"https:\/\/www.clients.horus-informatique71.fr\/advocnar_backup\/\"},{\"@type\":\"ListItem\",\"position\":2,\"name\":\"Lancement des Assises du transport a\u00e9rien: Madame la Ministre, n&#8217;oubliez pas les populations survol\u00e9es!\"}]},{\"@type\":\"WebSite\",\"@id\":\"https:\/\/www.clients.horus-informatique71.fr\/advocnar_backup\/#website\",\"url\":\"https:\/\/www.clients.horus-informatique71.fr\/advocnar_backup\/\",\"name\":\"Advocnar\",\"description\":\"Association de D\u00e9fense Contre les Nuisances A\u00e9riennes\",\"potentialAction\":[{\"@type\":\"SearchAction\",\"target\":{\"@type\":\"EntryPoint\",\"urlTemplate\":\"https:\/\/www.clients.horus-informatique71.fr\/advocnar_backup\/?s={search_term_string}\"},\"query-input\":\"required name=search_term_string\"}],\"inLanguage\":\"fr-FR\"},{\"@type\":\"Person\",\"@id\":\"https:\/\/www.clients.horus-informatique71.fr\/advocnar_backup\/#\/schema\/person\/28ec283f897fb44e1146415d8015d23e\",\"name\":\"FBrochot\",\"url\":\"https:\/\/www.clients.horus-informatique71.fr\/advocnar_backup\/author\/fbrochot\/\"}]}<\/script>\n<!-- \/ Yoast SEO plugin. -->","yoast_head_json":{"title":"Lancement des Assises du transport a\u00e9rien: Madame la Ministre, n'oubliez pas les populations survol\u00e9es! - Advocnar","robots":{"index":"index","follow":"follow","max-snippet":"max-snippet:-1","max-image-preview":"max-image-preview:large","max-video-preview":"max-video-preview:-1"},"canonical":"https:\/\/www.clients.horus-informatique71.fr\/advocnar_backup\/2018\/03\/lancement-assises-transport-aerien\/","og_locale":"fr_FR","og_type":"article","og_title":"Lancement des Assises du transport a\u00e9rien: Madame la Ministre, n'oubliez pas les populations survol\u00e9es! - Advocnar","og_description":"&nbsp; L&rsquo;ADVOCNAR, pr\u00e9sente lors du lancement des Assises nationales du transport a\u00e9rien le 20 mars dernier, partage la r\u00e9action de l&rsquo;UFCNA (dont elle est membre actif) aux propos de la Ministre des Transports: Le 23 mars 2018 COMMUNIQU\u00c9 UFCNA Assises nationales\u00a0 du transport a\u00e9rien\u00a0: lancement La voix des riverains d\u2019a\u00e9roports et des populations survol\u00e9es d\u00e9j\u00e0 [&hellip;]","og_url":"https:\/\/www.clients.horus-informatique71.fr\/advocnar_backup\/2018\/03\/lancement-assises-transport-aerien\/","og_site_name":"Advocnar","article_published_time":"2018-03-23T13:12:41+00:00","article_modified_time":"2018-03-24T13:18:22+00:00","og_image":[{"width":607,"height":456,"url":"https:\/\/www.clients.horus-informatique71.fr\/advocnar_backup\/wp-content\/uploads\/2018\/03\/Assises-transport-aerien.png","type":"image\/png"}],"author":"FBrochot","twitter_card":"summary_large_image","twitter_misc":{"\u00c9crit par":"FBrochot","Dur\u00e9e de lecture estim\u00e9e":"2 minutes"},"schema":{"@context":"https:\/\/schema.org","@graph":[{"@type":"WebPage","@id":"https:\/\/www.clients.horus-informatique71.fr\/advocnar_backup\/2018\/03\/lancement-assises-transport-aerien\/","url":"https:\/\/www.clients.horus-informatique71.fr\/advocnar_backup\/2018\/03\/lancement-assises-transport-aerien\/","name":"Lancement des Assises du transport a\u00e9rien: Madame la Ministre, n'oubliez pas les populations survol\u00e9es! - Advocnar","isPartOf":{"@id":"https:\/\/www.clients.horus-informatique71.fr\/advocnar_backup\/#website"},"datePublished":"2018-03-23T13:12:41+00:00","dateModified":"2018-03-24T13:18:22+00:00","author":{"@id":"https:\/\/www.clients.horus-informatique71.fr\/advocnar_backup\/#\/schema\/person\/28ec283f897fb44e1146415d8015d23e"},"breadcrumb":{"@id":"https:\/\/www.clients.horus-informatique71.fr\/advocnar_backup\/2018\/03\/lancement-assises-transport-aerien\/#breadcrumb"},"inLanguage":"fr-FR","potentialAction":[{"@type":"ReadAction","target":["https:\/\/www.clients.horus-informatique71.fr\/advocnar_backup\/2018\/03\/lancement-assises-transport-aerien\/"]}]},{"@type":"BreadcrumbList","@id":"https:\/\/www.clients.horus-informatique71.fr\/advocnar_backup\/2018\/03\/lancement-assises-transport-aerien\/#breadcrumb","itemListElement":[{"@type":"ListItem","position":1,"name":"Accueil","item":"https:\/\/www.clients.horus-informatique71.fr\/advocnar_backup\/"},{"@type":"ListItem","position":2,"name":"Lancement des Assises du transport a\u00e9rien: Madame la Ministre, n&#8217;oubliez pas les populations survol\u00e9es!"}]},{"@type":"WebSite","@id":"https:\/\/www.clients.horus-informatique71.fr\/advocnar_backup\/#website","url":"https:\/\/www.clients.horus-informatique71.fr\/advocnar_backup\/","name":"Advocnar","description":"Association de D\u00e9fense Contre les Nuisances A\u00e9riennes","potentialAction":[{"@type":"SearchAction","target":{"@type":"EntryPoint","urlTemplate":"https:\/\/www.clients.horus-informatique71.fr\/advocnar_backup\/?s={search_term_string}"},"query-input":"required name=search_term_string"}],"inLanguage":"fr-FR"},{"@type":"Person","@id":"https:\/\/www.clients.horus-informatique71.fr\/advocnar_backup\/#\/schema\/person\/28ec283f897fb44e1146415d8015d23e","name":"FBrochot","url":"https:\/\/www.clients.horus-informatique71.fr\/advocnar_backup\/author\/fbrochot\/"}]}},"_links":{"self":[{"href":"https:\/\/www.clients.horus-informatique71.fr\/advocnar_backup\/wp-json\/wp\/v2\/posts\/74289"}],"collection":[{"href":"https:\/\/www.clients.horus-informatique71.fr\/advocnar_backup\/wp-json\/wp\/v2\/posts"}],"about":[{"href":"https:\/\/www.clients.horus-informatique71.fr\/advocnar_backup\/wp-json\/wp\/v2\/types\/post"}],"author":[{"embeddable":true,"href":"https:\/\/www.clients.horus-informatique71.fr\/advocnar_backup\/wp-json\/wp\/v2\/users\/10"}],"replies":[{"embeddable":true,"href":"https:\/\/www.clients.horus-informatique71.fr\/advocnar_backup\/wp-json\/wp\/v2\/comments?post=74289"}],"version-history":[{"count":7,"href":"https:\/\/www.clients.horus-informatique71.fr\/advocnar_backup\/wp-json\/wp\/v2\/posts\/74289\/revisions"}],"predecessor-version":[{"id":74296,"href":"https:\/\/www.clients.horus-informatique71.fr\/advocnar_backup\/wp-json\/wp\/v2\/posts\/74289\/revisions\/74296"}],"wp:featuredmedia":[{"embeddable":true,"href":"https:\/\/www.clients.horus-informatique71.fr\/advocnar_backup\/wp-json\/wp\/v2\/media\/74288"}],"wp:attachment":[{"href":"https:\/\/www.clients.horus-informatique71.fr\/advocnar_backup\/wp-json\/wp\/v2\/media?parent=74289"}],"wp:term":[{"taxonomy":"category","embeddable":true,"href":"https:\/\/www.clients.horus-informatique71.fr\/advocnar_backup\/wp-json\/wp\/v2\/categories?post=74289"},{"taxonomy":"post_tag","embeddable":true,"href":"https:\/\/www.clients.horus-informatique71.fr\/advocnar_backup\/wp-json\/wp\/v2\/tags?post=74289"}],"curies":[{"name":"wp","href":"https:\/\/api.w.org\/{rel}","templated":true}]}}