{"id":74329,"date":"2018-05-01T09:45:01","date_gmt":"2018-05-01T07:45:01","guid":{"rendered":"https:\/\/www.clients.horus-informatique71.fr\/advocnar_backup\/?p=74329"},"modified":"2018-05-01T09:49:17","modified_gmt":"2018-05-01T07:49:17","slug":"advocnar-fete-de-la-nature-deuil-dimanche-6-mai","status":"publish","type":"post","link":"https:\/\/www.clients.horus-informatique71.fr\/advocnar_backup\/2018\/05\/advocnar-fete-de-la-nature-deuil-dimanche-6-mai\/","title":{"rendered":"Retrouvez l&rsquo;ADVOCNAR \u00e0 la \u00ab\u00a0F\u00eate de la nature et de l&rsquo;Environnement\u00a0\u00bb \u00e0 Deuil dimanche 6 mai"},"content":{"rendered":"<p>&nbsp;<\/p>\n<p>Nous vous attendons sur le stand de l&rsquo;ADVOCNAR pour \u00e9changer avec vous sur nos derni\u00e8res actions, en particulier notre <a href=\"https:\/\/www.advocnar.fr2018\/03\/decision-conseil-detat-bruit-aeroports-franciliens\/\">action juridique aupr\u00e8s du Conseil d&rsquo;Etat<\/a> pour une r\u00e9duction du bruit li\u00e9 au transport a\u00e9rien, notre action contre <a href=\"https:\/\/www.advocnar.fr2017\/11\/enquete-publique-plan-protection-atmosphere-idf-donnez-avis\/\">la pollution de l&rsquo;air due aux avions<\/a> en Ile-de-France, notre participation aux <a href=\"https:\/\/www.advocnar.fr2018\/03\/lancement-assises-transport-aerien\/\">Assises Nationales du Transport A\u00e9rien<\/a> pour promouvoir des mesures r\u00e9alistes afin de diminuer les nuisances que vous subissez au quotidien.<\/p>\n<h4 style=\"text-align: center;\">Retrouvez-nous \u00e0 la \u00ab\u00a0F\u00eate de la Nature et de l&rsquo;Environnement\u00a0\u00bb<br \/>\n\u00e0 Deuil-la-Barre le dimanche 6 mai 2018, de 10h \u00e0 18h<br \/>\nPlace des victimes du V2<\/h4>\n<p style=\"text-align: left;\">Venez nombreux vous informer, nous soutenir et adh\u00e9rer.<\/p>\n<p><a href=\"https:\/\/www.clients.horus-informatique71.fr\/advocnar_backup\/wp-content\/uploads\/2018\/05\/13x22_2018_FDLNE_web.pdf\">Voir le programme<\/a><\/p>\n<p><img loading=\"lazy\" decoding=\"async\" class=\"wp-image-74326 aligncenter\" src=\"https:\/\/www.clients.horus-informatique71.fr\/advocnar_backup\/wp-content\/uploads\/2018\/05\/fete_nature2018.jpg\" alt=\"\" width=\"405\" height=\"526\" srcset=\"https:\/\/www.clients.horus-informatique71.fr\/advocnar_backup\/wp-content\/uploads\/2018\/05\/fete_nature2018.jpg 700w, https:\/\/www.clients.horus-informatique71.fr\/advocnar_backup\/wp-content\/uploads\/2018\/05\/fete_nature2018-231x300.jpg 231w\" sizes=\"(max-width: 405px) 100vw, 405px\" \/><\/p>\n","protected":false},"excerpt":{"rendered":"<p>&nbsp; Nous vous attendons sur le stand de l&rsquo;ADVOCNAR pour \u00e9changer avec vous sur nos derni\u00e8res actions, en particulier notre action juridique aupr\u00e8s du Conseil d&rsquo;Etat pour une r\u00e9duction du bruit li\u00e9 au transport a\u00e9rien, notre action contre la pollution de l&rsquo;air due aux avions en Ile-de-France, notre participation aux Assises Nationales du Transport A\u00e9rien [&hellip;]<\/p>\n","protected":false},"author":10,"featured_media":74327,"comment_status":"closed","ping_status":"open","sticky":false,"template":"","format":"standard","meta":{"footnotes":""},"categories":[46],"tags":[],"yoast_head":"<!-- This site is optimized with the Yoast SEO plugin v22.0 - https:\/\/yoast.com\/wordpress\/plugins\/seo\/ -->\n<title>Retrouvez l&#039;ADVOCNAR \u00e0 la &quot;F\u00eate de la nature et de l&#039;Environnement&quot; \u00e0 Deuil dimanche 6 mai - Advocnar<\/title>\n<meta name=\"robots\" content=\"index, follow, max-snippet:-1, max-image-preview:large, max-video-preview:-1\" \/>\n<link rel=\"canonical\" href=\"https:\/\/www.clients.horus-informatique71.fr\/advocnar_backup\/2018\/05\/advocnar-fete-de-la-nature-deuil-dimanche-6-mai\/\" \/>\n<meta property=\"og:locale\" content=\"fr_FR\" \/>\n<meta property=\"og:type\" content=\"article\" \/>\n<meta property=\"og:title\" content=\"Retrouvez l&#039;ADVOCNAR \u00e0 la &quot;F\u00eate de la nature et de l&#039;Environnement&quot; \u00e0 Deuil dimanche 6 mai - Advocnar\" \/>\n<meta property=\"og:description\" content=\"&nbsp; Nous vous attendons sur le stand de l&rsquo;ADVOCNAR pour \u00e9changer avec vous sur nos derni\u00e8res actions, en particulier notre action juridique aupr\u00e8s du Conseil d&rsquo;Etat pour une r\u00e9duction du bruit li\u00e9 au transport a\u00e9rien, notre action contre la pollution de l&rsquo;air due aux avions en Ile-de-France, notre participation aux Assises Nationales du Transport A\u00e9rien [&hellip;]\" \/>\n<meta property=\"og:url\" content=\"https:\/\/www.clients.horus-informatique71.fr\/advocnar_backup\/2018\/05\/advocnar-fete-de-la-nature-deuil-dimanche-6-mai\/\" \/>\n<meta property=\"og:site_name\" content=\"Advocnar\" \/>\n<meta property=\"article:published_time\" content=\"2018-05-01T07:45:01+00:00\" \/>\n<meta property=\"article:modified_time\" content=\"2018-05-01T07:49:17+00:00\" \/>\n<meta property=\"og:image\" content=\"https:\/\/www.clients.horus-informatique71.fr\/advocnar_backup\/wp-content\/uploads\/2018\/05\/Fete-Nature-Deuil-2018.png\" \/>\n\t<meta property=\"og:image:width\" content=\"934\" \/>\n\t<meta property=\"og:image:height\" content=\"700\" \/>\n\t<meta property=\"og:image:type\" content=\"image\/png\" \/>\n<meta name=\"author\" content=\"FBrochot\" \/>\n<meta name=\"twitter:card\" content=\"summary_large_image\" \/>\n<meta name=\"twitter:label1\" content=\"\u00c9crit par\" \/>\n\t<meta name=\"twitter:data1\" content=\"FBrochot\" \/>\n\t<meta name=\"twitter:label2\" content=\"Dur\u00e9e de lecture estim\u00e9e\" \/>\n\t<meta name=\"twitter:data2\" content=\"1 minute\" \/>\n<script type=\"application\/ld+json\" class=\"yoast-schema-graph\">{\"@context\":\"https:\/\/schema.org\",\"@graph\":[{\"@type\":\"WebPage\",\"@id\":\"https:\/\/www.clients.horus-informatique71.fr\/advocnar_backup\/2018\/05\/advocnar-fete-de-la-nature-deuil-dimanche-6-mai\/\",\"url\":\"https:\/\/www.clients.horus-informatique71.fr\/advocnar_backup\/2018\/05\/advocnar-fete-de-la-nature-deuil-dimanche-6-mai\/\",\"name\":\"Retrouvez l'ADVOCNAR \u00e0 la \\\"F\u00eate de la nature et de l'Environnement\\\" \u00e0 Deuil dimanche 6 mai - Advocnar\",\"isPartOf\":{\"@id\":\"https:\/\/www.clients.horus-informatique71.fr\/advocnar_backup\/#website\"},\"datePublished\":\"2018-05-01T07:45:01+00:00\",\"dateModified\":\"2018-05-01T07:49:17+00:00\",\"author\":{\"@id\":\"https:\/\/www.clients.horus-informatique71.fr\/advocnar_backup\/#\/schema\/person\/28ec283f897fb44e1146415d8015d23e\"},\"breadcrumb\":{\"@id\":\"https:\/\/www.clients.horus-informatique71.fr\/advocnar_backup\/2018\/05\/advocnar-fete-de-la-nature-deuil-dimanche-6-mai\/#breadcrumb\"},\"inLanguage\":\"fr-FR\",\"potentialAction\":[{\"@type\":\"ReadAction\",\"target\":[\"https:\/\/www.clients.horus-informatique71.fr\/advocnar_backup\/2018\/05\/advocnar-fete-de-la-nature-deuil-dimanche-6-mai\/\"]}]},{\"@type\":\"BreadcrumbList\",\"@id\":\"https:\/\/www.clients.horus-informatique71.fr\/advocnar_backup\/2018\/05\/advocnar-fete-de-la-nature-deuil-dimanche-6-mai\/#breadcrumb\",\"itemListElement\":[{\"@type\":\"ListItem\",\"position\":1,\"name\":\"Accueil\",\"item\":\"https:\/\/www.clients.horus-informatique71.fr\/advocnar_backup\/\"},{\"@type\":\"ListItem\",\"position\":2,\"name\":\"Retrouvez l&#8217;ADVOCNAR \u00e0 la &#8220;F\u00eate de la nature et de l&#8217;Environnement&#8221; \u00e0 Deuil dimanche 6 mai\"}]},{\"@type\":\"WebSite\",\"@id\":\"https:\/\/www.clients.horus-informatique71.fr\/advocnar_backup\/#website\",\"url\":\"https:\/\/www.clients.horus-informatique71.fr\/advocnar_backup\/\",\"name\":\"Advocnar\",\"description\":\"Association de D\u00e9fense Contre les Nuisances A\u00e9riennes\",\"potentialAction\":[{\"@type\":\"SearchAction\",\"target\":{\"@type\":\"EntryPoint\",\"urlTemplate\":\"https:\/\/www.clients.horus-informatique71.fr\/advocnar_backup\/?s={search_term_string}\"},\"query-input\":\"required name=search_term_string\"}],\"inLanguage\":\"fr-FR\"},{\"@type\":\"Person\",\"@id\":\"https:\/\/www.clients.horus-informatique71.fr\/advocnar_backup\/#\/schema\/person\/28ec283f897fb44e1146415d8015d23e\",\"name\":\"FBrochot\",\"url\":\"https:\/\/www.clients.horus-informatique71.fr\/advocnar_backup\/author\/fbrochot\/\"}]}<\/script>\n<!-- \/ Yoast SEO plugin. -->","yoast_head_json":{"title":"Retrouvez l'ADVOCNAR \u00e0 la \"F\u00eate de la nature et de l'Environnement\" \u00e0 Deuil dimanche 6 mai - Advocnar","robots":{"index":"index","follow":"follow","max-snippet":"max-snippet:-1","max-image-preview":"max-image-preview:large","max-video-preview":"max-video-preview:-1"},"canonical":"https:\/\/www.clients.horus-informatique71.fr\/advocnar_backup\/2018\/05\/advocnar-fete-de-la-nature-deuil-dimanche-6-mai\/","og_locale":"fr_FR","og_type":"article","og_title":"Retrouvez l'ADVOCNAR \u00e0 la \"F\u00eate de la nature et de l'Environnement\" \u00e0 Deuil dimanche 6 mai - Advocnar","og_description":"&nbsp; Nous vous attendons sur le stand de l&rsquo;ADVOCNAR pour \u00e9changer avec vous sur nos derni\u00e8res actions, en particulier notre action juridique aupr\u00e8s du Conseil d&rsquo;Etat pour une r\u00e9duction du bruit li\u00e9 au transport a\u00e9rien, notre action contre la pollution de l&rsquo;air due aux avions en Ile-de-France, notre participation aux Assises Nationales du Transport A\u00e9rien [&hellip;]","og_url":"https:\/\/www.clients.horus-informatique71.fr\/advocnar_backup\/2018\/05\/advocnar-fete-de-la-nature-deuil-dimanche-6-mai\/","og_site_name":"Advocnar","article_published_time":"2018-05-01T07:45:01+00:00","article_modified_time":"2018-05-01T07:49:17+00:00","og_image":[{"width":934,"height":700,"url":"https:\/\/www.clients.horus-informatique71.fr\/advocnar_backup\/wp-content\/uploads\/2018\/05\/Fete-Nature-Deuil-2018.png","type":"image\/png"}],"author":"FBrochot","twitter_card":"summary_large_image","twitter_misc":{"\u00c9crit par":"FBrochot","Dur\u00e9e de lecture estim\u00e9e":"1 minute"},"schema":{"@context":"https:\/\/schema.org","@graph":[{"@type":"WebPage","@id":"https:\/\/www.clients.horus-informatique71.fr\/advocnar_backup\/2018\/05\/advocnar-fete-de-la-nature-deuil-dimanche-6-mai\/","url":"https:\/\/www.clients.horus-informatique71.fr\/advocnar_backup\/2018\/05\/advocnar-fete-de-la-nature-deuil-dimanche-6-mai\/","name":"Retrouvez l'ADVOCNAR \u00e0 la \"F\u00eate de la nature et de l'Environnement\" \u00e0 Deuil dimanche 6 mai - Advocnar","isPartOf":{"@id":"https:\/\/www.clients.horus-informatique71.fr\/advocnar_backup\/#website"},"datePublished":"2018-05-01T07:45:01+00:00","dateModified":"2018-05-01T07:49:17+00:00","author":{"@id":"https:\/\/www.clients.horus-informatique71.fr\/advocnar_backup\/#\/schema\/person\/28ec283f897fb44e1146415d8015d23e"},"breadcrumb":{"@id":"https:\/\/www.clients.horus-informatique71.fr\/advocnar_backup\/2018\/05\/advocnar-fete-de-la-nature-deuil-dimanche-6-mai\/#breadcrumb"},"inLanguage":"fr-FR","potentialAction":[{"@type":"ReadAction","target":["https:\/\/www.clients.horus-informatique71.fr\/advocnar_backup\/2018\/05\/advocnar-fete-de-la-nature-deuil-dimanche-6-mai\/"]}]},{"@type":"BreadcrumbList","@id":"https:\/\/www.clients.horus-informatique71.fr\/advocnar_backup\/2018\/05\/advocnar-fete-de-la-nature-deuil-dimanche-6-mai\/#breadcrumb","itemListElement":[{"@type":"ListItem","position":1,"name":"Accueil","item":"https:\/\/www.clients.horus-informatique71.fr\/advocnar_backup\/"},{"@type":"ListItem","position":2,"name":"Retrouvez l&#8217;ADVOCNAR \u00e0 la &#8220;F\u00eate de la nature et de l&#8217;Environnement&#8221; \u00e0 Deuil dimanche 6 mai"}]},{"@type":"WebSite","@id":"https:\/\/www.clients.horus-informatique71.fr\/advocnar_backup\/#website","url":"https:\/\/www.clients.horus-informatique71.fr\/advocnar_backup\/","name":"Advocnar","description":"Association de D\u00e9fense Contre les Nuisances A\u00e9riennes","potentialAction":[{"@type":"SearchAction","target":{"@type":"EntryPoint","urlTemplate":"https:\/\/www.clients.horus-informatique71.fr\/advocnar_backup\/?s={search_term_string}"},"query-input":"required name=search_term_string"}],"inLanguage":"fr-FR"},{"@type":"Person","@id":"https:\/\/www.clients.horus-informatique71.fr\/advocnar_backup\/#\/schema\/person\/28ec283f897fb44e1146415d8015d23e","name":"FBrochot","url":"https:\/\/www.clients.horus-informatique71.fr\/advocnar_backup\/author\/fbrochot\/"}]}},"_links":{"self":[{"href":"https:\/\/www.clients.horus-informatique71.fr\/advocnar_backup\/wp-json\/wp\/v2\/posts\/74329"}],"collection":[{"href":"https:\/\/www.clients.horus-informatique71.fr\/advocnar_backup\/wp-json\/wp\/v2\/posts"}],"about":[{"href":"https:\/\/www.clients.horus-informatique71.fr\/advocnar_backup\/wp-json\/wp\/v2\/types\/post"}],"author":[{"embeddable":true,"href":"https:\/\/www.clients.horus-informatique71.fr\/advocnar_backup\/wp-json\/wp\/v2\/users\/10"}],"replies":[{"embeddable":true,"href":"https:\/\/www.clients.horus-informatique71.fr\/advocnar_backup\/wp-json\/wp\/v2\/comments?post=74329"}],"version-history":[{"count":9,"href":"https:\/\/www.clients.horus-informatique71.fr\/advocnar_backup\/wp-json\/wp\/v2\/posts\/74329\/revisions"}],"predecessor-version":[{"id":74338,"href":"https:\/\/www.clients.horus-informatique71.fr\/advocnar_backup\/wp-json\/wp\/v2\/posts\/74329\/revisions\/74338"}],"wp:featuredmedia":[{"embeddable":true,"href":"https:\/\/www.clients.horus-informatique71.fr\/advocnar_backup\/wp-json\/wp\/v2\/media\/74327"}],"wp:attachment":[{"href":"https:\/\/www.clients.horus-informatique71.fr\/advocnar_backup\/wp-json\/wp\/v2\/media?parent=74329"}],"wp:term":[{"taxonomy":"category","embeddable":true,"href":"https:\/\/www.clients.horus-informatique71.fr\/advocnar_backup\/wp-json\/wp\/v2\/categories?post=74329"},{"taxonomy":"post_tag","embeddable":true,"href":"https:\/\/www.clients.horus-informatique71.fr\/advocnar_backup\/wp-json\/wp\/v2\/tags?post=74329"}],"curies":[{"name":"wp","href":"https:\/\/api.w.org\/{rel}","templated":true}]}}