{"id":74347,"date":"2018-05-05T09:34:55","date_gmt":"2018-05-05T07:34:55","guid":{"rendered":"https:\/\/www.clients.horus-informatique71.fr\/advocnar_backup\/?p=74347"},"modified":"2018-05-05T09:37:55","modified_gmt":"2018-05-05T07:37:55","slug":"restrictions-davions-la-nuit-participez-a-la-consultation-publique","status":"publish","type":"post","link":"https:\/\/www.clients.horus-informatique71.fr\/advocnar_backup\/2018\/05\/restrictions-davions-la-nuit-participez-a-la-consultation-publique\/","title":{"rendered":"Restrictions d&rsquo;avions bruyants la nuit : deux poids, deux mesures ? Participez \u00e0 la consultation publique !"},"content":{"rendered":"<p>&nbsp;<\/p>\n<p><a href=\"https:\/\/www.clients.horus-informatique71.fr\/advocnar_backup\/wp-content\/uploads\/2018\/05\/2018-05-03-Courrier-N.-HULOT-restriction-avions-bruyants-la-nuit.pdf\">Lettre \u00e0 Nicolas Hulot \u00ab\u00a0Restrictions d&rsquo;avions bruyants la nuit : priorit\u00e9s\u00a0\u00bb<\/a><\/p>\n<p><a href=\"https:\/\/www.clients.horus-informatique71.fr\/advocnar_backup\/wp-content\/uploads\/2018\/05\/2018-05-03-Communique-ADVOCNAR-restrictions-avions-bruyants-la-nuit-V2.pdf\">Communiqu\u00e9 ADVOCNAR \u00ab\u00a0Restrictions d&rsquo;avions bruyants la nuit : deux poids, deux mesures?\u00a0\u00bb<\/a><\/p>\n<hr \/>\n<p>Un projet d\u2019arr\u00eat\u00e9 minist\u00e9riel soumis \u00e0 consultation publique vise \u00e0 limiter l\u2019utilisation de l\u2019a\u00e9roport de Nantes-Atlantique par les a\u00e9ronefs bruyants, notamment la nuit, pour des raisons environnementales. Il pr\u00e9voit en particulier l\u2019interdiction de d\u00e9coller et d\u2019atterrir entre 23h et 6h pour les avions les plus bruyants.<\/p>\n<p>Nous nous r\u00e9jouissons de cette mesure pour les riverains de Nantes-Atlantique, et saluons la reconnaissance de la nocivit\u00e9 des vols de nuit par le gouvernement.<\/p>\n<p><strong>Mais nous tenons \u00e0 souligner que la priorit\u00e9 en termes de r\u00e9duction des nuisances nocturnes n\u2019\u00e9tait pas \u00e0 Nantes (10 vols environ entre 22h et 6h), mais bien \u00e0 Roissy-Charles de Gaulle, champion d\u2019Europe des vols de nuit avec en moyenne 150 mouvements d\u2019avions entre 22h et 6h. Or les restrictions d\u2019avions bruyants la nuit y sont beaucoup moins s\u00e9v\u00e8res\u00a0!<\/strong><\/p>\n<p>En cons\u00e9quence, alors que la densit\u00e9 d\u00e9mographique de l\u2019Ile-de-France est 10 fois sup\u00e9rieure \u00e0 la moyenne des autres r\u00e9gions, des millions de franciliens subissent des vols de nuit bien plus bruyants et tellement plus nombreux\u00a0! L\u2019impact sanitaire est maximal.<\/p>\n<h4 style=\"text-align: center;\"><em>Pourquoi deux poids, deux mesures\u00a0?<br \/>\nLes Franciliens seraient-ils des citoyens de seconde zone\u00a0?<\/em><\/h4>\n<p><strong>C\u2019est pourquoi nous vous incitons fortement \u00e0 participer \u00e0 la consultation publique qui a lieu jusqu\u2019au 28 mai\u00a0:<\/strong><\/p>\n<p><a href=\"http:\/\/www.consultations-publiques.developpement-durable.gouv.fr\/consultation-publique-sur-le-projet-d-arrete-a1815.html\">http:\/\/www.consultations-publiques.developpement-durable.gouv.fr\/consultation-publique-sur-le-projet-d-arrete-a1815.html<\/a><\/p>\n<p><strong>Quelques suggestions suppl\u00e9mentaires \u00e0 mettre en avant dans votre commentaire\u00a0:<\/strong><\/p>\n<ul>\n<li>Nous demandons la mise en place en priorit\u00e9 \u00e0 Roissy-Charles de Gaulle d\u2019un arr\u00eat\u00e9 pr\u00e9voyant l\u2019interdiction de d\u00e9coller et d\u2019atterrir entre 22h et 6h pour les a\u00e9ronefs bruyants tels que d\u00e9finis pour Nantes-Atlantique,<\/li>\n<li>Nous demandons l\u2019application de cette mesure sur tous les a\u00e9roports qui accueillent des vols de nuit en France pour\u00a0prot\u00e9ger la sant\u00e9 de l&rsquo;ensemble des citoyens fran\u00e7ais en parfaite \u00e9quit\u00e9.<\/li>\n<li>Nous rappelons qu\u2019une nuit r\u00e9paratrice doit comprendre 8 heures de sommeil cons\u00e9cutives, normes d\u00e9finies par l\u2019Organisation Mondiale de la Sant\u00e9 et confirm\u00e9es par les instances europ\u00e9ennes[1].<\/li>\n<li>Nous soulignons le fait que les vols de nuit ont des cons\u00e9quences fortement n\u00e9fastes sur le sommeil et la sant\u00e9, \u00a0ce qui a \u00e9t\u00e9 d\u00e9montr\u00e9 par de nombreuses \u00e9tudes[2],<\/li>\n<\/ul>\n<p>L\u2019ADVOCNAR vous remercie par avance pour votre participation.<\/p>\n<hr \/>\n<p>[1] Directive 2002\/49\/CE<br \/>\n[2] <a href=\"https:\/\/www.clients.horus-informatique71.fr\/advocnar_backup\/wp-content\/uploads\/2016\/04\/ADVOCNAR-impact-sanitaire-du-bruit-1.pdf\">https:\/\/www.clients.horus-informatique71.fr\/advocnar_backup\/wp-content\/uploads\/2016\/04\/ADVOCNAR-impact-sanitaire-du-bruit-1.pdf<\/a><\/p>\n","protected":false},"excerpt":{"rendered":"<p>&nbsp; Lettre \u00e0 Nicolas Hulot \u00ab\u00a0Restrictions d&rsquo;avions bruyants la nuit : priorit\u00e9s\u00a0\u00bb Communiqu\u00e9 ADVOCNAR \u00ab\u00a0Restrictions d&rsquo;avions bruyants la nuit : deux poids, deux mesures?\u00a0\u00bb Un projet d\u2019arr\u00eat\u00e9 minist\u00e9riel soumis \u00e0 consultation publique vise \u00e0 limiter l\u2019utilisation de l\u2019a\u00e9roport de Nantes-Atlantique par les a\u00e9ronefs bruyants, notamment la nuit, pour des raisons environnementales. Il pr\u00e9voit en particulier [&hellip;]<\/p>\n","protected":false},"author":10,"featured_media":74349,"comment_status":"closed","ping_status":"open","sticky":false,"template":"","format":"standard","meta":{"footnotes":""},"categories":[46],"tags":[],"yoast_head":"<!-- This site is optimized with the Yoast SEO plugin v22.0 - https:\/\/yoast.com\/wordpress\/plugins\/seo\/ -->\n<title>Restrictions d&#039;avions bruyants la nuit : deux poids, deux mesures ? Participez \u00e0 la consultation publique ! - Advocnar<\/title>\n<meta name=\"robots\" content=\"index, follow, max-snippet:-1, max-image-preview:large, max-video-preview:-1\" \/>\n<link rel=\"canonical\" href=\"https:\/\/www.clients.horus-informatique71.fr\/advocnar_backup\/2018\/05\/restrictions-davions-la-nuit-participez-a-la-consultation-publique\/\" \/>\n<meta property=\"og:locale\" content=\"fr_FR\" \/>\n<meta property=\"og:type\" content=\"article\" \/>\n<meta property=\"og:title\" content=\"Restrictions d&#039;avions bruyants la nuit : deux poids, deux mesures ? Participez \u00e0 la consultation publique ! - Advocnar\" \/>\n<meta property=\"og:description\" content=\"&nbsp; Lettre \u00e0 Nicolas Hulot \u00ab\u00a0Restrictions d&rsquo;avions bruyants la nuit : priorit\u00e9s\u00a0\u00bb Communiqu\u00e9 ADVOCNAR \u00ab\u00a0Restrictions d&rsquo;avions bruyants la nuit : deux poids, deux mesures?\u00a0\u00bb Un projet d\u2019arr\u00eat\u00e9 minist\u00e9riel soumis \u00e0 consultation publique vise \u00e0 limiter l\u2019utilisation de l\u2019a\u00e9roport de Nantes-Atlantique par les a\u00e9ronefs bruyants, notamment la nuit, pour des raisons environnementales. Il pr\u00e9voit en particulier [&hellip;]\" \/>\n<meta property=\"og:url\" content=\"https:\/\/www.clients.horus-informatique71.fr\/advocnar_backup\/2018\/05\/restrictions-davions-la-nuit-participez-a-la-consultation-publique\/\" \/>\n<meta property=\"og:site_name\" content=\"Advocnar\" \/>\n<meta property=\"article:published_time\" content=\"2018-05-05T07:34:55+00:00\" \/>\n<meta property=\"article:modified_time\" content=\"2018-05-05T07:37:55+00:00\" \/>\n<meta property=\"og:image\" content=\"https:\/\/www.clients.horus-informatique71.fr\/advocnar_backup\/wp-content\/uploads\/2018\/05\/Avions-bruyants.png\" \/>\n\t<meta property=\"og:image:width\" content=\"854\" \/>\n\t<meta property=\"og:image:height\" content=\"640\" \/>\n\t<meta property=\"og:image:type\" content=\"image\/png\" \/>\n<meta name=\"author\" content=\"FBrochot\" \/>\n<meta name=\"twitter:card\" content=\"summary_large_image\" \/>\n<meta name=\"twitter:label1\" content=\"\u00c9crit par\" \/>\n\t<meta name=\"twitter:data1\" content=\"FBrochot\" \/>\n\t<meta name=\"twitter:label2\" content=\"Dur\u00e9e de lecture estim\u00e9e\" \/>\n\t<meta name=\"twitter:data2\" content=\"2 minutes\" \/>\n<script type=\"application\/ld+json\" class=\"yoast-schema-graph\">{\"@context\":\"https:\/\/schema.org\",\"@graph\":[{\"@type\":\"WebPage\",\"@id\":\"https:\/\/www.clients.horus-informatique71.fr\/advocnar_backup\/2018\/05\/restrictions-davions-la-nuit-participez-a-la-consultation-publique\/\",\"url\":\"https:\/\/www.clients.horus-informatique71.fr\/advocnar_backup\/2018\/05\/restrictions-davions-la-nuit-participez-a-la-consultation-publique\/\",\"name\":\"Restrictions d'avions bruyants la nuit : deux poids, deux mesures ? Participez \u00e0 la consultation publique ! - Advocnar\",\"isPartOf\":{\"@id\":\"https:\/\/www.clients.horus-informatique71.fr\/advocnar_backup\/#website\"},\"datePublished\":\"2018-05-05T07:34:55+00:00\",\"dateModified\":\"2018-05-05T07:37:55+00:00\",\"author\":{\"@id\":\"https:\/\/www.clients.horus-informatique71.fr\/advocnar_backup\/#\/schema\/person\/28ec283f897fb44e1146415d8015d23e\"},\"breadcrumb\":{\"@id\":\"https:\/\/www.clients.horus-informatique71.fr\/advocnar_backup\/2018\/05\/restrictions-davions-la-nuit-participez-a-la-consultation-publique\/#breadcrumb\"},\"inLanguage\":\"fr-FR\",\"potentialAction\":[{\"@type\":\"ReadAction\",\"target\":[\"https:\/\/www.clients.horus-informatique71.fr\/advocnar_backup\/2018\/05\/restrictions-davions-la-nuit-participez-a-la-consultation-publique\/\"]}]},{\"@type\":\"BreadcrumbList\",\"@id\":\"https:\/\/www.clients.horus-informatique71.fr\/advocnar_backup\/2018\/05\/restrictions-davions-la-nuit-participez-a-la-consultation-publique\/#breadcrumb\",\"itemListElement\":[{\"@type\":\"ListItem\",\"position\":1,\"name\":\"Accueil\",\"item\":\"https:\/\/www.clients.horus-informatique71.fr\/advocnar_backup\/\"},{\"@type\":\"ListItem\",\"position\":2,\"name\":\"Restrictions d&#8217;avions bruyants la nuit : deux poids, deux mesures ? Participez \u00e0 la consultation publique !\"}]},{\"@type\":\"WebSite\",\"@id\":\"https:\/\/www.clients.horus-informatique71.fr\/advocnar_backup\/#website\",\"url\":\"https:\/\/www.clients.horus-informatique71.fr\/advocnar_backup\/\",\"name\":\"Advocnar\",\"description\":\"Association de D\u00e9fense Contre les Nuisances A\u00e9riennes\",\"potentialAction\":[{\"@type\":\"SearchAction\",\"target\":{\"@type\":\"EntryPoint\",\"urlTemplate\":\"https:\/\/www.clients.horus-informatique71.fr\/advocnar_backup\/?s={search_term_string}\"},\"query-input\":\"required name=search_term_string\"}],\"inLanguage\":\"fr-FR\"},{\"@type\":\"Person\",\"@id\":\"https:\/\/www.clients.horus-informatique71.fr\/advocnar_backup\/#\/schema\/person\/28ec283f897fb44e1146415d8015d23e\",\"name\":\"FBrochot\",\"url\":\"https:\/\/www.clients.horus-informatique71.fr\/advocnar_backup\/author\/fbrochot\/\"}]}<\/script>\n<!-- \/ Yoast SEO plugin. -->","yoast_head_json":{"title":"Restrictions d'avions bruyants la nuit : deux poids, deux mesures ? Participez \u00e0 la consultation publique ! - Advocnar","robots":{"index":"index","follow":"follow","max-snippet":"max-snippet:-1","max-image-preview":"max-image-preview:large","max-video-preview":"max-video-preview:-1"},"canonical":"https:\/\/www.clients.horus-informatique71.fr\/advocnar_backup\/2018\/05\/restrictions-davions-la-nuit-participez-a-la-consultation-publique\/","og_locale":"fr_FR","og_type":"article","og_title":"Restrictions d'avions bruyants la nuit : deux poids, deux mesures ? Participez \u00e0 la consultation publique ! - Advocnar","og_description":"&nbsp; Lettre \u00e0 Nicolas Hulot \u00ab\u00a0Restrictions d&rsquo;avions bruyants la nuit : priorit\u00e9s\u00a0\u00bb Communiqu\u00e9 ADVOCNAR \u00ab\u00a0Restrictions d&rsquo;avions bruyants la nuit : deux poids, deux mesures?\u00a0\u00bb Un projet d\u2019arr\u00eat\u00e9 minist\u00e9riel soumis \u00e0 consultation publique vise \u00e0 limiter l\u2019utilisation de l\u2019a\u00e9roport de Nantes-Atlantique par les a\u00e9ronefs bruyants, notamment la nuit, pour des raisons environnementales. Il pr\u00e9voit en particulier [&hellip;]","og_url":"https:\/\/www.clients.horus-informatique71.fr\/advocnar_backup\/2018\/05\/restrictions-davions-la-nuit-participez-a-la-consultation-publique\/","og_site_name":"Advocnar","article_published_time":"2018-05-05T07:34:55+00:00","article_modified_time":"2018-05-05T07:37:55+00:00","og_image":[{"width":854,"height":640,"url":"https:\/\/www.clients.horus-informatique71.fr\/advocnar_backup\/wp-content\/uploads\/2018\/05\/Avions-bruyants.png","type":"image\/png"}],"author":"FBrochot","twitter_card":"summary_large_image","twitter_misc":{"\u00c9crit par":"FBrochot","Dur\u00e9e de lecture estim\u00e9e":"2 minutes"},"schema":{"@context":"https:\/\/schema.org","@graph":[{"@type":"WebPage","@id":"https:\/\/www.clients.horus-informatique71.fr\/advocnar_backup\/2018\/05\/restrictions-davions-la-nuit-participez-a-la-consultation-publique\/","url":"https:\/\/www.clients.horus-informatique71.fr\/advocnar_backup\/2018\/05\/restrictions-davions-la-nuit-participez-a-la-consultation-publique\/","name":"Restrictions d'avions bruyants la nuit : deux poids, deux mesures ? Participez \u00e0 la consultation publique ! - Advocnar","isPartOf":{"@id":"https:\/\/www.clients.horus-informatique71.fr\/advocnar_backup\/#website"},"datePublished":"2018-05-05T07:34:55+00:00","dateModified":"2018-05-05T07:37:55+00:00","author":{"@id":"https:\/\/www.clients.horus-informatique71.fr\/advocnar_backup\/#\/schema\/person\/28ec283f897fb44e1146415d8015d23e"},"breadcrumb":{"@id":"https:\/\/www.clients.horus-informatique71.fr\/advocnar_backup\/2018\/05\/restrictions-davions-la-nuit-participez-a-la-consultation-publique\/#breadcrumb"},"inLanguage":"fr-FR","potentialAction":[{"@type":"ReadAction","target":["https:\/\/www.clients.horus-informatique71.fr\/advocnar_backup\/2018\/05\/restrictions-davions-la-nuit-participez-a-la-consultation-publique\/"]}]},{"@type":"BreadcrumbList","@id":"https:\/\/www.clients.horus-informatique71.fr\/advocnar_backup\/2018\/05\/restrictions-davions-la-nuit-participez-a-la-consultation-publique\/#breadcrumb","itemListElement":[{"@type":"ListItem","position":1,"name":"Accueil","item":"https:\/\/www.clients.horus-informatique71.fr\/advocnar_backup\/"},{"@type":"ListItem","position":2,"name":"Restrictions d&#8217;avions bruyants la nuit : deux poids, deux mesures ? Participez \u00e0 la consultation publique !"}]},{"@type":"WebSite","@id":"https:\/\/www.clients.horus-informatique71.fr\/advocnar_backup\/#website","url":"https:\/\/www.clients.horus-informatique71.fr\/advocnar_backup\/","name":"Advocnar","description":"Association de D\u00e9fense Contre les Nuisances A\u00e9riennes","potentialAction":[{"@type":"SearchAction","target":{"@type":"EntryPoint","urlTemplate":"https:\/\/www.clients.horus-informatique71.fr\/advocnar_backup\/?s={search_term_string}"},"query-input":"required name=search_term_string"}],"inLanguage":"fr-FR"},{"@type":"Person","@id":"https:\/\/www.clients.horus-informatique71.fr\/advocnar_backup\/#\/schema\/person\/28ec283f897fb44e1146415d8015d23e","name":"FBrochot","url":"https:\/\/www.clients.horus-informatique71.fr\/advocnar_backup\/author\/fbrochot\/"}]}},"_links":{"self":[{"href":"https:\/\/www.clients.horus-informatique71.fr\/advocnar_backup\/wp-json\/wp\/v2\/posts\/74347"}],"collection":[{"href":"https:\/\/www.clients.horus-informatique71.fr\/advocnar_backup\/wp-json\/wp\/v2\/posts"}],"about":[{"href":"https:\/\/www.clients.horus-informatique71.fr\/advocnar_backup\/wp-json\/wp\/v2\/types\/post"}],"author":[{"embeddable":true,"href":"https:\/\/www.clients.horus-informatique71.fr\/advocnar_backup\/wp-json\/wp\/v2\/users\/10"}],"replies":[{"embeddable":true,"href":"https:\/\/www.clients.horus-informatique71.fr\/advocnar_backup\/wp-json\/wp\/v2\/comments?post=74347"}],"version-history":[{"count":6,"href":"https:\/\/www.clients.horus-informatique71.fr\/advocnar_backup\/wp-json\/wp\/v2\/posts\/74347\/revisions"}],"predecessor-version":[{"id":74354,"href":"https:\/\/www.clients.horus-informatique71.fr\/advocnar_backup\/wp-json\/wp\/v2\/posts\/74347\/revisions\/74354"}],"wp:featuredmedia":[{"embeddable":true,"href":"https:\/\/www.clients.horus-informatique71.fr\/advocnar_backup\/wp-json\/wp\/v2\/media\/74349"}],"wp:attachment":[{"href":"https:\/\/www.clients.horus-informatique71.fr\/advocnar_backup\/wp-json\/wp\/v2\/media?parent=74347"}],"wp:term":[{"taxonomy":"category","embeddable":true,"href":"https:\/\/www.clients.horus-informatique71.fr\/advocnar_backup\/wp-json\/wp\/v2\/categories?post=74347"},{"taxonomy":"post_tag","embeddable":true,"href":"https:\/\/www.clients.horus-informatique71.fr\/advocnar_backup\/wp-json\/wp\/v2\/tags?post=74347"}],"curies":[{"name":"wp","href":"https:\/\/api.w.org\/{rel}","templated":true}]}}