{"id":74365,"date":"2018-05-29T10:50:29","date_gmt":"2018-05-29T08:50:29","guid":{"rendered":"https:\/\/www.clients.horus-informatique71.fr\/advocnar_backup\/?p=74365"},"modified":"2018-05-29T10:51:43","modified_gmt":"2018-05-29T08:51:43","slug":"assises-du-transport-aerien-ladvocnar-vous-represente-au-sein-des-groupes-de-travail-performance-environnementale","status":"publish","type":"post","link":"https:\/\/www.clients.horus-informatique71.fr\/advocnar_backup\/2018\/05\/assises-du-transport-aerien-ladvocnar-vous-represente-au-sein-des-groupes-de-travail-performance-environnementale\/","title":{"rendered":"Assises du transport a\u00e9rien: l&rsquo;ADVOCNAR vous repr\u00e9sente au sein des groupes de travail \u00ab\u00a0performance environnementale\u00a0\u00bb"},"content":{"rendered":"<h4>Les Assises Nationales du Transport A\u00e9rien se d\u00e9roulent de mars \u00e0 septembre 2018.<\/h4>\n<p>OBJECTIF PERFORMANCE\u00a0! Elisabeth Borne, Ministre des Transports, a annonc\u00e9 d&rsquo;entr\u00e9e la couleur ! La r\u00e9flexion sera concentr\u00e9e principalement sur le d\u00e9veloppement du transport a\u00e9rien fran\u00e7ais et la comp\u00e9titivit\u00e9 des compagnies nationales.<\/p>\n<p><a href=\"https:\/\/www.advocnar.fr2018\/03\/lancement-assises-transport-aerien\/\">Voir le communiqu\u00e9 de l&rsquo;UFCNA suite au lancement des Assises le 20 mars 2018.<\/a><\/p>\n<p>Colloques, groupes de travail, tables rondes \u2026 mais aussi la possibilit\u00e9 pour chaque citoyen de contribuer sur <a href=\"https:\/\/www.assisesdutransportaerien.gouv.fr\/\">https:\/\/www.assisesdutransportaerien.gouv.fr\/<\/a> jusqu&rsquo;au 1er juin.<\/p>\n<p>L&rsquo;ADVOCNAR, pr\u00e9sente \u00e0 toutes les r\u00e9unions et colloques sur le th\u00e8me \u00ab\u00a0performance environnementale\u00a0\u00bb , soutient avec les repr\u00e9sentants de l\u2019UFCNA et de la Convergence Associative un ensemble de mesures visant \u00e0 r\u00e9duire le bruit et les \u00e9missions polluantes dues au trafic a\u00e9rien afin de prot\u00e9ger non seulement la qualit\u00e9 de vie mais surtout la sant\u00e9 des populations concern\u00e9es:<\/p>\n<p><a href=\"https:\/\/www.clients.horus-informatique71.fr\/advocnar_backup\/wp-content\/uploads\/2018\/05\/Assises-Transport-Aerien-UFCNA-Mesures-Reduction-Nuisances-Doc-2.pdf\">Mesures de r\u00e9duction des nuisances UFCNA Convergence Associative<\/a><\/p>\n<p>Face au lobby qui souhaite travailler uniquement sur <em>l&rsquo;acceptabilit\u00e9 des nuisances<\/em>, les associations continueront de lutter contre l&rsquo;indiff\u00e9rence \u00e0 l&rsquo;\u00e9gard de toute une population maltrait\u00e9e.<\/p>\n","protected":false},"excerpt":{"rendered":"<p>Les Assises Nationales du Transport A\u00e9rien se d\u00e9roulent de mars \u00e0 septembre 2018. OBJECTIF PERFORMANCE\u00a0! Elisabeth Borne, Ministre des Transports, a annonc\u00e9 d&rsquo;entr\u00e9e la couleur ! La r\u00e9flexion sera concentr\u00e9e principalement sur le d\u00e9veloppement du transport a\u00e9rien fran\u00e7ais et la comp\u00e9titivit\u00e9 des compagnies nationales. Voir le communiqu\u00e9 de l&rsquo;UFCNA suite au lancement des Assises le [&hellip;]<\/p>\n","protected":false},"author":10,"featured_media":74288,"comment_status":"closed","ping_status":"open","sticky":false,"template":"","format":"standard","meta":{"footnotes":""},"categories":[46],"tags":[],"yoast_head":"<!-- This site is optimized with the Yoast SEO plugin v22.0 - https:\/\/yoast.com\/wordpress\/plugins\/seo\/ -->\n<title>Assises du transport a\u00e9rien: l&#039;ADVOCNAR vous repr\u00e9sente au sein des groupes de travail &quot;performance environnementale&quot; - Advocnar<\/title>\n<meta name=\"robots\" content=\"index, follow, max-snippet:-1, max-image-preview:large, max-video-preview:-1\" \/>\n<link rel=\"canonical\" href=\"https:\/\/www.clients.horus-informatique71.fr\/advocnar_backup\/2018\/05\/assises-du-transport-aerien-ladvocnar-vous-represente-au-sein-des-groupes-de-travail-performance-environnementale\/\" \/>\n<meta property=\"og:locale\" content=\"fr_FR\" \/>\n<meta property=\"og:type\" content=\"article\" \/>\n<meta property=\"og:title\" content=\"Assises du transport a\u00e9rien: l&#039;ADVOCNAR vous repr\u00e9sente au sein des groupes de travail &quot;performance environnementale&quot; - Advocnar\" \/>\n<meta property=\"og:description\" content=\"Les Assises Nationales du Transport A\u00e9rien se d\u00e9roulent de mars \u00e0 septembre 2018. OBJECTIF PERFORMANCE\u00a0! Elisabeth Borne, Ministre des Transports, a annonc\u00e9 d&rsquo;entr\u00e9e la couleur ! La r\u00e9flexion sera concentr\u00e9e principalement sur le d\u00e9veloppement du transport a\u00e9rien fran\u00e7ais et la comp\u00e9titivit\u00e9 des compagnies nationales. Voir le communiqu\u00e9 de l&rsquo;UFCNA suite au lancement des Assises le [&hellip;]\" \/>\n<meta property=\"og:url\" content=\"https:\/\/www.clients.horus-informatique71.fr\/advocnar_backup\/2018\/05\/assises-du-transport-aerien-ladvocnar-vous-represente-au-sein-des-groupes-de-travail-performance-environnementale\/\" \/>\n<meta property=\"og:site_name\" content=\"Advocnar\" \/>\n<meta property=\"article:published_time\" content=\"2018-05-29T08:50:29+00:00\" \/>\n<meta property=\"article:modified_time\" content=\"2018-05-29T08:51:43+00:00\" \/>\n<meta property=\"og:image\" content=\"https:\/\/www.clients.horus-informatique71.fr\/advocnar_backup\/wp-content\/uploads\/2018\/03\/Assises-transport-aerien.png\" \/>\n\t<meta property=\"og:image:width\" content=\"607\" \/>\n\t<meta property=\"og:image:height\" content=\"456\" \/>\n\t<meta property=\"og:image:type\" content=\"image\/png\" \/>\n<meta name=\"author\" content=\"FBrochot\" \/>\n<meta name=\"twitter:card\" content=\"summary_large_image\" \/>\n<meta name=\"twitter:label1\" content=\"\u00c9crit par\" \/>\n\t<meta name=\"twitter:data1\" content=\"FBrochot\" \/>\n\t<meta name=\"twitter:label2\" content=\"Dur\u00e9e de lecture estim\u00e9e\" \/>\n\t<meta name=\"twitter:data2\" content=\"1 minute\" \/>\n<script type=\"application\/ld+json\" class=\"yoast-schema-graph\">{\"@context\":\"https:\/\/schema.org\",\"@graph\":[{\"@type\":\"WebPage\",\"@id\":\"https:\/\/www.clients.horus-informatique71.fr\/advocnar_backup\/2018\/05\/assises-du-transport-aerien-ladvocnar-vous-represente-au-sein-des-groupes-de-travail-performance-environnementale\/\",\"url\":\"https:\/\/www.clients.horus-informatique71.fr\/advocnar_backup\/2018\/05\/assises-du-transport-aerien-ladvocnar-vous-represente-au-sein-des-groupes-de-travail-performance-environnementale\/\",\"name\":\"Assises du transport a\u00e9rien: l'ADVOCNAR vous repr\u00e9sente au sein des groupes de travail \\\"performance environnementale\\\" - Advocnar\",\"isPartOf\":{\"@id\":\"https:\/\/www.clients.horus-informatique71.fr\/advocnar_backup\/#website\"},\"datePublished\":\"2018-05-29T08:50:29+00:00\",\"dateModified\":\"2018-05-29T08:51:43+00:00\",\"author\":{\"@id\":\"https:\/\/www.clients.horus-informatique71.fr\/advocnar_backup\/#\/schema\/person\/28ec283f897fb44e1146415d8015d23e\"},\"breadcrumb\":{\"@id\":\"https:\/\/www.clients.horus-informatique71.fr\/advocnar_backup\/2018\/05\/assises-du-transport-aerien-ladvocnar-vous-represente-au-sein-des-groupes-de-travail-performance-environnementale\/#breadcrumb\"},\"inLanguage\":\"fr-FR\",\"potentialAction\":[{\"@type\":\"ReadAction\",\"target\":[\"https:\/\/www.clients.horus-informatique71.fr\/advocnar_backup\/2018\/05\/assises-du-transport-aerien-ladvocnar-vous-represente-au-sein-des-groupes-de-travail-performance-environnementale\/\"]}]},{\"@type\":\"BreadcrumbList\",\"@id\":\"https:\/\/www.clients.horus-informatique71.fr\/advocnar_backup\/2018\/05\/assises-du-transport-aerien-ladvocnar-vous-represente-au-sein-des-groupes-de-travail-performance-environnementale\/#breadcrumb\",\"itemListElement\":[{\"@type\":\"ListItem\",\"position\":1,\"name\":\"Accueil\",\"item\":\"https:\/\/www.clients.horus-informatique71.fr\/advocnar_backup\/\"},{\"@type\":\"ListItem\",\"position\":2,\"name\":\"Assises du transport a\u00e9rien: l&#8217;ADVOCNAR vous repr\u00e9sente au sein des groupes de travail &#8220;performance environnementale&#8221;\"}]},{\"@type\":\"WebSite\",\"@id\":\"https:\/\/www.clients.horus-informatique71.fr\/advocnar_backup\/#website\",\"url\":\"https:\/\/www.clients.horus-informatique71.fr\/advocnar_backup\/\",\"name\":\"Advocnar\",\"description\":\"Association de D\u00e9fense Contre les Nuisances A\u00e9riennes\",\"potentialAction\":[{\"@type\":\"SearchAction\",\"target\":{\"@type\":\"EntryPoint\",\"urlTemplate\":\"https:\/\/www.clients.horus-informatique71.fr\/advocnar_backup\/?s={search_term_string}\"},\"query-input\":\"required name=search_term_string\"}],\"inLanguage\":\"fr-FR\"},{\"@type\":\"Person\",\"@id\":\"https:\/\/www.clients.horus-informatique71.fr\/advocnar_backup\/#\/schema\/person\/28ec283f897fb44e1146415d8015d23e\",\"name\":\"FBrochot\",\"url\":\"https:\/\/www.clients.horus-informatique71.fr\/advocnar_backup\/author\/fbrochot\/\"}]}<\/script>\n<!-- \/ Yoast SEO plugin. -->","yoast_head_json":{"title":"Assises du transport a\u00e9rien: l'ADVOCNAR vous repr\u00e9sente au sein des groupes de travail \"performance environnementale\" - Advocnar","robots":{"index":"index","follow":"follow","max-snippet":"max-snippet:-1","max-image-preview":"max-image-preview:large","max-video-preview":"max-video-preview:-1"},"canonical":"https:\/\/www.clients.horus-informatique71.fr\/advocnar_backup\/2018\/05\/assises-du-transport-aerien-ladvocnar-vous-represente-au-sein-des-groupes-de-travail-performance-environnementale\/","og_locale":"fr_FR","og_type":"article","og_title":"Assises du transport a\u00e9rien: l'ADVOCNAR vous repr\u00e9sente au sein des groupes de travail \"performance environnementale\" - Advocnar","og_description":"Les Assises Nationales du Transport A\u00e9rien se d\u00e9roulent de mars \u00e0 septembre 2018. OBJECTIF PERFORMANCE\u00a0! Elisabeth Borne, Ministre des Transports, a annonc\u00e9 d&rsquo;entr\u00e9e la couleur ! La r\u00e9flexion sera concentr\u00e9e principalement sur le d\u00e9veloppement du transport a\u00e9rien fran\u00e7ais et la comp\u00e9titivit\u00e9 des compagnies nationales. Voir le communiqu\u00e9 de l&rsquo;UFCNA suite au lancement des Assises le [&hellip;]","og_url":"https:\/\/www.clients.horus-informatique71.fr\/advocnar_backup\/2018\/05\/assises-du-transport-aerien-ladvocnar-vous-represente-au-sein-des-groupes-de-travail-performance-environnementale\/","og_site_name":"Advocnar","article_published_time":"2018-05-29T08:50:29+00:00","article_modified_time":"2018-05-29T08:51:43+00:00","og_image":[{"width":607,"height":456,"url":"https:\/\/www.clients.horus-informatique71.fr\/advocnar_backup\/wp-content\/uploads\/2018\/03\/Assises-transport-aerien.png","type":"image\/png"}],"author":"FBrochot","twitter_card":"summary_large_image","twitter_misc":{"\u00c9crit par":"FBrochot","Dur\u00e9e de lecture estim\u00e9e":"1 minute"},"schema":{"@context":"https:\/\/schema.org","@graph":[{"@type":"WebPage","@id":"https:\/\/www.clients.horus-informatique71.fr\/advocnar_backup\/2018\/05\/assises-du-transport-aerien-ladvocnar-vous-represente-au-sein-des-groupes-de-travail-performance-environnementale\/","url":"https:\/\/www.clients.horus-informatique71.fr\/advocnar_backup\/2018\/05\/assises-du-transport-aerien-ladvocnar-vous-represente-au-sein-des-groupes-de-travail-performance-environnementale\/","name":"Assises du transport a\u00e9rien: l'ADVOCNAR vous repr\u00e9sente au sein des groupes de travail \"performance environnementale\" - Advocnar","isPartOf":{"@id":"https:\/\/www.clients.horus-informatique71.fr\/advocnar_backup\/#website"},"datePublished":"2018-05-29T08:50:29+00:00","dateModified":"2018-05-29T08:51:43+00:00","author":{"@id":"https:\/\/www.clients.horus-informatique71.fr\/advocnar_backup\/#\/schema\/person\/28ec283f897fb44e1146415d8015d23e"},"breadcrumb":{"@id":"https:\/\/www.clients.horus-informatique71.fr\/advocnar_backup\/2018\/05\/assises-du-transport-aerien-ladvocnar-vous-represente-au-sein-des-groupes-de-travail-performance-environnementale\/#breadcrumb"},"inLanguage":"fr-FR","potentialAction":[{"@type":"ReadAction","target":["https:\/\/www.clients.horus-informatique71.fr\/advocnar_backup\/2018\/05\/assises-du-transport-aerien-ladvocnar-vous-represente-au-sein-des-groupes-de-travail-performance-environnementale\/"]}]},{"@type":"BreadcrumbList","@id":"https:\/\/www.clients.horus-informatique71.fr\/advocnar_backup\/2018\/05\/assises-du-transport-aerien-ladvocnar-vous-represente-au-sein-des-groupes-de-travail-performance-environnementale\/#breadcrumb","itemListElement":[{"@type":"ListItem","position":1,"name":"Accueil","item":"https:\/\/www.clients.horus-informatique71.fr\/advocnar_backup\/"},{"@type":"ListItem","position":2,"name":"Assises du transport a\u00e9rien: l&#8217;ADVOCNAR vous repr\u00e9sente au sein des groupes de travail &#8220;performance environnementale&#8221;"}]},{"@type":"WebSite","@id":"https:\/\/www.clients.horus-informatique71.fr\/advocnar_backup\/#website","url":"https:\/\/www.clients.horus-informatique71.fr\/advocnar_backup\/","name":"Advocnar","description":"Association de D\u00e9fense Contre les Nuisances A\u00e9riennes","potentialAction":[{"@type":"SearchAction","target":{"@type":"EntryPoint","urlTemplate":"https:\/\/www.clients.horus-informatique71.fr\/advocnar_backup\/?s={search_term_string}"},"query-input":"required name=search_term_string"}],"inLanguage":"fr-FR"},{"@type":"Person","@id":"https:\/\/www.clients.horus-informatique71.fr\/advocnar_backup\/#\/schema\/person\/28ec283f897fb44e1146415d8015d23e","name":"FBrochot","url":"https:\/\/www.clients.horus-informatique71.fr\/advocnar_backup\/author\/fbrochot\/"}]}},"_links":{"self":[{"href":"https:\/\/www.clients.horus-informatique71.fr\/advocnar_backup\/wp-json\/wp\/v2\/posts\/74365"}],"collection":[{"href":"https:\/\/www.clients.horus-informatique71.fr\/advocnar_backup\/wp-json\/wp\/v2\/posts"}],"about":[{"href":"https:\/\/www.clients.horus-informatique71.fr\/advocnar_backup\/wp-json\/wp\/v2\/types\/post"}],"author":[{"embeddable":true,"href":"https:\/\/www.clients.horus-informatique71.fr\/advocnar_backup\/wp-json\/wp\/v2\/users\/10"}],"replies":[{"embeddable":true,"href":"https:\/\/www.clients.horus-informatique71.fr\/advocnar_backup\/wp-json\/wp\/v2\/comments?post=74365"}],"version-history":[{"count":10,"href":"https:\/\/www.clients.horus-informatique71.fr\/advocnar_backup\/wp-json\/wp\/v2\/posts\/74365\/revisions"}],"predecessor-version":[{"id":74375,"href":"https:\/\/www.clients.horus-informatique71.fr\/advocnar_backup\/wp-json\/wp\/v2\/posts\/74365\/revisions\/74375"}],"wp:featuredmedia":[{"embeddable":true,"href":"https:\/\/www.clients.horus-informatique71.fr\/advocnar_backup\/wp-json\/wp\/v2\/media\/74288"}],"wp:attachment":[{"href":"https:\/\/www.clients.horus-informatique71.fr\/advocnar_backup\/wp-json\/wp\/v2\/media?parent=74365"}],"wp:term":[{"taxonomy":"category","embeddable":true,"href":"https:\/\/www.clients.horus-informatique71.fr\/advocnar_backup\/wp-json\/wp\/v2\/categories?post=74365"},{"taxonomy":"post_tag","embeddable":true,"href":"https:\/\/www.clients.horus-informatique71.fr\/advocnar_backup\/wp-json\/wp\/v2\/tags?post=74365"}],"curies":[{"name":"wp","href":"https:\/\/api.w.org\/{rel}","templated":true}]}}