{"id":74390,"date":"2018-06-04T19:11:32","date_gmt":"2018-06-04T17:11:32","guid":{"rendered":"https:\/\/www.clients.horus-informatique71.fr\/advocnar_backup\/?p=74390"},"modified":"2018-11-12T14:21:43","modified_gmt":"2018-11-12T13:21:43","slug":"bilan-ademe-emissions-aeroports-un-pave-dans-la-mare-pour-le-lobby-aerien","status":"publish","type":"post","link":"https:\/\/www.clients.horus-informatique71.fr\/advocnar_backup\/2018\/06\/bilan-ademe-emissions-aeroports-un-pave-dans-la-mare-pour-le-lobby-aerien\/","title":{"rendered":"Bilan de l&rsquo;ADEME concernant les \u00e9missions des a\u00e9roports: un pav\u00e9 dans la mare pour le lobby a\u00e9rien!"},"content":{"rendered":"<h4>GES et polluants atmosph\u00e9riques des a\u00e9roports\u00a0:<br \/>\nLe bilan de l\u2019ADEME est un pav\u00e9 dans la mare pour le lobby a\u00e9rien\u00a0!<\/h4>\n<p>&nbsp;<\/p>\n<p>En application de l\u2019article 45 de la loi n\u00b02015-992 et du <a href=\"https:\/\/www.clients.horus-informatique71.fr\/advocnar_backup\/wp-content\/uploads\/2018\/06\/Decret_n\u00b02016-565_du_10_mai_2016_version_initiale.pdf\">d\u00e9cret n\u00b02016-565<\/a>, l\u2019ADEME[1] a \u00e9tabli un <a href=\"http:\/\/www.ademe.fr\/sites\/default\/files\/assets\/documents\/programme-actions-aerodromes_2018.pdf\">bilan national des programmes d\u2019action de r\u00e9duction des \u00e9missions de gaz \u00e0 effet de serre et de polluants atmosph\u00e9riques<\/a> communiqu\u00e9s par les onze a\u00e9rodromes concern\u00e9s.<\/p>\n<p>D\u00e9voil\u00e9es mercredi dernier 30 mai, lors du groupe de travail AIR des Assises Nationales du Transport A\u00e9rien, les conclusions du bilan ont fait grincer des dents les repr\u00e9sentants du lobby a\u00e9rien.<\/p>\n<p>Certes, ce bilan fait appara\u00eetre que les objectifs de r\u00e9duction des intensit\u00e9s d\u2019\u00e9mission en gaz \u00e0 effet de serre et en polluants atmosph\u00e9riques, fix\u00e9s par le d\u00e9cret \u00e0 10% pour l\u2019ann\u00e9e 2020 et 20% pour l\u2019ann\u00e9e 2025, par rapport \u00e0 l\u2019ann\u00e9e de r\u00e9f\u00e9rence 2010, seraient respect\u00e9s.<\/p>\n<p><strong>Cependant l\u2019ADEME d\u00e9montre qu\u2019il est tr\u00e8s facile de faire baisser cet indicateur en intensit\u00e9 d\u2019\u00e9missions<\/strong>, calcul\u00e9, de fa\u00e7on fallacieuse, en divisant les \u00e9missions polluantes par le nombre d\u2019unit\u00e9s de trafic (passagers ou fret), sans pour autant faire baisser les \u00e9missions en valeur absolue.<\/p>\n<p><strong>L\u2019ADEME note, qu\u2019en volume, les \u00e9missions de gaz \u00e0 effet de serre et de polluants atmosph\u00e9riques restent, en 2025, \u00e0 un niveau proche de celui de 2010, \u00e0 l\u2019exception des \u00e9missions de COV en baisse. Les \u00e9missions de GES, de NOx et de TSP<\/strong>[2]<strong> augmentent \u00e0 partir de 2020<\/strong>. Pour le citoyen c\u2019est la valeur absolue de ceux-ci qui affectera sa sant\u00e9.<\/p>\n<p>L\u2019ADEME propose d\u2019excellentes pistes de travail, que les associations exigent depuis toujours, nous en citerons trois :<\/p>\n<ul>\n<li>R\u00e9aliser des bilans de GES et de polluants incluant l\u2019int\u00e9gralit\u00e9 des vols et des phases de vol (non pr\u00e9vu dans la loi), ainsi que le trafic routier induit.<\/li>\n<li>Fixer et respecter des objectifs de r\u00e9duction des \u00e9missions en valeur absolue, et non plus en intensit\u00e9, par a\u00e9rodrome, au niveau national et international.<\/li>\n<li>Utiliser le levier de la ma\u00eetrise du d\u00e9veloppement du trafic afin de parvenir \u00e0 ces objectifs.<\/li>\n<\/ul>\n<p>L&rsquo;Etat et ses \u00e9tablissements publics concourent \u00e0 une politique dont l&rsquo;objectif est la mise en \u0153uvre du droit reconnu \u00e0 chacun \u00e0 respirer un air qui ne nuise pas \u00e0 sa sant\u00e9. (Article 1 de la loi n\u00b0 96-1236 du 30 d\u00e9cembre 1996). <strong>L\u2019ADVOCNAR soutient donc totalement les conclusions du rapport et les recommandations de l\u2019ADEME.<\/strong><\/p>\n<p>Pour pr\u00e9server la <strong>sant\u00e9 des citoyens, la pollution du trafic a\u00e9rien doit \u00eatre \u00e9valu\u00e9e en totalit\u00e9<\/strong> et les am\u00e9liorations \u00e9valu\u00e9es en valeur absolue. Les mesures \u00e0 prendre doivent \u00eatre \u00e0 la hauteur de cet enjeu.<\/p>\n<p>Par ailleurs la France et l\u2019Europe se sont engag\u00e9es \u00e0 diviser par 4 les \u00e9missions de gaz \u00e0 effet de serre d\u2019ici 2050. La lutte contre les d\u00e9r\u00e8glements climatiques exige une participation \u00e9quitable de tous les secteurs, y compris le secteur du transport a\u00e9rien.<\/p>\n<p><a href=\"https:\/\/www.clients.horus-informatique71.fr\/advocnar_backup\/wp-content\/uploads\/2018\/06\/2018-06-04-Communique-ADVOCNAR-bilan-ADEME-e\u0301missions-ae\u0301roports-V2.pdf\">Lire le communiqu\u00e9 de presse de l&rsquo;ADVOCNAR<\/a><\/p>\n<hr \/>\n<p>[1] ADEME = Agence de l\u2019Environnement et de la Ma\u00eetrise de l\u2019Energie (Agence d\u2019Etat)<br \/>\n[2] GES = Gaz \u00e0 Effet de Serre\u00a0\u00a0\u00a0\u00a0\u00a0 NOx = Oxydes d\u2019Azote\u00a0\u00a0\u00a0\u00a0\u00a0 TSP = Particules Totales en Suspension\u00a0\u00a0\u00a0\u00a0 COV = Compos\u00e9 Organique Volatil<\/p>\n<p>&nbsp;<\/p>\n","protected":false},"excerpt":{"rendered":"<p>GES et polluants atmosph\u00e9riques des a\u00e9roports\u00a0: Le bilan de l\u2019ADEME est un pav\u00e9 dans la mare pour le lobby a\u00e9rien\u00a0! &nbsp; En application de l\u2019article 45 de la loi n\u00b02015-992 et du d\u00e9cret n\u00b02016-565, l\u2019ADEME[1] a \u00e9tabli un bilan national des programmes d\u2019action de r\u00e9duction des \u00e9missions de gaz \u00e0 effet de serre et de [&hellip;]<\/p>\n","protected":false},"author":10,"featured_media":74173,"comment_status":"closed","ping_status":"open","sticky":false,"template":"","format":"standard","meta":{"footnotes":""},"categories":[46],"tags":[],"yoast_head":"<!-- This site is optimized with the Yoast SEO plugin v22.0 - https:\/\/yoast.com\/wordpress\/plugins\/seo\/ -->\n<title>Bilan de l&#039;ADEME concernant les \u00e9missions des a\u00e9roports: un pav\u00e9 dans la mare pour le lobby a\u00e9rien! - Advocnar<\/title>\n<meta name=\"robots\" content=\"index, follow, max-snippet:-1, max-image-preview:large, max-video-preview:-1\" \/>\n<link rel=\"canonical\" href=\"https:\/\/www.clients.horus-informatique71.fr\/advocnar_backup\/2018\/06\/bilan-ademe-emissions-aeroports-un-pave-dans-la-mare-pour-le-lobby-aerien\/\" \/>\n<meta property=\"og:locale\" content=\"fr_FR\" \/>\n<meta property=\"og:type\" content=\"article\" \/>\n<meta property=\"og:title\" content=\"Bilan de l&#039;ADEME concernant les \u00e9missions des a\u00e9roports: un pav\u00e9 dans la mare pour le lobby a\u00e9rien! - Advocnar\" \/>\n<meta property=\"og:description\" content=\"GES et polluants atmosph\u00e9riques des a\u00e9roports\u00a0: Le bilan de l\u2019ADEME est un pav\u00e9 dans la mare pour le lobby a\u00e9rien\u00a0! &nbsp; En application de l\u2019article 45 de la loi n\u00b02015-992 et du d\u00e9cret n\u00b02016-565, l\u2019ADEME[1] a \u00e9tabli un bilan national des programmes d\u2019action de r\u00e9duction des \u00e9missions de gaz \u00e0 effet de serre et de [&hellip;]\" \/>\n<meta property=\"og:url\" content=\"https:\/\/www.clients.horus-informatique71.fr\/advocnar_backup\/2018\/06\/bilan-ademe-emissions-aeroports-un-pave-dans-la-mare-pour-le-lobby-aerien\/\" \/>\n<meta property=\"og:site_name\" content=\"Advocnar\" \/>\n<meta property=\"article:published_time\" content=\"2018-06-04T17:11:32+00:00\" \/>\n<meta property=\"article:modified_time\" content=\"2018-11-12T13:21:43+00:00\" \/>\n<meta property=\"og:image\" content=\"https:\/\/www.clients.horus-informatique71.fr\/advocnar_backup\/wp-content\/uploads\/2018\/01\/Communique-ADVOCNAR.png\" \/>\n\t<meta property=\"og:image:width\" content=\"863\" \/>\n\t<meta property=\"og:image:height\" content=\"648\" \/>\n\t<meta property=\"og:image:type\" content=\"image\/png\" \/>\n<meta name=\"author\" content=\"FBrochot\" \/>\n<meta name=\"twitter:card\" content=\"summary_large_image\" \/>\n<meta name=\"twitter:label1\" content=\"\u00c9crit par\" \/>\n\t<meta name=\"twitter:data1\" content=\"FBrochot\" \/>\n\t<meta name=\"twitter:label2\" content=\"Dur\u00e9e de lecture estim\u00e9e\" \/>\n\t<meta name=\"twitter:data2\" content=\"3 minutes\" \/>\n<script type=\"application\/ld+json\" class=\"yoast-schema-graph\">{\"@context\":\"https:\/\/schema.org\",\"@graph\":[{\"@type\":\"WebPage\",\"@id\":\"https:\/\/www.clients.horus-informatique71.fr\/advocnar_backup\/2018\/06\/bilan-ademe-emissions-aeroports-un-pave-dans-la-mare-pour-le-lobby-aerien\/\",\"url\":\"https:\/\/www.clients.horus-informatique71.fr\/advocnar_backup\/2018\/06\/bilan-ademe-emissions-aeroports-un-pave-dans-la-mare-pour-le-lobby-aerien\/\",\"name\":\"Bilan de l'ADEME concernant les \u00e9missions des a\u00e9roports: un pav\u00e9 dans la mare pour le lobby a\u00e9rien! - Advocnar\",\"isPartOf\":{\"@id\":\"https:\/\/www.clients.horus-informatique71.fr\/advocnar_backup\/#website\"},\"datePublished\":\"2018-06-04T17:11:32+00:00\",\"dateModified\":\"2018-11-12T13:21:43+00:00\",\"author\":{\"@id\":\"https:\/\/www.clients.horus-informatique71.fr\/advocnar_backup\/#\/schema\/person\/28ec283f897fb44e1146415d8015d23e\"},\"breadcrumb\":{\"@id\":\"https:\/\/www.clients.horus-informatique71.fr\/advocnar_backup\/2018\/06\/bilan-ademe-emissions-aeroports-un-pave-dans-la-mare-pour-le-lobby-aerien\/#breadcrumb\"},\"inLanguage\":\"fr-FR\",\"potentialAction\":[{\"@type\":\"ReadAction\",\"target\":[\"https:\/\/www.clients.horus-informatique71.fr\/advocnar_backup\/2018\/06\/bilan-ademe-emissions-aeroports-un-pave-dans-la-mare-pour-le-lobby-aerien\/\"]}]},{\"@type\":\"BreadcrumbList\",\"@id\":\"https:\/\/www.clients.horus-informatique71.fr\/advocnar_backup\/2018\/06\/bilan-ademe-emissions-aeroports-un-pave-dans-la-mare-pour-le-lobby-aerien\/#breadcrumb\",\"itemListElement\":[{\"@type\":\"ListItem\",\"position\":1,\"name\":\"Accueil\",\"item\":\"https:\/\/www.clients.horus-informatique71.fr\/advocnar_backup\/\"},{\"@type\":\"ListItem\",\"position\":2,\"name\":\"Bilan de l&#8217;ADEME concernant les \u00e9missions des a\u00e9roports: un pav\u00e9 dans la mare pour le lobby a\u00e9rien!\"}]},{\"@type\":\"WebSite\",\"@id\":\"https:\/\/www.clients.horus-informatique71.fr\/advocnar_backup\/#website\",\"url\":\"https:\/\/www.clients.horus-informatique71.fr\/advocnar_backup\/\",\"name\":\"Advocnar\",\"description\":\"Association de D\u00e9fense Contre les Nuisances A\u00e9riennes\",\"potentialAction\":[{\"@type\":\"SearchAction\",\"target\":{\"@type\":\"EntryPoint\",\"urlTemplate\":\"https:\/\/www.clients.horus-informatique71.fr\/advocnar_backup\/?s={search_term_string}\"},\"query-input\":\"required name=search_term_string\"}],\"inLanguage\":\"fr-FR\"},{\"@type\":\"Person\",\"@id\":\"https:\/\/www.clients.horus-informatique71.fr\/advocnar_backup\/#\/schema\/person\/28ec283f897fb44e1146415d8015d23e\",\"name\":\"FBrochot\",\"url\":\"https:\/\/www.clients.horus-informatique71.fr\/advocnar_backup\/author\/fbrochot\/\"}]}<\/script>\n<!-- \/ Yoast SEO plugin. -->","yoast_head_json":{"title":"Bilan de l'ADEME concernant les \u00e9missions des a\u00e9roports: un pav\u00e9 dans la mare pour le lobby a\u00e9rien! - Advocnar","robots":{"index":"index","follow":"follow","max-snippet":"max-snippet:-1","max-image-preview":"max-image-preview:large","max-video-preview":"max-video-preview:-1"},"canonical":"https:\/\/www.clients.horus-informatique71.fr\/advocnar_backup\/2018\/06\/bilan-ademe-emissions-aeroports-un-pave-dans-la-mare-pour-le-lobby-aerien\/","og_locale":"fr_FR","og_type":"article","og_title":"Bilan de l'ADEME concernant les \u00e9missions des a\u00e9roports: un pav\u00e9 dans la mare pour le lobby a\u00e9rien! - Advocnar","og_description":"GES et polluants atmosph\u00e9riques des a\u00e9roports\u00a0: Le bilan de l\u2019ADEME est un pav\u00e9 dans la mare pour le lobby a\u00e9rien\u00a0! &nbsp; En application de l\u2019article 45 de la loi n\u00b02015-992 et du d\u00e9cret n\u00b02016-565, l\u2019ADEME[1] a \u00e9tabli un bilan national des programmes d\u2019action de r\u00e9duction des \u00e9missions de gaz \u00e0 effet de serre et de [&hellip;]","og_url":"https:\/\/www.clients.horus-informatique71.fr\/advocnar_backup\/2018\/06\/bilan-ademe-emissions-aeroports-un-pave-dans-la-mare-pour-le-lobby-aerien\/","og_site_name":"Advocnar","article_published_time":"2018-06-04T17:11:32+00:00","article_modified_time":"2018-11-12T13:21:43+00:00","og_image":[{"width":863,"height":648,"url":"https:\/\/www.clients.horus-informatique71.fr\/advocnar_backup\/wp-content\/uploads\/2018\/01\/Communique-ADVOCNAR.png","type":"image\/png"}],"author":"FBrochot","twitter_card":"summary_large_image","twitter_misc":{"\u00c9crit par":"FBrochot","Dur\u00e9e de lecture estim\u00e9e":"3 minutes"},"schema":{"@context":"https:\/\/schema.org","@graph":[{"@type":"WebPage","@id":"https:\/\/www.clients.horus-informatique71.fr\/advocnar_backup\/2018\/06\/bilan-ademe-emissions-aeroports-un-pave-dans-la-mare-pour-le-lobby-aerien\/","url":"https:\/\/www.clients.horus-informatique71.fr\/advocnar_backup\/2018\/06\/bilan-ademe-emissions-aeroports-un-pave-dans-la-mare-pour-le-lobby-aerien\/","name":"Bilan de l'ADEME concernant les \u00e9missions des a\u00e9roports: un pav\u00e9 dans la mare pour le lobby a\u00e9rien! - Advocnar","isPartOf":{"@id":"https:\/\/www.clients.horus-informatique71.fr\/advocnar_backup\/#website"},"datePublished":"2018-06-04T17:11:32+00:00","dateModified":"2018-11-12T13:21:43+00:00","author":{"@id":"https:\/\/www.clients.horus-informatique71.fr\/advocnar_backup\/#\/schema\/person\/28ec283f897fb44e1146415d8015d23e"},"breadcrumb":{"@id":"https:\/\/www.clients.horus-informatique71.fr\/advocnar_backup\/2018\/06\/bilan-ademe-emissions-aeroports-un-pave-dans-la-mare-pour-le-lobby-aerien\/#breadcrumb"},"inLanguage":"fr-FR","potentialAction":[{"@type":"ReadAction","target":["https:\/\/www.clients.horus-informatique71.fr\/advocnar_backup\/2018\/06\/bilan-ademe-emissions-aeroports-un-pave-dans-la-mare-pour-le-lobby-aerien\/"]}]},{"@type":"BreadcrumbList","@id":"https:\/\/www.clients.horus-informatique71.fr\/advocnar_backup\/2018\/06\/bilan-ademe-emissions-aeroports-un-pave-dans-la-mare-pour-le-lobby-aerien\/#breadcrumb","itemListElement":[{"@type":"ListItem","position":1,"name":"Accueil","item":"https:\/\/www.clients.horus-informatique71.fr\/advocnar_backup\/"},{"@type":"ListItem","position":2,"name":"Bilan de l&#8217;ADEME concernant les \u00e9missions des a\u00e9roports: un pav\u00e9 dans la mare pour le lobby a\u00e9rien!"}]},{"@type":"WebSite","@id":"https:\/\/www.clients.horus-informatique71.fr\/advocnar_backup\/#website","url":"https:\/\/www.clients.horus-informatique71.fr\/advocnar_backup\/","name":"Advocnar","description":"Association de D\u00e9fense Contre les Nuisances A\u00e9riennes","potentialAction":[{"@type":"SearchAction","target":{"@type":"EntryPoint","urlTemplate":"https:\/\/www.clients.horus-informatique71.fr\/advocnar_backup\/?s={search_term_string}"},"query-input":"required name=search_term_string"}],"inLanguage":"fr-FR"},{"@type":"Person","@id":"https:\/\/www.clients.horus-informatique71.fr\/advocnar_backup\/#\/schema\/person\/28ec283f897fb44e1146415d8015d23e","name":"FBrochot","url":"https:\/\/www.clients.horus-informatique71.fr\/advocnar_backup\/author\/fbrochot\/"}]}},"_links":{"self":[{"href":"https:\/\/www.clients.horus-informatique71.fr\/advocnar_backup\/wp-json\/wp\/v2\/posts\/74390"}],"collection":[{"href":"https:\/\/www.clients.horus-informatique71.fr\/advocnar_backup\/wp-json\/wp\/v2\/posts"}],"about":[{"href":"https:\/\/www.clients.horus-informatique71.fr\/advocnar_backup\/wp-json\/wp\/v2\/types\/post"}],"author":[{"embeddable":true,"href":"https:\/\/www.clients.horus-informatique71.fr\/advocnar_backup\/wp-json\/wp\/v2\/users\/10"}],"replies":[{"embeddable":true,"href":"https:\/\/www.clients.horus-informatique71.fr\/advocnar_backup\/wp-json\/wp\/v2\/comments?post=74390"}],"version-history":[{"count":6,"href":"https:\/\/www.clients.horus-informatique71.fr\/advocnar_backup\/wp-json\/wp\/v2\/posts\/74390\/revisions"}],"predecessor-version":[{"id":74396,"href":"https:\/\/www.clients.horus-informatique71.fr\/advocnar_backup\/wp-json\/wp\/v2\/posts\/74390\/revisions\/74396"}],"wp:featuredmedia":[{"embeddable":true,"href":"https:\/\/www.clients.horus-informatique71.fr\/advocnar_backup\/wp-json\/wp\/v2\/media\/74173"}],"wp:attachment":[{"href":"https:\/\/www.clients.horus-informatique71.fr\/advocnar_backup\/wp-json\/wp\/v2\/media?parent=74390"}],"wp:term":[{"taxonomy":"category","embeddable":true,"href":"https:\/\/www.clients.horus-informatique71.fr\/advocnar_backup\/wp-json\/wp\/v2\/categories?post=74390"},{"taxonomy":"post_tag","embeddable":true,"href":"https:\/\/www.clients.horus-informatique71.fr\/advocnar_backup\/wp-json\/wp\/v2\/tags?post=74390"}],"curies":[{"name":"wp","href":"https:\/\/api.w.org\/{rel}","templated":true}]}}