{"id":74398,"date":"2018-06-04T20:49:35","date_gmt":"2018-06-04T18:49:35","guid":{"rendered":"https:\/\/www.clients.horus-informatique71.fr\/advocnar_backup\/?p=74398"},"modified":"2021-04-02T18:44:44","modified_gmt":"2021-04-02T16:44:44","slug":"reduction-en-trompe-loeil-des-emissions-polluantes-des-aeroports","status":"publish","type":"post","link":"https:\/\/www.clients.horus-informatique71.fr\/advocnar_backup\/2018\/06\/reduction-en-trompe-loeil-des-emissions-polluantes-des-aeroports\/","title":{"rendered":"R\u00e9duction en trompe l&rsquo;\u0153il des \u00e9missions polluantes des a\u00e9roports"},"content":{"rendered":"<p><img loading=\"lazy\" decoding=\"async\" class=\"alignleft wp-image-74401\" src=\"https:\/\/www.clients.horus-informatique71.fr\/advocnar_backup\/wp-content\/uploads\/2018\/06\/actu-en.jpg\" alt=\"\" width=\"167\" height=\"90\" \/><\/p>\n<p>2018.06.04 actu-environnement<\/p>\n<p>La r\u00e9glementation impose aux principaux a\u00e9roports de r\u00e9aliser des programmes de r\u00e9ductions des \u00e9missions polluantes. Ces derniers ne devraient pas sensiblement r\u00e9duire les \u00e9missions globales d&rsquo;ici 2025, constate l&rsquo;Ademe.<\/p>\n<p><a href=\"https:\/\/www.actu-environnement.com\/transport\/\">Transport<\/a>\u00a0\u00a0|\u00a0\u00a0Aujourd&rsquo;hui \u00e0 18h13\u00a0\u00a0|\u00a0\u00a0Philippe Collet<\/p>\n<p>Les a\u00e9roports fran\u00e7ais proposent de r\u00e9duire de plus de 20% l&rsquo;intensit\u00e9 de leurs \u00e9missions polluantes entre 2010 et 2025. Mais leurs \u00e9missions de CO<sub>2<\/sub> et de polluants atmosph\u00e9riques resteront stables en valeur absolue. En effet, la progression du trafic a\u00e9rien annihilera les efforts r\u00e9alis\u00e9s en mati\u00e8re de baisse de l&rsquo;intensit\u00e9 des \u00e9missions. Pour r\u00e9duire les \u00e9missions globales, il faudrait envisager de ma\u00eetriser le d\u00e9veloppement du trafic.<\/p>\n<p>Telles sont les principales conclusions du rapport de l&rsquo;Ademe qui dresse le <a href=\"https:\/\/www.actu-environnement.com\/media\/pdf\/news-31405-rapport-ademe-progamme-actions-aeroports.pdf\">bilan national du programme d&rsquo;action de r\u00e9duction des \u00e9missions polluantes<\/a> des 11 principaux a\u00e9roports fran\u00e7ais. R\u00e9dig\u00e9 en application de l&rsquo;article 45 de la loi de transition \u00e9nerg\u00e9tique, ce document \u00e9value comment les exploitants des principaux a\u00e9rodromes envisagent de r\u00e9duire leurs \u00e9missions de gaz \u00e0 effet de serre (GES) et de polluants atmosph\u00e9riques. Le p\u00e9rim\u00e8tre de leur programme d&rsquo;action couvre <em>\u00ab\u00a0[les] activit\u00e9s directes et au sol de la plateforme a\u00e9roportuaire, en mati\u00e8re de roulage des avions et de circulation de v\u00e9hicules sur la plateforme notamment\u00a0\u00bb<\/em>.<\/p>\n<p>Les conclusions de ce rapport, pr\u00e9sent\u00e9 le 30 mai, dans le cadre des Assises nationales du transport a\u00e9rien, <em>\u00ab\u00a0ont fait grincer des dents les repr\u00e9sentants du lobby a\u00e9rien\u00a0\u00bb<\/em>, rapporte l&rsquo;association de d\u00e9fense contre les nuisances a\u00e9riennes (Advocnar) qui soutient <em>\u00ab\u00a0totalement\u00a0\u00bb<\/em> les remarques de l&rsquo;Ademe.<\/p>\n<p><strong>Progression de 50% du trafic a\u00e9rien<\/strong><\/p>\n<p>L&rsquo;Agence constate que les programmes de r\u00e9duction d&rsquo;\u00e9missions des exploitants des a\u00e9roports respectent les objectifs inscrits dans la loi. Ils envisagent de r\u00e9duire de plus de 10% entre 2010 et 2020 les intensit\u00e9s des \u00e9missions de GES et de polluants atmosph\u00e9riques. La baisse annonc\u00e9e est sup\u00e9rieure \u00e0 20% d&rsquo;ici 2025. Concr\u00e8tement, les r\u00e9ductions d&rsquo;intensit\u00e9 s&rsquo;inscrivent entre 30% pour les \u00e9missions de GES et 50%, pour les \u00e9missions de COV, \u00e0 l&rsquo;horizon 2025. Ces am\u00e9liorations d&rsquo;intensit\u00e9 d&rsquo;\u00e9missions sont le fruit de trois facteurs\u00a0: l&rsquo;augmentation de l&#8217;emport des avions, l&rsquo;am\u00e9lioration de l&rsquo;efficacit\u00e9 \u00e9nerg\u00e9tique des avions au roulage et l&rsquo;am\u00e9lioration de la performance du chauffage des b\u00e2timents et le recours \u00e0 la production de chaleur \u00e0 partir de sources renouvelables.<\/p>\n<p>Pour autant, la pollution globale ne baissera pas\u00a0: <em>\u00ab\u00a0on note qu&rsquo;en volume, les \u00e9missions de gaz \u00e0 effet de serre et de polluants atmosph\u00e9riques de l&rsquo;ensemble constitu\u00e9 par les dix a\u00e9rodromes restent, en 2025, \u00e0 un niveau proche de celui de 2010, \u00e0 l&rsquo;exception des \u00e9missions de COV qui sont en baisse\u00a0\u00bb<\/em>, constate l&rsquo;Ademe. Plus pr\u00e9cis\u00e9ment, les \u00e9missions globales devraient l\u00e9g\u00e8rement baisser entre 2010 et 2020, avant de repartir \u00e0 la hausse. D&rsquo;ici 2025, les \u00e9missions de particules et de NOx devraient progresser de quelques pourcents et celles de GES devraient baisser de 5%. Seules les \u00e9missions de COV sont attendues en baisse de 25% sur la p\u00e9riode.<\/p>\n<p>La cause de cette <a href=\"https:\/\/www.actu-environnement.com\/ae\/news\/rapport-environnement-dgac-emissions-co2-aviation-oaci-24747.php4\">stabilit\u00e9 des \u00e9missions<\/a>, malgr\u00e9 la r\u00e9duction de leur intensit\u00e9, est la hausse sensible du trafic sur la p\u00e9riode. Entre 2010 et 2025, le trafic (mesur\u00e9 en terme de passager et de fret) devrait progresser de plus de 50% et le nombre de mouvements d&rsquo;avions de plus de 10%. Or, constate l&rsquo;Ademe, les avions restent la principale source de pollution de l&rsquo;air ou d&rsquo;\u00e9missions de GES des plateformes a\u00e9roportuaires. Ils <em>\u00ab\u00a0repr\u00e9sentent environ les trois quarts des \u00e9missions de GES, de NOx et de particules, et environ 95% des \u00e9missions de COV de l&rsquo;ensemble des sources d&rsquo;\u00e9mission consid\u00e9r\u00e9es\u00a0\u00bb<\/em>, explique l&rsquo;Agence.<\/p>\n<p><strong>Ouvrir le d\u00e9bat sur la ma\u00eetrise du trafic a\u00e9rien<\/strong><\/p>\n<p>Or le trafic a\u00e9rien n&rsquo;est pas r\u00e9ellement abord\u00e9 par les programmes. Les principales actions de r\u00e9duction des \u00e9missions sont l&rsquo;acquisition de v\u00e9hicules et engins de piste \u00e9lectriques, la modernisation de la flotte des v\u00e9hicules et engins de piste, l&rsquo;alimentation \u00e9lectrique des avions en stationnement, la r\u00e9duction du temps de roulage des avions, la r\u00e9duction du temps d&rsquo;utilisation des moteurs auxiliaires des avions (APU) et le renouvellement des chaudi\u00e8res des b\u00e2timents. Pour l&rsquo;instant, la nouvelle r\u00e8glementation n&rsquo;a pas r\u00e9ellement engendr\u00e9 de nouvelles politiques de r\u00e9duction des \u00e9missions polluantes. <em>\u00ab\u00a0Des actions \u00e9tant d\u00e9j\u00e0 men\u00e9es depuis plusieurs ann\u00e9es et notamment entre 2010 (prise comme r\u00e9f\u00e9rence ici) et 2015, il ne nous semble pas que <\/em><a href=\"https:\/\/www.actu-environnement.com\/ae\/reglementation\/decret-du-10-05-2016-2016-565.php\"><em>le d\u00e9cret (publi\u00e9 en 2016)<\/em><\/a> <em>a eu pour effet \u00e0 ce stade, de d\u00e9clencher de nouvelles actions, ni d&rsquo;acc\u00e9l\u00e9rer le d\u00e9ploiement ou le p\u00e9rim\u00e8tre d&rsquo;actions pr\u00e9alablement initi\u00e9es, d&rsquo;autant plus que les objectifs fix\u00e9s par le d\u00e9cret pouvaient \u00eatre facilement respect\u00e9s, en prenant en compte les trois principaux facteurs expos\u00e9s ci-dessus\u00a0\u00bb<\/em>, note l&rsquo;Agence.<\/p>\n<p>Pour aller plus loin, l&rsquo;Ademe sugg\u00e8re de prendre des mesures li\u00e9es au <a href=\"https:\/\/www.actu-environnement.com\/ae\/news\/aviation-civile-mecanisme-limitation-emissions-co2-27653.php4\">trafic a\u00e9rien<\/a> lui m\u00eame. <em>\u00ab\u00a0Le principal enjeu environnemental des a\u00e9rodromes n&rsquo;est pas li\u00e9 \u00e0 leurs b\u00e2timents ou leurs actions au sol, mais au trafic a\u00e9rien (et dans une moindre mesure, au trafic automobile) qu&rsquo;ils g\u00e9n\u00e8rent<\/em>\u00ab\u00a0, rappelle l&rsquo;Agence. Elle sugg\u00e8re de promouvoir un objectif de r\u00e9duction des \u00e9missions en valeur absolue du transport a\u00e9rien mondial et national. <em>\u00ab\u00a0Pour parvenir \u00e0 cet objectif, [il faut] utiliser le levier de la ma\u00eetrise du d\u00e9veloppement du trafic et mener au pr\u00e9alable un d\u00e9bat ouvert sur ce th\u00e8me\u00a0\u00bb<\/em>, estime l&rsquo;Agence.<\/p>\n<p>https:\/\/www.actu-environnement.com\/ae\/news\/rapport-ademe-emissions-polluantes-aviation-31405.php4?xtor=AL-62<\/p>\n","protected":false},"excerpt":{"rendered":"<p>2018.06.04 actu-environnement La r\u00e9glementation impose aux principaux a\u00e9roports de r\u00e9aliser des programmes de r\u00e9ductions des \u00e9missions polluantes. Ces derniers ne devraient pas sensiblement r\u00e9duire les \u00e9missions globales d&rsquo;ici 2025, constate l&rsquo;Ademe. Transport\u00a0\u00a0|\u00a0\u00a0Aujourd&rsquo;hui \u00e0 18h13\u00a0\u00a0|\u00a0\u00a0Philippe Collet Les a\u00e9roports fran\u00e7ais proposent de r\u00e9duire de plus de 20% l&rsquo;intensit\u00e9 de leurs \u00e9missions polluantes entre 2010 et 2025. Mais [&hellip;]<\/p>\n","protected":false},"author":10,"featured_media":0,"comment_status":"closed","ping_status":"open","sticky":false,"template":"","format":"standard","meta":{"footnotes":""},"categories":[49],"tags":[],"yoast_head":"<!-- This site is optimized with the Yoast SEO plugin v22.0 - https:\/\/yoast.com\/wordpress\/plugins\/seo\/ -->\n<title>R\u00e9duction en trompe l&#039;\u0153il des \u00e9missions polluantes des a\u00e9roports - Advocnar<\/title>\n<meta name=\"robots\" content=\"index, follow, max-snippet:-1, max-image-preview:large, max-video-preview:-1\" \/>\n<link rel=\"canonical\" href=\"https:\/\/www.clients.horus-informatique71.fr\/advocnar_backup\/2018\/06\/reduction-en-trompe-loeil-des-emissions-polluantes-des-aeroports\/\" \/>\n<meta property=\"og:locale\" content=\"fr_FR\" \/>\n<meta property=\"og:type\" content=\"article\" \/>\n<meta property=\"og:title\" content=\"R\u00e9duction en trompe l&#039;\u0153il des \u00e9missions polluantes des a\u00e9roports - Advocnar\" \/>\n<meta property=\"og:description\" content=\"2018.06.04 actu-environnement La r\u00e9glementation impose aux principaux a\u00e9roports de r\u00e9aliser des programmes de r\u00e9ductions des \u00e9missions polluantes. Ces derniers ne devraient pas sensiblement r\u00e9duire les \u00e9missions globales d&rsquo;ici 2025, constate l&rsquo;Ademe. Transport\u00a0\u00a0|\u00a0\u00a0Aujourd&rsquo;hui \u00e0 18h13\u00a0\u00a0|\u00a0\u00a0Philippe Collet Les a\u00e9roports fran\u00e7ais proposent de r\u00e9duire de plus de 20% l&rsquo;intensit\u00e9 de leurs \u00e9missions polluantes entre 2010 et 2025. Mais [&hellip;]\" \/>\n<meta property=\"og:url\" content=\"https:\/\/www.clients.horus-informatique71.fr\/advocnar_backup\/2018\/06\/reduction-en-trompe-loeil-des-emissions-polluantes-des-aeroports\/\" \/>\n<meta property=\"og:site_name\" content=\"Advocnar\" \/>\n<meta property=\"article:published_time\" content=\"2018-06-04T18:49:35+00:00\" \/>\n<meta property=\"article:modified_time\" content=\"2021-04-02T16:44:44+00:00\" \/>\n<meta property=\"og:image\" content=\"https:\/\/www.advocnar.frwp-content\/uploads\/2018\/06\/actu-en.jpg\" \/>\n<meta name=\"author\" content=\"FBrochot\" \/>\n<meta name=\"twitter:card\" content=\"summary_large_image\" \/>\n<meta name=\"twitter:label1\" content=\"\u00c9crit par\" \/>\n\t<meta name=\"twitter:data1\" content=\"FBrochot\" \/>\n\t<meta name=\"twitter:label2\" content=\"Dur\u00e9e de lecture estim\u00e9e\" \/>\n\t<meta name=\"twitter:data2\" content=\"4 minutes\" \/>\n<script type=\"application\/ld+json\" class=\"yoast-schema-graph\">{\"@context\":\"https:\/\/schema.org\",\"@graph\":[{\"@type\":\"WebPage\",\"@id\":\"https:\/\/www.clients.horus-informatique71.fr\/advocnar_backup\/2018\/06\/reduction-en-trompe-loeil-des-emissions-polluantes-des-aeroports\/\",\"url\":\"https:\/\/www.clients.horus-informatique71.fr\/advocnar_backup\/2018\/06\/reduction-en-trompe-loeil-des-emissions-polluantes-des-aeroports\/\",\"name\":\"R\u00e9duction en trompe l'\u0153il des \u00e9missions polluantes des a\u00e9roports - Advocnar\",\"isPartOf\":{\"@id\":\"https:\/\/www.clients.horus-informatique71.fr\/advocnar_backup\/#website\"},\"datePublished\":\"2018-06-04T18:49:35+00:00\",\"dateModified\":\"2021-04-02T16:44:44+00:00\",\"author\":{\"@id\":\"https:\/\/www.clients.horus-informatique71.fr\/advocnar_backup\/#\/schema\/person\/28ec283f897fb44e1146415d8015d23e\"},\"breadcrumb\":{\"@id\":\"https:\/\/www.clients.horus-informatique71.fr\/advocnar_backup\/2018\/06\/reduction-en-trompe-loeil-des-emissions-polluantes-des-aeroports\/#breadcrumb\"},\"inLanguage\":\"fr-FR\",\"potentialAction\":[{\"@type\":\"ReadAction\",\"target\":[\"https:\/\/www.clients.horus-informatique71.fr\/advocnar_backup\/2018\/06\/reduction-en-trompe-loeil-des-emissions-polluantes-des-aeroports\/\"]}]},{\"@type\":\"BreadcrumbList\",\"@id\":\"https:\/\/www.clients.horus-informatique71.fr\/advocnar_backup\/2018\/06\/reduction-en-trompe-loeil-des-emissions-polluantes-des-aeroports\/#breadcrumb\",\"itemListElement\":[{\"@type\":\"ListItem\",\"position\":1,\"name\":\"Accueil\",\"item\":\"https:\/\/www.clients.horus-informatique71.fr\/advocnar_backup\/\"},{\"@type\":\"ListItem\",\"position\":2,\"name\":\"R\u00e9duction en trompe l&#8217;\u0153il des \u00e9missions polluantes des a\u00e9roports\"}]},{\"@type\":\"WebSite\",\"@id\":\"https:\/\/www.clients.horus-informatique71.fr\/advocnar_backup\/#website\",\"url\":\"https:\/\/www.clients.horus-informatique71.fr\/advocnar_backup\/\",\"name\":\"Advocnar\",\"description\":\"Association de D\u00e9fense Contre les Nuisances A\u00e9riennes\",\"potentialAction\":[{\"@type\":\"SearchAction\",\"target\":{\"@type\":\"EntryPoint\",\"urlTemplate\":\"https:\/\/www.clients.horus-informatique71.fr\/advocnar_backup\/?s={search_term_string}\"},\"query-input\":\"required name=search_term_string\"}],\"inLanguage\":\"fr-FR\"},{\"@type\":\"Person\",\"@id\":\"https:\/\/www.clients.horus-informatique71.fr\/advocnar_backup\/#\/schema\/person\/28ec283f897fb44e1146415d8015d23e\",\"name\":\"FBrochot\",\"url\":\"https:\/\/www.clients.horus-informatique71.fr\/advocnar_backup\/author\/fbrochot\/\"}]}<\/script>\n<!-- \/ Yoast SEO plugin. -->","yoast_head_json":{"title":"R\u00e9duction en trompe l'\u0153il des \u00e9missions polluantes des a\u00e9roports - Advocnar","robots":{"index":"index","follow":"follow","max-snippet":"max-snippet:-1","max-image-preview":"max-image-preview:large","max-video-preview":"max-video-preview:-1"},"canonical":"https:\/\/www.clients.horus-informatique71.fr\/advocnar_backup\/2018\/06\/reduction-en-trompe-loeil-des-emissions-polluantes-des-aeroports\/","og_locale":"fr_FR","og_type":"article","og_title":"R\u00e9duction en trompe l'\u0153il des \u00e9missions polluantes des a\u00e9roports - Advocnar","og_description":"2018.06.04 actu-environnement La r\u00e9glementation impose aux principaux a\u00e9roports de r\u00e9aliser des programmes de r\u00e9ductions des \u00e9missions polluantes. Ces derniers ne devraient pas sensiblement r\u00e9duire les \u00e9missions globales d&rsquo;ici 2025, constate l&rsquo;Ademe. Transport\u00a0\u00a0|\u00a0\u00a0Aujourd&rsquo;hui \u00e0 18h13\u00a0\u00a0|\u00a0\u00a0Philippe Collet Les a\u00e9roports fran\u00e7ais proposent de r\u00e9duire de plus de 20% l&rsquo;intensit\u00e9 de leurs \u00e9missions polluantes entre 2010 et 2025. Mais [&hellip;]","og_url":"https:\/\/www.clients.horus-informatique71.fr\/advocnar_backup\/2018\/06\/reduction-en-trompe-loeil-des-emissions-polluantes-des-aeroports\/","og_site_name":"Advocnar","article_published_time":"2018-06-04T18:49:35+00:00","article_modified_time":"2021-04-02T16:44:44+00:00","og_image":[{"url":"https:\/\/www.advocnar.frwp-content\/uploads\/2018\/06\/actu-en.jpg"}],"author":"FBrochot","twitter_card":"summary_large_image","twitter_misc":{"\u00c9crit par":"FBrochot","Dur\u00e9e de lecture estim\u00e9e":"4 minutes"},"schema":{"@context":"https:\/\/schema.org","@graph":[{"@type":"WebPage","@id":"https:\/\/www.clients.horus-informatique71.fr\/advocnar_backup\/2018\/06\/reduction-en-trompe-loeil-des-emissions-polluantes-des-aeroports\/","url":"https:\/\/www.clients.horus-informatique71.fr\/advocnar_backup\/2018\/06\/reduction-en-trompe-loeil-des-emissions-polluantes-des-aeroports\/","name":"R\u00e9duction en trompe l'\u0153il des \u00e9missions polluantes des a\u00e9roports - Advocnar","isPartOf":{"@id":"https:\/\/www.clients.horus-informatique71.fr\/advocnar_backup\/#website"},"datePublished":"2018-06-04T18:49:35+00:00","dateModified":"2021-04-02T16:44:44+00:00","author":{"@id":"https:\/\/www.clients.horus-informatique71.fr\/advocnar_backup\/#\/schema\/person\/28ec283f897fb44e1146415d8015d23e"},"breadcrumb":{"@id":"https:\/\/www.clients.horus-informatique71.fr\/advocnar_backup\/2018\/06\/reduction-en-trompe-loeil-des-emissions-polluantes-des-aeroports\/#breadcrumb"},"inLanguage":"fr-FR","potentialAction":[{"@type":"ReadAction","target":["https:\/\/www.clients.horus-informatique71.fr\/advocnar_backup\/2018\/06\/reduction-en-trompe-loeil-des-emissions-polluantes-des-aeroports\/"]}]},{"@type":"BreadcrumbList","@id":"https:\/\/www.clients.horus-informatique71.fr\/advocnar_backup\/2018\/06\/reduction-en-trompe-loeil-des-emissions-polluantes-des-aeroports\/#breadcrumb","itemListElement":[{"@type":"ListItem","position":1,"name":"Accueil","item":"https:\/\/www.clients.horus-informatique71.fr\/advocnar_backup\/"},{"@type":"ListItem","position":2,"name":"R\u00e9duction en trompe l&#8217;\u0153il des \u00e9missions polluantes des a\u00e9roports"}]},{"@type":"WebSite","@id":"https:\/\/www.clients.horus-informatique71.fr\/advocnar_backup\/#website","url":"https:\/\/www.clients.horus-informatique71.fr\/advocnar_backup\/","name":"Advocnar","description":"Association de D\u00e9fense Contre les Nuisances A\u00e9riennes","potentialAction":[{"@type":"SearchAction","target":{"@type":"EntryPoint","urlTemplate":"https:\/\/www.clients.horus-informatique71.fr\/advocnar_backup\/?s={search_term_string}"},"query-input":"required name=search_term_string"}],"inLanguage":"fr-FR"},{"@type":"Person","@id":"https:\/\/www.clients.horus-informatique71.fr\/advocnar_backup\/#\/schema\/person\/28ec283f897fb44e1146415d8015d23e","name":"FBrochot","url":"https:\/\/www.clients.horus-informatique71.fr\/advocnar_backup\/author\/fbrochot\/"}]}},"_links":{"self":[{"href":"https:\/\/www.clients.horus-informatique71.fr\/advocnar_backup\/wp-json\/wp\/v2\/posts\/74398"}],"collection":[{"href":"https:\/\/www.clients.horus-informatique71.fr\/advocnar_backup\/wp-json\/wp\/v2\/posts"}],"about":[{"href":"https:\/\/www.clients.horus-informatique71.fr\/advocnar_backup\/wp-json\/wp\/v2\/types\/post"}],"author":[{"embeddable":true,"href":"https:\/\/www.clients.horus-informatique71.fr\/advocnar_backup\/wp-json\/wp\/v2\/users\/10"}],"replies":[{"embeddable":true,"href":"https:\/\/www.clients.horus-informatique71.fr\/advocnar_backup\/wp-json\/wp\/v2\/comments?post=74398"}],"version-history":[{"count":2,"href":"https:\/\/www.clients.horus-informatique71.fr\/advocnar_backup\/wp-json\/wp\/v2\/posts\/74398\/revisions"}],"predecessor-version":[{"id":76686,"href":"https:\/\/www.clients.horus-informatique71.fr\/advocnar_backup\/wp-json\/wp\/v2\/posts\/74398\/revisions\/76686"}],"wp:attachment":[{"href":"https:\/\/www.clients.horus-informatique71.fr\/advocnar_backup\/wp-json\/wp\/v2\/media?parent=74398"}],"wp:term":[{"taxonomy":"category","embeddable":true,"href":"https:\/\/www.clients.horus-informatique71.fr\/advocnar_backup\/wp-json\/wp\/v2\/categories?post=74398"},{"taxonomy":"post_tag","embeddable":true,"href":"https:\/\/www.clients.horus-informatique71.fr\/advocnar_backup\/wp-json\/wp\/v2\/tags?post=74398"}],"curies":[{"name":"wp","href":"https:\/\/api.w.org\/{rel}","templated":true}]}}