{"id":74405,"date":"2018-06-08T07:52:11","date_gmt":"2018-06-08T05:52:11","guid":{"rendered":"https:\/\/www.clients.horus-informatique71.fr\/advocnar_backup\/?p=74405"},"modified":"2018-06-08T07:55:00","modified_gmt":"2018-06-08T05:55:00","slug":"pollution-avions-manifestons-samedi-9-juin-paris","status":"publish","type":"post","link":"https:\/\/www.clients.horus-informatique71.fr\/advocnar_backup\/2018\/06\/pollution-avions-manifestons-samedi-9-juin-paris\/","title":{"rendered":"Pollution des avions, gaz \u00e0 effet de serre : manifestons ! Samedi 9 juin, 13h30 place de Stalingrad \u00e0 Paris"},"content":{"rendered":"<h4 style=\"text-align: center;\">Pollution des avions, gaz \u00e0 effet de serre\u00a0: manifestons\u00a0!<\/h4>\n<p>Vous l\u2019avez certainement compris si vous suivez notre actualit\u00e9, obtenir des pouvoirs publics de vraies r\u00e9ductions de la pollution locale li\u00e9e au trafic a\u00e9rien est un v\u00e9ritable d\u00e9fi\u00a0!<\/p>\n<ul>\n<li>Des mesurettes ont \u00e9t\u00e9 act\u00e9es dans le cadre <a href=\"https:\/\/www.advocnar.fr2017\/11\/enquete-publique-plan-protection-atmosphere-idf-donnez-avis\/\">du PPA-IDF<\/a> (Plan de Protection de l\u2019Atmosph\u00e8re Ile-de-France) avec perspective d\u2019augmentation de la pollution due aux avions d\u2019ici \u00e0 2020\u00a0;<\/li>\n<li><a href=\"https:\/\/www.advocnar.fr2018\/06\/pollution-grands-aeroports-le-bilan-de-lademe-est-edifiant\/\">Le bilan de l\u2019ADEME<\/a> sorti mercredi dernier 30 mai, concernant les \u00e9missions polluantes des a\u00e9roports, d\u00e9voile comment, avec un indicateur fallacieux, on fait croire que les \u00e9missions dues aux grands a\u00e9roports diminuent alors que cette pollution augmente en valeur absolue.<\/li>\n<\/ul>\n<p>L\u2019occasion nous est donn\u00e9e de manifester notre m\u00e9contentement et notre demande de vraies mesures pour diminuer la pollution de l\u2019air, en particulier celle du transport a\u00e9rien.<\/p>\n<h4 style=\"text-align: center;\"><span style=\"color: #3366ff;\">Rejoignez le cort\u00e8ge AIR de la \u00ab\u00a0Marche pour le Climat\u00a0\u00bb d\u2019Alternatiba<\/span><\/h4>\n<h4 style=\"text-align: center;\">Samedi 9 juin \u00e0 13h30<\/h4>\n<p style=\"text-align: center;\"><strong>D\u00e9part place de la R\u00e9publique &#8211; Arriv\u00e9e place de Stalingrad \u00e0 PARIS<\/strong><\/p>\n<p>Nous d\u00e9filerons avec FNE-IDF (France Nature Environnement Ile-de-France), collectif auquel nous adh\u00e9rons, mais avec notre propre visuel\u00a0: avions gonflables, banderole ADVOCNAR \u2026 Venez habill\u00e9s en blanc, des combinaisons blanches et des masques anti-pollution seront \u00e0 votre disposition sur place.<\/p>\n<p>Merci de vous inscrire aupr\u00e8s du secr\u00e9tariat de l\u2019ADVOCNAR\u00a0: 01 39 89 91 99 \/ <a href=\"mailto:contact@advocnar.fr\">contact@advocnar.fr<\/a><\/p>\n<p><strong>Nous comptons sur votre pr\u00e9sence\u00a0!<\/strong><\/p>\n","protected":false},"excerpt":{"rendered":"<p>Pollution des avions, gaz \u00e0 effet de serre\u00a0: manifestons\u00a0! Vous l\u2019avez certainement compris si vous suivez notre actualit\u00e9, obtenir des pouvoirs publics de vraies r\u00e9ductions de la pollution locale li\u00e9e au trafic a\u00e9rien est un v\u00e9ritable d\u00e9fi\u00a0! Des mesurettes ont \u00e9t\u00e9 act\u00e9es dans le cadre du PPA-IDF (Plan de Protection de l\u2019Atmosph\u00e8re Ile-de-France) avec perspective [&hellip;]<\/p>\n","protected":false},"author":10,"featured_media":74404,"comment_status":"closed","ping_status":"open","sticky":false,"template":"","format":"standard","meta":{"footnotes":""},"categories":[46],"tags":[],"yoast_head":"<!-- This site is optimized with the Yoast SEO plugin v22.0 - https:\/\/yoast.com\/wordpress\/plugins\/seo\/ -->\n<title>Pollution des avions, gaz \u00e0 effet de serre : manifestons ! Samedi 9 juin, 13h30 place de Stalingrad \u00e0 Paris - Advocnar<\/title>\n<meta name=\"robots\" content=\"index, follow, max-snippet:-1, max-image-preview:large, max-video-preview:-1\" \/>\n<link rel=\"canonical\" href=\"https:\/\/www.clients.horus-informatique71.fr\/advocnar_backup\/2018\/06\/pollution-avions-manifestons-samedi-9-juin-paris\/\" \/>\n<meta property=\"og:locale\" content=\"fr_FR\" \/>\n<meta property=\"og:type\" content=\"article\" \/>\n<meta property=\"og:title\" content=\"Pollution des avions, gaz \u00e0 effet de serre : manifestons ! Samedi 9 juin, 13h30 place de Stalingrad \u00e0 Paris - Advocnar\" \/>\n<meta property=\"og:description\" content=\"Pollution des avions, gaz \u00e0 effet de serre\u00a0: manifestons\u00a0! Vous l\u2019avez certainement compris si vous suivez notre actualit\u00e9, obtenir des pouvoirs publics de vraies r\u00e9ductions de la pollution locale li\u00e9e au trafic a\u00e9rien est un v\u00e9ritable d\u00e9fi\u00a0! Des mesurettes ont \u00e9t\u00e9 act\u00e9es dans le cadre du PPA-IDF (Plan de Protection de l\u2019Atmosph\u00e8re Ile-de-France) avec perspective [&hellip;]\" \/>\n<meta property=\"og:url\" content=\"https:\/\/www.clients.horus-informatique71.fr\/advocnar_backup\/2018\/06\/pollution-avions-manifestons-samedi-9-juin-paris\/\" \/>\n<meta property=\"og:site_name\" content=\"Advocnar\" \/>\n<meta property=\"article:published_time\" content=\"2018-06-08T05:52:11+00:00\" \/>\n<meta property=\"article:modified_time\" content=\"2018-06-08T05:55:00+00:00\" \/>\n<meta property=\"og:image\" content=\"https:\/\/www.clients.horus-informatique71.fr\/advocnar_backup\/wp-content\/uploads\/2018\/06\/2018-06-09-Marche-pour-le-climat.png\" \/>\n\t<meta property=\"og:image:width\" content=\"853\" \/>\n\t<meta property=\"og:image:height\" content=\"641\" \/>\n\t<meta property=\"og:image:type\" content=\"image\/png\" \/>\n<meta name=\"author\" content=\"FBrochot\" \/>\n<meta name=\"twitter:card\" content=\"summary_large_image\" \/>\n<meta name=\"twitter:label1\" content=\"\u00c9crit par\" \/>\n\t<meta name=\"twitter:data1\" content=\"FBrochot\" \/>\n\t<meta name=\"twitter:label2\" content=\"Dur\u00e9e de lecture estim\u00e9e\" \/>\n\t<meta name=\"twitter:data2\" content=\"1 minute\" \/>\n<script type=\"application\/ld+json\" class=\"yoast-schema-graph\">{\"@context\":\"https:\/\/schema.org\",\"@graph\":[{\"@type\":\"WebPage\",\"@id\":\"https:\/\/www.clients.horus-informatique71.fr\/advocnar_backup\/2018\/06\/pollution-avions-manifestons-samedi-9-juin-paris\/\",\"url\":\"https:\/\/www.clients.horus-informatique71.fr\/advocnar_backup\/2018\/06\/pollution-avions-manifestons-samedi-9-juin-paris\/\",\"name\":\"Pollution des avions, gaz \u00e0 effet de serre : manifestons ! Samedi 9 juin, 13h30 place de Stalingrad \u00e0 Paris - Advocnar\",\"isPartOf\":{\"@id\":\"https:\/\/www.clients.horus-informatique71.fr\/advocnar_backup\/#website\"},\"datePublished\":\"2018-06-08T05:52:11+00:00\",\"dateModified\":\"2018-06-08T05:55:00+00:00\",\"author\":{\"@id\":\"https:\/\/www.clients.horus-informatique71.fr\/advocnar_backup\/#\/schema\/person\/28ec283f897fb44e1146415d8015d23e\"},\"breadcrumb\":{\"@id\":\"https:\/\/www.clients.horus-informatique71.fr\/advocnar_backup\/2018\/06\/pollution-avions-manifestons-samedi-9-juin-paris\/#breadcrumb\"},\"inLanguage\":\"fr-FR\",\"potentialAction\":[{\"@type\":\"ReadAction\",\"target\":[\"https:\/\/www.clients.horus-informatique71.fr\/advocnar_backup\/2018\/06\/pollution-avions-manifestons-samedi-9-juin-paris\/\"]}]},{\"@type\":\"BreadcrumbList\",\"@id\":\"https:\/\/www.clients.horus-informatique71.fr\/advocnar_backup\/2018\/06\/pollution-avions-manifestons-samedi-9-juin-paris\/#breadcrumb\",\"itemListElement\":[{\"@type\":\"ListItem\",\"position\":1,\"name\":\"Accueil\",\"item\":\"https:\/\/www.clients.horus-informatique71.fr\/advocnar_backup\/\"},{\"@type\":\"ListItem\",\"position\":2,\"name\":\"Pollution des avions, gaz \u00e0 effet de serre : manifestons ! Samedi 9 juin, 13h30 place de Stalingrad \u00e0 Paris\"}]},{\"@type\":\"WebSite\",\"@id\":\"https:\/\/www.clients.horus-informatique71.fr\/advocnar_backup\/#website\",\"url\":\"https:\/\/www.clients.horus-informatique71.fr\/advocnar_backup\/\",\"name\":\"Advocnar\",\"description\":\"Association de D\u00e9fense Contre les Nuisances A\u00e9riennes\",\"potentialAction\":[{\"@type\":\"SearchAction\",\"target\":{\"@type\":\"EntryPoint\",\"urlTemplate\":\"https:\/\/www.clients.horus-informatique71.fr\/advocnar_backup\/?s={search_term_string}\"},\"query-input\":\"required name=search_term_string\"}],\"inLanguage\":\"fr-FR\"},{\"@type\":\"Person\",\"@id\":\"https:\/\/www.clients.horus-informatique71.fr\/advocnar_backup\/#\/schema\/person\/28ec283f897fb44e1146415d8015d23e\",\"name\":\"FBrochot\",\"url\":\"https:\/\/www.clients.horus-informatique71.fr\/advocnar_backup\/author\/fbrochot\/\"}]}<\/script>\n<!-- \/ Yoast SEO plugin. -->","yoast_head_json":{"title":"Pollution des avions, gaz \u00e0 effet de serre : manifestons ! Samedi 9 juin, 13h30 place de Stalingrad \u00e0 Paris - Advocnar","robots":{"index":"index","follow":"follow","max-snippet":"max-snippet:-1","max-image-preview":"max-image-preview:large","max-video-preview":"max-video-preview:-1"},"canonical":"https:\/\/www.clients.horus-informatique71.fr\/advocnar_backup\/2018\/06\/pollution-avions-manifestons-samedi-9-juin-paris\/","og_locale":"fr_FR","og_type":"article","og_title":"Pollution des avions, gaz \u00e0 effet de serre : manifestons ! Samedi 9 juin, 13h30 place de Stalingrad \u00e0 Paris - Advocnar","og_description":"Pollution des avions, gaz \u00e0 effet de serre\u00a0: manifestons\u00a0! Vous l\u2019avez certainement compris si vous suivez notre actualit\u00e9, obtenir des pouvoirs publics de vraies r\u00e9ductions de la pollution locale li\u00e9e au trafic a\u00e9rien est un v\u00e9ritable d\u00e9fi\u00a0! Des mesurettes ont \u00e9t\u00e9 act\u00e9es dans le cadre du PPA-IDF (Plan de Protection de l\u2019Atmosph\u00e8re Ile-de-France) avec perspective [&hellip;]","og_url":"https:\/\/www.clients.horus-informatique71.fr\/advocnar_backup\/2018\/06\/pollution-avions-manifestons-samedi-9-juin-paris\/","og_site_name":"Advocnar","article_published_time":"2018-06-08T05:52:11+00:00","article_modified_time":"2018-06-08T05:55:00+00:00","og_image":[{"width":853,"height":641,"url":"https:\/\/www.clients.horus-informatique71.fr\/advocnar_backup\/wp-content\/uploads\/2018\/06\/2018-06-09-Marche-pour-le-climat.png","type":"image\/png"}],"author":"FBrochot","twitter_card":"summary_large_image","twitter_misc":{"\u00c9crit par":"FBrochot","Dur\u00e9e de lecture estim\u00e9e":"1 minute"},"schema":{"@context":"https:\/\/schema.org","@graph":[{"@type":"WebPage","@id":"https:\/\/www.clients.horus-informatique71.fr\/advocnar_backup\/2018\/06\/pollution-avions-manifestons-samedi-9-juin-paris\/","url":"https:\/\/www.clients.horus-informatique71.fr\/advocnar_backup\/2018\/06\/pollution-avions-manifestons-samedi-9-juin-paris\/","name":"Pollution des avions, gaz \u00e0 effet de serre : manifestons ! Samedi 9 juin, 13h30 place de Stalingrad \u00e0 Paris - Advocnar","isPartOf":{"@id":"https:\/\/www.clients.horus-informatique71.fr\/advocnar_backup\/#website"},"datePublished":"2018-06-08T05:52:11+00:00","dateModified":"2018-06-08T05:55:00+00:00","author":{"@id":"https:\/\/www.clients.horus-informatique71.fr\/advocnar_backup\/#\/schema\/person\/28ec283f897fb44e1146415d8015d23e"},"breadcrumb":{"@id":"https:\/\/www.clients.horus-informatique71.fr\/advocnar_backup\/2018\/06\/pollution-avions-manifestons-samedi-9-juin-paris\/#breadcrumb"},"inLanguage":"fr-FR","potentialAction":[{"@type":"ReadAction","target":["https:\/\/www.clients.horus-informatique71.fr\/advocnar_backup\/2018\/06\/pollution-avions-manifestons-samedi-9-juin-paris\/"]}]},{"@type":"BreadcrumbList","@id":"https:\/\/www.clients.horus-informatique71.fr\/advocnar_backup\/2018\/06\/pollution-avions-manifestons-samedi-9-juin-paris\/#breadcrumb","itemListElement":[{"@type":"ListItem","position":1,"name":"Accueil","item":"https:\/\/www.clients.horus-informatique71.fr\/advocnar_backup\/"},{"@type":"ListItem","position":2,"name":"Pollution des avions, gaz \u00e0 effet de serre : manifestons ! Samedi 9 juin, 13h30 place de Stalingrad \u00e0 Paris"}]},{"@type":"WebSite","@id":"https:\/\/www.clients.horus-informatique71.fr\/advocnar_backup\/#website","url":"https:\/\/www.clients.horus-informatique71.fr\/advocnar_backup\/","name":"Advocnar","description":"Association de D\u00e9fense Contre les Nuisances A\u00e9riennes","potentialAction":[{"@type":"SearchAction","target":{"@type":"EntryPoint","urlTemplate":"https:\/\/www.clients.horus-informatique71.fr\/advocnar_backup\/?s={search_term_string}"},"query-input":"required name=search_term_string"}],"inLanguage":"fr-FR"},{"@type":"Person","@id":"https:\/\/www.clients.horus-informatique71.fr\/advocnar_backup\/#\/schema\/person\/28ec283f897fb44e1146415d8015d23e","name":"FBrochot","url":"https:\/\/www.clients.horus-informatique71.fr\/advocnar_backup\/author\/fbrochot\/"}]}},"_links":{"self":[{"href":"https:\/\/www.clients.horus-informatique71.fr\/advocnar_backup\/wp-json\/wp\/v2\/posts\/74405"}],"collection":[{"href":"https:\/\/www.clients.horus-informatique71.fr\/advocnar_backup\/wp-json\/wp\/v2\/posts"}],"about":[{"href":"https:\/\/www.clients.horus-informatique71.fr\/advocnar_backup\/wp-json\/wp\/v2\/types\/post"}],"author":[{"embeddable":true,"href":"https:\/\/www.clients.horus-informatique71.fr\/advocnar_backup\/wp-json\/wp\/v2\/users\/10"}],"replies":[{"embeddable":true,"href":"https:\/\/www.clients.horus-informatique71.fr\/advocnar_backup\/wp-json\/wp\/v2\/comments?post=74405"}],"version-history":[{"count":6,"href":"https:\/\/www.clients.horus-informatique71.fr\/advocnar_backup\/wp-json\/wp\/v2\/posts\/74405\/revisions"}],"predecessor-version":[{"id":74411,"href":"https:\/\/www.clients.horus-informatique71.fr\/advocnar_backup\/wp-json\/wp\/v2\/posts\/74405\/revisions\/74411"}],"wp:featuredmedia":[{"embeddable":true,"href":"https:\/\/www.clients.horus-informatique71.fr\/advocnar_backup\/wp-json\/wp\/v2\/media\/74404"}],"wp:attachment":[{"href":"https:\/\/www.clients.horus-informatique71.fr\/advocnar_backup\/wp-json\/wp\/v2\/media?parent=74405"}],"wp:term":[{"taxonomy":"category","embeddable":true,"href":"https:\/\/www.clients.horus-informatique71.fr\/advocnar_backup\/wp-json\/wp\/v2\/categories?post=74405"},{"taxonomy":"post_tag","embeddable":true,"href":"https:\/\/www.clients.horus-informatique71.fr\/advocnar_backup\/wp-json\/wp\/v2\/tags?post=74405"}],"curies":[{"name":"wp","href":"https:\/\/api.w.org\/{rel}","templated":true}]}}