{"id":74417,"date":"2018-06-14T20:49:14","date_gmt":"2018-06-14T18:49:14","guid":{"rendered":"https:\/\/www.clients.horus-informatique71.fr\/advocnar_backup\/?p=74417"},"modified":"2021-04-02T18:44:15","modified_gmt":"2021-04-02T16:44:15","slug":"avions-moins-bruyants-aeroport-roissy","status":"publish","type":"post","link":"https:\/\/www.clients.horus-informatique71.fr\/advocnar_backup\/2018\/06\/avions-moins-bruyants-aeroport-roissy\/","title":{"rendered":"Des avions moins bruyants \u00e0 l\u2019A\u00e9roport de Roissy"},"content":{"rendered":"<h4>14.06.2018 &#8211; Le Parisien<\/h4>\n<p><em>Roissy. Cet Airbus A320 NEO en provenance de Nice fait partie des six appareils actuellement en service au sein d\u2019Easyjet. La compagnie en a command\u00e9 135 pour les quatre prochaines ann\u00e9es. ADP<\/em><\/p>\n<h5>Easyjet, 2e compagnie a\u00e9rienne en France, a command\u00e9 135 de ces appareils et pr\u00e9voit d\u2019en \u00eatre le principal utilisateur en Europe. L\u2019association de d\u00e9fense des personnes victimes de nuisances a\u00e9riennes esp\u00e8re mieux.<\/h5>\n<p>Moins de bruit et moins de pollution, c\u2019est la promesse de l\u2019A320 NEO (new engine option). La derni\u00e8re mouture du best-seller d\u2019Airbus, pr\u00e9sent\u00e9 ce jeudi, \u00e0 l\u2019a\u00e9roport de Roissy, par Easyjet, l\u2019avionneur et Safran qui a con\u00e7u ses r\u00e9acteurs. La compagnie low cost britannique a mis en avant les initiatives engag\u00e9es en mati\u00e8re d\u2019environnement alors que le d\u00e9ploiement de ce nouvel appareil vient de commencer.<\/p>\n<p>\u00ab D\u2019ici \u00e0 2022, nous serons le premier op\u00e9rateur d\u2019A320 NEO en Europe \u00bb, a annonc\u00e9 Fran\u00e7ois Baccheta, directeur g\u00e9n\u00e9ral d\u2019Easyjet France. Deuxi\u00e8me compagnie a\u00e9rienne dans l\u2019hexagone derri\u00e8re Air France (elle repr\u00e9sente environ 10 % du trafic \u00e0 Roissy), Easyjet a command\u00e9 135 A320 NEO qui doivent \u00eatre livr\u00e9s au cours des quatre prochaines ann\u00e9es. Six sont d\u00e9j\u00e0 en activit\u00e9.<\/p>\n<p>Le principal atout de l\u2019A320 NEO r\u00e9side dans sa consommation de carburant. \u00ab En r\u00e9ussissant \u00e0 baisser la consommation de 15 %, on diminue d\u2019autant les \u00e9missions de CO2 (dioxyde de carbone) et de NOx (oxyde d\u2019azote) \u00bb, a soulign\u00e9 Joacquin Toro-Prieto, directeur marketing d\u2019Airbus. Sur le plan sonore, l\u2019avion \u00e9mettrait jusqu\u2019\u00e0 20 dB de moins que la g\u00e9n\u00e9ration pr\u00e9c\u00e9dente. Un grand partie de ces performances est due au moteur con\u00e7u par CFM (filiale de Safran et General Electric). Le rendement a \u00e9t\u00e9 am\u00e9lior\u00e9, les panneaux acoustiques renforc\u00e9s et les pales sont fabriqu\u00e9s en fibres de carbone tiss\u00e9es. \u00ab \u00c7a permet d\u2019all\u00e9ger l\u2019avion de 500 kg, c\u2019est \u00e9norme \u00bb, souligne Francis Couillard, directeur de la politique environnementale de Safran.<\/p>\n<h5>Bien, mais pas assez pour l\u2019Advocnar<\/h5>\n<p>Patrick Kruissel, vice-pr\u00e9sident de l\u2019Association de d\u00e9fense du Val-d\u2019Oise contre les nuisances a\u00e9riennes (Advocnar), a salu\u00e9 ces avanc\u00e9es encourageantes mais a rappel\u00e9 qu\u2019elles \u00e9taient encore loin des objectifs affich\u00e9es. \u00ab Moins 15 % de CO2, c\u2019est bien mais la France et l\u2019Europe doivent diviser les \u00e9missions par quatre d\u2019ici 2050, a-t-il point\u00e9. Lors du Grenelle de l\u2019environnement, on avait promis -80 % d\u2019\u00e9missions de NOx d\u2019ici \u00e0 2020. \u00bb Joacquin Toro-Prieto a fait valoir que les efforts en mati\u00e8re de performance environnementale ne s\u2019arr\u00eatent pas l\u00e0. \u00ab Airbus continue d\u2019investir 300 M\u20ac pour continuer \u00e0 d\u00e9velopper cet avion \u00bb, a-t-il indiqu\u00e9.<\/p>\n<p>Pour autant, le bruit et la pollution vont-ils diminuer autour des a\u00e9roports avec ce nouvel avion ? \u00ab Depuis 3 ou 4 ans, notre empreinte sonore \u00e0 Orly (Val-de-Marne) diminue alors que le trafic passager augmente \u00bb, a indiqu\u00e9 Marc Houalla, directeur de l\u2019a\u00e9roport de Roissy. Patrick Kruissel, qui conteste les indicateurs cit\u00e9s, estime au contraire le bruit augmente. Mais surtout, le trafic a\u00e9rien augmente tant au niveau mondial qu\u2019\u00e0 Roissy. Easyjet a connu une augmentation de 7 % du trafic passagers l\u2019an dernier et ouvrir 25 nouvelles liaisons cette saison. \u00ab Avec \u00e7a, on va augmenter la pollution et le bruit \u00bb, regrette Patrick Kruissel.<\/p>\n<p><em>Roissy, jeudi 14 juin. R\u00e9plique d\u2019un moteur CFM leap-1 \u00e0 l\u2019\u00e9chelle 1\/3. C\u2019est ce mod\u00e8le con\u00e7u par Safran et GE qui \u00e9quipe les Airbus A320 NEO.\/ADP<\/em><\/p>\n","protected":false},"excerpt":{"rendered":"<p>14.06.2018 \u2013 Le Parisien Roissy. Cet Airbus A320 NEO en provenance de Nice fait partie des six appareils actuellement en service au sein d\u2019Easyjet. La compagnie en a command\u00e9 135 <\/p>\n","protected":false},"author":10,"featured_media":0,"comment_status":"closed","ping_status":"open","sticky":false,"template":"","format":"standard","meta":{"footnotes":""},"categories":[49],"tags":[],"yoast_head":"<!-- This site is optimized with the Yoast SEO plugin v22.0 - https:\/\/yoast.com\/wordpress\/plugins\/seo\/ -->\n<title>Des avions moins bruyants \u00e0 l\u2019A\u00e9roport de Roissy - Advocnar<\/title>\n<meta name=\"robots\" content=\"index, follow, max-snippet:-1, max-image-preview:large, max-video-preview:-1\" \/>\n<link rel=\"canonical\" href=\"https:\/\/www.clients.horus-informatique71.fr\/advocnar_backup\/2018\/06\/avions-moins-bruyants-aeroport-roissy\/\" \/>\n<meta property=\"og:locale\" content=\"fr_FR\" \/>\n<meta property=\"og:type\" content=\"article\" \/>\n<meta property=\"og:title\" content=\"Des avions moins bruyants \u00e0 l\u2019A\u00e9roport de Roissy - Advocnar\" \/>\n<meta property=\"og:description\" content=\"14.06.2018 \u2013 Le Parisien Roissy. Cet Airbus A320 NEO en provenance de Nice fait partie des six appareils actuellement en service au sein d\u2019Easyjet. La compagnie en a command\u00e9 135\" \/>\n<meta property=\"og:url\" content=\"https:\/\/www.clients.horus-informatique71.fr\/advocnar_backup\/2018\/06\/avions-moins-bruyants-aeroport-roissy\/\" \/>\n<meta property=\"og:site_name\" content=\"Advocnar\" \/>\n<meta property=\"article:published_time\" content=\"2018-06-14T18:49:14+00:00\" \/>\n<meta property=\"article:modified_time\" content=\"2021-04-02T16:44:15+00:00\" \/>\n<meta name=\"author\" content=\"FBrochot\" \/>\n<meta name=\"twitter:card\" content=\"summary_large_image\" \/>\n<meta name=\"twitter:label1\" content=\"\u00c9crit par\" \/>\n\t<meta name=\"twitter:data1\" content=\"FBrochot\" \/>\n\t<meta name=\"twitter:label2\" content=\"Dur\u00e9e de lecture estim\u00e9e\" \/>\n\t<meta name=\"twitter:data2\" content=\"3 minutes\" \/>\n<script type=\"application\/ld+json\" class=\"yoast-schema-graph\">{\"@context\":\"https:\/\/schema.org\",\"@graph\":[{\"@type\":\"WebPage\",\"@id\":\"https:\/\/www.clients.horus-informatique71.fr\/advocnar_backup\/2018\/06\/avions-moins-bruyants-aeroport-roissy\/\",\"url\":\"https:\/\/www.clients.horus-informatique71.fr\/advocnar_backup\/2018\/06\/avions-moins-bruyants-aeroport-roissy\/\",\"name\":\"Des avions moins bruyants \u00e0 l\u2019A\u00e9roport de Roissy - Advocnar\",\"isPartOf\":{\"@id\":\"https:\/\/www.clients.horus-informatique71.fr\/advocnar_backup\/#website\"},\"datePublished\":\"2018-06-14T18:49:14+00:00\",\"dateModified\":\"2021-04-02T16:44:15+00:00\",\"author\":{\"@id\":\"https:\/\/www.clients.horus-informatique71.fr\/advocnar_backup\/#\/schema\/person\/28ec283f897fb44e1146415d8015d23e\"},\"breadcrumb\":{\"@id\":\"https:\/\/www.clients.horus-informatique71.fr\/advocnar_backup\/2018\/06\/avions-moins-bruyants-aeroport-roissy\/#breadcrumb\"},\"inLanguage\":\"fr-FR\",\"potentialAction\":[{\"@type\":\"ReadAction\",\"target\":[\"https:\/\/www.clients.horus-informatique71.fr\/advocnar_backup\/2018\/06\/avions-moins-bruyants-aeroport-roissy\/\"]}]},{\"@type\":\"BreadcrumbList\",\"@id\":\"https:\/\/www.clients.horus-informatique71.fr\/advocnar_backup\/2018\/06\/avions-moins-bruyants-aeroport-roissy\/#breadcrumb\",\"itemListElement\":[{\"@type\":\"ListItem\",\"position\":1,\"name\":\"Accueil\",\"item\":\"https:\/\/www.clients.horus-informatique71.fr\/advocnar_backup\/\"},{\"@type\":\"ListItem\",\"position\":2,\"name\":\"Des avions moins bruyants \u00e0 l\u2019A\u00e9roport de Roissy\"}]},{\"@type\":\"WebSite\",\"@id\":\"https:\/\/www.clients.horus-informatique71.fr\/advocnar_backup\/#website\",\"url\":\"https:\/\/www.clients.horus-informatique71.fr\/advocnar_backup\/\",\"name\":\"Advocnar\",\"description\":\"Association de D\u00e9fense Contre les Nuisances A\u00e9riennes\",\"potentialAction\":[{\"@type\":\"SearchAction\",\"target\":{\"@type\":\"EntryPoint\",\"urlTemplate\":\"https:\/\/www.clients.horus-informatique71.fr\/advocnar_backup\/?s={search_term_string}\"},\"query-input\":\"required name=search_term_string\"}],\"inLanguage\":\"fr-FR\"},{\"@type\":\"Person\",\"@id\":\"https:\/\/www.clients.horus-informatique71.fr\/advocnar_backup\/#\/schema\/person\/28ec283f897fb44e1146415d8015d23e\",\"name\":\"FBrochot\",\"url\":\"https:\/\/www.clients.horus-informatique71.fr\/advocnar_backup\/author\/fbrochot\/\"}]}<\/script>\n<!-- \/ Yoast SEO plugin. -->","yoast_head_json":{"title":"Des avions moins bruyants \u00e0 l\u2019A\u00e9roport de Roissy - Advocnar","robots":{"index":"index","follow":"follow","max-snippet":"max-snippet:-1","max-image-preview":"max-image-preview:large","max-video-preview":"max-video-preview:-1"},"canonical":"https:\/\/www.clients.horus-informatique71.fr\/advocnar_backup\/2018\/06\/avions-moins-bruyants-aeroport-roissy\/","og_locale":"fr_FR","og_type":"article","og_title":"Des avions moins bruyants \u00e0 l\u2019A\u00e9roport de Roissy - Advocnar","og_description":"14.06.2018 \u2013 Le Parisien Roissy. Cet Airbus A320 NEO en provenance de Nice fait partie des six appareils actuellement en service au sein d\u2019Easyjet. La compagnie en a command\u00e9 135","og_url":"https:\/\/www.clients.horus-informatique71.fr\/advocnar_backup\/2018\/06\/avions-moins-bruyants-aeroport-roissy\/","og_site_name":"Advocnar","article_published_time":"2018-06-14T18:49:14+00:00","article_modified_time":"2021-04-02T16:44:15+00:00","author":"FBrochot","twitter_card":"summary_large_image","twitter_misc":{"\u00c9crit par":"FBrochot","Dur\u00e9e de lecture estim\u00e9e":"3 minutes"},"schema":{"@context":"https:\/\/schema.org","@graph":[{"@type":"WebPage","@id":"https:\/\/www.clients.horus-informatique71.fr\/advocnar_backup\/2018\/06\/avions-moins-bruyants-aeroport-roissy\/","url":"https:\/\/www.clients.horus-informatique71.fr\/advocnar_backup\/2018\/06\/avions-moins-bruyants-aeroport-roissy\/","name":"Des avions moins bruyants \u00e0 l\u2019A\u00e9roport de Roissy - Advocnar","isPartOf":{"@id":"https:\/\/www.clients.horus-informatique71.fr\/advocnar_backup\/#website"},"datePublished":"2018-06-14T18:49:14+00:00","dateModified":"2021-04-02T16:44:15+00:00","author":{"@id":"https:\/\/www.clients.horus-informatique71.fr\/advocnar_backup\/#\/schema\/person\/28ec283f897fb44e1146415d8015d23e"},"breadcrumb":{"@id":"https:\/\/www.clients.horus-informatique71.fr\/advocnar_backup\/2018\/06\/avions-moins-bruyants-aeroport-roissy\/#breadcrumb"},"inLanguage":"fr-FR","potentialAction":[{"@type":"ReadAction","target":["https:\/\/www.clients.horus-informatique71.fr\/advocnar_backup\/2018\/06\/avions-moins-bruyants-aeroport-roissy\/"]}]},{"@type":"BreadcrumbList","@id":"https:\/\/www.clients.horus-informatique71.fr\/advocnar_backup\/2018\/06\/avions-moins-bruyants-aeroport-roissy\/#breadcrumb","itemListElement":[{"@type":"ListItem","position":1,"name":"Accueil","item":"https:\/\/www.clients.horus-informatique71.fr\/advocnar_backup\/"},{"@type":"ListItem","position":2,"name":"Des avions moins bruyants \u00e0 l\u2019A\u00e9roport de Roissy"}]},{"@type":"WebSite","@id":"https:\/\/www.clients.horus-informatique71.fr\/advocnar_backup\/#website","url":"https:\/\/www.clients.horus-informatique71.fr\/advocnar_backup\/","name":"Advocnar","description":"Association de D\u00e9fense Contre les Nuisances A\u00e9riennes","potentialAction":[{"@type":"SearchAction","target":{"@type":"EntryPoint","urlTemplate":"https:\/\/www.clients.horus-informatique71.fr\/advocnar_backup\/?s={search_term_string}"},"query-input":"required name=search_term_string"}],"inLanguage":"fr-FR"},{"@type":"Person","@id":"https:\/\/www.clients.horus-informatique71.fr\/advocnar_backup\/#\/schema\/person\/28ec283f897fb44e1146415d8015d23e","name":"FBrochot","url":"https:\/\/www.clients.horus-informatique71.fr\/advocnar_backup\/author\/fbrochot\/"}]}},"_links":{"self":[{"href":"https:\/\/www.clients.horus-informatique71.fr\/advocnar_backup\/wp-json\/wp\/v2\/posts\/74417"}],"collection":[{"href":"https:\/\/www.clients.horus-informatique71.fr\/advocnar_backup\/wp-json\/wp\/v2\/posts"}],"about":[{"href":"https:\/\/www.clients.horus-informatique71.fr\/advocnar_backup\/wp-json\/wp\/v2\/types\/post"}],"author":[{"embeddable":true,"href":"https:\/\/www.clients.horus-informatique71.fr\/advocnar_backup\/wp-json\/wp\/v2\/users\/10"}],"replies":[{"embeddable":true,"href":"https:\/\/www.clients.horus-informatique71.fr\/advocnar_backup\/wp-json\/wp\/v2\/comments?post=74417"}],"version-history":[{"count":4,"href":"https:\/\/www.clients.horus-informatique71.fr\/advocnar_backup\/wp-json\/wp\/v2\/posts\/74417\/revisions"}],"predecessor-version":[{"id":76685,"href":"https:\/\/www.clients.horus-informatique71.fr\/advocnar_backup\/wp-json\/wp\/v2\/posts\/74417\/revisions\/76685"}],"wp:attachment":[{"href":"https:\/\/www.clients.horus-informatique71.fr\/advocnar_backup\/wp-json\/wp\/v2\/media?parent=74417"}],"wp:term":[{"taxonomy":"category","embeddable":true,"href":"https:\/\/www.clients.horus-informatique71.fr\/advocnar_backup\/wp-json\/wp\/v2\/categories?post=74417"},{"taxonomy":"post_tag","embeddable":true,"href":"https:\/\/www.clients.horus-informatique71.fr\/advocnar_backup\/wp-json\/wp\/v2\/tags?post=74417"}],"curies":[{"name":"wp","href":"https:\/\/api.w.org\/{rel}","templated":true}]}}