{"id":74479,"date":"2018-08-28T18:44:13","date_gmt":"2018-08-28T16:44:13","guid":{"rendered":"https:\/\/www.clients.horus-informatique71.fr\/advocnar_backup\/?p=74479"},"modified":"2018-08-28T18:45:38","modified_gmt":"2018-08-28T16:45:38","slug":"grand-paris-un-million-de-personnes-victimes-du-bruit","status":"publish","type":"post","link":"https:\/\/www.clients.horus-informatique71.fr\/advocnar_backup\/2018\/08\/grand-paris-un-million-de-personnes-victimes-du-bruit\/","title":{"rendered":"Grand Paris : un million de personnes victimes du bruit"},"content":{"rendered":"<h4>25.08.2018 &#8211; Le Parisien<\/h4>\n<p><em>Les riverains des a\u00e9roports sont particuli\u00e8rement touch\u00e9s par les nuisances a\u00e9riennes. LP<\/em><\/p>\n<h5>Une \u00e9tude r\u00e9alis\u00e9e par Bruitparif, unique en France, a permis d\u2019identifier les zones les plus touch\u00e9es par les nuisances sonores. Elles auraient un impact important sur la sant\u00e9 des habitants.<br \/>\nEt si l\u2019Enfer, c\u2019\u00e9tait le bruit ? Selon un diagnostic r\u00e9cemment \u00e9tabli par Bruitparif, \u00ab pr\u00e8s d\u2019un million de personnes sont hautement g\u00ean\u00e9es par le bruit des transports \u00bb sur les 7 millions d\u2019habitants que compte la M\u00e9tropole du Grand Paris. Le sommeil de 500 000 d\u2019entre eux serait aussi \u00ab tr\u00e8s perturb\u00e9 \u00bb par les trafics routiers, a\u00e9riens et ferroviaires, \u00ab les principales nuisances sonores au niveau m\u00e9tropolitain \u00bb, pr\u00e9cise Fanny Mietlicki, directrice de Bruitparif.<\/h5>\n<p>Une v\u00e9ritable pollution de masse aux effets insidieux car invisibles. Mais pourtant bien r\u00e9els en Ile-de-France, l\u2019agglom\u00e9ration fran\u00e7aise o\u00f9 ils sont les plus marqu\u00e9s. Selon Bruitparif &#8211; qui s\u2019est appuy\u00e9 sur une m\u00e9thodologie de l\u2019Organisation mondiale de la sant\u00e9 &#8211; les r\u00e9sidents des zones les plus durement frapp\u00e9es perdent jusqu\u2019\u00e0 19 mois de vie en bonne sant\u00e9, alors que la moyenne est de 8 mois dans l\u2019ensemble de la m\u00e9tropole.<\/p>\n<p>\u00ab Le bruit, tout le monde pense pouvoir vivre avec, poursuit Fanny Mietlicki. Sans se rendre compte du stress et de la fatigue qu\u2019il g\u00e9n\u00e8re. \u00bb Les r\u00e9sultats de cette \u00e9tude, une premi\u00e8re en France, seront donc extr\u00eamement pr\u00e9cieux pour endiguer ce fl\u00e9au sanitaire que les autorit\u00e9s jugent aussi d\u00e9l\u00e9t\u00e8re que la pollution de l\u2019air.<\/p>\n<p><img loading=\"lazy\" decoding=\"async\" class=\"alignleft wp-image-74477\" src=\"https:\/\/www.clients.horus-informatique71.fr\/advocnar_backup\/wp-content\/uploads\/2018\/08\/2018-08-25-Le-Parisien-Photo-2.jpg\" alt=\"\" width=\"451\" height=\"558\" srcset=\"https:\/\/www.clients.horus-informatique71.fr\/advocnar_backup\/wp-content\/uploads\/2018\/08\/2018-08-25-Le-Parisien-Photo-2.jpg 1035w, https:\/\/www.clients.horus-informatique71.fr\/advocnar_backup\/wp-content\/uploads\/2018\/08\/2018-08-25-Le-Parisien-Photo-2-243x300.jpg 243w, https:\/\/www.clients.horus-informatique71.fr\/advocnar_backup\/wp-content\/uploads\/2018\/08\/2018-08-25-Le-Parisien-Photo-2-768x950.jpg 768w, https:\/\/www.clients.horus-informatique71.fr\/advocnar_backup\/wp-content\/uploads\/2018\/08\/2018-08-25-Le-Parisien-Photo-2-828x1024.jpg 828w\" sizes=\"(max-width: 451px) 100vw, 451px\" \/><\/p>\n<p><span style=\"color: #ff6600;\">Parmi les zones les plus touch\u00e9es figurent celles o\u00f9 se trouve un a\u00e9roport. Le diagnostic pointe clairement les habitants des environs d\u2019Orly comme les plus touch\u00e9s par le ph\u00e9nom\u00e8ne. \u00ab Il doit en \u00eatre de m\u00eame autour de l\u2019a\u00e9roport de Roissy, qui n\u2019a pas \u00e9t\u00e9 pris en compte par l\u2019\u00e9tude, pr\u00e9cise la directrice de Bruitparif. Les secteurs les plus impact\u00e9s cumulent le bruit des avions avec celui des transports routiers qui desservent les zones a\u00e9roportuaires. \u00bb<\/span><\/p>\n<h5>Construire un autre a\u00e9roport \u00e0 Montargis ?<\/h5>\n<p><span style=\"color: #ff6600;\">Les nuisances a\u00e9riennes, un sujet \u00ab particuli\u00e8rement sensible \u00bb en Ile-de-France qui compte 3 a\u00e9roports (avec celui du Bourget) et un h\u00e9liport, \u00e0 Issy-les-Moulineaux, reconna\u00eet la M\u00e9tropole du Grand Paris.<\/span><\/p>\n<p>Mais que ses \u00e9lus comptent prendre \u00e0 bras-le-corps : Jacques-Alain B\u00e9nisti, maire (LR) de Villiers-sur-Marne et conseiller m\u00e9tropolitain d\u00e9l\u00e9gu\u00e9 \u00e0 la mise en \u0153uvre des mesures de lutte contre les nuisances sonores appelle l\u2019ensemble des acteurs du secteur \u00e0 \u00ab \u00e9laborer d\u2019ici la fin de l\u2019ann\u00e9e 2018 un plan d\u2019actions m\u00e9tropolitain \u00e0 la hauteur des enjeux \u00bb.<\/p>\n<p>Parmi ses propositions, une retient particuli\u00e8rement l\u2019attention : construire un nouvel a\u00e9roport dans les environs de\u2026 Montargis (Loiret). \u00ab L\u2019a\u00e9roport d\u2019Orly est l\u2019un des rares en Europe \u00e0 avoir prosp\u00e9r\u00e9 dans une zone de plus en plus urbanis\u00e9e. \u00c0 part le faire d\u00e9m\u00e9nager, il n\u2019y a pas de solutions. \u00bb<\/p>\n<h5>Le rev\u00eatement antibruit comme solution ?<\/h5>\n<p>Les habitants des abords du boulevard p\u00e9riph\u00e9rique et des principales autoroutes sont \u00e9galement les premi\u00e8res victimes des nuisances sonores, et ce malgr\u00e9 les dispositifs antibruit d\u00e9j\u00e0 mis en place. Mais une nouvelle technologie, d\u00e9j\u00e0 pr\u00e9sente sur certaines portions du p\u00e9riph\u2019 et des autoroutes A4, A6 et A86, pourrait y rem\u00e9dier en partie : le rev\u00eatement antibruit. Malgr\u00e9 des retours mitig\u00e9s de riverains, il serait capable de diviser par trois le bruit provoqu\u00e9 par automobiles et camions.<\/p>\n<p>Les deux-roues motoris\u00e9s, dont certains sont particuli\u00e8rement bruyants, sont \u00e9galement identifi\u00e9s comme une source importante de nuisances sonores. Quant au trafic ferroviaire, il s\u2019agit plus pour le moment d\u2019identifier des \u00ab zones calmes \u00bb qui seront sanctuaris\u00e9es afin qu\u2019aucune nouvelle ligne ne puisse y voir le jour.<\/p>\n<p>Des concertations doivent \u00eatre men\u00e9es, diagnostic \u00e0 l\u2019appui, avec les habitants et les associations des zones les plus touch\u00e9es, afin de d\u00e9gager des pistes de travail.<\/p>\n<p>&nbsp;<\/p>\n","protected":false},"excerpt":{"rendered":"<p>25.08.2018 &#8211; Le Parisien Les riverains des a\u00e9roports sont particuli\u00e8rement touch\u00e9s par les nuisances a\u00e9riennes. LP Une \u00e9tude r\u00e9alis\u00e9e par Bruitparif, unique en France, a permis d\u2019identifier les zones les plus touch\u00e9es par les nuisances sonores. Elles auraient un impact important sur la sant\u00e9 des habitants. Et si l\u2019Enfer, c\u2019\u00e9tait le bruit ? Selon un [&hellip;]<\/p>\n","protected":false},"author":10,"featured_media":0,"comment_status":"closed","ping_status":"open","sticky":false,"template":"","format":"standard","meta":{"footnotes":""},"categories":[49],"tags":[],"yoast_head":"<!-- This site is optimized with the Yoast SEO plugin v22.0 - https:\/\/yoast.com\/wordpress\/plugins\/seo\/ -->\n<title>Grand Paris : un million de personnes victimes du bruit - Advocnar<\/title>\n<meta name=\"robots\" content=\"index, follow, max-snippet:-1, max-image-preview:large, max-video-preview:-1\" \/>\n<link rel=\"canonical\" href=\"https:\/\/www.clients.horus-informatique71.fr\/advocnar_backup\/2018\/08\/grand-paris-un-million-de-personnes-victimes-du-bruit\/\" \/>\n<meta property=\"og:locale\" content=\"fr_FR\" \/>\n<meta property=\"og:type\" content=\"article\" \/>\n<meta property=\"og:title\" content=\"Grand Paris : un million de personnes victimes du bruit - Advocnar\" \/>\n<meta property=\"og:description\" content=\"25.08.2018 &#8211; Le Parisien Les riverains des a\u00e9roports sont particuli\u00e8rement touch\u00e9s par les nuisances a\u00e9riennes. LP Une \u00e9tude r\u00e9alis\u00e9e par Bruitparif, unique en France, a permis d\u2019identifier les zones les plus touch\u00e9es par les nuisances sonores. Elles auraient un impact important sur la sant\u00e9 des habitants. Et si l\u2019Enfer, c\u2019\u00e9tait le bruit ? Selon un [&hellip;]\" \/>\n<meta property=\"og:url\" content=\"https:\/\/www.clients.horus-informatique71.fr\/advocnar_backup\/2018\/08\/grand-paris-un-million-de-personnes-victimes-du-bruit\/\" \/>\n<meta property=\"og:site_name\" content=\"Advocnar\" \/>\n<meta property=\"article:published_time\" content=\"2018-08-28T16:44:13+00:00\" \/>\n<meta property=\"article:modified_time\" content=\"2018-08-28T16:45:38+00:00\" \/>\n<meta property=\"og:image\" content=\"https:\/\/www.advocnar.frwp-content\/uploads\/2018\/08\/2018-08-25-Le-Parisien-Photo-2.jpg\" \/>\n<meta name=\"author\" content=\"FBrochot\" \/>\n<meta name=\"twitter:card\" content=\"summary_large_image\" \/>\n<meta name=\"twitter:label1\" content=\"\u00c9crit par\" \/>\n\t<meta name=\"twitter:data1\" content=\"FBrochot\" \/>\n\t<meta name=\"twitter:label2\" content=\"Dur\u00e9e de lecture estim\u00e9e\" \/>\n\t<meta name=\"twitter:data2\" content=\"3 minutes\" \/>\n<script type=\"application\/ld+json\" class=\"yoast-schema-graph\">{\"@context\":\"https:\/\/schema.org\",\"@graph\":[{\"@type\":\"WebPage\",\"@id\":\"https:\/\/www.clients.horus-informatique71.fr\/advocnar_backup\/2018\/08\/grand-paris-un-million-de-personnes-victimes-du-bruit\/\",\"url\":\"https:\/\/www.clients.horus-informatique71.fr\/advocnar_backup\/2018\/08\/grand-paris-un-million-de-personnes-victimes-du-bruit\/\",\"name\":\"Grand Paris : un million de personnes victimes du bruit - Advocnar\",\"isPartOf\":{\"@id\":\"https:\/\/www.clients.horus-informatique71.fr\/advocnar_backup\/#website\"},\"datePublished\":\"2018-08-28T16:44:13+00:00\",\"dateModified\":\"2018-08-28T16:45:38+00:00\",\"author\":{\"@id\":\"https:\/\/www.clients.horus-informatique71.fr\/advocnar_backup\/#\/schema\/person\/28ec283f897fb44e1146415d8015d23e\"},\"breadcrumb\":{\"@id\":\"https:\/\/www.clients.horus-informatique71.fr\/advocnar_backup\/2018\/08\/grand-paris-un-million-de-personnes-victimes-du-bruit\/#breadcrumb\"},\"inLanguage\":\"fr-FR\",\"potentialAction\":[{\"@type\":\"ReadAction\",\"target\":[\"https:\/\/www.clients.horus-informatique71.fr\/advocnar_backup\/2018\/08\/grand-paris-un-million-de-personnes-victimes-du-bruit\/\"]}]},{\"@type\":\"BreadcrumbList\",\"@id\":\"https:\/\/www.clients.horus-informatique71.fr\/advocnar_backup\/2018\/08\/grand-paris-un-million-de-personnes-victimes-du-bruit\/#breadcrumb\",\"itemListElement\":[{\"@type\":\"ListItem\",\"position\":1,\"name\":\"Accueil\",\"item\":\"https:\/\/www.clients.horus-informatique71.fr\/advocnar_backup\/\"},{\"@type\":\"ListItem\",\"position\":2,\"name\":\"Grand Paris : un million de personnes victimes du bruit\"}]},{\"@type\":\"WebSite\",\"@id\":\"https:\/\/www.clients.horus-informatique71.fr\/advocnar_backup\/#website\",\"url\":\"https:\/\/www.clients.horus-informatique71.fr\/advocnar_backup\/\",\"name\":\"Advocnar\",\"description\":\"Association de D\u00e9fense Contre les Nuisances A\u00e9riennes\",\"potentialAction\":[{\"@type\":\"SearchAction\",\"target\":{\"@type\":\"EntryPoint\",\"urlTemplate\":\"https:\/\/www.clients.horus-informatique71.fr\/advocnar_backup\/?s={search_term_string}\"},\"query-input\":\"required name=search_term_string\"}],\"inLanguage\":\"fr-FR\"},{\"@type\":\"Person\",\"@id\":\"https:\/\/www.clients.horus-informatique71.fr\/advocnar_backup\/#\/schema\/person\/28ec283f897fb44e1146415d8015d23e\",\"name\":\"FBrochot\",\"url\":\"https:\/\/www.clients.horus-informatique71.fr\/advocnar_backup\/author\/fbrochot\/\"}]}<\/script>\n<!-- \/ Yoast SEO plugin. -->","yoast_head_json":{"title":"Grand Paris : un million de personnes victimes du bruit - Advocnar","robots":{"index":"index","follow":"follow","max-snippet":"max-snippet:-1","max-image-preview":"max-image-preview:large","max-video-preview":"max-video-preview:-1"},"canonical":"https:\/\/www.clients.horus-informatique71.fr\/advocnar_backup\/2018\/08\/grand-paris-un-million-de-personnes-victimes-du-bruit\/","og_locale":"fr_FR","og_type":"article","og_title":"Grand Paris : un million de personnes victimes du bruit - Advocnar","og_description":"25.08.2018 &#8211; Le Parisien Les riverains des a\u00e9roports sont particuli\u00e8rement touch\u00e9s par les nuisances a\u00e9riennes. LP Une \u00e9tude r\u00e9alis\u00e9e par Bruitparif, unique en France, a permis d\u2019identifier les zones les plus touch\u00e9es par les nuisances sonores. Elles auraient un impact important sur la sant\u00e9 des habitants. Et si l\u2019Enfer, c\u2019\u00e9tait le bruit ? Selon un [&hellip;]","og_url":"https:\/\/www.clients.horus-informatique71.fr\/advocnar_backup\/2018\/08\/grand-paris-un-million-de-personnes-victimes-du-bruit\/","og_site_name":"Advocnar","article_published_time":"2018-08-28T16:44:13+00:00","article_modified_time":"2018-08-28T16:45:38+00:00","og_image":[{"url":"https:\/\/www.advocnar.frwp-content\/uploads\/2018\/08\/2018-08-25-Le-Parisien-Photo-2.jpg"}],"author":"FBrochot","twitter_card":"summary_large_image","twitter_misc":{"\u00c9crit par":"FBrochot","Dur\u00e9e de lecture estim\u00e9e":"3 minutes"},"schema":{"@context":"https:\/\/schema.org","@graph":[{"@type":"WebPage","@id":"https:\/\/www.clients.horus-informatique71.fr\/advocnar_backup\/2018\/08\/grand-paris-un-million-de-personnes-victimes-du-bruit\/","url":"https:\/\/www.clients.horus-informatique71.fr\/advocnar_backup\/2018\/08\/grand-paris-un-million-de-personnes-victimes-du-bruit\/","name":"Grand Paris : un million de personnes victimes du bruit - Advocnar","isPartOf":{"@id":"https:\/\/www.clients.horus-informatique71.fr\/advocnar_backup\/#website"},"datePublished":"2018-08-28T16:44:13+00:00","dateModified":"2018-08-28T16:45:38+00:00","author":{"@id":"https:\/\/www.clients.horus-informatique71.fr\/advocnar_backup\/#\/schema\/person\/28ec283f897fb44e1146415d8015d23e"},"breadcrumb":{"@id":"https:\/\/www.clients.horus-informatique71.fr\/advocnar_backup\/2018\/08\/grand-paris-un-million-de-personnes-victimes-du-bruit\/#breadcrumb"},"inLanguage":"fr-FR","potentialAction":[{"@type":"ReadAction","target":["https:\/\/www.clients.horus-informatique71.fr\/advocnar_backup\/2018\/08\/grand-paris-un-million-de-personnes-victimes-du-bruit\/"]}]},{"@type":"BreadcrumbList","@id":"https:\/\/www.clients.horus-informatique71.fr\/advocnar_backup\/2018\/08\/grand-paris-un-million-de-personnes-victimes-du-bruit\/#breadcrumb","itemListElement":[{"@type":"ListItem","position":1,"name":"Accueil","item":"https:\/\/www.clients.horus-informatique71.fr\/advocnar_backup\/"},{"@type":"ListItem","position":2,"name":"Grand Paris : un million de personnes victimes du bruit"}]},{"@type":"WebSite","@id":"https:\/\/www.clients.horus-informatique71.fr\/advocnar_backup\/#website","url":"https:\/\/www.clients.horus-informatique71.fr\/advocnar_backup\/","name":"Advocnar","description":"Association de D\u00e9fense Contre les Nuisances A\u00e9riennes","potentialAction":[{"@type":"SearchAction","target":{"@type":"EntryPoint","urlTemplate":"https:\/\/www.clients.horus-informatique71.fr\/advocnar_backup\/?s={search_term_string}"},"query-input":"required name=search_term_string"}],"inLanguage":"fr-FR"},{"@type":"Person","@id":"https:\/\/www.clients.horus-informatique71.fr\/advocnar_backup\/#\/schema\/person\/28ec283f897fb44e1146415d8015d23e","name":"FBrochot","url":"https:\/\/www.clients.horus-informatique71.fr\/advocnar_backup\/author\/fbrochot\/"}]}},"_links":{"self":[{"href":"https:\/\/www.clients.horus-informatique71.fr\/advocnar_backup\/wp-json\/wp\/v2\/posts\/74479"}],"collection":[{"href":"https:\/\/www.clients.horus-informatique71.fr\/advocnar_backup\/wp-json\/wp\/v2\/posts"}],"about":[{"href":"https:\/\/www.clients.horus-informatique71.fr\/advocnar_backup\/wp-json\/wp\/v2\/types\/post"}],"author":[{"embeddable":true,"href":"https:\/\/www.clients.horus-informatique71.fr\/advocnar_backup\/wp-json\/wp\/v2\/users\/10"}],"replies":[{"embeddable":true,"href":"https:\/\/www.clients.horus-informatique71.fr\/advocnar_backup\/wp-json\/wp\/v2\/comments?post=74479"}],"version-history":[{"count":4,"href":"https:\/\/www.clients.horus-informatique71.fr\/advocnar_backup\/wp-json\/wp\/v2\/posts\/74479\/revisions"}],"predecessor-version":[{"id":74483,"href":"https:\/\/www.clients.horus-informatique71.fr\/advocnar_backup\/wp-json\/wp\/v2\/posts\/74479\/revisions\/74483"}],"wp:attachment":[{"href":"https:\/\/www.clients.horus-informatique71.fr\/advocnar_backup\/wp-json\/wp\/v2\/media?parent=74479"}],"wp:term":[{"taxonomy":"category","embeddable":true,"href":"https:\/\/www.clients.horus-informatique71.fr\/advocnar_backup\/wp-json\/wp\/v2\/categories?post=74479"},{"taxonomy":"post_tag","embeddable":true,"href":"https:\/\/www.clients.horus-informatique71.fr\/advocnar_backup\/wp-json\/wp\/v2\/tags?post=74479"}],"curies":[{"name":"wp","href":"https:\/\/api.w.org\/{rel}","templated":true}]}}