{"id":74517,"date":"2018-10-05T20:54:55","date_gmt":"2018-10-05T18:54:55","guid":{"rendered":"https:\/\/www.clients.horus-informatique71.fr\/advocnar_backup\/?p=74517"},"modified":"2018-10-05T20:59:30","modified_gmt":"2018-10-05T18:59:30","slug":"pollution-de-lair-advocnar-agit-et-fait-partie-des-78-requerants","status":"publish","type":"post","link":"https:\/\/www.clients.horus-informatique71.fr\/advocnar_backup\/2018\/10\/pollution-de-lair-advocnar-agit-et-fait-partie-des-78-requerants\/","title":{"rendered":"Recours pollution de l&rsquo;air: l&rsquo;ADVOCNAR agit et fait partie des 78 requ\u00e9rants"},"content":{"rendered":"<h4>Pollution de l\u2019air\u00a0: le transport a\u00e9rien toujours intouchable\u00a0?<\/h4>\n<ul>\n<li>Parce que le plan d\u2019urgence du gouvernement pour r\u00e9duire la pollution de l\u2019air doit concerner toutes les sources majeures de pollution, y compris le transport a\u00e9rien,<\/li>\n<li>Parce que la pollution des avions est similaire \u00e0 celle des v\u00e9hicules diesel,<\/li>\n<li>Parce que l\u2019Ile-de-France, avec une densit\u00e9 de population 10 fois celle des autres r\u00e9gions, concentre 50% du trafic a\u00e9rien national, ce qui multiplie l\u2019impact sanitaire,<\/li>\n<li>Parce que le trafic a\u00e9rien en Ile-de-France repr\u00e9sente 7% des \u00e9missions d\u2019oxydes d\u2019azote de cette r\u00e9gion,<\/li>\n<li>Parce que faute de mesures contraignantes, le transport a\u00e9rien continuera \u00e0 polluer en toute impunit\u00e9<\/li>\n<li>Parce que dans le cadre du Plan de Protection de l\u2019Atmosph\u00e8re pour l\u2019Ile-de-France, le transport a\u00e9rien est le seul secteur qui verra ses \u00e9missions polluantes augmenter \u00e0 l\u2019horizon 2020 (Airparif estime que la part du transport a\u00e9rien passera de 7 \u00e0 13% pour le prochain PPA),<\/li>\n<\/ul>\n<p><strong>l\u2019ADVOCNAR agit et fait partie des 78 requ\u00e9rants[1] qui portent un nouveau recours pour contraindre le gouvernement \u00e0 respecter la d\u00e9cision du Conseil d\u2019Etat du 12 juillet 2017[2] concernant la pollution de l\u2019air.<\/strong><\/p>\n<p>Par cette d\u00e9cision, la plus haute juridiction de l\u2019Etat avait enjoint le gouvernement de prendre des mesures urgentes pour am\u00e9liorer la qualit\u00e9 de l\u2019air dans 13 r\u00e9gions dont l\u2019Ile-de-France, qui subissent de fa\u00e7on chronique des d\u00e9passements des valeurs limites r\u00e9glementaires en dioxyde d&rsquo;azote (NO2) et en particules fines (PM10) notamment. Ce dernier s\u2019est content\u00e9 d\u2019envoyer \u00e0 la Commission Europ\u00e9enne des feuilles de route sans aucune mesure d\u2019urgence.<\/p>\n<p><strong>Nous attendons maintenant des mesures fortes et efficaces de la part de tous les secteurs polluants, et particuli\u00e8rement celui du transport a\u00e9rien[3], qui b\u00e9n\u00e9ficie de fa\u00e7on inexplicable de la complicit\u00e9 des pouvoirs publics afin d\u2019\u00e9chapper \u00e0 toute contrainte, alors qu\u2019il est de tr\u00e8s loin le plus polluant des moyens de transport.<\/strong><\/p>\n<p><a href=\"https:\/\/www.clients.horus-informatique71.fr\/advocnar_backup\/wp-content\/uploads\/2018\/10\/2018-10-05-Communique-ADVOCNAR-recours-pollution-de-lair-2.pdf\">Lire le communiqu\u00e9 de l&rsquo;ADVOCNAR<\/a><\/p>\n<hr \/>\n<p>[1] <a href=\"http:\/\/www.amisdelaterre.org\/Pollution-de-l-air-face-a-l-inaction-78-organisations-et-medecins-saisissent-a.html\">http:\/\/www.amisdelaterre.org\/Pollution-de-l-air-face-a-l-inaction-78-organisations-et-medecins-saisissent-a.html<\/a><br \/>\n[2] <a href=\"http:\/\/www.conseil-etat.fr\/Decisions-Avis-Publications\/Decisions\/Selection-des-decisions-faisant-l-objet-d-une-communication-particuliere\/CE-12-juillet-2017-Association-Les-Amis-de-la-Terre-France\">http:\/\/www.conseil-etat.fr\/Decisions-Avis-Publications\/Decisions\/Selection-des-decisions-faisant-l-objet-d-une-communication-particuliere\/CE-12-juillet-2017-Association-Les-Amis-de-la-Terre-France<\/a><br \/>\n[3] <a href=\"https:\/\/www.clients.horus-informatique71.fr\/advocnar_backup\/wp-content\/uploads\/2017\/11\/2017-11-14-Avis-ADVOCNAR-sur-PPA-IDF-2017.pdf\">https:\/\/www.clients.horus-informatique71.fr\/advocnar_backup\/wp-content\/uploads\/2017\/11\/2017-11-14-Avis-ADVOCNAR-sur-PPA-IDF-2017.pdf<\/a><\/p>\n<p>&nbsp;<\/p>\n","protected":false},"excerpt":{"rendered":"<p>Pollution de l\u2019air\u00a0: le transport a\u00e9rien toujours intouchable\u00a0? Parce que le plan d\u2019urgence du gouvernement pour r\u00e9duire la pollution de l\u2019air doit concerner toutes les sources majeures de pollution, y compris le transport a\u00e9rien, Parce que la pollution des avions est similaire \u00e0 celle des v\u00e9hicules diesel, Parce que l\u2019Ile-de-France, avec une densit\u00e9 de population [&hellip;]<\/p>\n","protected":false},"author":10,"featured_media":74516,"comment_status":"closed","ping_status":"open","sticky":false,"template":"","format":"standard","meta":{"footnotes":""},"categories":[46],"tags":[],"yoast_head":"<!-- This site is optimized with the Yoast SEO plugin v22.0 - https:\/\/yoast.com\/wordpress\/plugins\/seo\/ -->\n<title>Recours pollution de l&#039;air: l&#039;ADVOCNAR agit et fait partie des 78 requ\u00e9rants - Advocnar<\/title>\n<meta name=\"robots\" content=\"index, follow, max-snippet:-1, max-image-preview:large, max-video-preview:-1\" \/>\n<link rel=\"canonical\" href=\"https:\/\/www.clients.horus-informatique71.fr\/advocnar_backup\/2018\/10\/pollution-de-lair-advocnar-agit-et-fait-partie-des-78-requerants\/\" \/>\n<meta property=\"og:locale\" content=\"fr_FR\" \/>\n<meta property=\"og:type\" content=\"article\" \/>\n<meta property=\"og:title\" content=\"Recours pollution de l&#039;air: l&#039;ADVOCNAR agit et fait partie des 78 requ\u00e9rants - Advocnar\" \/>\n<meta property=\"og:description\" content=\"Pollution de l\u2019air\u00a0: le transport a\u00e9rien toujours intouchable\u00a0? Parce que le plan d\u2019urgence du gouvernement pour r\u00e9duire la pollution de l\u2019air doit concerner toutes les sources majeures de pollution, y compris le transport a\u00e9rien, Parce que la pollution des avions est similaire \u00e0 celle des v\u00e9hicules diesel, Parce que l\u2019Ile-de-France, avec une densit\u00e9 de population [&hellip;]\" \/>\n<meta property=\"og:url\" content=\"https:\/\/www.clients.horus-informatique71.fr\/advocnar_backup\/2018\/10\/pollution-de-lair-advocnar-agit-et-fait-partie-des-78-requerants\/\" \/>\n<meta property=\"og:site_name\" content=\"Advocnar\" \/>\n<meta property=\"article:published_time\" content=\"2018-10-05T18:54:55+00:00\" \/>\n<meta property=\"article:modified_time\" content=\"2018-10-05T18:59:30+00:00\" \/>\n<meta property=\"og:image\" content=\"https:\/\/www.clients.horus-informatique71.fr\/advocnar_backup\/wp-content\/uploads\/2018\/10\/AvionPollution-2.jpg\" \/>\n\t<meta property=\"og:image:width\" content=\"462\" \/>\n\t<meta property=\"og:image:height\" content=\"347\" \/>\n\t<meta property=\"og:image:type\" content=\"image\/jpeg\" \/>\n<meta name=\"author\" content=\"FBrochot\" \/>\n<meta name=\"twitter:card\" content=\"summary_large_image\" \/>\n<meta name=\"twitter:label1\" content=\"\u00c9crit par\" \/>\n\t<meta name=\"twitter:data1\" content=\"FBrochot\" \/>\n\t<meta name=\"twitter:label2\" content=\"Dur\u00e9e de lecture estim\u00e9e\" \/>\n\t<meta name=\"twitter:data2\" content=\"2 minutes\" \/>\n<script type=\"application\/ld+json\" class=\"yoast-schema-graph\">{\"@context\":\"https:\/\/schema.org\",\"@graph\":[{\"@type\":\"WebPage\",\"@id\":\"https:\/\/www.clients.horus-informatique71.fr\/advocnar_backup\/2018\/10\/pollution-de-lair-advocnar-agit-et-fait-partie-des-78-requerants\/\",\"url\":\"https:\/\/www.clients.horus-informatique71.fr\/advocnar_backup\/2018\/10\/pollution-de-lair-advocnar-agit-et-fait-partie-des-78-requerants\/\",\"name\":\"Recours pollution de l'air: l'ADVOCNAR agit et fait partie des 78 requ\u00e9rants - Advocnar\",\"isPartOf\":{\"@id\":\"https:\/\/www.clients.horus-informatique71.fr\/advocnar_backup\/#website\"},\"datePublished\":\"2018-10-05T18:54:55+00:00\",\"dateModified\":\"2018-10-05T18:59:30+00:00\",\"author\":{\"@id\":\"https:\/\/www.clients.horus-informatique71.fr\/advocnar_backup\/#\/schema\/person\/28ec283f897fb44e1146415d8015d23e\"},\"breadcrumb\":{\"@id\":\"https:\/\/www.clients.horus-informatique71.fr\/advocnar_backup\/2018\/10\/pollution-de-lair-advocnar-agit-et-fait-partie-des-78-requerants\/#breadcrumb\"},\"inLanguage\":\"fr-FR\",\"potentialAction\":[{\"@type\":\"ReadAction\",\"target\":[\"https:\/\/www.clients.horus-informatique71.fr\/advocnar_backup\/2018\/10\/pollution-de-lair-advocnar-agit-et-fait-partie-des-78-requerants\/\"]}]},{\"@type\":\"BreadcrumbList\",\"@id\":\"https:\/\/www.clients.horus-informatique71.fr\/advocnar_backup\/2018\/10\/pollution-de-lair-advocnar-agit-et-fait-partie-des-78-requerants\/#breadcrumb\",\"itemListElement\":[{\"@type\":\"ListItem\",\"position\":1,\"name\":\"Accueil\",\"item\":\"https:\/\/www.clients.horus-informatique71.fr\/advocnar_backup\/\"},{\"@type\":\"ListItem\",\"position\":2,\"name\":\"Recours pollution de l&#8217;air: l&#8217;ADVOCNAR agit et fait partie des 78 requ\u00e9rants\"}]},{\"@type\":\"WebSite\",\"@id\":\"https:\/\/www.clients.horus-informatique71.fr\/advocnar_backup\/#website\",\"url\":\"https:\/\/www.clients.horus-informatique71.fr\/advocnar_backup\/\",\"name\":\"Advocnar\",\"description\":\"Association de D\u00e9fense Contre les Nuisances A\u00e9riennes\",\"potentialAction\":[{\"@type\":\"SearchAction\",\"target\":{\"@type\":\"EntryPoint\",\"urlTemplate\":\"https:\/\/www.clients.horus-informatique71.fr\/advocnar_backup\/?s={search_term_string}\"},\"query-input\":\"required name=search_term_string\"}],\"inLanguage\":\"fr-FR\"},{\"@type\":\"Person\",\"@id\":\"https:\/\/www.clients.horus-informatique71.fr\/advocnar_backup\/#\/schema\/person\/28ec283f897fb44e1146415d8015d23e\",\"name\":\"FBrochot\",\"url\":\"https:\/\/www.clients.horus-informatique71.fr\/advocnar_backup\/author\/fbrochot\/\"}]}<\/script>\n<!-- \/ Yoast SEO plugin. -->","yoast_head_json":{"title":"Recours pollution de l'air: l'ADVOCNAR agit et fait partie des 78 requ\u00e9rants - Advocnar","robots":{"index":"index","follow":"follow","max-snippet":"max-snippet:-1","max-image-preview":"max-image-preview:large","max-video-preview":"max-video-preview:-1"},"canonical":"https:\/\/www.clients.horus-informatique71.fr\/advocnar_backup\/2018\/10\/pollution-de-lair-advocnar-agit-et-fait-partie-des-78-requerants\/","og_locale":"fr_FR","og_type":"article","og_title":"Recours pollution de l'air: l'ADVOCNAR agit et fait partie des 78 requ\u00e9rants - Advocnar","og_description":"Pollution de l\u2019air\u00a0: le transport a\u00e9rien toujours intouchable\u00a0? Parce que le plan d\u2019urgence du gouvernement pour r\u00e9duire la pollution de l\u2019air doit concerner toutes les sources majeures de pollution, y compris le transport a\u00e9rien, Parce que la pollution des avions est similaire \u00e0 celle des v\u00e9hicules diesel, Parce que l\u2019Ile-de-France, avec une densit\u00e9 de population [&hellip;]","og_url":"https:\/\/www.clients.horus-informatique71.fr\/advocnar_backup\/2018\/10\/pollution-de-lair-advocnar-agit-et-fait-partie-des-78-requerants\/","og_site_name":"Advocnar","article_published_time":"2018-10-05T18:54:55+00:00","article_modified_time":"2018-10-05T18:59:30+00:00","og_image":[{"width":462,"height":347,"url":"https:\/\/www.clients.horus-informatique71.fr\/advocnar_backup\/wp-content\/uploads\/2018\/10\/AvionPollution-2.jpg","type":"image\/jpeg"}],"author":"FBrochot","twitter_card":"summary_large_image","twitter_misc":{"\u00c9crit par":"FBrochot","Dur\u00e9e de lecture estim\u00e9e":"2 minutes"},"schema":{"@context":"https:\/\/schema.org","@graph":[{"@type":"WebPage","@id":"https:\/\/www.clients.horus-informatique71.fr\/advocnar_backup\/2018\/10\/pollution-de-lair-advocnar-agit-et-fait-partie-des-78-requerants\/","url":"https:\/\/www.clients.horus-informatique71.fr\/advocnar_backup\/2018\/10\/pollution-de-lair-advocnar-agit-et-fait-partie-des-78-requerants\/","name":"Recours pollution de l'air: l'ADVOCNAR agit et fait partie des 78 requ\u00e9rants - Advocnar","isPartOf":{"@id":"https:\/\/www.clients.horus-informatique71.fr\/advocnar_backup\/#website"},"datePublished":"2018-10-05T18:54:55+00:00","dateModified":"2018-10-05T18:59:30+00:00","author":{"@id":"https:\/\/www.clients.horus-informatique71.fr\/advocnar_backup\/#\/schema\/person\/28ec283f897fb44e1146415d8015d23e"},"breadcrumb":{"@id":"https:\/\/www.clients.horus-informatique71.fr\/advocnar_backup\/2018\/10\/pollution-de-lair-advocnar-agit-et-fait-partie-des-78-requerants\/#breadcrumb"},"inLanguage":"fr-FR","potentialAction":[{"@type":"ReadAction","target":["https:\/\/www.clients.horus-informatique71.fr\/advocnar_backup\/2018\/10\/pollution-de-lair-advocnar-agit-et-fait-partie-des-78-requerants\/"]}]},{"@type":"BreadcrumbList","@id":"https:\/\/www.clients.horus-informatique71.fr\/advocnar_backup\/2018\/10\/pollution-de-lair-advocnar-agit-et-fait-partie-des-78-requerants\/#breadcrumb","itemListElement":[{"@type":"ListItem","position":1,"name":"Accueil","item":"https:\/\/www.clients.horus-informatique71.fr\/advocnar_backup\/"},{"@type":"ListItem","position":2,"name":"Recours pollution de l&#8217;air: l&#8217;ADVOCNAR agit et fait partie des 78 requ\u00e9rants"}]},{"@type":"WebSite","@id":"https:\/\/www.clients.horus-informatique71.fr\/advocnar_backup\/#website","url":"https:\/\/www.clients.horus-informatique71.fr\/advocnar_backup\/","name":"Advocnar","description":"Association de D\u00e9fense Contre les Nuisances A\u00e9riennes","potentialAction":[{"@type":"SearchAction","target":{"@type":"EntryPoint","urlTemplate":"https:\/\/www.clients.horus-informatique71.fr\/advocnar_backup\/?s={search_term_string}"},"query-input":"required name=search_term_string"}],"inLanguage":"fr-FR"},{"@type":"Person","@id":"https:\/\/www.clients.horus-informatique71.fr\/advocnar_backup\/#\/schema\/person\/28ec283f897fb44e1146415d8015d23e","name":"FBrochot","url":"https:\/\/www.clients.horus-informatique71.fr\/advocnar_backup\/author\/fbrochot\/"}]}},"_links":{"self":[{"href":"https:\/\/www.clients.horus-informatique71.fr\/advocnar_backup\/wp-json\/wp\/v2\/posts\/74517"}],"collection":[{"href":"https:\/\/www.clients.horus-informatique71.fr\/advocnar_backup\/wp-json\/wp\/v2\/posts"}],"about":[{"href":"https:\/\/www.clients.horus-informatique71.fr\/advocnar_backup\/wp-json\/wp\/v2\/types\/post"}],"author":[{"embeddable":true,"href":"https:\/\/www.clients.horus-informatique71.fr\/advocnar_backup\/wp-json\/wp\/v2\/users\/10"}],"replies":[{"embeddable":true,"href":"https:\/\/www.clients.horus-informatique71.fr\/advocnar_backup\/wp-json\/wp\/v2\/comments?post=74517"}],"version-history":[{"count":5,"href":"https:\/\/www.clients.horus-informatique71.fr\/advocnar_backup\/wp-json\/wp\/v2\/posts\/74517\/revisions"}],"predecessor-version":[{"id":74523,"href":"https:\/\/www.clients.horus-informatique71.fr\/advocnar_backup\/wp-json\/wp\/v2\/posts\/74517\/revisions\/74523"}],"wp:featuredmedia":[{"embeddable":true,"href":"https:\/\/www.clients.horus-informatique71.fr\/advocnar_backup\/wp-json\/wp\/v2\/media\/74516"}],"wp:attachment":[{"href":"https:\/\/www.clients.horus-informatique71.fr\/advocnar_backup\/wp-json\/wp\/v2\/media?parent=74517"}],"wp:term":[{"taxonomy":"category","embeddable":true,"href":"https:\/\/www.clients.horus-informatique71.fr\/advocnar_backup\/wp-json\/wp\/v2\/categories?post=74517"},{"taxonomy":"post_tag","embeddable":true,"href":"https:\/\/www.clients.horus-informatique71.fr\/advocnar_backup\/wp-json\/wp\/v2\/tags?post=74517"}],"curies":[{"name":"wp","href":"https:\/\/api.w.org\/{rel}","templated":true}]}}