{"id":74535,"date":"2018-10-13T19:49:26","date_gmt":"2018-10-13T17:49:26","guid":{"rendered":"https:\/\/www.clients.horus-informatique71.fr\/advocnar_backup\/?p=74535"},"modified":"2021-04-02T18:41:11","modified_gmt":"2021-04-02T16:41:11","slug":"ladvocnar-enjoint-letat-dagir-pour-lutter-contre-la-pollution-de-lair","status":"publish","type":"post","link":"https:\/\/www.clients.horus-informatique71.fr\/advocnar_backup\/2018\/10\/ladvocnar-enjoint-letat-dagir-pour-lutter-contre-la-pollution-de-lair\/","title":{"rendered":"L\u2019Advocnar enjoint l\u2019Etat d\u2019agir pour lutter contre la pollution de l\u2019air"},"content":{"rendered":"<h4>09.10.2018 &#8211; Vonews<\/h4>\n<p>&nbsp;<\/p>\n<p>L\u2019Association de d\u00e9fense contre les nuisances a\u00e9riennes (ADVOCNAR) a d\u00e9pos\u00e9 un nouveau recours aux c\u00f4t\u00e9s de 77 autres requ\u00e9rants afin de contraindre le gouvernement \u00e0 prendre des mesures pour am\u00e9liorer la qualit\u00e9 de l\u2019air.<\/p>\n<p>Dans sa d\u00e9cision dat\u00e9e du 12 juillet dernier, le conseil d\u2019Etat, saisit par l\u2019association Les amis de la terre France, demandait au gouvernement \u00ab de prendre toutes les mesures n\u00e9cessaires pour que soit \u00e9labor\u00e9 et mis en \u0153uvre, (\u2026) un plan relatif \u00e0 la qualit\u00e9 de l\u2019air permettant de ramener les concentrations en dioxyde d\u2019azote et en particules fines PM10 sous les valeurs limites (\u2026) dans le d\u00e9lai le plus court possible \u00bb. Treize r\u00e9gions de France sont concern\u00e9es par la mise en place de ces mesures urgentes pour am\u00e9liorer la qualit\u00e9 de l\u2019air avec parmi elles, l\u2019Ile-de-France.<\/p>\n<p>\u00ab Ce dernier [le gouvernement, ndlr]s\u2019est content\u00e9 d\u2019envoyer \u00e0 la Commission Europ\u00e9enne des feuilles de route sans aucune mesure d\u2019urgence \u00bb, regrette l\u2019Advocnar. L\u2019association s\u2019est donc associ\u00e9e \u00e0 77 autres requ\u00e9rants pour d\u00e9poser un nouveau recours afin de contraindre le gouvernement \u00e0 respecter la d\u00e9cision de la plus haute juridiction de l\u2019Etat.<\/p>\n<p>\u00ab Nous attendons maintenant des mesures fortes et efficaces de la part de tous les secteurs polluants, et particuli\u00e8rement celui du transport a\u00e9rien, qui b\u00e9n\u00e9ficie de fa\u00e7on inexplicable de la complicit\u00e9 des pouvoirs publics afin d\u2019\u00e9chapper \u00e0 toute contrainte, alors qu\u2019il est de tr\u00e8s loin le plus polluant des moyens de transport \u00bb, d\u00e9nonce l\u2019association. Selon cette derni\u00e8re, \u00ab le trafic a\u00e9rien en Ile-de-France repr\u00e9sente 7% des \u00e9missions d\u2019oxydes d\u2019azote de cette r\u00e9gion \u00bb.<\/p>\n<p><em>Les douze autres r\u00e9gions concern\u00e9es par la mise en place de mesures urgentes : ZUR Rh\u00f4ne-Alpes, Marseille Provence-Alpes-C\u00f4te-d\u2019Azur, Toulon Provence-Alpes-C\u00f4te-d\u2019Azur, Nice Provence-Alpes-C\u00f4te-d\u2019Azur, Saint-Etienne Rh\u00f4ne-Alpes, Grenoble Rh\u00f4ne-Alpes, Lyon Rh\u00f4ne-Alpes, Strasbourg Alsace, Montpellier Languedoc-Roussillon, ZUR Champagne-Ardenne et Toulouse Midi-Pyr\u00e9n\u00e9es et ZUR Martinique.<\/em><\/p>\n","protected":false},"excerpt":{"rendered":"<p>09.10.2018 &#8211; Vonews &nbsp; L\u2019Association de d\u00e9fense contre les nuisances a\u00e9riennes (ADVOCNAR) a d\u00e9pos\u00e9 un nouveau recours aux c\u00f4t\u00e9s de 77 autres requ\u00e9rants afin de contraindre le gouvernement \u00e0 prendre des mesures pour am\u00e9liorer la qualit\u00e9 de l\u2019air. Dans sa d\u00e9cision dat\u00e9e du 12 juillet dernier, le conseil d\u2019Etat, saisit par l\u2019association Les amis de [&hellip;]<\/p>\n","protected":false},"author":10,"featured_media":0,"comment_status":"closed","ping_status":"open","sticky":false,"template":"","format":"standard","meta":{"footnotes":""},"categories":[49],"tags":[],"yoast_head":"<!-- This site is optimized with the Yoast SEO plugin v22.0 - https:\/\/yoast.com\/wordpress\/plugins\/seo\/ -->\n<title>L\u2019Advocnar enjoint l\u2019Etat d\u2019agir pour lutter contre la pollution de l\u2019air - Advocnar<\/title>\n<meta name=\"robots\" content=\"index, follow, max-snippet:-1, max-image-preview:large, max-video-preview:-1\" \/>\n<link rel=\"canonical\" href=\"https:\/\/www.clients.horus-informatique71.fr\/advocnar_backup\/2018\/10\/ladvocnar-enjoint-letat-dagir-pour-lutter-contre-la-pollution-de-lair\/\" \/>\n<meta property=\"og:locale\" content=\"fr_FR\" \/>\n<meta property=\"og:type\" content=\"article\" \/>\n<meta property=\"og:title\" content=\"L\u2019Advocnar enjoint l\u2019Etat d\u2019agir pour lutter contre la pollution de l\u2019air - Advocnar\" \/>\n<meta property=\"og:description\" content=\"09.10.2018 &#8211; Vonews &nbsp; L\u2019Association de d\u00e9fense contre les nuisances a\u00e9riennes (ADVOCNAR) a d\u00e9pos\u00e9 un nouveau recours aux c\u00f4t\u00e9s de 77 autres requ\u00e9rants afin de contraindre le gouvernement \u00e0 prendre des mesures pour am\u00e9liorer la qualit\u00e9 de l\u2019air. Dans sa d\u00e9cision dat\u00e9e du 12 juillet dernier, le conseil d\u2019Etat, saisit par l\u2019association Les amis de [&hellip;]\" \/>\n<meta property=\"og:url\" content=\"https:\/\/www.clients.horus-informatique71.fr\/advocnar_backup\/2018\/10\/ladvocnar-enjoint-letat-dagir-pour-lutter-contre-la-pollution-de-lair\/\" \/>\n<meta property=\"og:site_name\" content=\"Advocnar\" \/>\n<meta property=\"article:published_time\" content=\"2018-10-13T17:49:26+00:00\" \/>\n<meta property=\"article:modified_time\" content=\"2021-04-02T16:41:11+00:00\" \/>\n<meta name=\"author\" content=\"FBrochot\" \/>\n<meta name=\"twitter:card\" content=\"summary_large_image\" \/>\n<meta name=\"twitter:label1\" content=\"\u00c9crit par\" \/>\n\t<meta name=\"twitter:data1\" content=\"FBrochot\" \/>\n\t<meta name=\"twitter:label2\" content=\"Dur\u00e9e de lecture estim\u00e9e\" \/>\n\t<meta name=\"twitter:data2\" content=\"2 minutes\" \/>\n<script type=\"application\/ld+json\" class=\"yoast-schema-graph\">{\"@context\":\"https:\/\/schema.org\",\"@graph\":[{\"@type\":\"WebPage\",\"@id\":\"https:\/\/www.clients.horus-informatique71.fr\/advocnar_backup\/2018\/10\/ladvocnar-enjoint-letat-dagir-pour-lutter-contre-la-pollution-de-lair\/\",\"url\":\"https:\/\/www.clients.horus-informatique71.fr\/advocnar_backup\/2018\/10\/ladvocnar-enjoint-letat-dagir-pour-lutter-contre-la-pollution-de-lair\/\",\"name\":\"L\u2019Advocnar enjoint l\u2019Etat d\u2019agir pour lutter contre la pollution de l\u2019air - Advocnar\",\"isPartOf\":{\"@id\":\"https:\/\/www.clients.horus-informatique71.fr\/advocnar_backup\/#website\"},\"datePublished\":\"2018-10-13T17:49:26+00:00\",\"dateModified\":\"2021-04-02T16:41:11+00:00\",\"author\":{\"@id\":\"https:\/\/www.clients.horus-informatique71.fr\/advocnar_backup\/#\/schema\/person\/28ec283f897fb44e1146415d8015d23e\"},\"breadcrumb\":{\"@id\":\"https:\/\/www.clients.horus-informatique71.fr\/advocnar_backup\/2018\/10\/ladvocnar-enjoint-letat-dagir-pour-lutter-contre-la-pollution-de-lair\/#breadcrumb\"},\"inLanguage\":\"fr-FR\",\"potentialAction\":[{\"@type\":\"ReadAction\",\"target\":[\"https:\/\/www.clients.horus-informatique71.fr\/advocnar_backup\/2018\/10\/ladvocnar-enjoint-letat-dagir-pour-lutter-contre-la-pollution-de-lair\/\"]}]},{\"@type\":\"BreadcrumbList\",\"@id\":\"https:\/\/www.clients.horus-informatique71.fr\/advocnar_backup\/2018\/10\/ladvocnar-enjoint-letat-dagir-pour-lutter-contre-la-pollution-de-lair\/#breadcrumb\",\"itemListElement\":[{\"@type\":\"ListItem\",\"position\":1,\"name\":\"Accueil\",\"item\":\"https:\/\/www.clients.horus-informatique71.fr\/advocnar_backup\/\"},{\"@type\":\"ListItem\",\"position\":2,\"name\":\"L\u2019Advocnar enjoint l\u2019Etat d\u2019agir pour lutter contre la pollution de l\u2019air\"}]},{\"@type\":\"WebSite\",\"@id\":\"https:\/\/www.clients.horus-informatique71.fr\/advocnar_backup\/#website\",\"url\":\"https:\/\/www.clients.horus-informatique71.fr\/advocnar_backup\/\",\"name\":\"Advocnar\",\"description\":\"Association de D\u00e9fense Contre les Nuisances A\u00e9riennes\",\"potentialAction\":[{\"@type\":\"SearchAction\",\"target\":{\"@type\":\"EntryPoint\",\"urlTemplate\":\"https:\/\/www.clients.horus-informatique71.fr\/advocnar_backup\/?s={search_term_string}\"},\"query-input\":\"required name=search_term_string\"}],\"inLanguage\":\"fr-FR\"},{\"@type\":\"Person\",\"@id\":\"https:\/\/www.clients.horus-informatique71.fr\/advocnar_backup\/#\/schema\/person\/28ec283f897fb44e1146415d8015d23e\",\"name\":\"FBrochot\",\"url\":\"https:\/\/www.clients.horus-informatique71.fr\/advocnar_backup\/author\/fbrochot\/\"}]}<\/script>\n<!-- \/ Yoast SEO plugin. -->","yoast_head_json":{"title":"L\u2019Advocnar enjoint l\u2019Etat d\u2019agir pour lutter contre la pollution de l\u2019air - Advocnar","robots":{"index":"index","follow":"follow","max-snippet":"max-snippet:-1","max-image-preview":"max-image-preview:large","max-video-preview":"max-video-preview:-1"},"canonical":"https:\/\/www.clients.horus-informatique71.fr\/advocnar_backup\/2018\/10\/ladvocnar-enjoint-letat-dagir-pour-lutter-contre-la-pollution-de-lair\/","og_locale":"fr_FR","og_type":"article","og_title":"L\u2019Advocnar enjoint l\u2019Etat d\u2019agir pour lutter contre la pollution de l\u2019air - Advocnar","og_description":"09.10.2018 &#8211; Vonews &nbsp; L\u2019Association de d\u00e9fense contre les nuisances a\u00e9riennes (ADVOCNAR) a d\u00e9pos\u00e9 un nouveau recours aux c\u00f4t\u00e9s de 77 autres requ\u00e9rants afin de contraindre le gouvernement \u00e0 prendre des mesures pour am\u00e9liorer la qualit\u00e9 de l\u2019air. Dans sa d\u00e9cision dat\u00e9e du 12 juillet dernier, le conseil d\u2019Etat, saisit par l\u2019association Les amis de [&hellip;]","og_url":"https:\/\/www.clients.horus-informatique71.fr\/advocnar_backup\/2018\/10\/ladvocnar-enjoint-letat-dagir-pour-lutter-contre-la-pollution-de-lair\/","og_site_name":"Advocnar","article_published_time":"2018-10-13T17:49:26+00:00","article_modified_time":"2021-04-02T16:41:11+00:00","author":"FBrochot","twitter_card":"summary_large_image","twitter_misc":{"\u00c9crit par":"FBrochot","Dur\u00e9e de lecture estim\u00e9e":"2 minutes"},"schema":{"@context":"https:\/\/schema.org","@graph":[{"@type":"WebPage","@id":"https:\/\/www.clients.horus-informatique71.fr\/advocnar_backup\/2018\/10\/ladvocnar-enjoint-letat-dagir-pour-lutter-contre-la-pollution-de-lair\/","url":"https:\/\/www.clients.horus-informatique71.fr\/advocnar_backup\/2018\/10\/ladvocnar-enjoint-letat-dagir-pour-lutter-contre-la-pollution-de-lair\/","name":"L\u2019Advocnar enjoint l\u2019Etat d\u2019agir pour lutter contre la pollution de l\u2019air - Advocnar","isPartOf":{"@id":"https:\/\/www.clients.horus-informatique71.fr\/advocnar_backup\/#website"},"datePublished":"2018-10-13T17:49:26+00:00","dateModified":"2021-04-02T16:41:11+00:00","author":{"@id":"https:\/\/www.clients.horus-informatique71.fr\/advocnar_backup\/#\/schema\/person\/28ec283f897fb44e1146415d8015d23e"},"breadcrumb":{"@id":"https:\/\/www.clients.horus-informatique71.fr\/advocnar_backup\/2018\/10\/ladvocnar-enjoint-letat-dagir-pour-lutter-contre-la-pollution-de-lair\/#breadcrumb"},"inLanguage":"fr-FR","potentialAction":[{"@type":"ReadAction","target":["https:\/\/www.clients.horus-informatique71.fr\/advocnar_backup\/2018\/10\/ladvocnar-enjoint-letat-dagir-pour-lutter-contre-la-pollution-de-lair\/"]}]},{"@type":"BreadcrumbList","@id":"https:\/\/www.clients.horus-informatique71.fr\/advocnar_backup\/2018\/10\/ladvocnar-enjoint-letat-dagir-pour-lutter-contre-la-pollution-de-lair\/#breadcrumb","itemListElement":[{"@type":"ListItem","position":1,"name":"Accueil","item":"https:\/\/www.clients.horus-informatique71.fr\/advocnar_backup\/"},{"@type":"ListItem","position":2,"name":"L\u2019Advocnar enjoint l\u2019Etat d\u2019agir pour lutter contre la pollution de l\u2019air"}]},{"@type":"WebSite","@id":"https:\/\/www.clients.horus-informatique71.fr\/advocnar_backup\/#website","url":"https:\/\/www.clients.horus-informatique71.fr\/advocnar_backup\/","name":"Advocnar","description":"Association de D\u00e9fense Contre les Nuisances A\u00e9riennes","potentialAction":[{"@type":"SearchAction","target":{"@type":"EntryPoint","urlTemplate":"https:\/\/www.clients.horus-informatique71.fr\/advocnar_backup\/?s={search_term_string}"},"query-input":"required name=search_term_string"}],"inLanguage":"fr-FR"},{"@type":"Person","@id":"https:\/\/www.clients.horus-informatique71.fr\/advocnar_backup\/#\/schema\/person\/28ec283f897fb44e1146415d8015d23e","name":"FBrochot","url":"https:\/\/www.clients.horus-informatique71.fr\/advocnar_backup\/author\/fbrochot\/"}]}},"_links":{"self":[{"href":"https:\/\/www.clients.horus-informatique71.fr\/advocnar_backup\/wp-json\/wp\/v2\/posts\/74535"}],"collection":[{"href":"https:\/\/www.clients.horus-informatique71.fr\/advocnar_backup\/wp-json\/wp\/v2\/posts"}],"about":[{"href":"https:\/\/www.clients.horus-informatique71.fr\/advocnar_backup\/wp-json\/wp\/v2\/types\/post"}],"author":[{"embeddable":true,"href":"https:\/\/www.clients.horus-informatique71.fr\/advocnar_backup\/wp-json\/wp\/v2\/users\/10"}],"replies":[{"embeddable":true,"href":"https:\/\/www.clients.horus-informatique71.fr\/advocnar_backup\/wp-json\/wp\/v2\/comments?post=74535"}],"version-history":[{"count":2,"href":"https:\/\/www.clients.horus-informatique71.fr\/advocnar_backup\/wp-json\/wp\/v2\/posts\/74535\/revisions"}],"predecessor-version":[{"id":74538,"href":"https:\/\/www.clients.horus-informatique71.fr\/advocnar_backup\/wp-json\/wp\/v2\/posts\/74535\/revisions\/74538"}],"wp:attachment":[{"href":"https:\/\/www.clients.horus-informatique71.fr\/advocnar_backup\/wp-json\/wp\/v2\/media?parent=74535"}],"wp:term":[{"taxonomy":"category","embeddable":true,"href":"https:\/\/www.clients.horus-informatique71.fr\/advocnar_backup\/wp-json\/wp\/v2\/categories?post=74535"},{"taxonomy":"post_tag","embeddable":true,"href":"https:\/\/www.clients.horus-informatique71.fr\/advocnar_backup\/wp-json\/wp\/v2\/tags?post=74535"}],"curies":[{"name":"wp","href":"https:\/\/api.w.org\/{rel}","templated":true}]}}